{"id":7798,"date":"2022-10-04T10:41:40","date_gmt":"2022-10-04T10:41:40","guid":{"rendered":"https:\/\/lararkarriar.se\/grundskola\/?p=7798"},"modified":"2022-10-05T07:20:53","modified_gmt":"2022-10-05T07:20:53","slug":"trygghet-arbetsro-och-utveckling-i-luleas-skolor","status":"publish","type":"post","link":"https:\/\/lararkarriar.se\/grundskola\/2022\/10\/04\/trygghet-arbetsro-och-utveckling-i-luleas-skolor\/","title":{"rendered":"Trygghet, arbetsro och utveckling i Lule\u00e5s skolor"},"content":{"rendered":"\n<figure class=\"wp-block-image size-full\"><img loading=\"lazy\" decoding=\"async\" width=\"1000\" height=\"657\" src=\"https:\/\/lararkarriar.se\/grundskola\/wp-content\/uploads\/sites\/12\/2022\/10\/lulea-dsc8422-redigera.jpg\" alt=\"Hanna Hurtig, idrottsl\u00e4rare, Tobias Lundeqvist, musikl\u00e4rare, Sara Lang\u00e5s, socialpedagog, Isabel Westerlund, rektor och Monica Nystr\u00f6m, l\u00e4rare i  matematik och fysik p\u00e5 Residensskolan i Lule\u00e5. Foto: Daniel Holmgren\" class=\"wp-image-7800\" srcset=\"https:\/\/lararkarriar.se\/grundskola\/wp-content\/uploads\/sites\/12\/2022\/10\/lulea-dsc8422-redigera.jpg 1000w, https:\/\/lararkarriar.se\/grundskola\/wp-content\/uploads\/sites\/12\/2022\/10\/lulea-dsc8422-redigera-300x197.jpg 300w, https:\/\/lararkarriar.se\/grundskola\/wp-content\/uploads\/sites\/12\/2022\/10\/lulea-dsc8422-redigera-768x505.jpg 768w, https:\/\/lararkarriar.se\/grundskola\/wp-content\/uploads\/sites\/12\/2022\/10\/lulea-dsc8422-redigera-244x160.jpg 244w, https:\/\/lararkarriar.se\/grundskola\/wp-content\/uploads\/sites\/12\/2022\/10\/lulea-dsc8422-redigera-526x346.jpg 526w, https:\/\/lararkarriar.se\/grundskola\/wp-content\/uploads\/sites\/12\/2022\/10\/lulea-dsc8422-redigera-720x473.jpg 720w, https:\/\/lararkarriar.se\/grundskola\/wp-content\/uploads\/sites\/12\/2022\/10\/lulea-dsc8422-redigera-960x631.jpg 960w\" sizes=\"auto, (max-width: 1000px) 100vw, 1000px\" \/><figcaption>Hanna Hurtig, idrottsl\u00e4rare, Tobias Lundeqvist, musikl\u00e4rare, Sara Lang\u00e5s, socialpedagog, Isabel Westerlund, rektor och Monica Nystr\u00f6m, l\u00e4rare i  matematik och fysik p\u00e5 Residensskolan i Lule\u00e5. Foto: Daniel Holmgren<\/figcaption><\/figure>\n\n\n\n<p><strong>Trygghet och utveckling \u00e4r viktigt f\u00f6r Lule\u00e5s skolor. Residensskolan \u00e4r ett tydligt exempel p\u00e5 att trygghetsarbetet ger resultat.<br>\u2013 Jag som l\u00e4rare kan alltid f\u00e5 hj\u00e4lp och st\u00f6d. Det \u00e4r inte alltid sj\u00e4lvklart, men h\u00e4r \u00e4r det det, s\u00e4ger l\u00e4raren Monica Nystr\u00f6m.<\/strong><\/p>\n\n\n\n<p>Residensskolan i Lule\u00e5 lockar h\u00f6gstadieelever fr\u00e5n hela kommunen och \u00e4ven elever utanf\u00f6r upptagningsomr\u00e5det k\u00f6ar f\u00f6r att f\u00e5 en plats. F\u00f6r cirka 2,5 \u00e5r sedan fick skolan m\u00e5nga ans\u00f6kningar fr\u00e5n v\u00e5rdnadshavare till barn med omfattande behov. F\u00f6r\u00e4ldrarna hade f\u00f6rhoppningen att skolan skulle hj\u00e4lpa barnen att lyckas b\u00e5de kunskapsm\u00e4ssigt och socialt.<br>Det blev startskottet f\u00f6r ett omfattande trygghetsarbete d\u00e4r b\u00e5de organisationen och l\u00e4rmilj\u00f6erna s\u00e5gs \u00f6ver.<br>\u2013Vi ins\u00e5g att f\u00f6r att f\u00e5 det h\u00e4r att fungera beh\u00f6ver vi b\u00f6rja arbeta p\u00e5 ett helt annat s\u00e4tt \u00e4n tidigare. Eleverna hade stora utmaningar kring det sociala samspelet och det beh\u00f6vdes st\u00f6d f\u00f6r att s\u00e5v\u00e4l undervisningssituationen som raster p\u00e5 skolan skulle fungera, s\u00e4ger rektor Isabel Westerlund.<br>Samtliga medarbetare p\u00e5 skolan involverades i den nya utmaningen d\u00e4r v\u00e4rdegrundsarbetet blev centralt. Skolan beh\u00f6vde snabbt bygga upp en relation mellan medarbetare och elever men \u00e4ven mellan skolan och hemmet.<br>\u2013 En god dialog med elev och v\u00e5rdnadshavare \u00e4r avg\u00f6rande f\u00f6r att vi ska kunna anpassa s\u00e5 mycket som det bara g\u00e5r i elevens vardag, f\u00f6r att n\u00e5 b\u00e5de kunskapsm\u00e4ssiga och sociala m\u00e5l, s\u00e4ger Isabel.<\/p>\n\n\n\n<p class=\"has-color-white-01-color has-text-color has-background\" style=\"background-color:#00404e\"><strong><a href=\"https:\/\/www.lulea.se\/arbete--karriar\/lediga-jobb.html\" title=\"Lule\u00e5 kommun HT22 pres jobb\" target=\"_blank\" rel=\"noreferrer noopener\">Jobba som l\u00e4rare med oss i Lule\u00e5. <span style=\"text-decoration: underline;\">Klicka h\u00e4r f\u00f6r att se v\u00e5ra lediga tj\u00e4nster<\/span><\/a><\/strong><\/p>\n\n\n\n<p><strong>Alltid n\u00e4ra till hj\u00e4lp och st\u00f6d<\/strong><br>Skolans redan fungerande organisation skruvades till \u00e4nnu mer och rutiner spikades. Idag vet alla vem som g\u00f6r vad n\u00e4r n\u00e5got h\u00e4nder, hur saker f\u00f6ljs upp, hur saker \u00e5terkopplas och framf\u00f6rallt hur det kollas av s\u00e5 att alla elever k\u00e4nner sig trygga.<br>Att alla vet vad som ska g\u00f6ras och vem de ska v\u00e4nda sig till \u00e4r en trygghet inte bara f\u00f6r eleverna. \u00c4ven l\u00e4rarna k\u00e4nner ett lugn \u00f6ver att det finns v\u00e4l inarbetade rutiner.<br>\u2013 Det \u00e4r inte kul som l\u00e4rare att k\u00e4nna att man \u00e4r helt ensam i sv\u00e5ra situationer eller med elever som har omfattande behov, och det tror jag inte n\u00e5gon beh\u00f6ver k\u00e4nna p\u00e5 den h\u00e4r skolan. Utan vi jobbar tillsammans med de som beh\u00f6ver mycket, s\u00e4ger skolans musikl\u00e4rare Tobias Lundeqvist.<br>Han f\u00e5r medh\u00e5ll av sin kollega Monica Nystr\u00f6m som undervisar i matematik och fysik.<br>\u2013 Jag som l\u00e4rare kan alltid f\u00e5 hj\u00e4lp och st\u00f6d. Det \u00e4r inte alltid sj\u00e4lvklart, men h\u00e4r \u00e4r det det, s\u00e4ger hon.<br>Till sin hj\u00e4lp i det trygghetsskapande arbetet har pedagogerna ett v\u00e4lutbyggt elevh\u00e4lsoteam. I teamet ing\u00e5r, f\u00f6rutom rektorn, \u00e4ven specialpedagog, speciall\u00e4rare, socialpedagog, skolkurator, studie- och yrkesv\u00e4gledare samt skolsk\u00f6terska.<br>\u2013 Jag som \u00e4r ny l\u00e4rare p\u00e5 skolan och som kommer fr\u00e5n en annan kommun upplever att vi har ett fantastiskt elevh\u00e4lsoteam. Vi har de delarna som b\u00f6r ing\u00e5 i elevh\u00e4lsan och det g\u00f6rs ett j\u00e4ttegott jobb snabbt och effektivt, s\u00e4ger Hanna Hurtig, idrottsl\u00e4rare p\u00e5 skolan och l\u00e4gger till att det dessutom finns ett v\u00e4lutbyggt skyddsn\u00e4t \u00e4ven utanf\u00f6r skolan.<\/p>\n\n\n\n<p><strong>St\u00e4rkande kompetensutveckling<\/strong><br>Med st\u00f6d av forskning, workshops och otaliga diskussioner har medarbetarna p\u00e5 skolan tillsammans arbetat fram strukturer som skapar trygghet f\u00f6r b\u00e5de elever och medarbetare. Det handlar om allt fr\u00e5n gemensamma tavelstrukturer och m\u00e5ndagsm\u00f6ten till uppl\u00e4gg vid m\u00f6ten med v\u00e5rdnadshavare.<br>Att utvecklingen p\u00e5 skolan har g\u00e5tt s\u00e5 bra och gett resultat beror mycket p\u00e5 den kultur som r\u00e5der p\u00e5 skolan. Det finns en nyfikenhet och \u00f6ppenhet f\u00f6r nya id\u00e9er och en vilja att skruva till saker lite till.<br>\u2013 Vi diskuterar alltid s\u00e5dana h\u00e4r saker. Det finns en positiv grundsyn till att vi alla kan utvecklas, s\u00e4ger Monica Nystr\u00f6m.<\/p>\n\n\n\n<p><strong>Anpassade l\u00e4rmilj\u00f6er<\/strong><br>\u00c4ven l\u00e4rmilj\u00f6erna p\u00e5 skolan har setts \u00f6ver och \u00e4r i st\u00e4ndig utveckling. Idag finns det bland annat en studio f\u00f6r de elever som har ett stort behov av avsk\u00e4rmning, och en \u201dpys-studio\u201d. Till pys-studion g\u00e5r elever som av olika anledningar beh\u00f6ver andas och f\u00e5 ut sina k\u00e4nslor innan de kan forts\u00e4tta att jobba.<br>\u00c4ven om det stora trygghetsarbetet g\u00f6rs av medarbetarna och eleverna finns \u00e4ven kommunen d\u00e4r f\u00f6r att bist\u00e5 med r\u00e4tt f\u00f6ruts\u00e4ttningar.<br>\u2013 Under fler \u00e5r har vi i kommunen arbetat med att utveckla st\u00f6det till v\u00e5ra rektorer vad g\u00e4ller s\u00e5v\u00e4l ekonomi som HR. De fr\u00e5gorna ska inte ta f\u00f6r mycket tid fr\u00e5n rektorns pedagogiska uppdrag utan tid ska ges till att utveckla verksamheten och st\u00f6tta l\u00e4rarna s\u00e5 att de i sin tur kan finnas d\u00e4r f\u00f6r eleverna, s\u00e4ger Lena Heikka, utvecklingsledare vid Lule\u00e5 kommun.<\/p>\n\n\n\n<p class=\"has-color-white-01-color has-text-color has-background\" style=\"background-color:#00404e\"><strong><a href=\"https:\/\/www.lulea.se\/arbete--karriar\/lediga-jobb.html\" title=\"Lule\u00e5 kommun HT22 pres jobb\" target=\"_blank\" rel=\"noreferrer noopener\">Jobba som l\u00e4rare med oss i Lule\u00e5. <span style=\"text-decoration: underline;\">Klicka h\u00e4r f\u00f6r att se v\u00e5ra lediga tj\u00e4nster<\/span><\/a><\/strong><\/p>\n\n\n\n<div class=\"wp-block-group faktaruta\"><div class=\"wp-block-group__inner-container is-layout-flow wp-block-group-is-layout-flow\">\n<h6 class=\"wp-block-heading\">Lule\u00e5 kommun &#8211; Grundskolan<\/h6>\n\n\n\n<p>I Lule\u00e5s grundskolor g\u00e5r det idag \u00f6ver 7500 elever fr\u00e5n f\u00f6rskoleklass upp till \u00e5rskurs nio. Skolornas styrkor ligger i alla samlade kompetenser och professioner. Stora satsningar g\u00f6rs p\u00e5 s\u00e5v\u00e4l elevh\u00e4lsa som kompetensutveckling. Vi ger rektorer och medarbetare f\u00f6ruts\u00e4ttningarna att driva skolans utveckling.<br>Grundskolans tre fokusomr\u00e5den \u00e4r: tillg\u00e4ngliga l\u00e4rmilj\u00f6er, undervisningens kvalitet samt styrning och ledning. Vi tror att ledarskapet i klassrummet \u00e4r nyckeln till framg\u00e5ng.<br><br>V\u00e4lkommen till v\u00e5r skola \u2013 med hj\u00e4rtat f\u00f6r varje barn<br><br><strong><a href=\"https:\/\/www.lulea.se\/\" title=\"Lule\u00e5 kommun HT22 pres textlink\" target=\"_blank\" rel=\"noreferrer noopener\">lulea.se<\/a><\/strong><br><br><a href=\"https:\/\/www.lulea.se\/\" title=\"Lule\u00e5 kommun HT22 pres logotype\" target=\"_blank\" rel=\"noreferrer noopener\"><img loading=\"lazy\" decoding=\"async\" width=\"150\" height=\"65\" class=\"wp-image-7799\" style=\"width: 150px;\" src=\"https:\/\/lararkarriar.se\/grundskola\/wp-content\/uploads\/sites\/12\/2022\/10\/lulea-lk-logo-2rad-cmyk.png\" alt=\"\" srcset=\"https:\/\/lararkarriar.se\/grundskola\/wp-content\/uploads\/sites\/12\/2022\/10\/lulea-lk-logo-2rad-cmyk.png 500w, https:\/\/lararkarriar.se\/grundskola\/wp-content\/uploads\/sites\/12\/2022\/10\/lulea-lk-logo-2rad-cmyk-300x129.png 300w, https:\/\/lararkarriar.se\/grundskola\/wp-content\/uploads\/sites\/12\/2022\/10\/lulea-lk-logo-2rad-cmyk-372x160.png 372w\" sizes=\"auto, (max-width: 150px) 100vw, 150px\" \/><\/a><\/p>\n<\/div><\/div>\n","protected":false},"excerpt":{"rendered":"<p>Residensskolan \u00e4r ett tydligt exempel p\u00e5 att trygghetsarbetet ger resultat.<\/p>\n","protected":false},"author":2,"featured_media":7800,"comment_status":"open","ping_status":"open","sticky":true,"template":"","format":"standard","meta":{"_acf_changed":false,"_monsterinsights_skip_tracking":false,"_monsterinsights_sitenote_active":false,"_monsterinsights_sitenote_note":"","_monsterinsights_sitenote_category":0,"footnotes":""},"categories":[7],"tags":[233,504],"class_list":["post-7798","post","type-post","status-publish","format-standard","has-post-thumbnail","hentry","category-presentation","tag-lulea-kommun","tag-residensskolan"],"acf":[],"yoast_head":"<!-- This site is optimized with the Yoast SEO plugin v27.3 - https:\/\/yoast.com\/product\/yoast-seo-wordpress\/ -->\n<title>Trygghet, arbetsro och utveckling i Lule\u00e5s skolor - Framtidens Karri\u00e4r \u2013 Grundskolel\u00e4rare<\/title>\n<meta name=\"robots\" content=\"index, follow, max-snippet:-1, max-image-preview:large, max-video-preview:-1\" \/>\n<link rel=\"canonical\" href=\"https:\/\/lararkarriar.se\/grundskola\/2022\/10\/04\/trygghet-arbetsro-och-utveckling-i-luleas-skolor\/\" \/>\n<meta property=\"og:locale\" content=\"sv_SE\" \/>\n<meta property=\"og:type\" content=\"article\" \/>\n<meta property=\"og:title\" content=\"Trygghet, arbetsro och utveckling i Lule\u00e5s skolor - Framtidens Karri\u00e4r \u2013 Grundskolel\u00e4rare\" \/>\n<meta property=\"og:description\" content=\"Residensskolan \u00e4r ett tydligt exempel p\u00e5 att trygghetsarbetet ger resultat.\" \/>\n<meta property=\"og:url\" content=\"https:\/\/lararkarriar.se\/grundskola\/2022\/10\/04\/trygghet-arbetsro-och-utveckling-i-luleas-skolor\/\" \/>\n<meta property=\"og:site_name\" content=\"Framtidens Karri\u00e4r \u2013 Grundskolel\u00e4rare\" \/>\n<meta property=\"article:published_time\" content=\"2022-10-04T10:41:40+00:00\" \/>\n<meta property=\"article:modified_time\" content=\"2022-10-05T07:20:53+00:00\" \/>\n<meta property=\"og:image\" content=\"https:\/\/lararkarriar.se\/grundskola\/wp-content\/uploads\/sites\/12\/2022\/10\/lulea-dsc8422-redigera.jpg\" \/>\n\t<meta property=\"og:image:width\" content=\"1000\" \/>\n\t<meta property=\"og:image:height\" content=\"657\" \/>\n\t<meta property=\"og:image:type\" content=\"image\/jpeg\" \/>\n<meta name=\"author\" content=\"viktorwallen\" \/>\n<meta name=\"twitter:card\" content=\"summary_large_image\" \/>\n<meta name=\"twitter:label1\" content=\"Skriven av\" \/>\n\t<meta name=\"twitter:data1\" content=\"viktorwallen\" \/>\n\t<meta name=\"twitter:label2\" content=\"Ber\u00e4knad l\u00e4stid\" \/>\n\t<meta name=\"twitter:data2\" content=\"5 minuter\" \/>\n<script type=\"application\/ld+json\" class=\"yoast-schema-graph\">{\"@context\":\"https:\\\/\\\/schema.org\",\"@graph\":[{\"@type\":\"Article\",\"@id\":\"https:\\\/\\\/lararkarriar.se\\\/grundskola\\\/2022\\\/10\\\/04\\\/trygghet-arbetsro-och-utveckling-i-luleas-skolor\\\/#article\",\"isPartOf\":{\"@id\":\"https:\\\/\\\/lararkarriar.se\\\/grundskola\\\/2022\\\/10\\\/04\\\/trygghet-arbetsro-och-utveckling-i-luleas-skolor\\\/\"},\"author\":{\"name\":\"viktorwallen\",\"@id\":\"https:\\\/\\\/lararkarriar.se\\\/grundskola\\\/#\\\/schema\\\/person\\\/2a13a849ec7646386c2211f59afe3083\"},\"headline\":\"Trygghet, arbetsro och utveckling i Lule\u00e5s skolor\",\"datePublished\":\"2022-10-04T10:41:40+00:00\",\"dateModified\":\"2022-10-05T07:20:53+00:00\",\"mainEntityOfPage\":{\"@id\":\"https:\\\/\\\/lararkarriar.se\\\/grundskola\\\/2022\\\/10\\\/04\\\/trygghet-arbetsro-och-utveckling-i-luleas-skolor\\\/\"},\"wordCount\":1037,\"commentCount\":0,\"image\":{\"@id\":\"https:\\\/\\\/lararkarriar.se\\\/grundskola\\\/2022\\\/10\\\/04\\\/trygghet-arbetsro-och-utveckling-i-luleas-skolor\\\/#primaryimage\"},\"thumbnailUrl\":\"https:\\\/\\\/lararkarriar.se\\\/grundskola\\\/wp-content\\\/uploads\\\/sites\\\/12\\\/2022\\\/10\\\/lulea-dsc8422-redigera.jpg\",\"keywords\":[\"Lule\u00e5 kommun\",\"Residensskolan\"],\"articleSection\":[\"Presentation\"],\"inLanguage\":\"sv-SE\",\"potentialAction\":[{\"@type\":\"CommentAction\",\"name\":\"Comment\",\"target\":[\"https:\\\/\\\/lararkarriar.se\\\/grundskola\\\/2022\\\/10\\\/04\\\/trygghet-arbetsro-och-utveckling-i-luleas-skolor\\\/#respond\"]}]},{\"@type\":\"WebPage\",\"@id\":\"https:\\\/\\\/lararkarriar.se\\\/grundskola\\\/2022\\\/10\\\/04\\\/trygghet-arbetsro-och-utveckling-i-luleas-skolor\\\/\",\"url\":\"https:\\\/\\\/lararkarriar.se\\\/grundskola\\\/2022\\\/10\\\/04\\\/trygghet-arbetsro-och-utveckling-i-luleas-skolor\\\/\",\"name\":\"Trygghet, arbetsro och utveckling i Lule\u00e5s skolor - Framtidens Karri\u00e4r \u2013 Grundskolel\u00e4rare\",\"isPartOf\":{\"@id\":\"https:\\\/\\\/lararkarriar.se\\\/grundskola\\\/#website\"},\"primaryImageOfPage\":{\"@id\":\"https:\\\/\\\/lararkarriar.se\\\/grundskola\\\/2022\\\/10\\\/04\\\/trygghet-arbetsro-och-utveckling-i-luleas-skolor\\\/#primaryimage\"},\"image\":{\"@id\":\"https:\\\/\\\/lararkarriar.se\\\/grundskola\\\/2022\\\/10\\\/04\\\/trygghet-arbetsro-och-utveckling-i-luleas-skolor\\\/#primaryimage\"},\"thumbnailUrl\":\"https:\\\/\\\/lararkarriar.se\\\/grundskola\\\/wp-content\\\/uploads\\\/sites\\\/12\\\/2022\\\/10\\\/lulea-dsc8422-redigera.jpg\",\"datePublished\":\"2022-10-04T10:41:40+00:00\",\"dateModified\":\"2022-10-05T07:20:53+00:00\",\"author\":{\"@id\":\"https:\\\/\\\/lararkarriar.se\\\/grundskola\\\/#\\\/schema\\\/person\\\/2a13a849ec7646386c2211f59afe3083\"},\"breadcrumb\":{\"@id\":\"https:\\\/\\\/lararkarriar.se\\\/grundskola\\\/2022\\\/10\\\/04\\\/trygghet-arbetsro-och-utveckling-i-luleas-skolor\\\/#breadcrumb\"},\"inLanguage\":\"sv-SE\",\"potentialAction\":[{\"@type\":\"ReadAction\",\"target\":[\"https:\\\/\\\/lararkarriar.se\\\/grundskola\\\/2022\\\/10\\\/04\\\/trygghet-arbetsro-och-utveckling-i-luleas-skolor\\\/\"]}]},{\"@type\":\"ImageObject\",\"inLanguage\":\"sv-SE\",\"@id\":\"https:\\\/\\\/lararkarriar.se\\\/grundskola\\\/2022\\\/10\\\/04\\\/trygghet-arbetsro-och-utveckling-i-luleas-skolor\\\/#primaryimage\",\"url\":\"https:\\\/\\\/lararkarriar.se\\\/grundskola\\\/wp-content\\\/uploads\\\/sites\\\/12\\\/2022\\\/10\\\/lulea-dsc8422-redigera.jpg\",\"contentUrl\":\"https:\\\/\\\/lararkarriar.se\\\/grundskola\\\/wp-content\\\/uploads\\\/sites\\\/12\\\/2022\\\/10\\\/lulea-dsc8422-redigera.jpg\",\"width\":1000,\"height\":657,\"caption\":\"Hanna Hurtig, idrottsl\u00e4rare, Tobias Lundeqvist, musikl\u00e4rare, Sara Lang\u00e5s, socialpedagog, Isabel Westerlund, rektor och Monica Nystr\u00f6m, l\u00e4rare i matematik och fysik p\u00e5 Residensskolan i Lule\u00e5. Foto: Daniel Holmgren\"},{\"@type\":\"BreadcrumbList\",\"@id\":\"https:\\\/\\\/lararkarriar.se\\\/grundskola\\\/2022\\\/10\\\/04\\\/trygghet-arbetsro-och-utveckling-i-luleas-skolor\\\/#breadcrumb\",\"itemListElement\":[{\"@type\":\"ListItem\",\"position\":1,\"name\":\"Home\",\"item\":\"https:\\\/\\\/lararkarriar.se\\\/grundskola\\\/\"},{\"@type\":\"ListItem\",\"position\":2,\"name\":\"Trygghet, arbetsro och utveckling i Lule\u00e5s skolor\"}]},{\"@type\":\"WebSite\",\"@id\":\"https:\\\/\\\/lararkarriar.se\\\/grundskola\\\/#website\",\"url\":\"https:\\\/\\\/lararkarriar.se\\\/grundskola\\\/\",\"name\":\"Framtidens Karri\u00e4r \u2013 Grundskolel\u00e4rare\",\"description\":\"Just another NMDashboard.se Sites site\",\"potentialAction\":[{\"@type\":\"SearchAction\",\"target\":{\"@type\":\"EntryPoint\",\"urlTemplate\":\"https:\\\/\\\/lararkarriar.se\\\/grundskola\\\/?s={search_term_string}\"},\"query-input\":{\"@type\":\"PropertyValueSpecification\",\"valueRequired\":true,\"valueName\":\"search_term_string\"}}],\"inLanguage\":\"sv-SE\"},{\"@type\":\"Person\",\"@id\":\"https:\\\/\\\/lararkarriar.se\\\/grundskola\\\/#\\\/schema\\\/person\\\/2a13a849ec7646386c2211f59afe3083\",\"name\":\"viktorwallen\",\"image\":{\"@type\":\"ImageObject\",\"inLanguage\":\"sv-SE\",\"@id\":\"https:\\\/\\\/secure.gravatar.com\\\/avatar\\\/701701bd36169636031933997c8c6b954f2f635bbb7cd4802e4a007f9c9f4e59?s=96&d=mm&r=g\",\"url\":\"https:\\\/\\\/secure.gravatar.com\\\/avatar\\\/701701bd36169636031933997c8c6b954f2f635bbb7cd4802e4a007f9c9f4e59?s=96&d=mm&r=g\",\"contentUrl\":\"https:\\\/\\\/secure.gravatar.com\\\/avatar\\\/701701bd36169636031933997c8c6b954f2f635bbb7cd4802e4a007f9c9f4e59?s=96&d=mm&r=g\",\"caption\":\"viktorwallen\"},\"url\":\"https:\\\/\\\/lararkarriar.se\\\/grundskola\\\/author\\\/viktorwallen\\\/\"}]}<\/script>\n<!-- \/ Yoast SEO plugin. -->","yoast_head_json":{"title":"Trygghet, arbetsro och utveckling i Lule\u00e5s skolor - Framtidens Karri\u00e4r \u2013 Grundskolel\u00e4rare","robots":{"index":"index","follow":"follow","max-snippet":"max-snippet:-1","max-image-preview":"max-image-preview:large","max-video-preview":"max-video-preview:-1"},"canonical":"https:\/\/lararkarriar.se\/grundskola\/2022\/10\/04\/trygghet-arbetsro-och-utveckling-i-luleas-skolor\/","og_locale":"sv_SE","og_type":"article","og_title":"Trygghet, arbetsro och utveckling i Lule\u00e5s skolor - Framtidens Karri\u00e4r \u2013 Grundskolel\u00e4rare","og_description":"Residensskolan \u00e4r ett tydligt exempel p\u00e5 att trygghetsarbetet ger resultat.","og_url":"https:\/\/lararkarriar.se\/grundskola\/2022\/10\/04\/trygghet-arbetsro-och-utveckling-i-luleas-skolor\/","og_site_name":"Framtidens Karri\u00e4r \u2013 Grundskolel\u00e4rare","article_published_time":"2022-10-04T10:41:40+00:00","article_modified_time":"2022-10-05T07:20:53+00:00","og_image":[{"width":1000,"height":657,"url":"https:\/\/lararkarriar.se\/grundskola\/wp-content\/uploads\/sites\/12\/2022\/10\/lulea-dsc8422-redigera.jpg","type":"image\/jpeg"}],"author":"viktorwallen","twitter_card":"summary_large_image","twitter_misc":{"Skriven av":"viktorwallen","Ber\u00e4knad l\u00e4stid":"5 minuter"},"schema":{"@context":"https:\/\/schema.org","@graph":[{"@type":"Article","@id":"https:\/\/lararkarriar.se\/grundskola\/2022\/10\/04\/trygghet-arbetsro-och-utveckling-i-luleas-skolor\/#article","isPartOf":{"@id":"https:\/\/lararkarriar.se\/grundskola\/2022\/10\/04\/trygghet-arbetsro-och-utveckling-i-luleas-skolor\/"},"author":{"name":"viktorwallen","@id":"https:\/\/lararkarriar.se\/grundskola\/#\/schema\/person\/2a13a849ec7646386c2211f59afe3083"},"headline":"Trygghet, arbetsro och utveckling i Lule\u00e5s skolor","datePublished":"2022-10-04T10:41:40+00:00","dateModified":"2022-10-05T07:20:53+00:00","mainEntityOfPage":{"@id":"https:\/\/lararkarriar.se\/grundskola\/2022\/10\/04\/trygghet-arbetsro-och-utveckling-i-luleas-skolor\/"},"wordCount":1037,"commentCount":0,"image":{"@id":"https:\/\/lararkarriar.se\/grundskola\/2022\/10\/04\/trygghet-arbetsro-och-utveckling-i-luleas-skolor\/#primaryimage"},"thumbnailUrl":"https:\/\/lararkarriar.se\/grundskola\/wp-content\/uploads\/sites\/12\/2022\/10\/lulea-dsc8422-redigera.jpg","keywords":["Lule\u00e5 kommun","Residensskolan"],"articleSection":["Presentation"],"inLanguage":"sv-SE","potentialAction":[{"@type":"CommentAction","name":"Comment","target":["https:\/\/lararkarriar.se\/grundskola\/2022\/10\/04\/trygghet-arbetsro-och-utveckling-i-luleas-skolor\/#respond"]}]},{"@type":"WebPage","@id":"https:\/\/lararkarriar.se\/grundskola\/2022\/10\/04\/trygghet-arbetsro-och-utveckling-i-luleas-skolor\/","url":"https:\/\/lararkarriar.se\/grundskola\/2022\/10\/04\/trygghet-arbetsro-och-utveckling-i-luleas-skolor\/","name":"Trygghet, arbetsro och utveckling i Lule\u00e5s skolor - Framtidens Karri\u00e4r \u2013 Grundskolel\u00e4rare","isPartOf":{"@id":"https:\/\/lararkarriar.se\/grundskola\/#website"},"primaryImageOfPage":{"@id":"https:\/\/lararkarriar.se\/grundskola\/2022\/10\/04\/trygghet-arbetsro-och-utveckling-i-luleas-skolor\/#primaryimage"},"image":{"@id":"https:\/\/lararkarriar.se\/grundskola\/2022\/10\/04\/trygghet-arbetsro-och-utveckling-i-luleas-skolor\/#primaryimage"},"thumbnailUrl":"https:\/\/lararkarriar.se\/grundskola\/wp-content\/uploads\/sites\/12\/2022\/10\/lulea-dsc8422-redigera.jpg","datePublished":"2022-10-04T10:41:40+00:00","dateModified":"2022-10-05T07:20:53+00:00","author":{"@id":"https:\/\/lararkarriar.se\/grundskola\/#\/schema\/person\/2a13a849ec7646386c2211f59afe3083"},"breadcrumb":{"@id":"https:\/\/lararkarriar.se\/grundskola\/2022\/10\/04\/trygghet-arbetsro-och-utveckling-i-luleas-skolor\/#breadcrumb"},"inLanguage":"sv-SE","potentialAction":[{"@type":"ReadAction","target":["https:\/\/lararkarriar.se\/grundskola\/2022\/10\/04\/trygghet-arbetsro-och-utveckling-i-luleas-skolor\/"]}]},{"@type":"ImageObject","inLanguage":"sv-SE","@id":"https:\/\/lararkarriar.se\/grundskola\/2022\/10\/04\/trygghet-arbetsro-och-utveckling-i-luleas-skolor\/#primaryimage","url":"https:\/\/lararkarriar.se\/grundskola\/wp-content\/uploads\/sites\/12\/2022\/10\/lulea-dsc8422-redigera.jpg","contentUrl":"https:\/\/lararkarriar.se\/grundskola\/wp-content\/uploads\/sites\/12\/2022\/10\/lulea-dsc8422-redigera.jpg","width":1000,"height":657,"caption":"Hanna Hurtig, idrottsl\u00e4rare, Tobias Lundeqvist, musikl\u00e4rare, Sara Lang\u00e5s, socialpedagog, Isabel Westerlund, rektor och Monica Nystr\u00f6m, l\u00e4rare i matematik och fysik p\u00e5 Residensskolan i Lule\u00e5. Foto: Daniel Holmgren"},{"@type":"BreadcrumbList","@id":"https:\/\/lararkarriar.se\/grundskola\/2022\/10\/04\/trygghet-arbetsro-och-utveckling-i-luleas-skolor\/#breadcrumb","itemListElement":[{"@type":"ListItem","position":1,"name":"Home","item":"https:\/\/lararkarriar.se\/grundskola\/"},{"@type":"ListItem","position":2,"name":"Trygghet, arbetsro och utveckling i Lule\u00e5s skolor"}]},{"@type":"WebSite","@id":"https:\/\/lararkarriar.se\/grundskola\/#website","url":"https:\/\/lararkarriar.se\/grundskola\/","name":"Framtidens Karri\u00e4r \u2013 Grundskolel\u00e4rare","description":"Just another NMDashboard.se Sites site","potentialAction":[{"@type":"SearchAction","target":{"@type":"EntryPoint","urlTemplate":"https:\/\/lararkarriar.se\/grundskola\/?s={search_term_string}"},"query-input":{"@type":"PropertyValueSpecification","valueRequired":true,"valueName":"search_term_string"}}],"inLanguage":"sv-SE"},{"@type":"Person","@id":"https:\/\/lararkarriar.se\/grundskola\/#\/schema\/person\/2a13a849ec7646386c2211f59afe3083","name":"viktorwallen","image":{"@type":"ImageObject","inLanguage":"sv-SE","@id":"https:\/\/secure.gravatar.com\/avatar\/701701bd36169636031933997c8c6b954f2f635bbb7cd4802e4a007f9c9f4e59?s=96&d=mm&r=g","url":"https:\/\/secure.gravatar.com\/avatar\/701701bd36169636031933997c8c6b954f2f635bbb7cd4802e4a007f9c9f4e59?s=96&d=mm&r=g","contentUrl":"https:\/\/secure.gravatar.com\/avatar\/701701bd36169636031933997c8c6b954f2f635bbb7cd4802e4a007f9c9f4e59?s=96&d=mm&r=g","caption":"viktorwallen"},"url":"https:\/\/lararkarriar.se\/grundskola\/author\/viktorwallen\/"}]}},"_links":{"self":[{"href":"https:\/\/lararkarriar.se\/grundskola\/wp-json\/wp\/v2\/posts\/7798","targetHints":{"allow":["GET"]}}],"collection":[{"href":"https:\/\/lararkarriar.se\/grundskola\/wp-json\/wp\/v2\/posts"}],"about":[{"href":"https:\/\/lararkarriar.se\/grundskola\/wp-json\/wp\/v2\/types\/post"}],"author":[{"embeddable":true,"href":"https:\/\/lararkarriar.se\/grundskola\/wp-json\/wp\/v2\/users\/2"}],"replies":[{"embeddable":true,"href":"https:\/\/lararkarriar.se\/grundskola\/wp-json\/wp\/v2\/comments?post=7798"}],"version-history":[{"count":4,"href":"https:\/\/lararkarriar.se\/grundskola\/wp-json\/wp\/v2\/posts\/7798\/revisions"}],"predecessor-version":[{"id":7973,"href":"https:\/\/lararkarriar.se\/grundskola\/wp-json\/wp\/v2\/posts\/7798\/revisions\/7973"}],"wp:featuredmedia":[{"embeddable":true,"href":"https:\/\/lararkarriar.se\/grundskola\/wp-json\/wp\/v2\/media\/7800"}],"wp:attachment":[{"href":"https:\/\/lararkarriar.se\/grundskola\/wp-json\/wp\/v2\/media?parent=7798"}],"wp:term":[{"taxonomy":"category","embeddable":true,"href":"https:\/\/lararkarriar.se\/grundskola\/wp-json\/wp\/v2\/categories?post=7798"},{"taxonomy":"post_tag","embeddable":true,"href":"https:\/\/lararkarriar.se\/grundskola\/wp-json\/wp\/v2\/tags?post=7798"}],"curies":[{"name":"wp","href":"https:\/\/api.w.org\/{rel}","templated":true}]}}