{"id":7809,"date":"2022-10-04T10:59:22","date_gmt":"2022-10-04T10:59:22","guid":{"rendered":"https:\/\/lararkarriar.se\/grundskola\/?p=7809"},"modified":"2022-10-04T14:58:09","modified_gmt":"2022-10-04T14:58:09","slug":"ny-skola-med-engagerade-larare-och-stort-pedagogiskt-utrymme","status":"publish","type":"post","link":"https:\/\/lararkarriar.se\/grundskola\/2022\/10\/04\/ny-skola-med-engagerade-larare-och-stort-pedagogiskt-utrymme\/","title":{"rendered":"Ny skola med engagerade l\u00e4rare och stort pedagogiskt utrymme"},"content":{"rendered":"\n<figure class=\"wp-block-image size-full\"><img loading=\"lazy\" decoding=\"async\" width=\"1000\" height=\"644\" src=\"https:\/\/lararkarriar.se\/grundskola\/wp-content\/uploads\/sites\/12\/2022\/10\/molndal-0145.jpg\" alt=\"Matilda \u00c5hall, bildl\u00e4rare, Suad Djudja, rektor och Johanna Kihlberg, l\u00e4rare i Ma\/No p\u00e5 F\u00e4ssbergsskolan i M\u00f6lndal. Foto: Lisa Jabar \/ AnnalisaFoto\" class=\"wp-image-7810\" srcset=\"https:\/\/lararkarriar.se\/grundskola\/wp-content\/uploads\/sites\/12\/2022\/10\/molndal-0145.jpg 1000w, https:\/\/lararkarriar.se\/grundskola\/wp-content\/uploads\/sites\/12\/2022\/10\/molndal-0145-300x193.jpg 300w, https:\/\/lararkarriar.se\/grundskola\/wp-content\/uploads\/sites\/12\/2022\/10\/molndal-0145-768x495.jpg 768w, https:\/\/lararkarriar.se\/grundskola\/wp-content\/uploads\/sites\/12\/2022\/10\/molndal-0145-248x160.jpg 248w, https:\/\/lararkarriar.se\/grundskola\/wp-content\/uploads\/sites\/12\/2022\/10\/molndal-0145-526x339.jpg 526w, https:\/\/lararkarriar.se\/grundskola\/wp-content\/uploads\/sites\/12\/2022\/10\/molndal-0145-720x464.jpg 720w, https:\/\/lararkarriar.se\/grundskola\/wp-content\/uploads\/sites\/12\/2022\/10\/molndal-0145-960x618.jpg 960w\" sizes=\"auto, (max-width: 1000px) 100vw, 1000px\" \/><figcaption>Matilda \u00c5hall, bildl\u00e4rare, Suad Djudja, rektor och Johanna Kihlberg, l\u00e4rare i Ma\/No p\u00e5 F\u00e4ssbergsskolan i M\u00f6lndal. Foto: Lisa Jabar \/ AnnalisaFoto<\/figcaption><\/figure>\n\n\n\n<p><strong>Samarbete, trivsel och kreativitet utm\u00e4rker F\u00e4ssbergsskolan i M\u00f6lndal, en modern och ganska nystartad skola d\u00e4r inget sitter i v\u00e4ggarna.<br>\u2013 H\u00e4r finns fortfarande stort utrymme f\u00f6r l\u00e4rare och \u00f6vrig personal att sj\u00e4lva utforma sin verksamhet, s\u00e4ger Suad Djudja, rektor.<\/strong><\/p>\n\n\n\n<p>M\u00f6lndal \u00e4r en expansiv kommun med stor befolknings\u00f6kning. En utveckling som m\u00e4rks \u00e4ven p\u00e5 F\u00e4ssbergsskolan, en 4\u20139-skola som startades i M\u00f6lndals centrum f\u00f6r sex \u00e5r sedan.<br>\u2013 Vi har n\u00e4stan f\u00f6rdubblat v\u00e5rt elevantal sedan start, idag \u00e4r vi noga r\u00e4knat 681. Eftersom vi \u00e4r bel\u00e4gna i ett expansivt omr\u00e5de med stor inflyttning m\u00e5ste man titta p\u00e5 statistiken varje morgon f\u00f6r att kunna svara exakt p\u00e5 fr\u00e5gan om antal elever, och det g\u00f6r jag, s\u00e4ger rektor Suad Djudja.<br>En av de l\u00e4rare som varit med fr\u00e5n b\u00f6rjan \u00e4r bildl\u00e4raren Matilda \u00c5hall.<br>\u2013 Det k\u00e4ndes som en kul grej att f\u00e5 vara med och bygga en skola fr\u00e5n start, ett beslut jag inte \u00e5ngrar. F\u00e4ssbergsskolan erbjuder goda utvecklingsm\u00f6jligheter i kombination med en grundstruktur som utg\u00f6r en trygg och seri\u00f6s plattform f\u00f6r hela verksamheten. H\u00e4r finns ocks\u00e5 en bra arbetsmilj\u00f6, vi har det g\u00f4tt tillsammans i kollegiet och kan jobba ihop \u00e4ven med det som \u00e4r sv\u00e5rt.<\/p>\n\n\n\n<p class=\"has-color-white-01-color has-text-color has-background\" style=\"background-color:#00404e\"><strong><a href=\"https:\/\/www.molndal.se\/startsida\/arbete-och-naringsliv\/jobba-i-molndals-stad\/lediga-jobb.html#!\/\" title=\"M\u00f6lndals stad HT22 pres jobb\" target=\"_blank\" rel=\"noreferrer noopener\">Var med och skapa b\u00e4sta m\u00f6jliga M\u00f6lndal. <span style=\"text-decoration: underline;\">Klicka h\u00e4r f\u00f6r att se v\u00e5ra lediga tj\u00e4nster<\/span><\/a><\/strong><\/p>\n\n\n\n<p><strong>Stort driv<\/strong><br>Hon f\u00e5r medh\u00e5ll av kollegan Johanna Kihlberg, l\u00e4rare i Ma\/No.<br>\u2013 Jag s\u00f6kte mig hit av samma anledning n\u00e4r skolan bara var ett \u00e5r gammal. Det k\u00e4ndes sp\u00e4nnande att vara med och dra i g\u00e5ng n\u00e5got helt nytt. Redan under intervjun k\u00e4nde jag att h\u00e4r vill jag stanna och det har n\u00e4stan blivit \u00e4nnu b\u00e4ttre \u00e4n f\u00f6rv\u00e4ntat. Verksamheten pr\u00e4glas av stor v\u00e4rme, omtanke och ett stort driv. Alla som arbetar h\u00e4r vill \u00e5stadkomma n\u00e5gonting.<br>P\u00e5 fr\u00e5gan om hon kan rekommendera andra l\u00e4rare att b\u00f6rja p\u00e5 F\u00e4ssbergsskolan kommer svaret snabbt.<br>\u2013 Absolut, vi har fantastiska elever, en h\u00e4rlig blandning av olika bakgrunder och kulturer i kombination med en j\u00e4ttebra skolledning. Dessutom ligger skolan bra till ur kommunikationssynpunkt.<br>Matilda flikar in att skolan \u00e4r en bra arbetsplats inte minst f\u00f6r nyutexaminerade l\u00e4rare.<br>\u2013 Vi har utvecklat ett stabilt mentorsprogram. Som ny l\u00e4rare kan man k\u00e4nna sig trygg med att det finns m\u00e5nga kollegor som kommer att st\u00f6tta upp, h\u00e4r finns avsatt tid f\u00f6r mentorskap.<\/p>\n\n\n\n<p><strong>Utveckling<\/strong><br>\u00c4ven \u00f6vriga utvecklingsm\u00f6jligheter \u00e4r goda. Skolan har idag sju f\u00f6rstel\u00e4rare och fortbildning uppmuntras.<br>\u2013 Vi har till exempel flera l\u00e4rare som l\u00e4st specialpedagogutbildningen och sedan f\u00e5tt anst\u00e4llning i sin nya roll h\u00e4r p\u00e5 skolan, ber\u00e4ttar Johanna.<br>Sj\u00e4lv g\u00e5r hon just nu utbildningen Jag vill bli chef, som drivs av M\u00f6lndals kommun.<br>\u2013 Kursen ger en inblick i vad ett ledarskap inom kommunen inneb\u00e4r, en sp\u00e4nnande m\u00f6jlighet som st\u00f6ds av skolledningen, s\u00e4ger Johanna.<br>Suad p\u00e5pekar att f\u00f6rdelen med en stor skola \u00e4r att det finns goda m\u00f6jligheter till variation och utveckling inom verksamheten.<br>\u2013 Alla l\u00e4rare hos oss ing\u00e5r i en \u00e4mnesgrupp. Vi har till exempel fyra bildl\u00e4rare, sju sl\u00f6jdl\u00e4rare och sex idrottsl\u00e4rare. Dessutom \u00e4r alla l\u00e4rare \u00e4r v\u00e4ldigt duktiga p\u00e5 att ta hand om nya kollegor s\u00e5 att de f\u00e5r utvecklas i egen takt. Vi \u00e4r s\u00e5 m\u00e5nga att det utrymmet finns. Eftersom m\u00f6jligheter inom verksamheten \u00e4r s\u00e5 stora beh\u00f6ver man inte byta skola f\u00f6r att utvecklas i sitt yrke.<br>Skolan har ocks\u00e5 ett n\u00e4ra samarbete med universitetet.<br>\u2013 Vi har l\u00e4rarstudenter fr\u00e5n G\u00f6teborgs universitet p\u00e5 olika h\u00e5ll i verksamheten. Jag \u00e4r till exempel med i en grupp som jobbar med att utveckla l\u00e4rarutbildningen med s\u00e4rskild inriktning p\u00e5 den praktikf\u00f6rlagda delen, ber\u00e4ttar Johanna.<\/p>\n\n\n\n<p><strong>I framkant<\/strong><br>Suad konstaterar att F\u00e4ssbergsskolan fortfarande \u00e4r en ung och dynamisk verksamhet med stor utvecklingspotential. Nu forts\u00e4tter man p\u00e5 det inslagna sp\u00e5ret med siktet inst\u00e4llt p\u00e5 att skapa en modern grundskola som ligger i framkant.<br>\u2013 Mitt m\u00e5l \u00e4r att F\u00e4ssbergsskolan ska var en skola som lockar b\u00e5de erfarna och nya l\u00e4rare som vill lite mer. En skola d\u00e4r l\u00e4rare m\u00f6ter meningsfulla utmaningar i sin undervisning och k\u00e4nner att de utvecklas. Det \u00e4r min ambition.<\/p>\n\n\n\n<p class=\"has-color-white-01-color has-text-color has-background\" style=\"background-color:#00404e\"><strong><a href=\"https:\/\/www.molndal.se\/startsida\/arbete-och-naringsliv\/jobba-i-molndals-stad\/lediga-jobb.html#!\/\" title=\"M\u00f6lndals stad HT22 pres jobb\" target=\"_blank\" rel=\"noreferrer noopener\">Var med och skapa b\u00e4sta m\u00f6jliga M\u00f6lndal. <span style=\"text-decoration: underline;\">Klicka h\u00e4r f\u00f6r att se v\u00e5ra lediga tj\u00e4nster<\/span><\/a><\/strong><\/p>\n\n\n\n<div class=\"wp-block-group faktaruta\"><div class=\"wp-block-group__inner-container is-layout-flow wp-block-group-is-layout-flow\">\n<h6 class=\"wp-block-heading\">M\u00f6lndals stad<\/h6>\n\n\n\n<p>F\u00e4ssbergsskolan \u00e4r en ny och sp\u00e4nnande skola som \u00f6ppnade i M\u00f6lndal h\u00f6stterminen 2016. H\u00e4r finns nyrenoverade och fr\u00e4scha lokaler, engagerade pedagoger och fantastiska elever.<br><br><strong><a href=\"https:\/\/www.molndal.se\/\" title=\"M\u00f6lndals stad HT22 pres textlink\" target=\"_blank\" rel=\"noreferrer noopener\">www.molndal.se<\/a><\/strong><br><br><a href=\"https:\/\/www.molndal.se\/\" title=\"M\u00f6lndals stad HT22 pres logotype\" target=\"_blank\" rel=\"noreferrer noopener\"><img loading=\"lazy\" decoding=\"async\" width=\"120\" height=\"124\" class=\"wp-image-7811\" style=\"width: 120px;\" src=\"https:\/\/lararkarriar.se\/grundskola\/wp-content\/uploads\/sites\/12\/2022\/10\/molndals-stad-logo.png\" alt=\"\" srcset=\"https:\/\/lararkarriar.se\/grundskola\/wp-content\/uploads\/sites\/12\/2022\/10\/molndals-stad-logo.png 500w, https:\/\/lararkarriar.se\/grundskola\/wp-content\/uploads\/sites\/12\/2022\/10\/molndals-stad-logo-290x300.png 290w, https:\/\/lararkarriar.se\/grundskola\/wp-content\/uploads\/sites\/12\/2022\/10\/molndals-stad-logo-155x160.png 155w\" sizes=\"auto, (max-width: 120px) 100vw, 120px\" \/><\/a><\/p>\n<\/div><\/div>\n","protected":false},"excerpt":{"rendered":"<p>Samarbete, trivsel och kreativitet utm\u00e4rker F\u00e4ssbergsskolan i M\u00f6lndal<\/p>\n","protected":false},"author":2,"featured_media":7810,"comment_status":"open","ping_status":"open","sticky":false,"template":"","format":"standard","meta":{"_acf_changed":false,"_monsterinsights_skip_tracking":false,"_monsterinsights_sitenote_active":false,"_monsterinsights_sitenote_note":"","_monsterinsights_sitenote_category":0,"footnotes":""},"categories":[7],"tags":[506,499],"class_list":["post-7809","post","type-post","status-publish","format-standard","has-post-thumbnail","hentry","category-presentation","tag-fassbergsskolan","tag-molndals-stad"],"acf":[],"yoast_head":"<!-- This site is optimized with the Yoast SEO plugin v27.3 - https:\/\/yoast.com\/product\/yoast-seo-wordpress\/ -->\n<title>Ny skola med engagerade l\u00e4rare och stort pedagogiskt utrymme - Framtidens Karri\u00e4r \u2013 Grundskolel\u00e4rare<\/title>\n<meta name=\"robots\" content=\"index, follow, max-snippet:-1, max-image-preview:large, max-video-preview:-1\" \/>\n<link rel=\"canonical\" href=\"https:\/\/lararkarriar.se\/grundskola\/2022\/10\/04\/ny-skola-med-engagerade-larare-och-stort-pedagogiskt-utrymme\/\" \/>\n<meta property=\"og:locale\" content=\"sv_SE\" \/>\n<meta property=\"og:type\" content=\"article\" \/>\n<meta property=\"og:title\" content=\"Ny skola med engagerade l\u00e4rare och stort pedagogiskt utrymme - Framtidens Karri\u00e4r \u2013 Grundskolel\u00e4rare\" \/>\n<meta property=\"og:description\" content=\"Samarbete, trivsel och kreativitet utm\u00e4rker F\u00e4ssbergsskolan i M\u00f6lndal\" \/>\n<meta property=\"og:url\" content=\"https:\/\/lararkarriar.se\/grundskola\/2022\/10\/04\/ny-skola-med-engagerade-larare-och-stort-pedagogiskt-utrymme\/\" \/>\n<meta property=\"og:site_name\" content=\"Framtidens Karri\u00e4r \u2013 Grundskolel\u00e4rare\" \/>\n<meta property=\"article:published_time\" content=\"2022-10-04T10:59:22+00:00\" \/>\n<meta property=\"article:modified_time\" content=\"2022-10-04T14:58:09+00:00\" \/>\n<meta property=\"og:image\" content=\"https:\/\/lararkarriar.se\/grundskola\/wp-content\/uploads\/sites\/12\/2022\/10\/molndal-0145.jpg\" \/>\n\t<meta property=\"og:image:width\" content=\"1000\" \/>\n\t<meta property=\"og:image:height\" content=\"644\" \/>\n\t<meta property=\"og:image:type\" content=\"image\/jpeg\" \/>\n<meta name=\"author\" content=\"viktorwallen\" \/>\n<meta name=\"twitter:card\" content=\"summary_large_image\" \/>\n<meta name=\"twitter:label1\" content=\"Skriven av\" \/>\n\t<meta name=\"twitter:data1\" content=\"viktorwallen\" \/>\n\t<meta name=\"twitter:label2\" content=\"Ber\u00e4knad l\u00e4stid\" \/>\n\t<meta name=\"twitter:data2\" content=\"4 minuter\" \/>\n<script type=\"application\/ld+json\" class=\"yoast-schema-graph\">{\"@context\":\"https:\\\/\\\/schema.org\",\"@graph\":[{\"@type\":\"Article\",\"@id\":\"https:\\\/\\\/lararkarriar.se\\\/grundskola\\\/2022\\\/10\\\/04\\\/ny-skola-med-engagerade-larare-och-stort-pedagogiskt-utrymme\\\/#article\",\"isPartOf\":{\"@id\":\"https:\\\/\\\/lararkarriar.se\\\/grundskola\\\/2022\\\/10\\\/04\\\/ny-skola-med-engagerade-larare-och-stort-pedagogiskt-utrymme\\\/\"},\"author\":{\"name\":\"viktorwallen\",\"@id\":\"https:\\\/\\\/lararkarriar.se\\\/grundskola\\\/#\\\/schema\\\/person\\\/2a13a849ec7646386c2211f59afe3083\"},\"headline\":\"Ny skola med engagerade l\u00e4rare och stort pedagogiskt utrymme\",\"datePublished\":\"2022-10-04T10:59:22+00:00\",\"dateModified\":\"2022-10-04T14:58:09+00:00\",\"mainEntityOfPage\":{\"@id\":\"https:\\\/\\\/lararkarriar.se\\\/grundskola\\\/2022\\\/10\\\/04\\\/ny-skola-med-engagerade-larare-och-stort-pedagogiskt-utrymme\\\/\"},\"wordCount\":868,\"commentCount\":0,\"image\":{\"@id\":\"https:\\\/\\\/lararkarriar.se\\\/grundskola\\\/2022\\\/10\\\/04\\\/ny-skola-med-engagerade-larare-och-stort-pedagogiskt-utrymme\\\/#primaryimage\"},\"thumbnailUrl\":\"https:\\\/\\\/lararkarriar.se\\\/grundskola\\\/wp-content\\\/uploads\\\/sites\\\/12\\\/2022\\\/10\\\/molndal-0145.jpg\",\"keywords\":[\"F\u00e4ssbergsskolan\",\"M\u00f6lndals stad\"],\"articleSection\":[\"Presentation\"],\"inLanguage\":\"sv-SE\",\"potentialAction\":[{\"@type\":\"CommentAction\",\"name\":\"Comment\",\"target\":[\"https:\\\/\\\/lararkarriar.se\\\/grundskola\\\/2022\\\/10\\\/04\\\/ny-skola-med-engagerade-larare-och-stort-pedagogiskt-utrymme\\\/#respond\"]}]},{\"@type\":\"WebPage\",\"@id\":\"https:\\\/\\\/lararkarriar.se\\\/grundskola\\\/2022\\\/10\\\/04\\\/ny-skola-med-engagerade-larare-och-stort-pedagogiskt-utrymme\\\/\",\"url\":\"https:\\\/\\\/lararkarriar.se\\\/grundskola\\\/2022\\\/10\\\/04\\\/ny-skola-med-engagerade-larare-och-stort-pedagogiskt-utrymme\\\/\",\"name\":\"Ny skola med engagerade l\u00e4rare och stort pedagogiskt utrymme - Framtidens Karri\u00e4r \u2013 Grundskolel\u00e4rare\",\"isPartOf\":{\"@id\":\"https:\\\/\\\/lararkarriar.se\\\/grundskola\\\/#website\"},\"primaryImageOfPage\":{\"@id\":\"https:\\\/\\\/lararkarriar.se\\\/grundskola\\\/2022\\\/10\\\/04\\\/ny-skola-med-engagerade-larare-och-stort-pedagogiskt-utrymme\\\/#primaryimage\"},\"image\":{\"@id\":\"https:\\\/\\\/lararkarriar.se\\\/grundskola\\\/2022\\\/10\\\/04\\\/ny-skola-med-engagerade-larare-och-stort-pedagogiskt-utrymme\\\/#primaryimage\"},\"thumbnailUrl\":\"https:\\\/\\\/lararkarriar.se\\\/grundskola\\\/wp-content\\\/uploads\\\/sites\\\/12\\\/2022\\\/10\\\/molndal-0145.jpg\",\"datePublished\":\"2022-10-04T10:59:22+00:00\",\"dateModified\":\"2022-10-04T14:58:09+00:00\",\"author\":{\"@id\":\"https:\\\/\\\/lararkarriar.se\\\/grundskola\\\/#\\\/schema\\\/person\\\/2a13a849ec7646386c2211f59afe3083\"},\"breadcrumb\":{\"@id\":\"https:\\\/\\\/lararkarriar.se\\\/grundskola\\\/2022\\\/10\\\/04\\\/ny-skola-med-engagerade-larare-och-stort-pedagogiskt-utrymme\\\/#breadcrumb\"},\"inLanguage\":\"sv-SE\",\"potentialAction\":[{\"@type\":\"ReadAction\",\"target\":[\"https:\\\/\\\/lararkarriar.se\\\/grundskola\\\/2022\\\/10\\\/04\\\/ny-skola-med-engagerade-larare-och-stort-pedagogiskt-utrymme\\\/\"]}]},{\"@type\":\"ImageObject\",\"inLanguage\":\"sv-SE\",\"@id\":\"https:\\\/\\\/lararkarriar.se\\\/grundskola\\\/2022\\\/10\\\/04\\\/ny-skola-med-engagerade-larare-och-stort-pedagogiskt-utrymme\\\/#primaryimage\",\"url\":\"https:\\\/\\\/lararkarriar.se\\\/grundskola\\\/wp-content\\\/uploads\\\/sites\\\/12\\\/2022\\\/10\\\/molndal-0145.jpg\",\"contentUrl\":\"https:\\\/\\\/lararkarriar.se\\\/grundskola\\\/wp-content\\\/uploads\\\/sites\\\/12\\\/2022\\\/10\\\/molndal-0145.jpg\",\"width\":1000,\"height\":644,\"caption\":\"Matilda \u00c5hall, bildl\u00e4rare, Suad Djudja, rektor och Johanna Kihlberg, l\u00e4rare i Ma\\\/No p\u00e5 F\u00e4ssbergsskolan i M\u00f6lndal. Foto: Lisa Jabar \\\/ AnnalisaFoto\"},{\"@type\":\"BreadcrumbList\",\"@id\":\"https:\\\/\\\/lararkarriar.se\\\/grundskola\\\/2022\\\/10\\\/04\\\/ny-skola-med-engagerade-larare-och-stort-pedagogiskt-utrymme\\\/#breadcrumb\",\"itemListElement\":[{\"@type\":\"ListItem\",\"position\":1,\"name\":\"Home\",\"item\":\"https:\\\/\\\/lararkarriar.se\\\/grundskola\\\/\"},{\"@type\":\"ListItem\",\"position\":2,\"name\":\"Ny skola med engagerade l\u00e4rare och stort pedagogiskt utrymme\"}]},{\"@type\":\"WebSite\",\"@id\":\"https:\\\/\\\/lararkarriar.se\\\/grundskola\\\/#website\",\"url\":\"https:\\\/\\\/lararkarriar.se\\\/grundskola\\\/\",\"name\":\"Framtidens Karri\u00e4r \u2013 Grundskolel\u00e4rare\",\"description\":\"Just another NMDashboard.se Sites site\",\"potentialAction\":[{\"@type\":\"SearchAction\",\"target\":{\"@type\":\"EntryPoint\",\"urlTemplate\":\"https:\\\/\\\/lararkarriar.se\\\/grundskola\\\/?s={search_term_string}\"},\"query-input\":{\"@type\":\"PropertyValueSpecification\",\"valueRequired\":true,\"valueName\":\"search_term_string\"}}],\"inLanguage\":\"sv-SE\"},{\"@type\":\"Person\",\"@id\":\"https:\\\/\\\/lararkarriar.se\\\/grundskola\\\/#\\\/schema\\\/person\\\/2a13a849ec7646386c2211f59afe3083\",\"name\":\"viktorwallen\",\"image\":{\"@type\":\"ImageObject\",\"inLanguage\":\"sv-SE\",\"@id\":\"https:\\\/\\\/secure.gravatar.com\\\/avatar\\\/701701bd36169636031933997c8c6b954f2f635bbb7cd4802e4a007f9c9f4e59?s=96&d=mm&r=g\",\"url\":\"https:\\\/\\\/secure.gravatar.com\\\/avatar\\\/701701bd36169636031933997c8c6b954f2f635bbb7cd4802e4a007f9c9f4e59?s=96&d=mm&r=g\",\"contentUrl\":\"https:\\\/\\\/secure.gravatar.com\\\/avatar\\\/701701bd36169636031933997c8c6b954f2f635bbb7cd4802e4a007f9c9f4e59?s=96&d=mm&r=g\",\"caption\":\"viktorwallen\"},\"url\":\"https:\\\/\\\/lararkarriar.se\\\/grundskola\\\/author\\\/viktorwallen\\\/\"}]}<\/script>\n<!-- \/ Yoast SEO plugin. -->","yoast_head_json":{"title":"Ny skola med engagerade l\u00e4rare och stort pedagogiskt utrymme - Framtidens Karri\u00e4r \u2013 Grundskolel\u00e4rare","robots":{"index":"index","follow":"follow","max-snippet":"max-snippet:-1","max-image-preview":"max-image-preview:large","max-video-preview":"max-video-preview:-1"},"canonical":"https:\/\/lararkarriar.se\/grundskola\/2022\/10\/04\/ny-skola-med-engagerade-larare-och-stort-pedagogiskt-utrymme\/","og_locale":"sv_SE","og_type":"article","og_title":"Ny skola med engagerade l\u00e4rare och stort pedagogiskt utrymme - Framtidens Karri\u00e4r \u2013 Grundskolel\u00e4rare","og_description":"Samarbete, trivsel och kreativitet utm\u00e4rker F\u00e4ssbergsskolan i M\u00f6lndal","og_url":"https:\/\/lararkarriar.se\/grundskola\/2022\/10\/04\/ny-skola-med-engagerade-larare-och-stort-pedagogiskt-utrymme\/","og_site_name":"Framtidens Karri\u00e4r \u2013 Grundskolel\u00e4rare","article_published_time":"2022-10-04T10:59:22+00:00","article_modified_time":"2022-10-04T14:58:09+00:00","og_image":[{"width":1000,"height":644,"url":"https:\/\/lararkarriar.se\/grundskola\/wp-content\/uploads\/sites\/12\/2022\/10\/molndal-0145.jpg","type":"image\/jpeg"}],"author":"viktorwallen","twitter_card":"summary_large_image","twitter_misc":{"Skriven av":"viktorwallen","Ber\u00e4knad l\u00e4stid":"4 minuter"},"schema":{"@context":"https:\/\/schema.org","@graph":[{"@type":"Article","@id":"https:\/\/lararkarriar.se\/grundskola\/2022\/10\/04\/ny-skola-med-engagerade-larare-och-stort-pedagogiskt-utrymme\/#article","isPartOf":{"@id":"https:\/\/lararkarriar.se\/grundskola\/2022\/10\/04\/ny-skola-med-engagerade-larare-och-stort-pedagogiskt-utrymme\/"},"author":{"name":"viktorwallen","@id":"https:\/\/lararkarriar.se\/grundskola\/#\/schema\/person\/2a13a849ec7646386c2211f59afe3083"},"headline":"Ny skola med engagerade l\u00e4rare och stort pedagogiskt utrymme","datePublished":"2022-10-04T10:59:22+00:00","dateModified":"2022-10-04T14:58:09+00:00","mainEntityOfPage":{"@id":"https:\/\/lararkarriar.se\/grundskola\/2022\/10\/04\/ny-skola-med-engagerade-larare-och-stort-pedagogiskt-utrymme\/"},"wordCount":868,"commentCount":0,"image":{"@id":"https:\/\/lararkarriar.se\/grundskola\/2022\/10\/04\/ny-skola-med-engagerade-larare-och-stort-pedagogiskt-utrymme\/#primaryimage"},"thumbnailUrl":"https:\/\/lararkarriar.se\/grundskola\/wp-content\/uploads\/sites\/12\/2022\/10\/molndal-0145.jpg","keywords":["F\u00e4ssbergsskolan","M\u00f6lndals stad"],"articleSection":["Presentation"],"inLanguage":"sv-SE","potentialAction":[{"@type":"CommentAction","name":"Comment","target":["https:\/\/lararkarriar.se\/grundskola\/2022\/10\/04\/ny-skola-med-engagerade-larare-och-stort-pedagogiskt-utrymme\/#respond"]}]},{"@type":"WebPage","@id":"https:\/\/lararkarriar.se\/grundskola\/2022\/10\/04\/ny-skola-med-engagerade-larare-och-stort-pedagogiskt-utrymme\/","url":"https:\/\/lararkarriar.se\/grundskola\/2022\/10\/04\/ny-skola-med-engagerade-larare-och-stort-pedagogiskt-utrymme\/","name":"Ny skola med engagerade l\u00e4rare och stort pedagogiskt utrymme - Framtidens Karri\u00e4r \u2013 Grundskolel\u00e4rare","isPartOf":{"@id":"https:\/\/lararkarriar.se\/grundskola\/#website"},"primaryImageOfPage":{"@id":"https:\/\/lararkarriar.se\/grundskola\/2022\/10\/04\/ny-skola-med-engagerade-larare-och-stort-pedagogiskt-utrymme\/#primaryimage"},"image":{"@id":"https:\/\/lararkarriar.se\/grundskola\/2022\/10\/04\/ny-skola-med-engagerade-larare-och-stort-pedagogiskt-utrymme\/#primaryimage"},"thumbnailUrl":"https:\/\/lararkarriar.se\/grundskola\/wp-content\/uploads\/sites\/12\/2022\/10\/molndal-0145.jpg","datePublished":"2022-10-04T10:59:22+00:00","dateModified":"2022-10-04T14:58:09+00:00","author":{"@id":"https:\/\/lararkarriar.se\/grundskola\/#\/schema\/person\/2a13a849ec7646386c2211f59afe3083"},"breadcrumb":{"@id":"https:\/\/lararkarriar.se\/grundskola\/2022\/10\/04\/ny-skola-med-engagerade-larare-och-stort-pedagogiskt-utrymme\/#breadcrumb"},"inLanguage":"sv-SE","potentialAction":[{"@type":"ReadAction","target":["https:\/\/lararkarriar.se\/grundskola\/2022\/10\/04\/ny-skola-med-engagerade-larare-och-stort-pedagogiskt-utrymme\/"]}]},{"@type":"ImageObject","inLanguage":"sv-SE","@id":"https:\/\/lararkarriar.se\/grundskola\/2022\/10\/04\/ny-skola-med-engagerade-larare-och-stort-pedagogiskt-utrymme\/#primaryimage","url":"https:\/\/lararkarriar.se\/grundskola\/wp-content\/uploads\/sites\/12\/2022\/10\/molndal-0145.jpg","contentUrl":"https:\/\/lararkarriar.se\/grundskola\/wp-content\/uploads\/sites\/12\/2022\/10\/molndal-0145.jpg","width":1000,"height":644,"caption":"Matilda \u00c5hall, bildl\u00e4rare, Suad Djudja, rektor och Johanna Kihlberg, l\u00e4rare i Ma\/No p\u00e5 F\u00e4ssbergsskolan i M\u00f6lndal. Foto: Lisa Jabar \/ AnnalisaFoto"},{"@type":"BreadcrumbList","@id":"https:\/\/lararkarriar.se\/grundskola\/2022\/10\/04\/ny-skola-med-engagerade-larare-och-stort-pedagogiskt-utrymme\/#breadcrumb","itemListElement":[{"@type":"ListItem","position":1,"name":"Home","item":"https:\/\/lararkarriar.se\/grundskola\/"},{"@type":"ListItem","position":2,"name":"Ny skola med engagerade l\u00e4rare och stort pedagogiskt utrymme"}]},{"@type":"WebSite","@id":"https:\/\/lararkarriar.se\/grundskola\/#website","url":"https:\/\/lararkarriar.se\/grundskola\/","name":"Framtidens Karri\u00e4r \u2013 Grundskolel\u00e4rare","description":"Just another NMDashboard.se Sites site","potentialAction":[{"@type":"SearchAction","target":{"@type":"EntryPoint","urlTemplate":"https:\/\/lararkarriar.se\/grundskola\/?s={search_term_string}"},"query-input":{"@type":"PropertyValueSpecification","valueRequired":true,"valueName":"search_term_string"}}],"inLanguage":"sv-SE"},{"@type":"Person","@id":"https:\/\/lararkarriar.se\/grundskola\/#\/schema\/person\/2a13a849ec7646386c2211f59afe3083","name":"viktorwallen","image":{"@type":"ImageObject","inLanguage":"sv-SE","@id":"https:\/\/secure.gravatar.com\/avatar\/701701bd36169636031933997c8c6b954f2f635bbb7cd4802e4a007f9c9f4e59?s=96&d=mm&r=g","url":"https:\/\/secure.gravatar.com\/avatar\/701701bd36169636031933997c8c6b954f2f635bbb7cd4802e4a007f9c9f4e59?s=96&d=mm&r=g","contentUrl":"https:\/\/secure.gravatar.com\/avatar\/701701bd36169636031933997c8c6b954f2f635bbb7cd4802e4a007f9c9f4e59?s=96&d=mm&r=g","caption":"viktorwallen"},"url":"https:\/\/lararkarriar.se\/grundskola\/author\/viktorwallen\/"}]}},"_links":{"self":[{"href":"https:\/\/lararkarriar.se\/grundskola\/wp-json\/wp\/v2\/posts\/7809","targetHints":{"allow":["GET"]}}],"collection":[{"href":"https:\/\/lararkarriar.se\/grundskola\/wp-json\/wp\/v2\/posts"}],"about":[{"href":"https:\/\/lararkarriar.se\/grundskola\/wp-json\/wp\/v2\/types\/post"}],"author":[{"embeddable":true,"href":"https:\/\/lararkarriar.se\/grundskola\/wp-json\/wp\/v2\/users\/2"}],"replies":[{"embeddable":true,"href":"https:\/\/lararkarriar.se\/grundskola\/wp-json\/wp\/v2\/comments?post=7809"}],"version-history":[{"count":10,"href":"https:\/\/lararkarriar.se\/grundskola\/wp-json\/wp\/v2\/posts\/7809\/revisions"}],"predecessor-version":[{"id":7971,"href":"https:\/\/lararkarriar.se\/grundskola\/wp-json\/wp\/v2\/posts\/7809\/revisions\/7971"}],"wp:featuredmedia":[{"embeddable":true,"href":"https:\/\/lararkarriar.se\/grundskola\/wp-json\/wp\/v2\/media\/7810"}],"wp:attachment":[{"href":"https:\/\/lararkarriar.se\/grundskola\/wp-json\/wp\/v2\/media?parent=7809"}],"wp:term":[{"taxonomy":"category","embeddable":true,"href":"https:\/\/lararkarriar.se\/grundskola\/wp-json\/wp\/v2\/categories?post=7809"},{"taxonomy":"post_tag","embeddable":true,"href":"https:\/\/lararkarriar.se\/grundskola\/wp-json\/wp\/v2\/tags?post=7809"}],"curies":[{"name":"wp","href":"https:\/\/api.w.org\/{rel}","templated":true}]}}