{"id":7818,"date":"2022-10-04T11:13:58","date_gmt":"2022-10-04T11:13:58","guid":{"rendered":"https:\/\/lararkarriar.se\/grundskola\/?p=7818"},"modified":"2022-10-05T07:16:01","modified_gmt":"2022-10-05T07:16:01","slug":"sagad-skola-hyllas","status":"publish","type":"post","link":"https:\/\/lararkarriar.se\/grundskola\/2022\/10\/04\/sagad-skola-hyllas\/","title":{"rendered":"S\u00e5gad skola hyllas"},"content":{"rendered":"\n<figure class=\"wp-block-image size-full\"><img loading=\"lazy\" decoding=\"async\" width=\"1000\" height=\"675\" src=\"https:\/\/lararkarriar.se\/grundskola\/wp-content\/uploads\/sites\/12\/2022\/10\/sagad-semira2.jpg\" alt=\"\" class=\"wp-image-7819\" srcset=\"https:\/\/lararkarriar.se\/grundskola\/wp-content\/uploads\/sites\/12\/2022\/10\/sagad-semira2.jpg 1000w, https:\/\/lararkarriar.se\/grundskola\/wp-content\/uploads\/sites\/12\/2022\/10\/sagad-semira2-300x203.jpg 300w, https:\/\/lararkarriar.se\/grundskola\/wp-content\/uploads\/sites\/12\/2022\/10\/sagad-semira2-768x518.jpg 768w, https:\/\/lararkarriar.se\/grundskola\/wp-content\/uploads\/sites\/12\/2022\/10\/sagad-semira2-237x160.jpg 237w, https:\/\/lararkarriar.se\/grundskola\/wp-content\/uploads\/sites\/12\/2022\/10\/sagad-semira2-526x355.jpg 526w, https:\/\/lararkarriar.se\/grundskola\/wp-content\/uploads\/sites\/12\/2022\/10\/sagad-semira2-720x486.jpg 720w, https:\/\/lararkarriar.se\/grundskola\/wp-content\/uploads\/sites\/12\/2022\/10\/sagad-semira2-960x648.jpg 960w\" sizes=\"auto, (max-width: 1000px) 100vw, 1000px\" \/><figcaption>Semira Vikstr\u00f6m har hyllats som rektor. Foto: Samuel Un\u00e9us<\/figcaption><\/figure>\n\n\n\n<p><strong>P\u00e5 sex \u00e5r gick Vis\u00e4ttraskolan fr\u00e5n kritiserad till hyllad. F\u00f6rr flydde eleverna \u2013 nu \u00e4r det h\u00f6gt skoltryck. Den prisade rektorn Semira Vikstr\u00f6m delar med sig av nycklar till den drastiska f\u00f6r\u00e4ndringen.<\/strong><\/p>\n\n\n\n<p>Vis\u00e4ttraskolan i Huddinge befann sig i b\u00f6rjan av 2010-talet i en ned\u00e5tg\u00e5ende spiral. Men Semira Vikstr\u00f6m tilltr\u00e4dde och v\u00e4nde situationen till en framg\u00e5ngssaga \u2013 bland annat skrev Skolinspektionen i sitt utl\u00e5tande 2019 att Vis\u00e4ttraskolan var en av de b\u00e4sta skolor som de varit p\u00e5. F\u00f6r sina insatser har Semira Vikstr\u00f6m bland annat f\u00e5tt pris som \u00c5rets rektor 2020, Stora skolledarpriset 2020 och \u00c5rets chef i Huddinge kommun.<br>\u2013 Jag \u00e4r j\u00e4ttestolt \u00f6ver det arbete som vi gjort och att vi har orkat h\u00e5lla i \u00f6ver tid. En tjej som tog studenten i somras kom f\u00f6rbi med sin familj och en hel bilkaravan och ville fira med oss, hon k\u00e4nde att vi betytt s\u00e5 mycket f\u00f6r hennes resa. Det \u00e4r starka \u00f6gonblick som visar p\u00e5 hur stor p\u00e5verkan vi haft p\u00e5 s\u00e5 m\u00e5nga m\u00e4nniskor, s\u00e4ger Semira Vikstr\u00f6m.<\/p>\n\n\n\n<blockquote class=\"wp-block-quote is-layout-flow wp-block-quote-is-layout-flow\"><p>&#8221;Du kan aldrig g\u00f6ra en s\u00e5dan h\u00e4r f\u00f6r\u00e4ndringsresa om du inte har med dig personalen.&#8221;<\/p><\/blockquote>\n\n\n\n<p><strong>Tre viktiga tips<\/strong><br>Hennes tre viktigaste tips fr\u00e5n arbetet p\u00e5 Vis\u00e4ttraskolan \u00e4r att kartl\u00e4gga verksamheten, skapa en bra arbetsmilj\u00f6 och ha en vision \u2013 som alla \u00e4r med p\u00e5.<br>\u2013 Du kan aldrig g\u00f6ra en s\u00e5dan h\u00e4r f\u00f6r\u00e4ndringsresa om du inte har med dig personalen. Som rektor \u00e4r du f\u00f6rbundskapten, men det \u00e4r spelarna p\u00e5 planen som g\u00f6r m\u00e5l. Jag ska skapa f\u00f6ruts\u00e4ttningar och en bra organisation, men personalen i verksamheten ska g\u00f6ra det grova h\u00e5rda jobbet. Om de inte k\u00e4nner att visionen \u00e4r n\u00e5got de vill f\u00f6lja, eller inte ser vilken riktning skolan ska ta, d\u00e5 f\u00e5r jag dem inte att g\u00f6ra jobbet, s\u00e4ger Semira Vikstr\u00f6m.<\/p>\n\n\n\n<p><strong>Elevh\u00e4lsan central<\/strong><br>Hon beskriver det hela som ett kugghjul, d\u00e4r alla delar och personalgrupper \u00e4r lika viktiga.<br>\u2013 Elever tr\u00e4ffar inte bara l\u00e4rare, de ska g\u00e5 till matsalen, g\u00e5 p\u00e5 toaletterna, r\u00f6ra sig i korridorerna p\u00e5 rasterna. \u00d6verallt m\u00f6ter de olika yrkeskategorier som ska skapa f\u00f6ruts\u00e4ttningar f\u00f6r eleverna. All personal beh\u00f6ver k\u00e4nna att de \u00e4r en del av verksamheten.<br>I boken \u201dElevh\u00e4lsa i praktiken \u2013 hur g\u00f6r vi?\u201d skriver Semira Vikstr\u00f6m om den centrala roll som elevh\u00e4lsan har spelat.<br>\u2013 Vis\u00e4ttraskolan ligger i ett utsatt omr\u00e5de och elevh\u00e4lsan utg\u00f6r en omfattande del av v\u00e5r vardag. N\u00e4r jag tilltr\u00e4dde som rektor h\u00f6sten 2013 fanns ett j\u00e4ttekompetent elevh\u00e4lsoteam, men det var som en parallell verksamhet, en isolerad \u00f6. Elevh\u00e4lsan beh\u00f6ver bli allas angel\u00e4genhet och ska genomsyra allt vi g\u00f6r. Utifr\u00e5n det har vi v\u00e5r vision kunskap, trygghet och trivsel \u2013 f\u00f6r att eleverna ska lyckas l\u00e5ngsiktigt i sin kunskapsutveckling beh\u00f6ver de vara trygga och trivas, och d\u00e4r kommer elevh\u00e4lsan in.<\/p>\n","protected":false},"excerpt":{"rendered":"<p>P\u00e5 sex \u00e5r gick Vis\u00e4ttraskolan fr\u00e5n kritiserad till hyllad. F\u00f6rr flydde eleverna \u2013 nu \u00e4r det h\u00f6gt skoltryck.<\/p>\n","protected":false},"author":3,"featured_media":7819,"comment_status":"open","ping_status":"open","sticky":false,"template":"","format":"standard","meta":{"_acf_changed":false,"_monsterinsights_skip_tracking":false,"_monsterinsights_sitenote_active":false,"_monsterinsights_sitenote_note":"","_monsterinsights_sitenote_category":0,"footnotes":""},"categories":[1],"tags":[508,507,142,509],"class_list":["post-7818","post","type-post","status-publish","format-standard","has-post-thumbnail","hentry","category-artikel","tag-arets-rektor-2020","tag-forandringsarbete","tag-huddinge-kommun","tag-stora-skolledarpriset-2020"],"acf":[],"yoast_head":"<!-- This site is optimized with the Yoast SEO plugin v27.3 - https:\/\/yoast.com\/product\/yoast-seo-wordpress\/ -->\n<title>S\u00e5gad skola hyllas - Framtidens Karri\u00e4r \u2013 Grundskolel\u00e4rare<\/title>\n<meta name=\"robots\" content=\"index, follow, max-snippet:-1, max-image-preview:large, max-video-preview:-1\" \/>\n<link rel=\"canonical\" href=\"https:\/\/lararkarriar.se\/grundskola\/2022\/10\/04\/sagad-skola-hyllas\/\" \/>\n<meta property=\"og:locale\" content=\"sv_SE\" \/>\n<meta property=\"og:type\" content=\"article\" \/>\n<meta property=\"og:title\" content=\"S\u00e5gad skola hyllas - Framtidens Karri\u00e4r \u2013 Grundskolel\u00e4rare\" \/>\n<meta property=\"og:description\" content=\"P\u00e5 sex \u00e5r gick Vis\u00e4ttraskolan fr\u00e5n kritiserad till hyllad. F\u00f6rr flydde eleverna \u2013 nu \u00e4r det h\u00f6gt skoltryck.\" \/>\n<meta property=\"og:url\" content=\"https:\/\/lararkarriar.se\/grundskola\/2022\/10\/04\/sagad-skola-hyllas\/\" \/>\n<meta property=\"og:site_name\" content=\"Framtidens Karri\u00e4r \u2013 Grundskolel\u00e4rare\" \/>\n<meta property=\"article:published_time\" content=\"2022-10-04T11:13:58+00:00\" \/>\n<meta property=\"article:modified_time\" content=\"2022-10-05T07:16:01+00:00\" \/>\n<meta property=\"og:image\" content=\"https:\/\/lararkarriar.se\/grundskola\/wp-content\/uploads\/sites\/12\/2022\/10\/sagad-semira2.jpg\" \/>\n\t<meta property=\"og:image:width\" content=\"1000\" \/>\n\t<meta property=\"og:image:height\" content=\"675\" \/>\n\t<meta property=\"og:image:type\" content=\"image\/jpeg\" \/>\n<meta name=\"author\" content=\"stellanstal\" \/>\n<meta name=\"twitter:card\" content=\"summary_large_image\" \/>\n<meta name=\"twitter:label1\" content=\"Skriven av\" \/>\n\t<meta name=\"twitter:data1\" content=\"stellanstal\" \/>\n\t<meta name=\"twitter:label2\" content=\"Ber\u00e4knad l\u00e4stid\" \/>\n\t<meta name=\"twitter:data2\" content=\"3 minuter\" \/>\n<script type=\"application\/ld+json\" class=\"yoast-schema-graph\">{\"@context\":\"https:\\\/\\\/schema.org\",\"@graph\":[{\"@type\":\"Article\",\"@id\":\"https:\\\/\\\/lararkarriar.se\\\/grundskola\\\/2022\\\/10\\\/04\\\/sagad-skola-hyllas\\\/#article\",\"isPartOf\":{\"@id\":\"https:\\\/\\\/lararkarriar.se\\\/grundskola\\\/2022\\\/10\\\/04\\\/sagad-skola-hyllas\\\/\"},\"author\":{\"name\":\"stellanstal\",\"@id\":\"https:\\\/\\\/lararkarriar.se\\\/grundskola\\\/#\\\/schema\\\/person\\\/c8a43eb855191e573b73ecf8987a3b99\"},\"headline\":\"S\u00e5gad skola hyllas\",\"datePublished\":\"2022-10-04T11:13:58+00:00\",\"dateModified\":\"2022-10-05T07:16:01+00:00\",\"mainEntityOfPage\":{\"@id\":\"https:\\\/\\\/lararkarriar.se\\\/grundskola\\\/2022\\\/10\\\/04\\\/sagad-skola-hyllas\\\/\"},\"wordCount\":543,\"commentCount\":0,\"image\":{\"@id\":\"https:\\\/\\\/lararkarriar.se\\\/grundskola\\\/2022\\\/10\\\/04\\\/sagad-skola-hyllas\\\/#primaryimage\"},\"thumbnailUrl\":\"https:\\\/\\\/lararkarriar.se\\\/grundskola\\\/wp-content\\\/uploads\\\/sites\\\/12\\\/2022\\\/10\\\/sagad-semira2.jpg\",\"keywords\":[\"\u00c5rets rektor 2020\",\"F\u00f6r\u00e4ndringsarbete\",\"Huddinge kommun\",\"Stora skolledarpriset 2020\"],\"articleSection\":[\"Artikel\"],\"inLanguage\":\"sv-SE\",\"potentialAction\":[{\"@type\":\"CommentAction\",\"name\":\"Comment\",\"target\":[\"https:\\\/\\\/lararkarriar.se\\\/grundskola\\\/2022\\\/10\\\/04\\\/sagad-skola-hyllas\\\/#respond\"]}]},{\"@type\":\"WebPage\",\"@id\":\"https:\\\/\\\/lararkarriar.se\\\/grundskola\\\/2022\\\/10\\\/04\\\/sagad-skola-hyllas\\\/\",\"url\":\"https:\\\/\\\/lararkarriar.se\\\/grundskola\\\/2022\\\/10\\\/04\\\/sagad-skola-hyllas\\\/\",\"name\":\"S\u00e5gad skola hyllas - Framtidens Karri\u00e4r \u2013 Grundskolel\u00e4rare\",\"isPartOf\":{\"@id\":\"https:\\\/\\\/lararkarriar.se\\\/grundskola\\\/#website\"},\"primaryImageOfPage\":{\"@id\":\"https:\\\/\\\/lararkarriar.se\\\/grundskola\\\/2022\\\/10\\\/04\\\/sagad-skola-hyllas\\\/#primaryimage\"},\"image\":{\"@id\":\"https:\\\/\\\/lararkarriar.se\\\/grundskola\\\/2022\\\/10\\\/04\\\/sagad-skola-hyllas\\\/#primaryimage\"},\"thumbnailUrl\":\"https:\\\/\\\/lararkarriar.se\\\/grundskola\\\/wp-content\\\/uploads\\\/sites\\\/12\\\/2022\\\/10\\\/sagad-semira2.jpg\",\"datePublished\":\"2022-10-04T11:13:58+00:00\",\"dateModified\":\"2022-10-05T07:16:01+00:00\",\"author\":{\"@id\":\"https:\\\/\\\/lararkarriar.se\\\/grundskola\\\/#\\\/schema\\\/person\\\/c8a43eb855191e573b73ecf8987a3b99\"},\"breadcrumb\":{\"@id\":\"https:\\\/\\\/lararkarriar.se\\\/grundskola\\\/2022\\\/10\\\/04\\\/sagad-skola-hyllas\\\/#breadcrumb\"},\"inLanguage\":\"sv-SE\",\"potentialAction\":[{\"@type\":\"ReadAction\",\"target\":[\"https:\\\/\\\/lararkarriar.se\\\/grundskola\\\/2022\\\/10\\\/04\\\/sagad-skola-hyllas\\\/\"]}]},{\"@type\":\"ImageObject\",\"inLanguage\":\"sv-SE\",\"@id\":\"https:\\\/\\\/lararkarriar.se\\\/grundskola\\\/2022\\\/10\\\/04\\\/sagad-skola-hyllas\\\/#primaryimage\",\"url\":\"https:\\\/\\\/lararkarriar.se\\\/grundskola\\\/wp-content\\\/uploads\\\/sites\\\/12\\\/2022\\\/10\\\/sagad-semira2.jpg\",\"contentUrl\":\"https:\\\/\\\/lararkarriar.se\\\/grundskola\\\/wp-content\\\/uploads\\\/sites\\\/12\\\/2022\\\/10\\\/sagad-semira2.jpg\",\"width\":1000,\"height\":675},{\"@type\":\"BreadcrumbList\",\"@id\":\"https:\\\/\\\/lararkarriar.se\\\/grundskola\\\/2022\\\/10\\\/04\\\/sagad-skola-hyllas\\\/#breadcrumb\",\"itemListElement\":[{\"@type\":\"ListItem\",\"position\":1,\"name\":\"Home\",\"item\":\"https:\\\/\\\/lararkarriar.se\\\/grundskola\\\/\"},{\"@type\":\"ListItem\",\"position\":2,\"name\":\"S\u00e5gad skola hyllas\"}]},{\"@type\":\"WebSite\",\"@id\":\"https:\\\/\\\/lararkarriar.se\\\/grundskola\\\/#website\",\"url\":\"https:\\\/\\\/lararkarriar.se\\\/grundskola\\\/\",\"name\":\"Framtidens Karri\u00e4r \u2013 Grundskolel\u00e4rare\",\"description\":\"Just another NMDashboard.se Sites site\",\"potentialAction\":[{\"@type\":\"SearchAction\",\"target\":{\"@type\":\"EntryPoint\",\"urlTemplate\":\"https:\\\/\\\/lararkarriar.se\\\/grundskola\\\/?s={search_term_string}\"},\"query-input\":{\"@type\":\"PropertyValueSpecification\",\"valueRequired\":true,\"valueName\":\"search_term_string\"}}],\"inLanguage\":\"sv-SE\"},{\"@type\":\"Person\",\"@id\":\"https:\\\/\\\/lararkarriar.se\\\/grundskola\\\/#\\\/schema\\\/person\\\/c8a43eb855191e573b73ecf8987a3b99\",\"name\":\"stellanstal\",\"image\":{\"@type\":\"ImageObject\",\"inLanguage\":\"sv-SE\",\"@id\":\"https:\\\/\\\/secure.gravatar.com\\\/avatar\\\/cd330fa6bb17f598124b2068ee0b189e4fe0987a50af9d53b78410836060d0c9?s=96&d=mm&r=g\",\"url\":\"https:\\\/\\\/secure.gravatar.com\\\/avatar\\\/cd330fa6bb17f598124b2068ee0b189e4fe0987a50af9d53b78410836060d0c9?s=96&d=mm&r=g\",\"contentUrl\":\"https:\\\/\\\/secure.gravatar.com\\\/avatar\\\/cd330fa6bb17f598124b2068ee0b189e4fe0987a50af9d53b78410836060d0c9?s=96&d=mm&r=g\",\"caption\":\"stellanstal\"},\"url\":\"https:\\\/\\\/lararkarriar.se\\\/grundskola\\\/author\\\/stellanstal\\\/\"}]}<\/script>\n<!-- \/ Yoast SEO plugin. -->","yoast_head_json":{"title":"S\u00e5gad skola hyllas - Framtidens Karri\u00e4r \u2013 Grundskolel\u00e4rare","robots":{"index":"index","follow":"follow","max-snippet":"max-snippet:-1","max-image-preview":"max-image-preview:large","max-video-preview":"max-video-preview:-1"},"canonical":"https:\/\/lararkarriar.se\/grundskola\/2022\/10\/04\/sagad-skola-hyllas\/","og_locale":"sv_SE","og_type":"article","og_title":"S\u00e5gad skola hyllas - Framtidens Karri\u00e4r \u2013 Grundskolel\u00e4rare","og_description":"P\u00e5 sex \u00e5r gick Vis\u00e4ttraskolan fr\u00e5n kritiserad till hyllad. F\u00f6rr flydde eleverna \u2013 nu \u00e4r det h\u00f6gt skoltryck.","og_url":"https:\/\/lararkarriar.se\/grundskola\/2022\/10\/04\/sagad-skola-hyllas\/","og_site_name":"Framtidens Karri\u00e4r \u2013 Grundskolel\u00e4rare","article_published_time":"2022-10-04T11:13:58+00:00","article_modified_time":"2022-10-05T07:16:01+00:00","og_image":[{"width":1000,"height":675,"url":"https:\/\/lararkarriar.se\/grundskola\/wp-content\/uploads\/sites\/12\/2022\/10\/sagad-semira2.jpg","type":"image\/jpeg"}],"author":"stellanstal","twitter_card":"summary_large_image","twitter_misc":{"Skriven av":"stellanstal","Ber\u00e4knad l\u00e4stid":"3 minuter"},"schema":{"@context":"https:\/\/schema.org","@graph":[{"@type":"Article","@id":"https:\/\/lararkarriar.se\/grundskola\/2022\/10\/04\/sagad-skola-hyllas\/#article","isPartOf":{"@id":"https:\/\/lararkarriar.se\/grundskola\/2022\/10\/04\/sagad-skola-hyllas\/"},"author":{"name":"stellanstal","@id":"https:\/\/lararkarriar.se\/grundskola\/#\/schema\/person\/c8a43eb855191e573b73ecf8987a3b99"},"headline":"S\u00e5gad skola hyllas","datePublished":"2022-10-04T11:13:58+00:00","dateModified":"2022-10-05T07:16:01+00:00","mainEntityOfPage":{"@id":"https:\/\/lararkarriar.se\/grundskola\/2022\/10\/04\/sagad-skola-hyllas\/"},"wordCount":543,"commentCount":0,"image":{"@id":"https:\/\/lararkarriar.se\/grundskola\/2022\/10\/04\/sagad-skola-hyllas\/#primaryimage"},"thumbnailUrl":"https:\/\/lararkarriar.se\/grundskola\/wp-content\/uploads\/sites\/12\/2022\/10\/sagad-semira2.jpg","keywords":["\u00c5rets rektor 2020","F\u00f6r\u00e4ndringsarbete","Huddinge kommun","Stora skolledarpriset 2020"],"articleSection":["Artikel"],"inLanguage":"sv-SE","potentialAction":[{"@type":"CommentAction","name":"Comment","target":["https:\/\/lararkarriar.se\/grundskola\/2022\/10\/04\/sagad-skola-hyllas\/#respond"]}]},{"@type":"WebPage","@id":"https:\/\/lararkarriar.se\/grundskola\/2022\/10\/04\/sagad-skola-hyllas\/","url":"https:\/\/lararkarriar.se\/grundskola\/2022\/10\/04\/sagad-skola-hyllas\/","name":"S\u00e5gad skola hyllas - Framtidens Karri\u00e4r \u2013 Grundskolel\u00e4rare","isPartOf":{"@id":"https:\/\/lararkarriar.se\/grundskola\/#website"},"primaryImageOfPage":{"@id":"https:\/\/lararkarriar.se\/grundskola\/2022\/10\/04\/sagad-skola-hyllas\/#primaryimage"},"image":{"@id":"https:\/\/lararkarriar.se\/grundskola\/2022\/10\/04\/sagad-skola-hyllas\/#primaryimage"},"thumbnailUrl":"https:\/\/lararkarriar.se\/grundskola\/wp-content\/uploads\/sites\/12\/2022\/10\/sagad-semira2.jpg","datePublished":"2022-10-04T11:13:58+00:00","dateModified":"2022-10-05T07:16:01+00:00","author":{"@id":"https:\/\/lararkarriar.se\/grundskola\/#\/schema\/person\/c8a43eb855191e573b73ecf8987a3b99"},"breadcrumb":{"@id":"https:\/\/lararkarriar.se\/grundskola\/2022\/10\/04\/sagad-skola-hyllas\/#breadcrumb"},"inLanguage":"sv-SE","potentialAction":[{"@type":"ReadAction","target":["https:\/\/lararkarriar.se\/grundskola\/2022\/10\/04\/sagad-skola-hyllas\/"]}]},{"@type":"ImageObject","inLanguage":"sv-SE","@id":"https:\/\/lararkarriar.se\/grundskola\/2022\/10\/04\/sagad-skola-hyllas\/#primaryimage","url":"https:\/\/lararkarriar.se\/grundskola\/wp-content\/uploads\/sites\/12\/2022\/10\/sagad-semira2.jpg","contentUrl":"https:\/\/lararkarriar.se\/grundskola\/wp-content\/uploads\/sites\/12\/2022\/10\/sagad-semira2.jpg","width":1000,"height":675},{"@type":"BreadcrumbList","@id":"https:\/\/lararkarriar.se\/grundskola\/2022\/10\/04\/sagad-skola-hyllas\/#breadcrumb","itemListElement":[{"@type":"ListItem","position":1,"name":"Home","item":"https:\/\/lararkarriar.se\/grundskola\/"},{"@type":"ListItem","position":2,"name":"S\u00e5gad skola hyllas"}]},{"@type":"WebSite","@id":"https:\/\/lararkarriar.se\/grundskola\/#website","url":"https:\/\/lararkarriar.se\/grundskola\/","name":"Framtidens Karri\u00e4r \u2013 Grundskolel\u00e4rare","description":"Just another NMDashboard.se Sites site","potentialAction":[{"@type":"SearchAction","target":{"@type":"EntryPoint","urlTemplate":"https:\/\/lararkarriar.se\/grundskola\/?s={search_term_string}"},"query-input":{"@type":"PropertyValueSpecification","valueRequired":true,"valueName":"search_term_string"}}],"inLanguage":"sv-SE"},{"@type":"Person","@id":"https:\/\/lararkarriar.se\/grundskola\/#\/schema\/person\/c8a43eb855191e573b73ecf8987a3b99","name":"stellanstal","image":{"@type":"ImageObject","inLanguage":"sv-SE","@id":"https:\/\/secure.gravatar.com\/avatar\/cd330fa6bb17f598124b2068ee0b189e4fe0987a50af9d53b78410836060d0c9?s=96&d=mm&r=g","url":"https:\/\/secure.gravatar.com\/avatar\/cd330fa6bb17f598124b2068ee0b189e4fe0987a50af9d53b78410836060d0c9?s=96&d=mm&r=g","contentUrl":"https:\/\/secure.gravatar.com\/avatar\/cd330fa6bb17f598124b2068ee0b189e4fe0987a50af9d53b78410836060d0c9?s=96&d=mm&r=g","caption":"stellanstal"},"url":"https:\/\/lararkarriar.se\/grundskola\/author\/stellanstal\/"}]}},"_links":{"self":[{"href":"https:\/\/lararkarriar.se\/grundskola\/wp-json\/wp\/v2\/posts\/7818","targetHints":{"allow":["GET"]}}],"collection":[{"href":"https:\/\/lararkarriar.se\/grundskola\/wp-json\/wp\/v2\/posts"}],"about":[{"href":"https:\/\/lararkarriar.se\/grundskola\/wp-json\/wp\/v2\/types\/post"}],"author":[{"embeddable":true,"href":"https:\/\/lararkarriar.se\/grundskola\/wp-json\/wp\/v2\/users\/3"}],"replies":[{"embeddable":true,"href":"https:\/\/lararkarriar.se\/grundskola\/wp-json\/wp\/v2\/comments?post=7818"}],"version-history":[{"count":4,"href":"https:\/\/lararkarriar.se\/grundskola\/wp-json\/wp\/v2\/posts\/7818\/revisions"}],"predecessor-version":[{"id":7983,"href":"https:\/\/lararkarriar.se\/grundskola\/wp-json\/wp\/v2\/posts\/7818\/revisions\/7983"}],"wp:featuredmedia":[{"embeddable":true,"href":"https:\/\/lararkarriar.se\/grundskola\/wp-json\/wp\/v2\/media\/7819"}],"wp:attachment":[{"href":"https:\/\/lararkarriar.se\/grundskola\/wp-json\/wp\/v2\/media?parent=7818"}],"wp:term":[{"taxonomy":"category","embeddable":true,"href":"https:\/\/lararkarriar.se\/grundskola\/wp-json\/wp\/v2\/categories?post=7818"},{"taxonomy":"post_tag","embeddable":true,"href":"https:\/\/lararkarriar.se\/grundskola\/wp-json\/wp\/v2\/tags?post=7818"}],"curies":[{"name":"wp","href":"https:\/\/api.w.org\/{rel}","templated":true}]}}