{"id":7828,"date":"2022-10-04T11:23:37","date_gmt":"2022-10-04T11:23:37","guid":{"rendered":"https:\/\/lararkarriar.se\/grundskola\/?p=7828"},"modified":"2023-02-16T10:18:37","modified_gmt":"2023-02-16T10:18:37","slug":"med-eleverna-i-fokus-tillsammans-tar-vi-ett-steg-till","status":"publish","type":"post","link":"https:\/\/lararkarriar.se\/grundskola\/2022\/10\/04\/med-eleverna-i-fokus-tillsammans-tar-vi-ett-steg-till\/","title":{"rendered":"Med eleverna i fokus \u2013 Tillsammans tar vi ett steg till"},"content":{"rendered":"\n<figure class=\"wp-block-image size-full\"><img loading=\"lazy\" decoding=\"async\" width=\"1000\" height=\"602\" src=\"https:\/\/lararkarriar.se\/grundskola\/wp-content\/uploads\/sites\/12\/2022\/10\/motala1.jpg\" alt=\"Madeleine Karlsson, verksamhetschef grundskola, Cecilia Cassenius, utvecklingschef, Ann Oswaldson, utvecklingsledare p\u00e5 Bildningsf\u00f6rvaltningen, Daniel Rask, rektor f\u00f6r Zederslundsskolan och Johan Sandqvist, utvecklingsl\u00e4rare i Motala kommun. Foto: \u00c5ke Karlsson\" class=\"wp-image-7835\" srcset=\"https:\/\/lararkarriar.se\/grundskola\/wp-content\/uploads\/sites\/12\/2022\/10\/motala1.jpg 1000w, https:\/\/lararkarriar.se\/grundskola\/wp-content\/uploads\/sites\/12\/2022\/10\/motala1-300x181.jpg 300w, https:\/\/lararkarriar.se\/grundskola\/wp-content\/uploads\/sites\/12\/2022\/10\/motala1-768x462.jpg 768w, https:\/\/lararkarriar.se\/grundskola\/wp-content\/uploads\/sites\/12\/2022\/10\/motala1-266x160.jpg 266w, https:\/\/lararkarriar.se\/grundskola\/wp-content\/uploads\/sites\/12\/2022\/10\/motala1-526x317.jpg 526w, https:\/\/lararkarriar.se\/grundskola\/wp-content\/uploads\/sites\/12\/2022\/10\/motala1-720x433.jpg 720w, https:\/\/lararkarriar.se\/grundskola\/wp-content\/uploads\/sites\/12\/2022\/10\/motala1-960x578.jpg 960w\" sizes=\"auto, (max-width: 1000px) 100vw, 1000px\" \/><figcaption class=\"wp-element-caption\">Madeleine Karlsson, verksamhetschef grundskola, Cecilia Cassenius, utvecklingschef, Ann Oswaldson, utvecklingsledare p\u00e5 Bildningsf\u00f6rvaltningen, Daniel Rask, rektor f\u00f6r Zederslundsskolan och Johan Sandqvist, utvecklingsl\u00e4rare i Motala kommun. Foto: \u00c5ke Karlsson<\/figcaption><\/figure>\n\n\n\n<p><strong>Genom ett systematiskt kvalitetsarbete pr\u00e4glat av delaktighet, gemensamma m\u00e5l samt v\u00e4lfungerande st\u00f6dfunktioner siktar Bildningsf\u00f6rvaltningen i Motala h\u00f6gt. F\u00f6rvaltningens samtliga niv\u00e5er arbetar tillsammans f\u00f6r att \u00f6ka elevernas m\u00e5luppfyllelse.<\/strong><\/p>\n\n\n\n<p>Kommunens utvecklingsarbete grundar sig p\u00e5 de analyser som varje skolenhet g\u00f6r. Utifr\u00e5n analysen tas sedan en utvecklingsplan med tydliga m\u00e5l fram f\u00f6r respektive enhet.<br>I analysen bed\u00f6ms kvaliteten i f\u00f6rh\u00e5llande till de nationella m\u00e5len. \u00c4ven faktorer som har p\u00e5verkat m\u00e5luppfyllelsen och som \u00e4r utg\u00e5ngspunkt f\u00f6r framtida utvecklingsarbeten identifieras.<br>\u2013 Vi har gemensamma strukturer f\u00f6r det systematiska kvalitetsarbetet som f\u00f6renar samtliga verksamhetsomr\u00e5den. Det \u00e4r en styrka. Att utvecklingsplanerna \u00e4r v\u00e4l f\u00f6rankrade p\u00e5 skolenheterna och en del av det arbete som sker \u00e4r oerh\u00f6rt viktigt. Det finns m\u00e5nga goda exempel, s\u00e4ger Cecilia Cassenius, utvecklingschef p\u00e5 Motala kommun.<br>Ett viktigt verktyg \u00e4r dialogen som sker inom och mellan niv\u00e5erna i st\u00f6dkedjan.<br>\u2013 Vi har \u00e5terkommande utvecklingsdialoger med skolenheternas rektorer och ett urval av medarbetarna. Syftet \u00e4r att identifiera styrkor och utmaningar i utbildningen. B\u00e5de ur den enskilda enhetens perspektiv och hela verksamhetsomr\u00e5det. F\u00f6r mig som verksamhetschef \u00e4r det viktigt att dialogen \u00e4r tillitsfull och att vi tillsammans \u00e4ger resultaten, s\u00e4ger Madeleine Karlsson.<\/p>\n\n\n\n<p class=\"has-color-white-01-color has-text-color has-background\" style=\"background-color:#00404e\"><strong><a href=\"https:\/\/www.motala.se\/kommun-och-politik\/arbeta-motala-kommun\/lediga-jobb-i-kommunen\/jobb\/?guid=0A52CF20-E456-4D34-89CD-41B8726E9402\" title=\"Motala kommun VT23 pres jobb ans\u00f6k\" target=\"_blank\" rel=\"noreferrer noopener\">Vi s\u00f6ker utvecklingsl\u00e4rare till Motala kommun. <span style=\"text-decoration: underline;\">Klicka h\u00e4r f\u00f6r mer information och ans\u00f6k<\/span><\/a><\/strong><\/p>\n\n\n\n<p><strong>Tillsammansarbete<\/strong><br>Daniel Rask \u00e4r rektor f\u00f6r Zederslundsskolan i Motala kommun och har p\u00e5 n\u00e4ra h\u00e5ll f\u00f6ljt Bildningsf\u00f6rvaltningens f\u00f6r\u00e4ndrade arbetss\u00e4tt.<br>\u2013 Det \u00e4r en klar skillnad idag j\u00e4mf\u00f6rt med hur det fungerade tidigare. De analyser som genomf\u00f6rs p\u00e5 enhetsniv\u00e5 ligger till grund f\u00f6r f\u00f6rvaltningens \u00f6vergripande analys. P\u00e5 det s\u00e4ttet s\u00e4kerst\u00e4lls en likv\u00e4rdig f\u00f6rdelning av resurser och st\u00f6dinsatser. Vi har \u00e4ven blivit b\u00e4ttre p\u00e5 att lyfta fram det vi kan p\u00e5verka och fastnar inte i resursfr\u00e5gan. Ist\u00e4llet g\u00f6r vi det b\u00e4sta av de f\u00f6ruts\u00e4ttningar vi har, s\u00e4ger han.<br>Han menar att skolenheterna och f\u00f6rvaltningen krokar arm p\u00e5 ett bra s\u00e4tt. Att de jobbar gemensamt mot samma m\u00e5l f\u00e5r flera positiva effekter.<br>\u2013 Jag som rektor ser att likv\u00e4rdigheten \u00f6kar med de st\u00f6djande strukturer som f\u00f6rvaltningen m\u00f6jligg\u00f6r, oavsett skolenhetens storlek eller geografiska placering. Det underl\u00e4ttar ocks\u00e5 f\u00f6r oss rektorer n\u00e4r vi ska rekrytera ny personal. Likv\u00e4rdigheten i strukturerna och tillg\u00e5ngen till st\u00f6d g\u00f6r att skillnaderna minskar f\u00f6r kommunens l\u00e4rare, s\u00e4ger Daniel Rask.<br>\u00c4ven Ann Oswaldson, utvecklingsledare p\u00e5 Bildningsf\u00f6rvaltningen, betonar vikten av en god dialog mellan f\u00f6rvaltning och skolenheter.<br>\u2013 Som utvecklingsledare \u00e4r jag en del av st\u00f6dkedjan. Det finns en naturlig dialog i kvalitetsarbetet mellan f\u00f6rvaltning och skolenheter. Det leder till en gemensam syn p\u00e5 arbetet med elevernas \u00f6kade m\u00e5luppfyllelse, s\u00e4ger hon.<\/p>\n\n\n\n<p><strong>Utvecklingsl\u00e4rare<\/strong><br>En viktig pusselbit i arbetet \u00e4r den nyinr\u00e4ttade tj\u00e4nsten utvecklingsl\u00e4rare.<br>\u2013 Kvaliteten i undervisningen \u00e4r avg\u00f6rande f\u00f6r m\u00e5luppfyllelsen. Syftet med tj\u00e4nsten \u00e4r att st\u00f6tta skolenheternas utvecklingsarbete med insatser som \u00e4r undervisningsn\u00e4ra. Fr\u00e5n f\u00f6rvaltningens sida riktas insatser till omr\u00e5den d\u00e4r behov finns. N\u00e4r insatserna \u00e4r f\u00f6rankrade hos skolenheten skapas f\u00f6ruts\u00e4ttningar f\u00f6r att insatserna ger \u00f6nskad effekt, f\u00f6rklarar Madeleine Karlsson.<br>En av de som har b\u00f6rjat arbeta som utvecklingsl\u00e4rare i kommunen \u00e4r Johan Sandqvist. Han s\u00f6kte tj\u00e4nsten eftersom han tilltalades av m\u00f6jligheten att f\u00e5 g\u00f6ra skillnad.<br>\u2013 Jag jobbade tidigare som f\u00f6rstel\u00e4rare p\u00e5 en skola och lockades av m\u00f6jligheten att f\u00e5 delta i utvecklingsarbetet p\u00e5 olika skolor i kommunen. Att genom lyh\u00f6rdhet och \u00f6dmjukhet f\u00e5 st\u00f6dja verksamheterna k\u00e4nns fantastiskt. Jag gillar \u00e4ven att det skapar f\u00f6ruts\u00e4ttningar f\u00f6r en likv\u00e4rdig skola i hela kommunen, att f\u00f6rvaltningens resurser s\u00e4tts in d\u00e4r behoven finns, s\u00e4ger han.<br>En central arbetsuppgift f\u00f6r utvecklingsl\u00e4raren \u00e4r att tillsammans med rektorer och l\u00e4rare driva utvecklingsinsatser p\u00e5 skolor f\u00f6r att \u00f6ka elevernas m\u00e5luppfyllelse. I uppdraget ing\u00e5r \u00e4ven att bidra till kompetensutveckling f\u00f6r grundskolans verksamhetsomr\u00e5de.<br>\u2013 I rollen som utvecklingsl\u00e4rare \u00e4r uppdraget att tillsammans med l\u00e4rare och rektor skapa h\u00e5llbara strukturer och processer som vid avslutad insats \u00e4gs och finns kvar p\u00e5 enheten. Utvecklingsl\u00e4rarens uppdrag \u00e4r p\u00e5 s\u00e5 vis en m\u00f6jligg\u00f6rare f\u00f6r utvecklingsarbetet p\u00e5 enheten, konstaterar Cecilia Cassenius.<\/p>\n\n\n\n<p class=\"has-color-white-01-color has-text-color has-background\" style=\"background-color:#00404e\"><strong><a href=\"https:\/\/www.motala.se\/kommun-och-politik\/arbeta-motala-kommun\/lediga-jobb-i-kommunen\/jobb\/?guid=0A52CF20-E456-4D34-89CD-41B8726E9402\" title=\"Motala kommun VT23 pres jobb ans\u00f6k\" target=\"_blank\" rel=\"noreferrer noopener\">Vi s\u00f6ker utvecklingsl\u00e4rare till Motala kommun. <span style=\"text-decoration: underline;\">Klicka h\u00e4r f\u00f6r mer information och ans\u00f6k<\/span><\/a><\/strong><\/p>\n\n\n\n<div class=\"wp-block-group faktaruta\"><div class=\"wp-block-group__inner-container is-layout-flow wp-block-group-is-layout-flow\">\n<h6 class=\"wp-block-heading\">Motala kommun<\/h6>\n\n\n\n<p>Summering av det b\u00e4sta att arbeta i Motala kommun:<br>Lyh\u00f6rdhet och h\u00f6g kompetens p\u00e5 samtliga niv\u00e5er. Lagom stor kommun med en r\u00f6d tr\u00e5d i hela st\u00f6dkedjan. Eleven i fokus i alla insatser p\u00e5 alla niv\u00e5er. \u201cTillsammans tar vi ett steg till!\u201d.<\/p>\n\n\n\n<p><strong>Motala kommun, \u00d6sterg\u00f6tlands Sj\u00f6stad<\/strong><br><strong>Antal inv\u00e5nare:<\/strong> cirka 43 600 stycken<br><strong>Antal grundskolor:<\/strong> 21 stycken<br><br>Vill du veta mer om Motala kommun och hur det \u00e4r att arbeta inom Bildningsf\u00f6rvaltningen? H\u00f6r av dig till oss!<br><em><a href=\"mailto:utvecklingsenheten.bildningsforvaltningen@motala.se\" title=\"Motala kommun HT22 pres mail\" target=\"_blank\" rel=\"noreferrer noopener\">utvecklingsenheten.bildningsforvaltningen@motala.se<\/a><\/em><br><br><strong><a href=\"https:\/\/www.motala.se\/skola-och-forskola\/\" title=\"Motala kommun HT22 pres textlink\" target=\"_blank\" rel=\"noreferrer noopener\">www.motala.se<\/a><\/strong><br><br><a href=\"https:\/\/www.motala.se\/skola-och-forskola\/\" title=\"Motala kommun HT22 pres logotype\" target=\"_blank\" rel=\"noreferrer noopener\"><img loading=\"lazy\" decoding=\"async\" width=\"150\" height=\"82\" class=\"wp-image-7832\" style=\"width: 150px;\" src=\"https:\/\/lararkarriar.se\/grundskola\/wp-content\/uploads\/sites\/12\/2022\/10\/motala-kommun.png\" alt=\"\" srcset=\"https:\/\/lararkarriar.se\/grundskola\/wp-content\/uploads\/sites\/12\/2022\/10\/motala-kommun.png 750w, https:\/\/lararkarriar.se\/grundskola\/wp-content\/uploads\/sites\/12\/2022\/10\/motala-kommun-300x164.png 300w, https:\/\/lararkarriar.se\/grundskola\/wp-content\/uploads\/sites\/12\/2022\/10\/motala-kommun-293x160.png 293w, https:\/\/lararkarriar.se\/grundskola\/wp-content\/uploads\/sites\/12\/2022\/10\/motala-kommun-80x45.png 80w, https:\/\/lararkarriar.se\/grundskola\/wp-content\/uploads\/sites\/12\/2022\/10\/motala-kommun-526x288.png 526w, https:\/\/lararkarriar.se\/grundskola\/wp-content\/uploads\/sites\/12\/2022\/10\/motala-kommun-720x394.png 720w, https:\/\/lararkarriar.se\/grundskola\/wp-content\/uploads\/sites\/12\/2022\/10\/motala-kommun-672x372.png 672w\" sizes=\"auto, (max-width: 150px) 100vw, 150px\" \/><\/a><\/p>\n<\/div><\/div>\n","protected":false},"excerpt":{"rendered":"<p>Vi arbetar tillsammans f\u00f6r att \u00f6ka elevernas m\u00e5luppfyllelse.<\/p>\n","protected":false},"author":2,"featured_media":7835,"comment_status":"open","ping_status":"open","sticky":false,"template":"","format":"standard","meta":{"_acf_changed":false,"_monsterinsights_skip_tracking":false,"_monsterinsights_sitenote_active":false,"_monsterinsights_sitenote_note":"","_monsterinsights_sitenote_category":0,"footnotes":""},"categories":[7],"tags":[256],"class_list":["post-7828","post","type-post","status-publish","format-standard","has-post-thumbnail","hentry","category-presentation","tag-motala-kommun"],"acf":[],"yoast_head":"<!-- This site is optimized with the Yoast SEO plugin v27.3 - https:\/\/yoast.com\/product\/yoast-seo-wordpress\/ -->\n<title>Med eleverna i fokus \u2013 Tillsammans tar vi ett steg till - Framtidens Karri\u00e4r \u2013 Grundskolel\u00e4rare<\/title>\n<meta name=\"robots\" content=\"index, follow, max-snippet:-1, max-image-preview:large, max-video-preview:-1\" \/>\n<link rel=\"canonical\" href=\"https:\/\/lararkarriar.se\/grundskola\/2022\/10\/04\/med-eleverna-i-fokus-tillsammans-tar-vi-ett-steg-till\/\" \/>\n<meta property=\"og:locale\" content=\"sv_SE\" \/>\n<meta property=\"og:type\" content=\"article\" \/>\n<meta property=\"og:title\" content=\"Med eleverna i fokus \u2013 Tillsammans tar vi ett steg till - Framtidens Karri\u00e4r \u2013 Grundskolel\u00e4rare\" \/>\n<meta property=\"og:description\" content=\"Vi arbetar tillsammans f\u00f6r att \u00f6ka elevernas m\u00e5luppfyllelse.\" \/>\n<meta property=\"og:url\" content=\"https:\/\/lararkarriar.se\/grundskola\/2022\/10\/04\/med-eleverna-i-fokus-tillsammans-tar-vi-ett-steg-till\/\" \/>\n<meta property=\"og:site_name\" content=\"Framtidens Karri\u00e4r \u2013 Grundskolel\u00e4rare\" \/>\n<meta property=\"article:published_time\" content=\"2022-10-04T11:23:37+00:00\" \/>\n<meta property=\"article:modified_time\" content=\"2023-02-16T10:18:37+00:00\" \/>\n<meta property=\"og:image\" content=\"https:\/\/lararkarriar.se\/grundskola\/wp-content\/uploads\/sites\/12\/2022\/10\/motala1.jpg\" \/>\n\t<meta property=\"og:image:width\" content=\"1000\" \/>\n\t<meta property=\"og:image:height\" content=\"602\" \/>\n\t<meta property=\"og:image:type\" content=\"image\/jpeg\" \/>\n<meta name=\"author\" content=\"viktorwallen\" \/>\n<meta name=\"twitter:card\" content=\"summary_large_image\" \/>\n<meta name=\"twitter:label1\" content=\"Skriven av\" \/>\n\t<meta name=\"twitter:data1\" content=\"viktorwallen\" \/>\n\t<meta name=\"twitter:label2\" content=\"Ber\u00e4knad l\u00e4stid\" \/>\n\t<meta name=\"twitter:data2\" content=\"5 minuter\" \/>\n<script type=\"application\/ld+json\" class=\"yoast-schema-graph\">{\"@context\":\"https:\\\/\\\/schema.org\",\"@graph\":[{\"@type\":\"Article\",\"@id\":\"https:\\\/\\\/lararkarriar.se\\\/grundskola\\\/2022\\\/10\\\/04\\\/med-eleverna-i-fokus-tillsammans-tar-vi-ett-steg-till\\\/#article\",\"isPartOf\":{\"@id\":\"https:\\\/\\\/lararkarriar.se\\\/grundskola\\\/2022\\\/10\\\/04\\\/med-eleverna-i-fokus-tillsammans-tar-vi-ett-steg-till\\\/\"},\"author\":{\"name\":\"viktorwallen\",\"@id\":\"https:\\\/\\\/lararkarriar.se\\\/grundskola\\\/#\\\/schema\\\/person\\\/2a13a849ec7646386c2211f59afe3083\"},\"headline\":\"Med eleverna i fokus \u2013 Tillsammans tar vi ett steg till\",\"datePublished\":\"2022-10-04T11:23:37+00:00\",\"dateModified\":\"2023-02-16T10:18:37+00:00\",\"mainEntityOfPage\":{\"@id\":\"https:\\\/\\\/lararkarriar.se\\\/grundskola\\\/2022\\\/10\\\/04\\\/med-eleverna-i-fokus-tillsammans-tar-vi-ett-steg-till\\\/\"},\"wordCount\":918,\"commentCount\":0,\"image\":{\"@id\":\"https:\\\/\\\/lararkarriar.se\\\/grundskola\\\/2022\\\/10\\\/04\\\/med-eleverna-i-fokus-tillsammans-tar-vi-ett-steg-till\\\/#primaryimage\"},\"thumbnailUrl\":\"https:\\\/\\\/lararkarriar.se\\\/grundskola\\\/wp-content\\\/uploads\\\/sites\\\/12\\\/2022\\\/10\\\/motala1.jpg\",\"keywords\":[\"Motala kommun\"],\"articleSection\":[\"Presentation\"],\"inLanguage\":\"sv-SE\",\"potentialAction\":[{\"@type\":\"CommentAction\",\"name\":\"Comment\",\"target\":[\"https:\\\/\\\/lararkarriar.se\\\/grundskola\\\/2022\\\/10\\\/04\\\/med-eleverna-i-fokus-tillsammans-tar-vi-ett-steg-till\\\/#respond\"]}]},{\"@type\":\"WebPage\",\"@id\":\"https:\\\/\\\/lararkarriar.se\\\/grundskola\\\/2022\\\/10\\\/04\\\/med-eleverna-i-fokus-tillsammans-tar-vi-ett-steg-till\\\/\",\"url\":\"https:\\\/\\\/lararkarriar.se\\\/grundskola\\\/2022\\\/10\\\/04\\\/med-eleverna-i-fokus-tillsammans-tar-vi-ett-steg-till\\\/\",\"name\":\"Med eleverna i fokus \u2013 Tillsammans tar vi ett steg till - Framtidens Karri\u00e4r \u2013 Grundskolel\u00e4rare\",\"isPartOf\":{\"@id\":\"https:\\\/\\\/lararkarriar.se\\\/grundskola\\\/#website\"},\"primaryImageOfPage\":{\"@id\":\"https:\\\/\\\/lararkarriar.se\\\/grundskola\\\/2022\\\/10\\\/04\\\/med-eleverna-i-fokus-tillsammans-tar-vi-ett-steg-till\\\/#primaryimage\"},\"image\":{\"@id\":\"https:\\\/\\\/lararkarriar.se\\\/grundskola\\\/2022\\\/10\\\/04\\\/med-eleverna-i-fokus-tillsammans-tar-vi-ett-steg-till\\\/#primaryimage\"},\"thumbnailUrl\":\"https:\\\/\\\/lararkarriar.se\\\/grundskola\\\/wp-content\\\/uploads\\\/sites\\\/12\\\/2022\\\/10\\\/motala1.jpg\",\"datePublished\":\"2022-10-04T11:23:37+00:00\",\"dateModified\":\"2023-02-16T10:18:37+00:00\",\"author\":{\"@id\":\"https:\\\/\\\/lararkarriar.se\\\/grundskola\\\/#\\\/schema\\\/person\\\/2a13a849ec7646386c2211f59afe3083\"},\"breadcrumb\":{\"@id\":\"https:\\\/\\\/lararkarriar.se\\\/grundskola\\\/2022\\\/10\\\/04\\\/med-eleverna-i-fokus-tillsammans-tar-vi-ett-steg-till\\\/#breadcrumb\"},\"inLanguage\":\"sv-SE\",\"potentialAction\":[{\"@type\":\"ReadAction\",\"target\":[\"https:\\\/\\\/lararkarriar.se\\\/grundskola\\\/2022\\\/10\\\/04\\\/med-eleverna-i-fokus-tillsammans-tar-vi-ett-steg-till\\\/\"]}]},{\"@type\":\"ImageObject\",\"inLanguage\":\"sv-SE\",\"@id\":\"https:\\\/\\\/lararkarriar.se\\\/grundskola\\\/2022\\\/10\\\/04\\\/med-eleverna-i-fokus-tillsammans-tar-vi-ett-steg-till\\\/#primaryimage\",\"url\":\"https:\\\/\\\/lararkarriar.se\\\/grundskola\\\/wp-content\\\/uploads\\\/sites\\\/12\\\/2022\\\/10\\\/motala1.jpg\",\"contentUrl\":\"https:\\\/\\\/lararkarriar.se\\\/grundskola\\\/wp-content\\\/uploads\\\/sites\\\/12\\\/2022\\\/10\\\/motala1.jpg\",\"width\":1000,\"height\":602,\"caption\":\"Madeleine Karlsson, verksamhetschef grundskola, Cecilia Cassenius, utvecklingschef, Ann Oswaldson, utvecklingsledare p\u00e5 Bildningsf\u00f6rvaltningen, Daniel Rask, rektor f\u00f6r Zederslundsskolan och Johan Sandqvist, utvecklingsl\u00e4rare i Motala kommun. Foto: \u00c5ke Karlsson\"},{\"@type\":\"BreadcrumbList\",\"@id\":\"https:\\\/\\\/lararkarriar.se\\\/grundskola\\\/2022\\\/10\\\/04\\\/med-eleverna-i-fokus-tillsammans-tar-vi-ett-steg-till\\\/#breadcrumb\",\"itemListElement\":[{\"@type\":\"ListItem\",\"position\":1,\"name\":\"Home\",\"item\":\"https:\\\/\\\/lararkarriar.se\\\/grundskola\\\/\"},{\"@type\":\"ListItem\",\"position\":2,\"name\":\"Med eleverna i fokus \u2013 Tillsammans tar vi ett steg till\"}]},{\"@type\":\"WebSite\",\"@id\":\"https:\\\/\\\/lararkarriar.se\\\/grundskola\\\/#website\",\"url\":\"https:\\\/\\\/lararkarriar.se\\\/grundskola\\\/\",\"name\":\"Framtidens Karri\u00e4r \u2013 Grundskolel\u00e4rare\",\"description\":\"Just another NMDashboard.se Sites site\",\"potentialAction\":[{\"@type\":\"SearchAction\",\"target\":{\"@type\":\"EntryPoint\",\"urlTemplate\":\"https:\\\/\\\/lararkarriar.se\\\/grundskola\\\/?s={search_term_string}\"},\"query-input\":{\"@type\":\"PropertyValueSpecification\",\"valueRequired\":true,\"valueName\":\"search_term_string\"}}],\"inLanguage\":\"sv-SE\"},{\"@type\":\"Person\",\"@id\":\"https:\\\/\\\/lararkarriar.se\\\/grundskola\\\/#\\\/schema\\\/person\\\/2a13a849ec7646386c2211f59afe3083\",\"name\":\"viktorwallen\",\"image\":{\"@type\":\"ImageObject\",\"inLanguage\":\"sv-SE\",\"@id\":\"https:\\\/\\\/secure.gravatar.com\\\/avatar\\\/701701bd36169636031933997c8c6b954f2f635bbb7cd4802e4a007f9c9f4e59?s=96&d=mm&r=g\",\"url\":\"https:\\\/\\\/secure.gravatar.com\\\/avatar\\\/701701bd36169636031933997c8c6b954f2f635bbb7cd4802e4a007f9c9f4e59?s=96&d=mm&r=g\",\"contentUrl\":\"https:\\\/\\\/secure.gravatar.com\\\/avatar\\\/701701bd36169636031933997c8c6b954f2f635bbb7cd4802e4a007f9c9f4e59?s=96&d=mm&r=g\",\"caption\":\"viktorwallen\"},\"url\":\"https:\\\/\\\/lararkarriar.se\\\/grundskola\\\/author\\\/viktorwallen\\\/\"}]}<\/script>\n<!-- \/ Yoast SEO plugin. -->","yoast_head_json":{"title":"Med eleverna i fokus \u2013 Tillsammans tar vi ett steg till - Framtidens Karri\u00e4r \u2013 Grundskolel\u00e4rare","robots":{"index":"index","follow":"follow","max-snippet":"max-snippet:-1","max-image-preview":"max-image-preview:large","max-video-preview":"max-video-preview:-1"},"canonical":"https:\/\/lararkarriar.se\/grundskola\/2022\/10\/04\/med-eleverna-i-fokus-tillsammans-tar-vi-ett-steg-till\/","og_locale":"sv_SE","og_type":"article","og_title":"Med eleverna i fokus \u2013 Tillsammans tar vi ett steg till - Framtidens Karri\u00e4r \u2013 Grundskolel\u00e4rare","og_description":"Vi arbetar tillsammans f\u00f6r att \u00f6ka elevernas m\u00e5luppfyllelse.","og_url":"https:\/\/lararkarriar.se\/grundskola\/2022\/10\/04\/med-eleverna-i-fokus-tillsammans-tar-vi-ett-steg-till\/","og_site_name":"Framtidens Karri\u00e4r \u2013 Grundskolel\u00e4rare","article_published_time":"2022-10-04T11:23:37+00:00","article_modified_time":"2023-02-16T10:18:37+00:00","og_image":[{"width":1000,"height":602,"url":"https:\/\/lararkarriar.se\/grundskola\/wp-content\/uploads\/sites\/12\/2022\/10\/motala1.jpg","type":"image\/jpeg"}],"author":"viktorwallen","twitter_card":"summary_large_image","twitter_misc":{"Skriven av":"viktorwallen","Ber\u00e4knad l\u00e4stid":"5 minuter"},"schema":{"@context":"https:\/\/schema.org","@graph":[{"@type":"Article","@id":"https:\/\/lararkarriar.se\/grundskola\/2022\/10\/04\/med-eleverna-i-fokus-tillsammans-tar-vi-ett-steg-till\/#article","isPartOf":{"@id":"https:\/\/lararkarriar.se\/grundskola\/2022\/10\/04\/med-eleverna-i-fokus-tillsammans-tar-vi-ett-steg-till\/"},"author":{"name":"viktorwallen","@id":"https:\/\/lararkarriar.se\/grundskola\/#\/schema\/person\/2a13a849ec7646386c2211f59afe3083"},"headline":"Med eleverna i fokus \u2013 Tillsammans tar vi ett steg till","datePublished":"2022-10-04T11:23:37+00:00","dateModified":"2023-02-16T10:18:37+00:00","mainEntityOfPage":{"@id":"https:\/\/lararkarriar.se\/grundskola\/2022\/10\/04\/med-eleverna-i-fokus-tillsammans-tar-vi-ett-steg-till\/"},"wordCount":918,"commentCount":0,"image":{"@id":"https:\/\/lararkarriar.se\/grundskola\/2022\/10\/04\/med-eleverna-i-fokus-tillsammans-tar-vi-ett-steg-till\/#primaryimage"},"thumbnailUrl":"https:\/\/lararkarriar.se\/grundskola\/wp-content\/uploads\/sites\/12\/2022\/10\/motala1.jpg","keywords":["Motala kommun"],"articleSection":["Presentation"],"inLanguage":"sv-SE","potentialAction":[{"@type":"CommentAction","name":"Comment","target":["https:\/\/lararkarriar.se\/grundskola\/2022\/10\/04\/med-eleverna-i-fokus-tillsammans-tar-vi-ett-steg-till\/#respond"]}]},{"@type":"WebPage","@id":"https:\/\/lararkarriar.se\/grundskola\/2022\/10\/04\/med-eleverna-i-fokus-tillsammans-tar-vi-ett-steg-till\/","url":"https:\/\/lararkarriar.se\/grundskola\/2022\/10\/04\/med-eleverna-i-fokus-tillsammans-tar-vi-ett-steg-till\/","name":"Med eleverna i fokus \u2013 Tillsammans tar vi ett steg till - Framtidens Karri\u00e4r \u2013 Grundskolel\u00e4rare","isPartOf":{"@id":"https:\/\/lararkarriar.se\/grundskola\/#website"},"primaryImageOfPage":{"@id":"https:\/\/lararkarriar.se\/grundskola\/2022\/10\/04\/med-eleverna-i-fokus-tillsammans-tar-vi-ett-steg-till\/#primaryimage"},"image":{"@id":"https:\/\/lararkarriar.se\/grundskola\/2022\/10\/04\/med-eleverna-i-fokus-tillsammans-tar-vi-ett-steg-till\/#primaryimage"},"thumbnailUrl":"https:\/\/lararkarriar.se\/grundskola\/wp-content\/uploads\/sites\/12\/2022\/10\/motala1.jpg","datePublished":"2022-10-04T11:23:37+00:00","dateModified":"2023-02-16T10:18:37+00:00","author":{"@id":"https:\/\/lararkarriar.se\/grundskola\/#\/schema\/person\/2a13a849ec7646386c2211f59afe3083"},"breadcrumb":{"@id":"https:\/\/lararkarriar.se\/grundskola\/2022\/10\/04\/med-eleverna-i-fokus-tillsammans-tar-vi-ett-steg-till\/#breadcrumb"},"inLanguage":"sv-SE","potentialAction":[{"@type":"ReadAction","target":["https:\/\/lararkarriar.se\/grundskola\/2022\/10\/04\/med-eleverna-i-fokus-tillsammans-tar-vi-ett-steg-till\/"]}]},{"@type":"ImageObject","inLanguage":"sv-SE","@id":"https:\/\/lararkarriar.se\/grundskola\/2022\/10\/04\/med-eleverna-i-fokus-tillsammans-tar-vi-ett-steg-till\/#primaryimage","url":"https:\/\/lararkarriar.se\/grundskola\/wp-content\/uploads\/sites\/12\/2022\/10\/motala1.jpg","contentUrl":"https:\/\/lararkarriar.se\/grundskola\/wp-content\/uploads\/sites\/12\/2022\/10\/motala1.jpg","width":1000,"height":602,"caption":"Madeleine Karlsson, verksamhetschef grundskola, Cecilia Cassenius, utvecklingschef, Ann Oswaldson, utvecklingsledare p\u00e5 Bildningsf\u00f6rvaltningen, Daniel Rask, rektor f\u00f6r Zederslundsskolan och Johan Sandqvist, utvecklingsl\u00e4rare i Motala kommun. Foto: \u00c5ke Karlsson"},{"@type":"BreadcrumbList","@id":"https:\/\/lararkarriar.se\/grundskola\/2022\/10\/04\/med-eleverna-i-fokus-tillsammans-tar-vi-ett-steg-till\/#breadcrumb","itemListElement":[{"@type":"ListItem","position":1,"name":"Home","item":"https:\/\/lararkarriar.se\/grundskola\/"},{"@type":"ListItem","position":2,"name":"Med eleverna i fokus \u2013 Tillsammans tar vi ett steg till"}]},{"@type":"WebSite","@id":"https:\/\/lararkarriar.se\/grundskola\/#website","url":"https:\/\/lararkarriar.se\/grundskola\/","name":"Framtidens Karri\u00e4r \u2013 Grundskolel\u00e4rare","description":"Just another NMDashboard.se Sites site","potentialAction":[{"@type":"SearchAction","target":{"@type":"EntryPoint","urlTemplate":"https:\/\/lararkarriar.se\/grundskola\/?s={search_term_string}"},"query-input":{"@type":"PropertyValueSpecification","valueRequired":true,"valueName":"search_term_string"}}],"inLanguage":"sv-SE"},{"@type":"Person","@id":"https:\/\/lararkarriar.se\/grundskola\/#\/schema\/person\/2a13a849ec7646386c2211f59afe3083","name":"viktorwallen","image":{"@type":"ImageObject","inLanguage":"sv-SE","@id":"https:\/\/secure.gravatar.com\/avatar\/701701bd36169636031933997c8c6b954f2f635bbb7cd4802e4a007f9c9f4e59?s=96&d=mm&r=g","url":"https:\/\/secure.gravatar.com\/avatar\/701701bd36169636031933997c8c6b954f2f635bbb7cd4802e4a007f9c9f4e59?s=96&d=mm&r=g","contentUrl":"https:\/\/secure.gravatar.com\/avatar\/701701bd36169636031933997c8c6b954f2f635bbb7cd4802e4a007f9c9f4e59?s=96&d=mm&r=g","caption":"viktorwallen"},"url":"https:\/\/lararkarriar.se\/grundskola\/author\/viktorwallen\/"}]}},"_links":{"self":[{"href":"https:\/\/lararkarriar.se\/grundskola\/wp-json\/wp\/v2\/posts\/7828","targetHints":{"allow":["GET"]}}],"collection":[{"href":"https:\/\/lararkarriar.se\/grundskola\/wp-json\/wp\/v2\/posts"}],"about":[{"href":"https:\/\/lararkarriar.se\/grundskola\/wp-json\/wp\/v2\/types\/post"}],"author":[{"embeddable":true,"href":"https:\/\/lararkarriar.se\/grundskola\/wp-json\/wp\/v2\/users\/2"}],"replies":[{"embeddable":true,"href":"https:\/\/lararkarriar.se\/grundskola\/wp-json\/wp\/v2\/comments?post=7828"}],"version-history":[{"count":5,"href":"https:\/\/lararkarriar.se\/grundskola\/wp-json\/wp\/v2\/posts\/7828\/revisions"}],"predecessor-version":[{"id":8029,"href":"https:\/\/lararkarriar.se\/grundskola\/wp-json\/wp\/v2\/posts\/7828\/revisions\/8029"}],"wp:featuredmedia":[{"embeddable":true,"href":"https:\/\/lararkarriar.se\/grundskola\/wp-json\/wp\/v2\/media\/7835"}],"wp:attachment":[{"href":"https:\/\/lararkarriar.se\/grundskola\/wp-json\/wp\/v2\/media?parent=7828"}],"wp:term":[{"taxonomy":"category","embeddable":true,"href":"https:\/\/lararkarriar.se\/grundskola\/wp-json\/wp\/v2\/categories?post=7828"},{"taxonomy":"post_tag","embeddable":true,"href":"https:\/\/lararkarriar.se\/grundskola\/wp-json\/wp\/v2\/tags?post=7828"}],"curies":[{"name":"wp","href":"https:\/\/api.w.org\/{rel}","templated":true}]}}