{"id":7846,"date":"2022-10-04T11:25:28","date_gmt":"2022-10-04T11:25:28","guid":{"rendered":"https:\/\/lararkarriar.se\/grundskola\/?p=7846"},"modified":"2022-10-04T11:25:30","modified_gmt":"2022-10-04T11:25:30","slug":"utvecklingssamtalets-konst","status":"publish","type":"post","link":"https:\/\/lararkarriar.se\/grundskola\/2022\/10\/04\/utvecklingssamtalets-konst\/","title":{"rendered":"Utvecklingssamtalets konst"},"content":{"rendered":"\n<figure class=\"wp-block-image size-full\"><img loading=\"lazy\" decoding=\"async\" width=\"1000\" height=\"622\" src=\"https:\/\/lararkarriar.se\/grundskola\/wp-content\/uploads\/sites\/12\/2022\/10\/utveckling-karinbroberg.jpg\" alt=\"\" class=\"wp-image-7848\" srcset=\"https:\/\/lararkarriar.se\/grundskola\/wp-content\/uploads\/sites\/12\/2022\/10\/utveckling-karinbroberg.jpg 1000w, https:\/\/lararkarriar.se\/grundskola\/wp-content\/uploads\/sites\/12\/2022\/10\/utveckling-karinbroberg-300x187.jpg 300w, https:\/\/lararkarriar.se\/grundskola\/wp-content\/uploads\/sites\/12\/2022\/10\/utveckling-karinbroberg-768x478.jpg 768w, https:\/\/lararkarriar.se\/grundskola\/wp-content\/uploads\/sites\/12\/2022\/10\/utveckling-karinbroberg-257x160.jpg 257w, https:\/\/lararkarriar.se\/grundskola\/wp-content\/uploads\/sites\/12\/2022\/10\/utveckling-karinbroberg-526x327.jpg 526w, https:\/\/lararkarriar.se\/grundskola\/wp-content\/uploads\/sites\/12\/2022\/10\/utveckling-karinbroberg-720x448.jpg 720w, https:\/\/lararkarriar.se\/grundskola\/wp-content\/uploads\/sites\/12\/2022\/10\/utveckling-karinbroberg-960x597.jpg 960w\" sizes=\"auto, (max-width: 1000px) 100vw, 1000px\" \/><figcaption>Att ha en fram\u00e5tblickande riktning p\u00e5 utvecklingssamtalet \u00e4r A och O, menar Karin Boberg. Foto: Se\u00e1n McDevitt<\/figcaption><\/figure>\n\n\n\n<p><strong>Att h\u00e5lla i ett utvecklingssamtal kan vara en utmaning \u2013 men att se fram\u00e5t \u00e4r det viktigaste med samtalet. L\u00e4raren Karin Boberg ger sina b\u00e4sta tips.<\/strong><\/p>\n\n\n\n<p>Karin Boberg har jobbat i skolans v\u00e4rld i 20 \u00e5r och har bland annat gett ut b\u00f6ckerna \u201dAtt \u00e4ga klassrummet\u201d och \u201dAtt \u00e4ga l\u00e4raryrket\u201d. Till h\u00f6sten kommer \u00e4ven boken \u201dAtt \u00e4ga motivationen\u201d ut. Karin Boberg driver ocks\u00e5 bloggen \u201dKarinbyggerundervisning\u201d d\u00e4r hon bland annat skriver om utvecklingssamtal, enligt henne ett centralt verktyg.<br>\u2013 Det som kommer fram under samtalet anv\u00e4nder jag mig av i m\u00f6tet med eleven resten av \u00e5ret; som l\u00e4rare f\u00e5r man v\u00e4rdefulla ing\u00e5ngar till arbetet. Det \u00e4r viktigt att knyta kontakt med v\u00e5rdnadshavarna, framf\u00f6r allt n\u00e4r det kommer till elever som inte har lust att komma till skolan eller som kan hamna i konflikter av olika anledningar. D\u00e5 \u00e4r det viktigt att v\u00e5rdnadshavarna k\u00e4nner att vi jobbar tillsammans och att vi kan kroka arm med varandra, s\u00e4ger Karin Boberg.<\/p>\n\n\n\n<blockquote class=\"wp-block-quote is-layout-flow wp-block-quote-is-layout-flow\"><p>&#8221;Ett missf\u00f6rst\u00e5nd fr\u00e5n f\u00f6r\u00e4ldrarnas sida \u00e4r ofta att de tror att l\u00e4raren ska ber\u00e4tta hur det g\u00e5r f\u00f6r barnet.&#8221;<\/p><\/blockquote>\n\n\n\n<p><strong>Fram\u00e5tblickande<\/strong><br>D\u00e5 Karin jobbar p\u00e5 h\u00f6gstadiet l\u00e5ter hon numera eleverna svara p\u00e5 ett digitalt formul\u00e4r.<br>\u2013 De f\u00e5r klicka i hur de tycker att det g\u00e5r i de olika \u00e4mnen och om de har n\u00e5gon fr\u00e5ga till l\u00e4raren. Ett missf\u00f6rst\u00e5nd fr\u00e5n f\u00f6r\u00e4ldrarnas sida \u00e4r ofta att de tror att l\u00e4raren ska ber\u00e4tta hur det g\u00e5r f\u00f6r barnet, men samtalet ska handla om vart man ska, vara fram\u00e5tsyftande, s\u00e4ger Karin Boberg.<br>Inneh\u00e5ll och tyngdpunkten f\u00f6r samtalet kan variera n\u00e5got beroende p\u00e5 \u00e5lder, men alla har fram\u00e5tblickandet gemensamt.<br>\u2013 Det handlar mycket om att bryta ner saker och ting. Vi \u00e4r p\u00e5 v\u00e4g hit, du ska l\u00e4sa den h\u00e4r boken p\u00e5 200 sidor, vad beh\u00f6ver vi g\u00f6ra den h\u00e4r lektionen, veckan, terminen f\u00f6r att hamna vid m\u00e5let? Oavsett om vi ska l\u00e4sa historia eller matte g\u00e4ller det att f\u00e5 eleverna att f\u00f6rst\u00e5 de sm\u00e5 segmenten och v\u00e4va ihop till sammanhang. Och hela tiden \u00e4r fr\u00e5gan: Vart \u00e4r vi p\u00e5 v\u00e4g?<\/p>\n\n\n\n<p><strong>Separat samtal<\/strong><br>Det \u00e4r viktigt att h\u00e5lla ett positivt och ganska l\u00e4ttsamt fokus p\u00e5 utvecklingssamtalen, tycker Karin Boberg.<br>\u2013 Om f\u00f6r\u00e4ldrarna \u00e4r missn\u00f6jda p\u00e5 n\u00e5got s\u00e4tt eller k\u00e4nner en oro kring barnet ska man ta det vid ett annat m\u00f6te, d\u00e5 ocks\u00e5 till exempel en kurator kan vara med om det beh\u00f6vs.<\/p>\n","protected":false},"excerpt":{"rendered":"<p>Att h\u00e5lla i ett utvecklingssamtal kan vara en utmaning \u2013 men att se fram\u00e5t \u00e4r det viktigaste med samtalet.<\/p>\n","protected":false},"author":3,"featured_media":7848,"comment_status":"open","ping_status":"open","sticky":false,"template":"","format":"standard","meta":{"_acf_changed":false,"_monsterinsights_skip_tracking":false,"_monsterinsights_sitenote_active":false,"_monsterinsights_sitenote_note":"","_monsterinsights_sitenote_category":0,"footnotes":""},"categories":[1],"tags":[427,515],"class_list":["post-7846","post","type-post","status-publish","format-standard","has-post-thumbnail","hentry","category-artikel","tag-utveckling","tag-utvecklingssamtal"],"acf":[],"yoast_head":"<!-- This site is optimized with the Yoast SEO plugin v27.3 - https:\/\/yoast.com\/product\/yoast-seo-wordpress\/ -->\n<title>Utvecklingssamtalets konst - Framtidens Karri\u00e4r \u2013 Grundskolel\u00e4rare<\/title>\n<meta name=\"robots\" content=\"index, follow, max-snippet:-1, max-image-preview:large, max-video-preview:-1\" \/>\n<link rel=\"canonical\" href=\"https:\/\/lararkarriar.se\/grundskola\/2022\/10\/04\/utvecklingssamtalets-konst\/\" \/>\n<meta property=\"og:locale\" content=\"sv_SE\" \/>\n<meta property=\"og:type\" content=\"article\" \/>\n<meta property=\"og:title\" content=\"Utvecklingssamtalets konst - Framtidens Karri\u00e4r \u2013 Grundskolel\u00e4rare\" \/>\n<meta property=\"og:description\" content=\"Att h\u00e5lla i ett utvecklingssamtal kan vara en utmaning \u2013 men att se fram\u00e5t \u00e4r det viktigaste med samtalet.\" \/>\n<meta property=\"og:url\" content=\"https:\/\/lararkarriar.se\/grundskola\/2022\/10\/04\/utvecklingssamtalets-konst\/\" \/>\n<meta property=\"og:site_name\" content=\"Framtidens Karri\u00e4r \u2013 Grundskolel\u00e4rare\" \/>\n<meta property=\"article:published_time\" content=\"2022-10-04T11:25:28+00:00\" \/>\n<meta property=\"article:modified_time\" content=\"2022-10-04T11:25:30+00:00\" \/>\n<meta property=\"og:image\" content=\"https:\/\/lararkarriar.se\/grundskola\/wp-content\/uploads\/sites\/12\/2022\/10\/utveckling-karinbroberg.jpg\" \/>\n\t<meta property=\"og:image:width\" content=\"1000\" \/>\n\t<meta property=\"og:image:height\" content=\"622\" \/>\n\t<meta property=\"og:image:type\" content=\"image\/jpeg\" \/>\n<meta name=\"author\" content=\"stellanstal\" \/>\n<meta name=\"twitter:card\" content=\"summary_large_image\" \/>\n<meta name=\"twitter:label1\" content=\"Skriven av\" \/>\n\t<meta name=\"twitter:data1\" content=\"stellanstal\" \/>\n\t<meta name=\"twitter:label2\" content=\"Ber\u00e4knad l\u00e4stid\" \/>\n\t<meta name=\"twitter:data2\" content=\"3 minuter\" \/>\n<script type=\"application\/ld+json\" class=\"yoast-schema-graph\">{\"@context\":\"https:\\\/\\\/schema.org\",\"@graph\":[{\"@type\":\"Article\",\"@id\":\"https:\\\/\\\/lararkarriar.se\\\/grundskola\\\/2022\\\/10\\\/04\\\/utvecklingssamtalets-konst\\\/#article\",\"isPartOf\":{\"@id\":\"https:\\\/\\\/lararkarriar.se\\\/grundskola\\\/2022\\\/10\\\/04\\\/utvecklingssamtalets-konst\\\/\"},\"author\":{\"name\":\"stellanstal\",\"@id\":\"https:\\\/\\\/lararkarriar.se\\\/grundskola\\\/#\\\/schema\\\/person\\\/c8a43eb855191e573b73ecf8987a3b99\"},\"headline\":\"Utvecklingssamtalets konst\",\"datePublished\":\"2022-10-04T11:25:28+00:00\",\"dateModified\":\"2022-10-04T11:25:30+00:00\",\"mainEntityOfPage\":{\"@id\":\"https:\\\/\\\/lararkarriar.se\\\/grundskola\\\/2022\\\/10\\\/04\\\/utvecklingssamtalets-konst\\\/\"},\"wordCount\":478,\"commentCount\":0,\"image\":{\"@id\":\"https:\\\/\\\/lararkarriar.se\\\/grundskola\\\/2022\\\/10\\\/04\\\/utvecklingssamtalets-konst\\\/#primaryimage\"},\"thumbnailUrl\":\"https:\\\/\\\/lararkarriar.se\\\/grundskola\\\/wp-content\\\/uploads\\\/sites\\\/12\\\/2022\\\/10\\\/utveckling-karinbroberg.jpg\",\"keywords\":[\"Utveckling\",\"Utvecklingssamtal\"],\"articleSection\":[\"Artikel\"],\"inLanguage\":\"sv-SE\",\"potentialAction\":[{\"@type\":\"CommentAction\",\"name\":\"Comment\",\"target\":[\"https:\\\/\\\/lararkarriar.se\\\/grundskola\\\/2022\\\/10\\\/04\\\/utvecklingssamtalets-konst\\\/#respond\"]}]},{\"@type\":\"WebPage\",\"@id\":\"https:\\\/\\\/lararkarriar.se\\\/grundskola\\\/2022\\\/10\\\/04\\\/utvecklingssamtalets-konst\\\/\",\"url\":\"https:\\\/\\\/lararkarriar.se\\\/grundskola\\\/2022\\\/10\\\/04\\\/utvecklingssamtalets-konst\\\/\",\"name\":\"Utvecklingssamtalets konst - Framtidens Karri\u00e4r \u2013 Grundskolel\u00e4rare\",\"isPartOf\":{\"@id\":\"https:\\\/\\\/lararkarriar.se\\\/grundskola\\\/#website\"},\"primaryImageOfPage\":{\"@id\":\"https:\\\/\\\/lararkarriar.se\\\/grundskola\\\/2022\\\/10\\\/04\\\/utvecklingssamtalets-konst\\\/#primaryimage\"},\"image\":{\"@id\":\"https:\\\/\\\/lararkarriar.se\\\/grundskola\\\/2022\\\/10\\\/04\\\/utvecklingssamtalets-konst\\\/#primaryimage\"},\"thumbnailUrl\":\"https:\\\/\\\/lararkarriar.se\\\/grundskola\\\/wp-content\\\/uploads\\\/sites\\\/12\\\/2022\\\/10\\\/utveckling-karinbroberg.jpg\",\"datePublished\":\"2022-10-04T11:25:28+00:00\",\"dateModified\":\"2022-10-04T11:25:30+00:00\",\"author\":{\"@id\":\"https:\\\/\\\/lararkarriar.se\\\/grundskola\\\/#\\\/schema\\\/person\\\/c8a43eb855191e573b73ecf8987a3b99\"},\"breadcrumb\":{\"@id\":\"https:\\\/\\\/lararkarriar.se\\\/grundskola\\\/2022\\\/10\\\/04\\\/utvecklingssamtalets-konst\\\/#breadcrumb\"},\"inLanguage\":\"sv-SE\",\"potentialAction\":[{\"@type\":\"ReadAction\",\"target\":[\"https:\\\/\\\/lararkarriar.se\\\/grundskola\\\/2022\\\/10\\\/04\\\/utvecklingssamtalets-konst\\\/\"]}]},{\"@type\":\"ImageObject\",\"inLanguage\":\"sv-SE\",\"@id\":\"https:\\\/\\\/lararkarriar.se\\\/grundskola\\\/2022\\\/10\\\/04\\\/utvecklingssamtalets-konst\\\/#primaryimage\",\"url\":\"https:\\\/\\\/lararkarriar.se\\\/grundskola\\\/wp-content\\\/uploads\\\/sites\\\/12\\\/2022\\\/10\\\/utveckling-karinbroberg.jpg\",\"contentUrl\":\"https:\\\/\\\/lararkarriar.se\\\/grundskola\\\/wp-content\\\/uploads\\\/sites\\\/12\\\/2022\\\/10\\\/utveckling-karinbroberg.jpg\",\"width\":1000,\"height\":622},{\"@type\":\"BreadcrumbList\",\"@id\":\"https:\\\/\\\/lararkarriar.se\\\/grundskola\\\/2022\\\/10\\\/04\\\/utvecklingssamtalets-konst\\\/#breadcrumb\",\"itemListElement\":[{\"@type\":\"ListItem\",\"position\":1,\"name\":\"Home\",\"item\":\"https:\\\/\\\/lararkarriar.se\\\/grundskola\\\/\"},{\"@type\":\"ListItem\",\"position\":2,\"name\":\"Utvecklingssamtalets konst\"}]},{\"@type\":\"WebSite\",\"@id\":\"https:\\\/\\\/lararkarriar.se\\\/grundskola\\\/#website\",\"url\":\"https:\\\/\\\/lararkarriar.se\\\/grundskola\\\/\",\"name\":\"Framtidens Karri\u00e4r \u2013 Grundskolel\u00e4rare\",\"description\":\"Just another NMDashboard.se Sites site\",\"potentialAction\":[{\"@type\":\"SearchAction\",\"target\":{\"@type\":\"EntryPoint\",\"urlTemplate\":\"https:\\\/\\\/lararkarriar.se\\\/grundskola\\\/?s={search_term_string}\"},\"query-input\":{\"@type\":\"PropertyValueSpecification\",\"valueRequired\":true,\"valueName\":\"search_term_string\"}}],\"inLanguage\":\"sv-SE\"},{\"@type\":\"Person\",\"@id\":\"https:\\\/\\\/lararkarriar.se\\\/grundskola\\\/#\\\/schema\\\/person\\\/c8a43eb855191e573b73ecf8987a3b99\",\"name\":\"stellanstal\",\"image\":{\"@type\":\"ImageObject\",\"inLanguage\":\"sv-SE\",\"@id\":\"https:\\\/\\\/secure.gravatar.com\\\/avatar\\\/cd330fa6bb17f598124b2068ee0b189e4fe0987a50af9d53b78410836060d0c9?s=96&d=mm&r=g\",\"url\":\"https:\\\/\\\/secure.gravatar.com\\\/avatar\\\/cd330fa6bb17f598124b2068ee0b189e4fe0987a50af9d53b78410836060d0c9?s=96&d=mm&r=g\",\"contentUrl\":\"https:\\\/\\\/secure.gravatar.com\\\/avatar\\\/cd330fa6bb17f598124b2068ee0b189e4fe0987a50af9d53b78410836060d0c9?s=96&d=mm&r=g\",\"caption\":\"stellanstal\"},\"url\":\"https:\\\/\\\/lararkarriar.se\\\/grundskola\\\/author\\\/stellanstal\\\/\"}]}<\/script>\n<!-- \/ Yoast SEO plugin. -->","yoast_head_json":{"title":"Utvecklingssamtalets konst - Framtidens Karri\u00e4r \u2013 Grundskolel\u00e4rare","robots":{"index":"index","follow":"follow","max-snippet":"max-snippet:-1","max-image-preview":"max-image-preview:large","max-video-preview":"max-video-preview:-1"},"canonical":"https:\/\/lararkarriar.se\/grundskola\/2022\/10\/04\/utvecklingssamtalets-konst\/","og_locale":"sv_SE","og_type":"article","og_title":"Utvecklingssamtalets konst - Framtidens Karri\u00e4r \u2013 Grundskolel\u00e4rare","og_description":"Att h\u00e5lla i ett utvecklingssamtal kan vara en utmaning \u2013 men att se fram\u00e5t \u00e4r det viktigaste med samtalet.","og_url":"https:\/\/lararkarriar.se\/grundskola\/2022\/10\/04\/utvecklingssamtalets-konst\/","og_site_name":"Framtidens Karri\u00e4r \u2013 Grundskolel\u00e4rare","article_published_time":"2022-10-04T11:25:28+00:00","article_modified_time":"2022-10-04T11:25:30+00:00","og_image":[{"width":1000,"height":622,"url":"https:\/\/lararkarriar.se\/grundskola\/wp-content\/uploads\/sites\/12\/2022\/10\/utveckling-karinbroberg.jpg","type":"image\/jpeg"}],"author":"stellanstal","twitter_card":"summary_large_image","twitter_misc":{"Skriven av":"stellanstal","Ber\u00e4knad l\u00e4stid":"3 minuter"},"schema":{"@context":"https:\/\/schema.org","@graph":[{"@type":"Article","@id":"https:\/\/lararkarriar.se\/grundskola\/2022\/10\/04\/utvecklingssamtalets-konst\/#article","isPartOf":{"@id":"https:\/\/lararkarriar.se\/grundskola\/2022\/10\/04\/utvecklingssamtalets-konst\/"},"author":{"name":"stellanstal","@id":"https:\/\/lararkarriar.se\/grundskola\/#\/schema\/person\/c8a43eb855191e573b73ecf8987a3b99"},"headline":"Utvecklingssamtalets konst","datePublished":"2022-10-04T11:25:28+00:00","dateModified":"2022-10-04T11:25:30+00:00","mainEntityOfPage":{"@id":"https:\/\/lararkarriar.se\/grundskola\/2022\/10\/04\/utvecklingssamtalets-konst\/"},"wordCount":478,"commentCount":0,"image":{"@id":"https:\/\/lararkarriar.se\/grundskola\/2022\/10\/04\/utvecklingssamtalets-konst\/#primaryimage"},"thumbnailUrl":"https:\/\/lararkarriar.se\/grundskola\/wp-content\/uploads\/sites\/12\/2022\/10\/utveckling-karinbroberg.jpg","keywords":["Utveckling","Utvecklingssamtal"],"articleSection":["Artikel"],"inLanguage":"sv-SE","potentialAction":[{"@type":"CommentAction","name":"Comment","target":["https:\/\/lararkarriar.se\/grundskola\/2022\/10\/04\/utvecklingssamtalets-konst\/#respond"]}]},{"@type":"WebPage","@id":"https:\/\/lararkarriar.se\/grundskola\/2022\/10\/04\/utvecklingssamtalets-konst\/","url":"https:\/\/lararkarriar.se\/grundskola\/2022\/10\/04\/utvecklingssamtalets-konst\/","name":"Utvecklingssamtalets konst - Framtidens Karri\u00e4r \u2013 Grundskolel\u00e4rare","isPartOf":{"@id":"https:\/\/lararkarriar.se\/grundskola\/#website"},"primaryImageOfPage":{"@id":"https:\/\/lararkarriar.se\/grundskola\/2022\/10\/04\/utvecklingssamtalets-konst\/#primaryimage"},"image":{"@id":"https:\/\/lararkarriar.se\/grundskola\/2022\/10\/04\/utvecklingssamtalets-konst\/#primaryimage"},"thumbnailUrl":"https:\/\/lararkarriar.se\/grundskola\/wp-content\/uploads\/sites\/12\/2022\/10\/utveckling-karinbroberg.jpg","datePublished":"2022-10-04T11:25:28+00:00","dateModified":"2022-10-04T11:25:30+00:00","author":{"@id":"https:\/\/lararkarriar.se\/grundskola\/#\/schema\/person\/c8a43eb855191e573b73ecf8987a3b99"},"breadcrumb":{"@id":"https:\/\/lararkarriar.se\/grundskola\/2022\/10\/04\/utvecklingssamtalets-konst\/#breadcrumb"},"inLanguage":"sv-SE","potentialAction":[{"@type":"ReadAction","target":["https:\/\/lararkarriar.se\/grundskola\/2022\/10\/04\/utvecklingssamtalets-konst\/"]}]},{"@type":"ImageObject","inLanguage":"sv-SE","@id":"https:\/\/lararkarriar.se\/grundskola\/2022\/10\/04\/utvecklingssamtalets-konst\/#primaryimage","url":"https:\/\/lararkarriar.se\/grundskola\/wp-content\/uploads\/sites\/12\/2022\/10\/utveckling-karinbroberg.jpg","contentUrl":"https:\/\/lararkarriar.se\/grundskola\/wp-content\/uploads\/sites\/12\/2022\/10\/utveckling-karinbroberg.jpg","width":1000,"height":622},{"@type":"BreadcrumbList","@id":"https:\/\/lararkarriar.se\/grundskola\/2022\/10\/04\/utvecklingssamtalets-konst\/#breadcrumb","itemListElement":[{"@type":"ListItem","position":1,"name":"Home","item":"https:\/\/lararkarriar.se\/grundskola\/"},{"@type":"ListItem","position":2,"name":"Utvecklingssamtalets konst"}]},{"@type":"WebSite","@id":"https:\/\/lararkarriar.se\/grundskola\/#website","url":"https:\/\/lararkarriar.se\/grundskola\/","name":"Framtidens Karri\u00e4r \u2013 Grundskolel\u00e4rare","description":"Just another NMDashboard.se Sites site","potentialAction":[{"@type":"SearchAction","target":{"@type":"EntryPoint","urlTemplate":"https:\/\/lararkarriar.se\/grundskola\/?s={search_term_string}"},"query-input":{"@type":"PropertyValueSpecification","valueRequired":true,"valueName":"search_term_string"}}],"inLanguage":"sv-SE"},{"@type":"Person","@id":"https:\/\/lararkarriar.se\/grundskola\/#\/schema\/person\/c8a43eb855191e573b73ecf8987a3b99","name":"stellanstal","image":{"@type":"ImageObject","inLanguage":"sv-SE","@id":"https:\/\/secure.gravatar.com\/avatar\/cd330fa6bb17f598124b2068ee0b189e4fe0987a50af9d53b78410836060d0c9?s=96&d=mm&r=g","url":"https:\/\/secure.gravatar.com\/avatar\/cd330fa6bb17f598124b2068ee0b189e4fe0987a50af9d53b78410836060d0c9?s=96&d=mm&r=g","contentUrl":"https:\/\/secure.gravatar.com\/avatar\/cd330fa6bb17f598124b2068ee0b189e4fe0987a50af9d53b78410836060d0c9?s=96&d=mm&r=g","caption":"stellanstal"},"url":"https:\/\/lararkarriar.se\/grundskola\/author\/stellanstal\/"}]}},"_links":{"self":[{"href":"https:\/\/lararkarriar.se\/grundskola\/wp-json\/wp\/v2\/posts\/7846","targetHints":{"allow":["GET"]}}],"collection":[{"href":"https:\/\/lararkarriar.se\/grundskola\/wp-json\/wp\/v2\/posts"}],"about":[{"href":"https:\/\/lararkarriar.se\/grundskola\/wp-json\/wp\/v2\/types\/post"}],"author":[{"embeddable":true,"href":"https:\/\/lararkarriar.se\/grundskola\/wp-json\/wp\/v2\/users\/3"}],"replies":[{"embeddable":true,"href":"https:\/\/lararkarriar.se\/grundskola\/wp-json\/wp\/v2\/comments?post=7846"}],"version-history":[{"count":3,"href":"https:\/\/lararkarriar.se\/grundskola\/wp-json\/wp\/v2\/posts\/7846\/revisions"}],"predecessor-version":[{"id":7852,"href":"https:\/\/lararkarriar.se\/grundskola\/wp-json\/wp\/v2\/posts\/7846\/revisions\/7852"}],"wp:featuredmedia":[{"embeddable":true,"href":"https:\/\/lararkarriar.se\/grundskola\/wp-json\/wp\/v2\/media\/7848"}],"wp:attachment":[{"href":"https:\/\/lararkarriar.se\/grundskola\/wp-json\/wp\/v2\/media?parent=7846"}],"wp:term":[{"taxonomy":"category","embeddable":true,"href":"https:\/\/lararkarriar.se\/grundskola\/wp-json\/wp\/v2\/categories?post=7846"},{"taxonomy":"post_tag","embeddable":true,"href":"https:\/\/lararkarriar.se\/grundskola\/wp-json\/wp\/v2\/tags?post=7846"}],"curies":[{"name":"wp","href":"https:\/\/api.w.org\/{rel}","templated":true}]}}