{"id":7863,"date":"2022-10-04T11:48:30","date_gmt":"2022-10-04T11:48:30","guid":{"rendered":"https:\/\/lararkarriar.se\/grundskola\/?p=7863"},"modified":"2022-10-04T14:57:46","modified_gmt":"2022-10-04T14:57:46","slug":"ett-tryggt-barn-far-lattare-att-lara","status":"publish","type":"post","link":"https:\/\/lararkarriar.se\/grundskola\/2022\/10\/04\/ett-tryggt-barn-far-lattare-att-lara\/","title":{"rendered":"\u201dEtt tryggt barn f\u00e5r l\u00e4ttare att l\u00e4ra\u201d"},"content":{"rendered":"\n<figure class=\"wp-block-image size-full\"><img loading=\"lazy\" decoding=\"async\" width=\"1000\" height=\"638\" src=\"https:\/\/lararkarriar.se\/grundskola\/wp-content\/uploads\/sites\/12\/2022\/10\/trelleborg-dsc3121.jpg\" alt=\"Malin Gustafsson, Ingrid Nilsson, Madelene Carlstr\u00f6m, Erica Diebig och Marie Perleryd \u00e4r alla \u00f6verens om att det \u00e4r en stor ynnest att f\u00e5 f\u00f6lja barnen fr\u00e5n att de g\u00e5r i f\u00f6rskolan till att de slutar nian. De ser fram emot alla nya sp\u00e4nnande samarbeten som v\u00e4ntar fram\u00f6ver. Foto: Jens C Hilner\" class=\"wp-image-7865\" srcset=\"https:\/\/lararkarriar.se\/grundskola\/wp-content\/uploads\/sites\/12\/2022\/10\/trelleborg-dsc3121.jpg 1000w, https:\/\/lararkarriar.se\/grundskola\/wp-content\/uploads\/sites\/12\/2022\/10\/trelleborg-dsc3121-300x191.jpg 300w, https:\/\/lararkarriar.se\/grundskola\/wp-content\/uploads\/sites\/12\/2022\/10\/trelleborg-dsc3121-768x490.jpg 768w, https:\/\/lararkarriar.se\/grundskola\/wp-content\/uploads\/sites\/12\/2022\/10\/trelleborg-dsc3121-251x160.jpg 251w, https:\/\/lararkarriar.se\/grundskola\/wp-content\/uploads\/sites\/12\/2022\/10\/trelleborg-dsc3121-526x336.jpg 526w, https:\/\/lararkarriar.se\/grundskola\/wp-content\/uploads\/sites\/12\/2022\/10\/trelleborg-dsc3121-720x459.jpg 720w, https:\/\/lararkarriar.se\/grundskola\/wp-content\/uploads\/sites\/12\/2022\/10\/trelleborg-dsc3121-960x612.jpg 960w\" sizes=\"auto, (max-width: 1000px) 100vw, 1000px\" \/><figcaption>Malin Gustafsson, Ingrid Nilsson, Madelene Carlstr\u00f6m, Erica Diebig och Marie Perleryd \u00e4r alla \u00f6verens om att det \u00e4r en stor ynnest att f\u00e5 f\u00f6lja barnen fr\u00e5n att de g\u00e5r i f\u00f6rskolan till att de slutar nian. De ser fram emot alla nya sp\u00e4nnande samarbeten som v\u00e4ntar fram\u00f6ver. Foto: Jens C Hilner<\/figcaption><\/figure>\n\n\n\n<p><strong>Trygghet och gemenskap \u00e4r centralt f\u00f6r s\u00e5v\u00e4l elever som medarbetare i rektorsomr\u00e5de Andersl\u00f6v\/Alstad. Genom ett stort rektorsomr\u00e5de d\u00e4r b\u00e5de f\u00f6rskola och grundskola ing\u00e5r skapas m\u00e5nga nya sp\u00e4nnande m\u00f6jligheter.<\/strong><\/p>\n\n\n\n<p>N\u00e4r f\u00f6rstaklassarna bes\u00f6kte f\u00f6rskolebarnen var de b\u00e5de hj\u00e4lpsamma och nyfikna. Det f\u00f6rsta m\u00f6tet handlade mest om lek. Men det de stolta eleverna inte visste d\u00e5 var att de redan efter sommarlovet skulle \u00e5terv\u00e4nda med ett g\u00e4ng b\u00f6cker.<br>\u2013 Det \u00e4r alltid roligare att l\u00e4sa f\u00f6r n\u00e5gon. D\u00e4rf\u00f6r har vi startat ett l\u00e4sprojekt f\u00f6r v\u00e5ra tv\u00e5or. I h\u00f6st l\u00e4ser de tillsammans med fyra\u00e5ringarna. Vi h\u00e4lsar p\u00e5 hos dem och de bes\u00f6ker \u00e4ven oss p\u00e5 skolan. Vinsten handlar inte bara om l\u00e4sutveckling utan lika mycket om att barnen l\u00e4r k\u00e4nna varandra, s\u00e4ger Erica Diebig, l\u00e4rare vid V\u00e4st\u00e5kraskolan i Andersl\u00f6v.<br>Tv\u00e5ornas l\u00e4sprojekt \u00e4r bara ett av m\u00e5nga exempel p\u00e5 hur pedagoger, f\u00f6rskoll\u00e4rare och fritidspersonal i rektorsomr\u00e5det Andersl\u00f6v\/Alstad bygger broar mellan f\u00f6rskolan och skolan samt mellan grundskolans olika \u00e5rskurser. Andra exempel \u00e4r sexor som l\u00e4ser f\u00f6r fem\u00e5ringar, gemensamma mattelektioner samt temadagar med konst, musik och teater d\u00e4r \u00e4ldre barn ansvarar f\u00f6r de yngre.<\/p>\n\n\n\n<p class=\"has-color-white-01-color has-text-color has-background\" style=\"background-color:#00404e\"><strong><a href=\"https:\/\/trelleborg.varbi.com\/\" title=\"Trelleborgs kommun HT22 pres jobb\" target=\"_blank\" rel=\"noreferrer noopener\">Jobba som l\u00e4rare med oss i Trelleborg. <span style=\"text-decoration: underline;\">Klicka h\u00e4r f\u00f6r att se v\u00e5ra lediga tj\u00e4nster<\/span><\/a><\/strong><\/p>\n\n\n\n<p><strong>Starka relationer<\/strong><br>Andersl\u00f6v och Alstad ligger strax norr om Trelleborg. Omgivet av vidstr\u00e4ckta \u00e5krar finns en byskola, en liten f\u00f6rskola, en F\u20139-skola, och en stor f\u00f6rskola. Sedan ett \u00e5r tillbaka tillh\u00f6r de alla samma rektorsomr\u00e5de.<br>\u2013 Jag ser m\u00e5nga f\u00f6rdelar med ett stort rektorsomr\u00e5de. Att f\u00e5 arbeta med barnen fr\u00e5n att de b\u00f6rjar f\u00f6rskolan till att de g\u00e5r ut \u00e5rskurs nio \u00e4r fantastiskt. Dessutom kan vi ta vara p\u00e5 medarbetarnas kompetens p\u00e5 ett helt annat s\u00e4tt \u00e4n tidigare, s\u00e4ger Madelene Carlstr\u00f6m, rektor f\u00f6r omr\u00e5det Andersl\u00f6v\/Alstad och ber\u00e4ttar att det till exempel finns stora m\u00f6jligheter f\u00f6r medarbetarna att utforska b\u00e5de skolans och f\u00f6rskolans v\u00e4rld.<br>Tack vare den stora organisationen har det \u00e4ven blivit l\u00e4ttare att f\u00f6rdela resurserna p\u00e5 ett optimalt s\u00e4tt. Budgeten \u00e4r gemensam och planeringsarbetet g\u00e5r smidigare.<br>I skolans ledningsgrupp ing\u00e5r, f\u00f6rutom rektorn, fyra bitr\u00e4dande rektorer samt en administrativ chef. Deras uppdrag \u00e4r att skapa de allra b\u00e4sta f\u00f6ruts\u00e4ttningarna f\u00f6r b\u00e5de elever och medarbetare.<br>\u2013 Det senaste \u00e5ret har varit otroligt l\u00e4rorikt och tillsammans har vi identifierat m\u00f6jligheter och brister. Vi har arbetat mycket med \u00f6verg\u00e5ngarna mellan f\u00f6rskolan och skolan men \u00e4ven mellan skolans olika stadier, s\u00e4ger bitr\u00e4dande rektor Marie Perleryd och ber\u00e4ttar att skolan och f\u00f6rskolan \u00e4ven har gjort ett gemensamt kvalitetsarbete.<\/p>\n\n\n\n<p><strong>Trygg skolstart<\/strong><br>Genom att skolan och f\u00f6rskolan pratar samma spr\u00e5k och anv\u00e4nder sig av samma ramar har glappet mellan dem minskat.<br>\u2013 Tidigare var det som en osynlig mur mellan f\u00f6rskolan och skolan. Men i takt med att vi har n\u00e4rmat oss varandra har vi uppt\u00e4ckt att det finns v\u00e4ldigt m\u00e5nga likheter. Det \u00e4r bara det att vi tidigare har ben\u00e4mnt dem p\u00e5 olika s\u00e4tt, s\u00e4ger Malin Gustafsson, bitr\u00e4dande rektor med ansvar f\u00f6r f\u00f6rskolan.<br>Att medarbetarna f\u00e5r m\u00f6jlighet att f\u00f6lja sina elever under de olika \u00f6verg\u00e5ngarna \u00e4r n\u00e5got som efterstr\u00e4vas. Pedagogen Ingrid Nilsson, som arbetar i Alstad, har tidigare uteslutande arbetat med elever i f\u00f6rskoleklass men nu har hon f\u00f6r f\u00f6rsta g\u00e5ngen f\u00f6ljt med sina sex\u00e5ringar upp till ettan.<br>F\u00f6rutom att det inneb\u00e4r en extra trygghet f\u00f6r barnen upplever hon att uppstartsstr\u00e4ckan \u00e4r kortare. Hon vet var eleverna befinner sig kunskapsm\u00e4ssigt och kan snabbt komma ig\u00e5ng med undervisningen.<br>\u2013 Jag \u00e4lskar min arbetsplats. Det b\u00e4sta \u00e4r s\u00e5 klart eleverna. Men jag gillar ocks\u00e5 enkelheten att ha ett bra samarbete. Det finns s\u00e5 m\u00e5nga olika yrkeskategorier i skolans v\u00e4rld, och kan man utnyttja de olika professionernas styrkor s\u00e5 vinner eleverna p\u00e5 det hela v\u00e4gen upp till gymnasiet och universitetet, s\u00e4ger Ingrid Nilsson.<\/p>\n\n\n\n<p><strong>Gemenskap mellan medarbetare<\/strong><br>Rektorsomr\u00e5dets medarbetare svetsas samman genom gemensamma utbildningsdagar, temadagar och olika arbetsgrupper. N\u00e4r relationerna mellan medarbetarna st\u00e4rks blir det b\u00e5de l\u00e4ttare och roligare att starta nya samarbeten.<br>\u2013 Vi har numera \u00e4ven gemensamma after works. Vi-k\u00e4nslan \u00e4r viktig f\u00f6r oss, s\u00e4ger Erica Diebig och f\u00e5r medh\u00e5ll av Madelene Carlstr\u00f6m.<br>\u2013 Relationer \u00e4r det absolut viktigaste. Ett tryggt barn f\u00e5r l\u00e4ttare att l\u00e4ra, och det i sin tur skapar ett bra arbetsklimat, s\u00e4ger hon.<\/p>\n\n\n\n<p class=\"has-color-white-01-color has-text-color has-background\" style=\"background-color:#00404e\"><strong><a href=\"https:\/\/trelleborg.varbi.com\/\" title=\"Trelleborgs kommun HT22 pres jobb\" target=\"_blank\" rel=\"noreferrer noopener\">Jobba som l\u00e4rare med oss i Trelleborg. <span style=\"text-decoration: underline;\">Klicka h\u00e4r f\u00f6r att se v\u00e5ra lediga tj\u00e4nster<\/span><\/a><\/strong><\/p>\n\n\n\n<div class=\"wp-block-group faktaruta\"><div class=\"wp-block-group__inner-container is-layout-flow wp-block-group-is-layout-flow\">\n<h6 class=\"wp-block-heading\">Trelleborgs kommun<\/h6>\n\n\n\n<p>F\u00f6r drygt ett \u00e5r sedan tog Trelleborgs kommun ett kliv in i framtiden. Nio stora rektorsomr\u00e5den bildades och 1\u201316-\u00e5rsperspektivet blev centralt. Genom forskning och bepr\u00f6vad erfarenhet \u00e4r verksamheterna i st\u00e4ndig utveckling.<\/p>\n\n\n\n<p>Rektorsomr\u00e5de Andersl\u00f6v\/Alstad best\u00e5r av V\u00e4st\u00e5kraskolan, Alstad skola och f\u00f6rskola samt Trollskogens f\u00f6rskola. Det \u00e4r ett rektorsomr\u00e5de med stort engagemang och h\u00f6g m\u00e5luppfyllelse.<\/p>\n\n\n\n<p>V\u00e4st\u00e5kraskolan \u00e4r en F\u20139-skola med cirka 500 elever. H\u00e5llbarhet, pedagogisk m\u00e5ltid samt en meningsfull och demokratisk undervisning st\u00e5r i fokus, tillsammans med den goda rasten.<\/p>\n\n\n\n<p>Alstad F\u20136-skola \u00e4r en liten skola med stort hj\u00e4rta. Skolan \u00e4r med sina cirka 75 elever den minsta skolan i Trelleborgs kommun. \u00c4ven Alstad f\u00f6rskola \u00e4r en liten familj\u00e4r f\u00f6rskola. Trollskogens f\u00f6rskola \u00e4r med sina 200 barn en av de st\u00f6rsta i kommunen.<br><br><strong><a href=\"https:\/\/www.trelleborg.se\/barn-utbildning\/\" title=\"Trelleborgs kommun HT22 pres textlink\" target=\"_blank\" rel=\"noreferrer noopener\">trelleborg.se\/barn-utbildning\/<\/a><\/strong><br><br><a href=\"https:\/\/www.trelleborg.se\/barn-utbildning\/\" title=\"Trelleborgs kommun HT22 pres logotype\" target=\"_blank\" rel=\"noreferrer noopener\"><img loading=\"lazy\" decoding=\"async\" width=\"250\" height=\"44\" class=\"wp-image-7864\" style=\"width: 250px;\" src=\"https:\/\/lararkarriar.se\/grundskola\/wp-content\/uploads\/sites\/12\/2022\/10\/trelleborg-tbg-kommun-ligg-cmyk.png\" alt=\"\" srcset=\"https:\/\/lararkarriar.se\/grundskola\/wp-content\/uploads\/sites\/12\/2022\/10\/trelleborg-tbg-kommun-ligg-cmyk.png 500w, https:\/\/lararkarriar.se\/grundskola\/wp-content\/uploads\/sites\/12\/2022\/10\/trelleborg-tbg-kommun-ligg-cmyk-300x53.png 300w\" sizes=\"auto, (max-width: 250px) 100vw, 250px\" \/><\/a><\/p>\n<\/div><\/div>\n","protected":false},"excerpt":{"rendered":"<p>Trygghet och gemenskap \u00e4r centralt f\u00f6r s\u00e5v\u00e4l elever som medarbetare i rektorsomr\u00e5de Andersl\u00f6v\/Alstad.<\/p>\n","protected":false},"author":2,"featured_media":7865,"comment_status":"open","ping_status":"open","sticky":false,"template":"","format":"standard","meta":{"_acf_changed":false,"_monsterinsights_skip_tracking":false,"_monsterinsights_sitenote_active":false,"_monsterinsights_sitenote_note":"","_monsterinsights_sitenote_category":0,"footnotes":""},"categories":[7],"tags":[400],"class_list":["post-7863","post","type-post","status-publish","format-standard","has-post-thumbnail","hentry","category-presentation","tag-trelleborgs-kommun"],"acf":[],"yoast_head":"<!-- This site is optimized with the Yoast SEO plugin v27.3 - https:\/\/yoast.com\/product\/yoast-seo-wordpress\/ -->\n<title>\u201dEtt tryggt barn f\u00e5r l\u00e4ttare att l\u00e4ra\u201d - Framtidens Karri\u00e4r \u2013 Grundskolel\u00e4rare<\/title>\n<meta name=\"robots\" content=\"index, follow, max-snippet:-1, max-image-preview:large, max-video-preview:-1\" \/>\n<link rel=\"canonical\" href=\"https:\/\/lararkarriar.se\/grundskola\/2022\/10\/04\/ett-tryggt-barn-far-lattare-att-lara\/\" \/>\n<meta property=\"og:locale\" content=\"sv_SE\" \/>\n<meta property=\"og:type\" content=\"article\" \/>\n<meta property=\"og:title\" content=\"\u201dEtt tryggt barn f\u00e5r l\u00e4ttare att l\u00e4ra\u201d - Framtidens Karri\u00e4r \u2013 Grundskolel\u00e4rare\" \/>\n<meta property=\"og:description\" content=\"Trygghet och gemenskap \u00e4r centralt f\u00f6r s\u00e5v\u00e4l elever som medarbetare i rektorsomr\u00e5de Andersl\u00f6v\/Alstad.\" \/>\n<meta property=\"og:url\" content=\"https:\/\/lararkarriar.se\/grundskola\/2022\/10\/04\/ett-tryggt-barn-far-lattare-att-lara\/\" \/>\n<meta property=\"og:site_name\" content=\"Framtidens Karri\u00e4r \u2013 Grundskolel\u00e4rare\" \/>\n<meta property=\"article:published_time\" content=\"2022-10-04T11:48:30+00:00\" \/>\n<meta property=\"article:modified_time\" content=\"2022-10-04T14:57:46+00:00\" \/>\n<meta property=\"og:image\" content=\"https:\/\/lararkarriar.se\/grundskola\/wp-content\/uploads\/sites\/12\/2022\/10\/trelleborg-dsc3121.jpg\" \/>\n\t<meta property=\"og:image:width\" content=\"1000\" \/>\n\t<meta property=\"og:image:height\" content=\"638\" \/>\n\t<meta property=\"og:image:type\" content=\"image\/jpeg\" \/>\n<meta name=\"author\" content=\"viktorwallen\" \/>\n<meta name=\"twitter:card\" content=\"summary_large_image\" \/>\n<meta name=\"twitter:label1\" content=\"Skriven av\" \/>\n\t<meta name=\"twitter:data1\" content=\"viktorwallen\" \/>\n<script type=\"application\/ld+json\" class=\"yoast-schema-graph\">{\"@context\":\"https:\\\/\\\/schema.org\",\"@graph\":[{\"@type\":\"Article\",\"@id\":\"https:\\\/\\\/lararkarriar.se\\\/grundskola\\\/2022\\\/10\\\/04\\\/ett-tryggt-barn-far-lattare-att-lara\\\/#article\",\"isPartOf\":{\"@id\":\"https:\\\/\\\/lararkarriar.se\\\/grundskola\\\/2022\\\/10\\\/04\\\/ett-tryggt-barn-far-lattare-att-lara\\\/\"},\"author\":{\"name\":\"viktorwallen\",\"@id\":\"https:\\\/\\\/lararkarriar.se\\\/grundskola\\\/#\\\/schema\\\/person\\\/2a13a849ec7646386c2211f59afe3083\"},\"headline\":\"\u201dEtt tryggt barn f\u00e5r l\u00e4ttare att l\u00e4ra\u201d\",\"datePublished\":\"2022-10-04T11:48:30+00:00\",\"dateModified\":\"2022-10-04T14:57:46+00:00\",\"mainEntityOfPage\":{\"@id\":\"https:\\\/\\\/lararkarriar.se\\\/grundskola\\\/2022\\\/10\\\/04\\\/ett-tryggt-barn-far-lattare-att-lara\\\/\"},\"wordCount\":1070,\"commentCount\":0,\"image\":{\"@id\":\"https:\\\/\\\/lararkarriar.se\\\/grundskola\\\/2022\\\/10\\\/04\\\/ett-tryggt-barn-far-lattare-att-lara\\\/#primaryimage\"},\"thumbnailUrl\":\"https:\\\/\\\/lararkarriar.se\\\/grundskola\\\/wp-content\\\/uploads\\\/sites\\\/12\\\/2022\\\/10\\\/trelleborg-dsc3121.jpg\",\"keywords\":[\"Trelleborgs kommun\"],\"articleSection\":[\"Presentation\"],\"inLanguage\":\"sv-SE\",\"potentialAction\":[{\"@type\":\"CommentAction\",\"name\":\"Comment\",\"target\":[\"https:\\\/\\\/lararkarriar.se\\\/grundskola\\\/2022\\\/10\\\/04\\\/ett-tryggt-barn-far-lattare-att-lara\\\/#respond\"]}]},{\"@type\":\"WebPage\",\"@id\":\"https:\\\/\\\/lararkarriar.se\\\/grundskola\\\/2022\\\/10\\\/04\\\/ett-tryggt-barn-far-lattare-att-lara\\\/\",\"url\":\"https:\\\/\\\/lararkarriar.se\\\/grundskola\\\/2022\\\/10\\\/04\\\/ett-tryggt-barn-far-lattare-att-lara\\\/\",\"name\":\"\u201dEtt tryggt barn f\u00e5r l\u00e4ttare att l\u00e4ra\u201d - Framtidens Karri\u00e4r \u2013 Grundskolel\u00e4rare\",\"isPartOf\":{\"@id\":\"https:\\\/\\\/lararkarriar.se\\\/grundskola\\\/#website\"},\"primaryImageOfPage\":{\"@id\":\"https:\\\/\\\/lararkarriar.se\\\/grundskola\\\/2022\\\/10\\\/04\\\/ett-tryggt-barn-far-lattare-att-lara\\\/#primaryimage\"},\"image\":{\"@id\":\"https:\\\/\\\/lararkarriar.se\\\/grundskola\\\/2022\\\/10\\\/04\\\/ett-tryggt-barn-far-lattare-att-lara\\\/#primaryimage\"},\"thumbnailUrl\":\"https:\\\/\\\/lararkarriar.se\\\/grundskola\\\/wp-content\\\/uploads\\\/sites\\\/12\\\/2022\\\/10\\\/trelleborg-dsc3121.jpg\",\"datePublished\":\"2022-10-04T11:48:30+00:00\",\"dateModified\":\"2022-10-04T14:57:46+00:00\",\"author\":{\"@id\":\"https:\\\/\\\/lararkarriar.se\\\/grundskola\\\/#\\\/schema\\\/person\\\/2a13a849ec7646386c2211f59afe3083\"},\"breadcrumb\":{\"@id\":\"https:\\\/\\\/lararkarriar.se\\\/grundskola\\\/2022\\\/10\\\/04\\\/ett-tryggt-barn-far-lattare-att-lara\\\/#breadcrumb\"},\"inLanguage\":\"sv-SE\",\"potentialAction\":[{\"@type\":\"ReadAction\",\"target\":[\"https:\\\/\\\/lararkarriar.se\\\/grundskola\\\/2022\\\/10\\\/04\\\/ett-tryggt-barn-far-lattare-att-lara\\\/\"]}]},{\"@type\":\"ImageObject\",\"inLanguage\":\"sv-SE\",\"@id\":\"https:\\\/\\\/lararkarriar.se\\\/grundskola\\\/2022\\\/10\\\/04\\\/ett-tryggt-barn-far-lattare-att-lara\\\/#primaryimage\",\"url\":\"https:\\\/\\\/lararkarriar.se\\\/grundskola\\\/wp-content\\\/uploads\\\/sites\\\/12\\\/2022\\\/10\\\/trelleborg-dsc3121.jpg\",\"contentUrl\":\"https:\\\/\\\/lararkarriar.se\\\/grundskola\\\/wp-content\\\/uploads\\\/sites\\\/12\\\/2022\\\/10\\\/trelleborg-dsc3121.jpg\",\"width\":1000,\"height\":638,\"caption\":\"Malin Gustafsson, Ingrid Nilsson, Madelene Carlstr\u00f6m, Erica Diebig och Marie Perleryd \u00e4r alla \u00f6verens om att det \u00e4r en stor ynnest att f\u00e5 f\u00f6lja barnen fr\u00e5n att de g\u00e5r i f\u00f6rskolan till att de slutar nian. De ser fram emot alla nya sp\u00e4nnande samarbeten som v\u00e4ntar fram\u00f6ver. Foto: Jens C Hilner\"},{\"@type\":\"BreadcrumbList\",\"@id\":\"https:\\\/\\\/lararkarriar.se\\\/grundskola\\\/2022\\\/10\\\/04\\\/ett-tryggt-barn-far-lattare-att-lara\\\/#breadcrumb\",\"itemListElement\":[{\"@type\":\"ListItem\",\"position\":1,\"name\":\"Home\",\"item\":\"https:\\\/\\\/lararkarriar.se\\\/grundskola\\\/\"},{\"@type\":\"ListItem\",\"position\":2,\"name\":\"\u201dEtt tryggt barn f\u00e5r l\u00e4ttare att l\u00e4ra\u201d\"}]},{\"@type\":\"WebSite\",\"@id\":\"https:\\\/\\\/lararkarriar.se\\\/grundskola\\\/#website\",\"url\":\"https:\\\/\\\/lararkarriar.se\\\/grundskola\\\/\",\"name\":\"Framtidens Karri\u00e4r \u2013 Grundskolel\u00e4rare\",\"description\":\"Just another NMDashboard.se Sites site\",\"potentialAction\":[{\"@type\":\"SearchAction\",\"target\":{\"@type\":\"EntryPoint\",\"urlTemplate\":\"https:\\\/\\\/lararkarriar.se\\\/grundskola\\\/?s={search_term_string}\"},\"query-input\":{\"@type\":\"PropertyValueSpecification\",\"valueRequired\":true,\"valueName\":\"search_term_string\"}}],\"inLanguage\":\"sv-SE\"},{\"@type\":\"Person\",\"@id\":\"https:\\\/\\\/lararkarriar.se\\\/grundskola\\\/#\\\/schema\\\/person\\\/2a13a849ec7646386c2211f59afe3083\",\"name\":\"viktorwallen\",\"image\":{\"@type\":\"ImageObject\",\"inLanguage\":\"sv-SE\",\"@id\":\"https:\\\/\\\/secure.gravatar.com\\\/avatar\\\/701701bd36169636031933997c8c6b954f2f635bbb7cd4802e4a007f9c9f4e59?s=96&d=mm&r=g\",\"url\":\"https:\\\/\\\/secure.gravatar.com\\\/avatar\\\/701701bd36169636031933997c8c6b954f2f635bbb7cd4802e4a007f9c9f4e59?s=96&d=mm&r=g\",\"contentUrl\":\"https:\\\/\\\/secure.gravatar.com\\\/avatar\\\/701701bd36169636031933997c8c6b954f2f635bbb7cd4802e4a007f9c9f4e59?s=96&d=mm&r=g\",\"caption\":\"viktorwallen\"},\"url\":\"https:\\\/\\\/lararkarriar.se\\\/grundskola\\\/author\\\/viktorwallen\\\/\"}]}<\/script>\n<!-- \/ Yoast SEO plugin. -->","yoast_head_json":{"title":"\u201dEtt tryggt barn f\u00e5r l\u00e4ttare att l\u00e4ra\u201d - Framtidens Karri\u00e4r \u2013 Grundskolel\u00e4rare","robots":{"index":"index","follow":"follow","max-snippet":"max-snippet:-1","max-image-preview":"max-image-preview:large","max-video-preview":"max-video-preview:-1"},"canonical":"https:\/\/lararkarriar.se\/grundskola\/2022\/10\/04\/ett-tryggt-barn-far-lattare-att-lara\/","og_locale":"sv_SE","og_type":"article","og_title":"\u201dEtt tryggt barn f\u00e5r l\u00e4ttare att l\u00e4ra\u201d - Framtidens Karri\u00e4r \u2013 Grundskolel\u00e4rare","og_description":"Trygghet och gemenskap \u00e4r centralt f\u00f6r s\u00e5v\u00e4l elever som medarbetare i rektorsomr\u00e5de Andersl\u00f6v\/Alstad.","og_url":"https:\/\/lararkarriar.se\/grundskola\/2022\/10\/04\/ett-tryggt-barn-far-lattare-att-lara\/","og_site_name":"Framtidens Karri\u00e4r \u2013 Grundskolel\u00e4rare","article_published_time":"2022-10-04T11:48:30+00:00","article_modified_time":"2022-10-04T14:57:46+00:00","og_image":[{"width":1000,"height":638,"url":"https:\/\/lararkarriar.se\/grundskola\/wp-content\/uploads\/sites\/12\/2022\/10\/trelleborg-dsc3121.jpg","type":"image\/jpeg"}],"author":"viktorwallen","twitter_card":"summary_large_image","twitter_misc":{"Skriven av":"viktorwallen"},"schema":{"@context":"https:\/\/schema.org","@graph":[{"@type":"Article","@id":"https:\/\/lararkarriar.se\/grundskola\/2022\/10\/04\/ett-tryggt-barn-far-lattare-att-lara\/#article","isPartOf":{"@id":"https:\/\/lararkarriar.se\/grundskola\/2022\/10\/04\/ett-tryggt-barn-far-lattare-att-lara\/"},"author":{"name":"viktorwallen","@id":"https:\/\/lararkarriar.se\/grundskola\/#\/schema\/person\/2a13a849ec7646386c2211f59afe3083"},"headline":"\u201dEtt tryggt barn f\u00e5r l\u00e4ttare att l\u00e4ra\u201d","datePublished":"2022-10-04T11:48:30+00:00","dateModified":"2022-10-04T14:57:46+00:00","mainEntityOfPage":{"@id":"https:\/\/lararkarriar.se\/grundskola\/2022\/10\/04\/ett-tryggt-barn-far-lattare-att-lara\/"},"wordCount":1070,"commentCount":0,"image":{"@id":"https:\/\/lararkarriar.se\/grundskola\/2022\/10\/04\/ett-tryggt-barn-far-lattare-att-lara\/#primaryimage"},"thumbnailUrl":"https:\/\/lararkarriar.se\/grundskola\/wp-content\/uploads\/sites\/12\/2022\/10\/trelleborg-dsc3121.jpg","keywords":["Trelleborgs kommun"],"articleSection":["Presentation"],"inLanguage":"sv-SE","potentialAction":[{"@type":"CommentAction","name":"Comment","target":["https:\/\/lararkarriar.se\/grundskola\/2022\/10\/04\/ett-tryggt-barn-far-lattare-att-lara\/#respond"]}]},{"@type":"WebPage","@id":"https:\/\/lararkarriar.se\/grundskola\/2022\/10\/04\/ett-tryggt-barn-far-lattare-att-lara\/","url":"https:\/\/lararkarriar.se\/grundskola\/2022\/10\/04\/ett-tryggt-barn-far-lattare-att-lara\/","name":"\u201dEtt tryggt barn f\u00e5r l\u00e4ttare att l\u00e4ra\u201d - Framtidens Karri\u00e4r \u2013 Grundskolel\u00e4rare","isPartOf":{"@id":"https:\/\/lararkarriar.se\/grundskola\/#website"},"primaryImageOfPage":{"@id":"https:\/\/lararkarriar.se\/grundskola\/2022\/10\/04\/ett-tryggt-barn-far-lattare-att-lara\/#primaryimage"},"image":{"@id":"https:\/\/lararkarriar.se\/grundskola\/2022\/10\/04\/ett-tryggt-barn-far-lattare-att-lara\/#primaryimage"},"thumbnailUrl":"https:\/\/lararkarriar.se\/grundskola\/wp-content\/uploads\/sites\/12\/2022\/10\/trelleborg-dsc3121.jpg","datePublished":"2022-10-04T11:48:30+00:00","dateModified":"2022-10-04T14:57:46+00:00","author":{"@id":"https:\/\/lararkarriar.se\/grundskola\/#\/schema\/person\/2a13a849ec7646386c2211f59afe3083"},"breadcrumb":{"@id":"https:\/\/lararkarriar.se\/grundskola\/2022\/10\/04\/ett-tryggt-barn-far-lattare-att-lara\/#breadcrumb"},"inLanguage":"sv-SE","potentialAction":[{"@type":"ReadAction","target":["https:\/\/lararkarriar.se\/grundskola\/2022\/10\/04\/ett-tryggt-barn-far-lattare-att-lara\/"]}]},{"@type":"ImageObject","inLanguage":"sv-SE","@id":"https:\/\/lararkarriar.se\/grundskola\/2022\/10\/04\/ett-tryggt-barn-far-lattare-att-lara\/#primaryimage","url":"https:\/\/lararkarriar.se\/grundskola\/wp-content\/uploads\/sites\/12\/2022\/10\/trelleborg-dsc3121.jpg","contentUrl":"https:\/\/lararkarriar.se\/grundskola\/wp-content\/uploads\/sites\/12\/2022\/10\/trelleborg-dsc3121.jpg","width":1000,"height":638,"caption":"Malin Gustafsson, Ingrid Nilsson, Madelene Carlstr\u00f6m, Erica Diebig och Marie Perleryd \u00e4r alla \u00f6verens om att det \u00e4r en stor ynnest att f\u00e5 f\u00f6lja barnen fr\u00e5n att de g\u00e5r i f\u00f6rskolan till att de slutar nian. De ser fram emot alla nya sp\u00e4nnande samarbeten som v\u00e4ntar fram\u00f6ver. Foto: Jens C Hilner"},{"@type":"BreadcrumbList","@id":"https:\/\/lararkarriar.se\/grundskola\/2022\/10\/04\/ett-tryggt-barn-far-lattare-att-lara\/#breadcrumb","itemListElement":[{"@type":"ListItem","position":1,"name":"Home","item":"https:\/\/lararkarriar.se\/grundskola\/"},{"@type":"ListItem","position":2,"name":"\u201dEtt tryggt barn f\u00e5r l\u00e4ttare att l\u00e4ra\u201d"}]},{"@type":"WebSite","@id":"https:\/\/lararkarriar.se\/grundskola\/#website","url":"https:\/\/lararkarriar.se\/grundskola\/","name":"Framtidens Karri\u00e4r \u2013 Grundskolel\u00e4rare","description":"Just another NMDashboard.se Sites site","potentialAction":[{"@type":"SearchAction","target":{"@type":"EntryPoint","urlTemplate":"https:\/\/lararkarriar.se\/grundskola\/?s={search_term_string}"},"query-input":{"@type":"PropertyValueSpecification","valueRequired":true,"valueName":"search_term_string"}}],"inLanguage":"sv-SE"},{"@type":"Person","@id":"https:\/\/lararkarriar.se\/grundskola\/#\/schema\/person\/2a13a849ec7646386c2211f59afe3083","name":"viktorwallen","image":{"@type":"ImageObject","inLanguage":"sv-SE","@id":"https:\/\/secure.gravatar.com\/avatar\/701701bd36169636031933997c8c6b954f2f635bbb7cd4802e4a007f9c9f4e59?s=96&d=mm&r=g","url":"https:\/\/secure.gravatar.com\/avatar\/701701bd36169636031933997c8c6b954f2f635bbb7cd4802e4a007f9c9f4e59?s=96&d=mm&r=g","contentUrl":"https:\/\/secure.gravatar.com\/avatar\/701701bd36169636031933997c8c6b954f2f635bbb7cd4802e4a007f9c9f4e59?s=96&d=mm&r=g","caption":"viktorwallen"},"url":"https:\/\/lararkarriar.se\/grundskola\/author\/viktorwallen\/"}]}},"_links":{"self":[{"href":"https:\/\/lararkarriar.se\/grundskola\/wp-json\/wp\/v2\/posts\/7863","targetHints":{"allow":["GET"]}}],"collection":[{"href":"https:\/\/lararkarriar.se\/grundskola\/wp-json\/wp\/v2\/posts"}],"about":[{"href":"https:\/\/lararkarriar.se\/grundskola\/wp-json\/wp\/v2\/types\/post"}],"author":[{"embeddable":true,"href":"https:\/\/lararkarriar.se\/grundskola\/wp-json\/wp\/v2\/users\/2"}],"replies":[{"embeddable":true,"href":"https:\/\/lararkarriar.se\/grundskola\/wp-json\/wp\/v2\/comments?post=7863"}],"version-history":[{"count":4,"href":"https:\/\/lararkarriar.se\/grundskola\/wp-json\/wp\/v2\/posts\/7863\/revisions"}],"predecessor-version":[{"id":7967,"href":"https:\/\/lararkarriar.se\/grundskola\/wp-json\/wp\/v2\/posts\/7863\/revisions\/7967"}],"wp:featuredmedia":[{"embeddable":true,"href":"https:\/\/lararkarriar.se\/grundskola\/wp-json\/wp\/v2\/media\/7865"}],"wp:attachment":[{"href":"https:\/\/lararkarriar.se\/grundskola\/wp-json\/wp\/v2\/media?parent=7863"}],"wp:term":[{"taxonomy":"category","embeddable":true,"href":"https:\/\/lararkarriar.se\/grundskola\/wp-json\/wp\/v2\/categories?post=7863"},{"taxonomy":"post_tag","embeddable":true,"href":"https:\/\/lararkarriar.se\/grundskola\/wp-json\/wp\/v2\/tags?post=7863"}],"curies":[{"name":"wp","href":"https:\/\/api.w.org\/{rel}","templated":true}]}}