{"id":7873,"date":"2022-10-04T12:02:49","date_gmt":"2022-10-04T12:02:49","guid":{"rendered":"https:\/\/lararkarriar.se\/grundskola\/?p=7873"},"modified":"2022-10-04T14:57:33","modified_gmt":"2022-10-04T14:57:33","slug":"liten-kommun-med-stora-mojligheter","status":"publish","type":"post","link":"https:\/\/lararkarriar.se\/grundskola\/2022\/10\/04\/liten-kommun-med-stora-mojligheter\/","title":{"rendered":"Liten kommun med stora m\u00f6jligheter"},"content":{"rendered":"\n<figure class=\"wp-block-image size-full\"><img loading=\"lazy\" decoding=\"async\" width=\"1000\" height=\"665\" src=\"https:\/\/lararkarriar.se\/grundskola\/wp-content\/uploads\/sites\/12\/2022\/10\/upplandsbro-pxl-20220929-135058044portrait.jpg\" alt=\"Marika L\u00f6f, F\u20134-l\u00e4rare i en av de kommungemensamma resursgrupperna.\" class=\"wp-image-7874\" srcset=\"https:\/\/lararkarriar.se\/grundskola\/wp-content\/uploads\/sites\/12\/2022\/10\/upplandsbro-pxl-20220929-135058044portrait.jpg 1000w, https:\/\/lararkarriar.se\/grundskola\/wp-content\/uploads\/sites\/12\/2022\/10\/upplandsbro-pxl-20220929-135058044portrait-300x200.jpg 300w, https:\/\/lararkarriar.se\/grundskola\/wp-content\/uploads\/sites\/12\/2022\/10\/upplandsbro-pxl-20220929-135058044portrait-768x511.jpg 768w, https:\/\/lararkarriar.se\/grundskola\/wp-content\/uploads\/sites\/12\/2022\/10\/upplandsbro-pxl-20220929-135058044portrait-241x160.jpg 241w, https:\/\/lararkarriar.se\/grundskola\/wp-content\/uploads\/sites\/12\/2022\/10\/upplandsbro-pxl-20220929-135058044portrait-526x350.jpg 526w, https:\/\/lararkarriar.se\/grundskola\/wp-content\/uploads\/sites\/12\/2022\/10\/upplandsbro-pxl-20220929-135058044portrait-720x479.jpg 720w, https:\/\/lararkarriar.se\/grundskola\/wp-content\/uploads\/sites\/12\/2022\/10\/upplandsbro-pxl-20220929-135058044portrait-960x638.jpg 960w\" sizes=\"auto, (max-width: 1000px) 100vw, 1000px\" \/><figcaption>Marika L\u00f6f, F\u20134-l\u00e4rare i en av de kommungemensamma resursgrupperna.<\/figcaption><\/figure>\n\n\n\n<p><strong>Upplands-Bro \u00e4r en liten kommun med stora m\u00f6jligheter d\u00e4r grundskolans verksamhet vilar p\u00e5 en stabil st\u00f6dstruktur. H\u00e4r erbjuds bland annat kommungemensamma resursgrupper d\u00e4r barn i behov av extraordin\u00e4rt st\u00f6d f\u00e5r sin undervisning. En satsning som lyckats \u00f6ver f\u00f6rv\u00e4ntan.<\/strong><\/p>\n\n\n\n<p>I Upplands-Bros grundskolor \u00e4r det samarbete som g\u00e4ller. N\u00e4tverkande \u00e4r mer regel \u00e4n undantag.<br>\u2013 Som l\u00e4rare har man ett stort kontaktn\u00e4t i kommunen, det finns inga vattent\u00e4ta skott mellan vare sig olika stadier, \u00e4mnen eller skolor. Vi finns d\u00e4r f\u00f6r varandra och hj\u00e4lps \u00e5t. Arbetet med eleverna \u00e4r i m\u00e5ngt och mycket ett lagbygge. Man beh\u00f6ver inte kunna allt sj\u00e4lv, tillsammans klarar vi det mesta, s\u00e4ger Maria Ohlin, F\u20136-l\u00e4rare i en av de kommungemensamma resursgrupperna, och f\u00f6rstel\u00e4rare med inriktning mot differentierad undervisning.<br>Hon f\u00e5r medh\u00e5ll av kollegan Marika L\u00f6f, som arbetar med \u00e5rskurserna F\u20134 i en av de kommungemensamma resursgrupperna.<br>\u2013 Jag alltid varit intresserad av skolutveckling med inriktning p\u00e5 barn i behov av extra s\u00e4rskilt st\u00f6d. N\u00e4r m\u00f6jligheten att vara med och skapa en struktur f\u00f6r kommungemensamma resursgrupper d\u00f6k upp tog jag chansen att f\u00e5 vara med och bygga strukturer och l\u00e4rmilj\u00f6er f\u00f6r \u00e4ndam\u00e5let.<\/p>\n\n\n\n<p class=\"has-color-white-01-color has-text-color has-background\" style=\"background-color:#00404e\"><strong><a href=\"https:\/\/www.upplands-bro.se\/arbete-och-lediga-jobb\/lediga-jobb.html\" title=\"Upplands-Bro kommun HT22 pres jobb\" target=\"_blank\" rel=\"noreferrer noopener\">Jobba som l\u00e4rare med oss i Upplands-Bro. <span style=\"text-decoration: underline;\">Klicka h\u00e4r f\u00f6r att se v\u00e5ra lediga tj\u00e4nster<\/span><\/a><\/strong><\/p>\n\n\n\n<p><strong>Extra ordin\u00e4ra st\u00f6dbehov<\/strong><br>Resursgrupperna v\u00e4nder sig till elever d\u00e4r vanliga anpassningar i klassrummen inte r\u00e4cker till.<br>\u2013 N\u00e4r alla m\u00f6jligheter till st\u00f6d inom skolans vanliga ramar \u00e4r utt\u00f6mda kan en rektor, tillsammans med undervisande l\u00e4rare, g\u00f6ra en ans\u00f6kan till kommunens resursteam om att en elev har extraordin\u00e4ra behov kring sin NPF-diagnos, vilket det ofta handlar om n\u00e4r eleverna hamnar i de h\u00e4r grupperna, ber\u00e4ttar Marika.<br>Satsningen startade f\u00f6r tv\u00e5 \u00e5r sedan i liten skala.<br>\u2013 Sedan har vi sett behovet och \u00f6kat elevintaget efterhand. Idag har vi totalt fem resursgrupper f\u00f6rdelade p\u00e5 elever i l\u00e5g-, mellan- och h\u00f6gstadium, ber\u00e4ttar Marika.<\/p>\n\n\n<div class=\"wp-block-image\">\n<figure class=\"alignright size-full is-resized\"><img loading=\"lazy\" decoding=\"async\" src=\"https:\/\/lararkarriar.se\/grundskola\/wp-content\/uploads\/sites\/12\/2022\/10\/upplandsbro-mariaohlin2.jpg\" alt=\"Maria Ohlin, F\u20136-l\u00e4rare i en av de kommungemensamma resursgrupperna.\" class=\"wp-image-7875\" width=\"125\" height=\"168\" srcset=\"https:\/\/lararkarriar.se\/grundskola\/wp-content\/uploads\/sites\/12\/2022\/10\/upplandsbro-mariaohlin2.jpg 500w, https:\/\/lararkarriar.se\/grundskola\/wp-content\/uploads\/sites\/12\/2022\/10\/upplandsbro-mariaohlin2-223x300.jpg 223w, https:\/\/lararkarriar.se\/grundskola\/wp-content\/uploads\/sites\/12\/2022\/10\/upplandsbro-mariaohlin2-119x160.jpg 119w\" sizes=\"auto, (max-width: 125px) 100vw, 125px\" \/><figcaption>Maria Ohlin, F\u20136-l\u00e4rare i en av de kommungemensamma resursgrupperna.<\/figcaption><\/figure>\n<\/div>\n\n\n<p><strong>Tillsammans<\/strong><br>Maria arbetade som klassl\u00e4rare n\u00e4r hon s\u00f6kte tj\u00e4nsten som l\u00e4rare i en kommungemensam resursgrupp.<br>\u2013 Det l\u00e4t som en sp\u00e4nnande utmaning. I grupperna f\u00f6rs\u00f6ker vi tillsammans med resurspedagoger anpassa skoldagen utifr\u00e5n varje individs f\u00f6rm\u00e5ga till skolarbete. Eleven f\u00e5r sin garanterade undervisningstid utifr\u00e5n ett \u00e5tg\u00e4rdsprogram d\u00e4r fokus ligger p\u00e5 k\u00e4rn\u00e4mnena, sedan kombinerar vi in SO- och NO-teman, allt utifr\u00e5n elevens egna f\u00f6ruts\u00e4ttningar. Siktet \u00e4r inst\u00e4llt p\u00e5 att vi ska pusha, utmana och utveckla utifr\u00e5n elevens f\u00f6rm\u00e5gor s\u00e5 att den beh\u00e5lls i skolans v\u00e4rld och inte riskerar att bli en hemmasittare eller k\u00e4nna sig misslyckad. Vi ska lyckas tillsammans.<br>Det \u00f6vergripande m\u00e5let \u00e4r att eleverna efter en tid ska kunna g\u00e5 tillbaka till sina ordinarie skolklasser.<br>\u2013 Det finns flera exempel p\u00e5 elever som efter en tid i resursgruppen till\u00e4gnat sig strategier f\u00f6r att hantera sina sv\u00e5righeter och \u00e5ter kan delta i ett st\u00f6rre sammanhang. Det tycker jag \u00e4r ett v\u00e4ldigt fint resultat, s\u00e4ger Marika<br>\u2013 Ja, det \u00e4r samma sak hos oss. De tidigare hemmasittarna \u00e4r i skola och i undervisning, tycker det \u00e4r kul och presterar, vilket g\u00f6r att de har chanser att n\u00e5 betyg i nian och d\u00e4rmed kan g\u00e5 vidare till gymnasiet, s\u00e4ger Maria.<\/p>\n\n\n\n<p><strong>Allt finns<\/strong><br>De b\u00e5da kollegorna kan varmt rekommendera andra l\u00e4rare att s\u00f6ka sig till skolorna inom Upplands-Bro kommun.<br>\u2013 H\u00e4r finns stora m\u00f6jligheter att utvecklas som l\u00e4rare i en rad olika riktningar. Jag har till exempel f\u00e5tt m\u00f6jligheten att delta i kommunens ledarskapsutbildning och gick aspirantprogrammet h\u00e4rom\u00e5ret, s\u00e4ger Maria.<br>Marika lyfter fram f\u00f6rdelen med att Upplands-Bro \u00e4r en liten kommun med mycket bra l\u00e4ge.<br>\u2013 H\u00e4r finns ett tydligt sammanhang fr\u00e5n f\u00f6rskola \u00e4nda upp till gymnasiet. Vi har n\u00e4ra till b\u00e5de storstad och vacker natur vilket g\u00f6r att det finns massor med fina och stimulerande l\u00e4rmilj\u00f6er p\u00e5 n\u00e4ra h\u00e5ll. Att vi dessutom har v\u00e4ldigt roligt p\u00e5 jobbet g\u00f6r inte saken s\u00e4mre, h\u00e4r finns allt man kan \u00f6nska sig och lite till.<\/p>\n\n\n\n<p class=\"has-color-white-01-color has-text-color has-background\" style=\"background-color:#00404e\"><strong><a href=\"https:\/\/www.upplands-bro.se\/arbete-och-lediga-jobb\/lediga-jobb.html\" title=\"Upplands-Bro kommun HT22 pres jobb\" target=\"_blank\" rel=\"noreferrer noopener\">Jobba som l\u00e4rare med oss i Upplands-Bro. <span style=\"text-decoration: underline;\">Klicka h\u00e4r f\u00f6r att se v\u00e5ra lediga tj\u00e4nster<\/span><\/a><\/strong><\/p>\n\n\n\n<div class=\"wp-block-group faktaruta\"><div class=\"wp-block-group__inner-container is-layout-flow wp-block-group-is-layout-flow\">\n<h6 class=\"wp-block-heading\">Upplands-Bro kommun<\/h6>\n\n\n\n<p>I Upplands-Bro, en av Sveriges mest expansiva kommuner, finns tio kommunala grundskolor d\u00e4r utveckling st\u00e5r i centrum. Vi v\u00e4lkomnar dig till en arbetsplats d\u00e4r ledorden i v\u00e5rt arbete och f\u00f6rh\u00e5llningss\u00e4tt \u00e4r helhetssyn, engagemang och professionalitet.<br><br><strong><a href=\"https:\/\/www.upplands-bro.se\/\" title=\"Upplands-Bro kommun HT22 pres textlink\" target=\"_blank\" rel=\"noreferrer noopener\">www.upplands-bro.se<\/a><\/strong><br><br><a href=\"https:\/\/www.upplands-bro.se\/\" title=\"Upplands-Bro kommun HT22 pres logotype\" target=\"_blank\" rel=\"noreferrer noopener\"><img loading=\"lazy\" decoding=\"async\" width=\"150\" height=\"39\" class=\"wp-image-7876\" style=\"width: 150px;\" src=\"https:\/\/lararkarriar.se\/grundskola\/wp-content\/uploads\/sites\/12\/2022\/10\/upplandsbro-ubk-logo-svart.png\" alt=\"\" srcset=\"https:\/\/lararkarriar.se\/grundskola\/wp-content\/uploads\/sites\/12\/2022\/10\/upplandsbro-ubk-logo-svart.png 500w, https:\/\/lararkarriar.se\/grundskola\/wp-content\/uploads\/sites\/12\/2022\/10\/upplandsbro-ubk-logo-svart-300x77.png 300w\" sizes=\"auto, (max-width: 150px) 100vw, 150px\" \/><\/a><\/p>\n<\/div><\/div>\n","protected":false},"excerpt":{"rendered":"<p>H\u00e4r vilar grundskolans verksamhet p\u00e5 en stabil st\u00f6dstruktur.<\/p>\n","protected":false},"author":2,"featured_media":7877,"comment_status":"open","ping_status":"open","sticky":false,"template":"","format":"standard","meta":{"_acf_changed":false,"_monsterinsights_skip_tracking":false,"_monsterinsights_sitenote_active":false,"_monsterinsights_sitenote_note":"","_monsterinsights_sitenote_category":0,"footnotes":""},"categories":[7],"tags":[419],"class_list":["post-7873","post","type-post","status-publish","format-standard","has-post-thumbnail","hentry","category-presentation","tag-upplands-bro"],"acf":[],"yoast_head":"<!-- This site is optimized with the Yoast SEO plugin v27.3 - https:\/\/yoast.com\/product\/yoast-seo-wordpress\/ -->\n<title>Liten kommun med stora m\u00f6jligheter - Framtidens Karri\u00e4r \u2013 Grundskolel\u00e4rare<\/title>\n<meta name=\"robots\" content=\"index, follow, max-snippet:-1, max-image-preview:large, max-video-preview:-1\" \/>\n<link rel=\"canonical\" href=\"https:\/\/lararkarriar.se\/grundskola\/2022\/10\/04\/liten-kommun-med-stora-mojligheter\/\" \/>\n<meta property=\"og:locale\" content=\"sv_SE\" \/>\n<meta property=\"og:type\" content=\"article\" \/>\n<meta property=\"og:title\" content=\"Liten kommun med stora m\u00f6jligheter - Framtidens Karri\u00e4r \u2013 Grundskolel\u00e4rare\" \/>\n<meta property=\"og:description\" content=\"H\u00e4r vilar grundskolans verksamhet p\u00e5 en stabil st\u00f6dstruktur.\" \/>\n<meta property=\"og:url\" content=\"https:\/\/lararkarriar.se\/grundskola\/2022\/10\/04\/liten-kommun-med-stora-mojligheter\/\" \/>\n<meta property=\"og:site_name\" content=\"Framtidens Karri\u00e4r \u2013 Grundskolel\u00e4rare\" \/>\n<meta property=\"article:published_time\" content=\"2022-10-04T12:02:49+00:00\" \/>\n<meta property=\"article:modified_time\" content=\"2022-10-04T14:57:33+00:00\" \/>\n<meta property=\"og:image\" content=\"https:\/\/lararkarriar.se\/grundskola\/wp-content\/uploads\/sites\/12\/2022\/10\/upplandsbro-both-768x446.jpg\" \/>\n\t<meta property=\"og:image:width\" content=\"768\" \/>\n\t<meta property=\"og:image:height\" content=\"446\" \/>\n\t<meta property=\"og:image:type\" content=\"image\/jpeg\" \/>\n<meta name=\"author\" content=\"viktorwallen\" \/>\n<meta name=\"twitter:card\" content=\"summary_large_image\" \/>\n<meta name=\"twitter:label1\" content=\"Skriven av\" \/>\n\t<meta name=\"twitter:data1\" content=\"viktorwallen\" \/>\n\t<meta name=\"twitter:label2\" content=\"Ber\u00e4knad l\u00e4stid\" \/>\n\t<meta name=\"twitter:data2\" content=\"5 minuter\" \/>\n<script type=\"application\/ld+json\" class=\"yoast-schema-graph\">{\"@context\":\"https:\\\/\\\/schema.org\",\"@graph\":[{\"@type\":\"Article\",\"@id\":\"https:\\\/\\\/lararkarriar.se\\\/grundskola\\\/2022\\\/10\\\/04\\\/liten-kommun-med-stora-mojligheter\\\/#article\",\"isPartOf\":{\"@id\":\"https:\\\/\\\/lararkarriar.se\\\/grundskola\\\/2022\\\/10\\\/04\\\/liten-kommun-med-stora-mojligheter\\\/\"},\"author\":{\"name\":\"viktorwallen\",\"@id\":\"https:\\\/\\\/lararkarriar.se\\\/grundskola\\\/#\\\/schema\\\/person\\\/2a13a849ec7646386c2211f59afe3083\"},\"headline\":\"Liten kommun med stora m\u00f6jligheter\",\"datePublished\":\"2022-10-04T12:02:49+00:00\",\"dateModified\":\"2022-10-04T14:57:33+00:00\",\"mainEntityOfPage\":{\"@id\":\"https:\\\/\\\/lararkarriar.se\\\/grundskola\\\/2022\\\/10\\\/04\\\/liten-kommun-med-stora-mojligheter\\\/\"},\"wordCount\":835,\"commentCount\":0,\"image\":{\"@id\":\"https:\\\/\\\/lararkarriar.se\\\/grundskola\\\/2022\\\/10\\\/04\\\/liten-kommun-med-stora-mojligheter\\\/#primaryimage\"},\"thumbnailUrl\":\"https:\\\/\\\/lararkarriar.se\\\/grundskola\\\/wp-content\\\/uploads\\\/sites\\\/12\\\/2022\\\/10\\\/upplandsbro-both.jpg\",\"keywords\":[\"Upplands-Bro\"],\"articleSection\":[\"Presentation\"],\"inLanguage\":\"sv-SE\",\"potentialAction\":[{\"@type\":\"CommentAction\",\"name\":\"Comment\",\"target\":[\"https:\\\/\\\/lararkarriar.se\\\/grundskola\\\/2022\\\/10\\\/04\\\/liten-kommun-med-stora-mojligheter\\\/#respond\"]}]},{\"@type\":\"WebPage\",\"@id\":\"https:\\\/\\\/lararkarriar.se\\\/grundskola\\\/2022\\\/10\\\/04\\\/liten-kommun-med-stora-mojligheter\\\/\",\"url\":\"https:\\\/\\\/lararkarriar.se\\\/grundskola\\\/2022\\\/10\\\/04\\\/liten-kommun-med-stora-mojligheter\\\/\",\"name\":\"Liten kommun med stora m\u00f6jligheter - Framtidens Karri\u00e4r \u2013 Grundskolel\u00e4rare\",\"isPartOf\":{\"@id\":\"https:\\\/\\\/lararkarriar.se\\\/grundskola\\\/#website\"},\"primaryImageOfPage\":{\"@id\":\"https:\\\/\\\/lararkarriar.se\\\/grundskola\\\/2022\\\/10\\\/04\\\/liten-kommun-med-stora-mojligheter\\\/#primaryimage\"},\"image\":{\"@id\":\"https:\\\/\\\/lararkarriar.se\\\/grundskola\\\/2022\\\/10\\\/04\\\/liten-kommun-med-stora-mojligheter\\\/#primaryimage\"},\"thumbnailUrl\":\"https:\\\/\\\/lararkarriar.se\\\/grundskola\\\/wp-content\\\/uploads\\\/sites\\\/12\\\/2022\\\/10\\\/upplandsbro-both.jpg\",\"datePublished\":\"2022-10-04T12:02:49+00:00\",\"dateModified\":\"2022-10-04T14:57:33+00:00\",\"author\":{\"@id\":\"https:\\\/\\\/lararkarriar.se\\\/grundskola\\\/#\\\/schema\\\/person\\\/2a13a849ec7646386c2211f59afe3083\"},\"breadcrumb\":{\"@id\":\"https:\\\/\\\/lararkarriar.se\\\/grundskola\\\/2022\\\/10\\\/04\\\/liten-kommun-med-stora-mojligheter\\\/#breadcrumb\"},\"inLanguage\":\"sv-SE\",\"potentialAction\":[{\"@type\":\"ReadAction\",\"target\":[\"https:\\\/\\\/lararkarriar.se\\\/grundskola\\\/2022\\\/10\\\/04\\\/liten-kommun-med-stora-mojligheter\\\/\"]}]},{\"@type\":\"ImageObject\",\"inLanguage\":\"sv-SE\",\"@id\":\"https:\\\/\\\/lararkarriar.se\\\/grundskola\\\/2022\\\/10\\\/04\\\/liten-kommun-med-stora-mojligheter\\\/#primaryimage\",\"url\":\"https:\\\/\\\/lararkarriar.se\\\/grundskola\\\/wp-content\\\/uploads\\\/sites\\\/12\\\/2022\\\/10\\\/upplandsbro-both.jpg\",\"contentUrl\":\"https:\\\/\\\/lararkarriar.se\\\/grundskola\\\/wp-content\\\/uploads\\\/sites\\\/12\\\/2022\\\/10\\\/upplandsbro-both.jpg\",\"width\":979,\"height\":569},{\"@type\":\"BreadcrumbList\",\"@id\":\"https:\\\/\\\/lararkarriar.se\\\/grundskola\\\/2022\\\/10\\\/04\\\/liten-kommun-med-stora-mojligheter\\\/#breadcrumb\",\"itemListElement\":[{\"@type\":\"ListItem\",\"position\":1,\"name\":\"Home\",\"item\":\"https:\\\/\\\/lararkarriar.se\\\/grundskola\\\/\"},{\"@type\":\"ListItem\",\"position\":2,\"name\":\"Liten kommun med stora m\u00f6jligheter\"}]},{\"@type\":\"WebSite\",\"@id\":\"https:\\\/\\\/lararkarriar.se\\\/grundskola\\\/#website\",\"url\":\"https:\\\/\\\/lararkarriar.se\\\/grundskola\\\/\",\"name\":\"Framtidens Karri\u00e4r \u2013 Grundskolel\u00e4rare\",\"description\":\"Just another NMDashboard.se Sites site\",\"potentialAction\":[{\"@type\":\"SearchAction\",\"target\":{\"@type\":\"EntryPoint\",\"urlTemplate\":\"https:\\\/\\\/lararkarriar.se\\\/grundskola\\\/?s={search_term_string}\"},\"query-input\":{\"@type\":\"PropertyValueSpecification\",\"valueRequired\":true,\"valueName\":\"search_term_string\"}}],\"inLanguage\":\"sv-SE\"},{\"@type\":\"Person\",\"@id\":\"https:\\\/\\\/lararkarriar.se\\\/grundskola\\\/#\\\/schema\\\/person\\\/2a13a849ec7646386c2211f59afe3083\",\"name\":\"viktorwallen\",\"image\":{\"@type\":\"ImageObject\",\"inLanguage\":\"sv-SE\",\"@id\":\"https:\\\/\\\/secure.gravatar.com\\\/avatar\\\/701701bd36169636031933997c8c6b954f2f635bbb7cd4802e4a007f9c9f4e59?s=96&d=mm&r=g\",\"url\":\"https:\\\/\\\/secure.gravatar.com\\\/avatar\\\/701701bd36169636031933997c8c6b954f2f635bbb7cd4802e4a007f9c9f4e59?s=96&d=mm&r=g\",\"contentUrl\":\"https:\\\/\\\/secure.gravatar.com\\\/avatar\\\/701701bd36169636031933997c8c6b954f2f635bbb7cd4802e4a007f9c9f4e59?s=96&d=mm&r=g\",\"caption\":\"viktorwallen\"},\"url\":\"https:\\\/\\\/lararkarriar.se\\\/grundskola\\\/author\\\/viktorwallen\\\/\"}]}<\/script>\n<!-- \/ Yoast SEO plugin. -->","yoast_head_json":{"title":"Liten kommun med stora m\u00f6jligheter - Framtidens Karri\u00e4r \u2013 Grundskolel\u00e4rare","robots":{"index":"index","follow":"follow","max-snippet":"max-snippet:-1","max-image-preview":"max-image-preview:large","max-video-preview":"max-video-preview:-1"},"canonical":"https:\/\/lararkarriar.se\/grundskola\/2022\/10\/04\/liten-kommun-med-stora-mojligheter\/","og_locale":"sv_SE","og_type":"article","og_title":"Liten kommun med stora m\u00f6jligheter - Framtidens Karri\u00e4r \u2013 Grundskolel\u00e4rare","og_description":"H\u00e4r vilar grundskolans verksamhet p\u00e5 en stabil st\u00f6dstruktur.","og_url":"https:\/\/lararkarriar.se\/grundskola\/2022\/10\/04\/liten-kommun-med-stora-mojligheter\/","og_site_name":"Framtidens Karri\u00e4r \u2013 Grundskolel\u00e4rare","article_published_time":"2022-10-04T12:02:49+00:00","article_modified_time":"2022-10-04T14:57:33+00:00","og_image":[{"width":768,"height":446,"url":"https:\/\/lararkarriar.se\/grundskola\/wp-content\/uploads\/sites\/12\/2022\/10\/upplandsbro-both-768x446.jpg","type":"image\/jpeg"}],"author":"viktorwallen","twitter_card":"summary_large_image","twitter_misc":{"Skriven av":"viktorwallen","Ber\u00e4knad l\u00e4stid":"5 minuter"},"schema":{"@context":"https:\/\/schema.org","@graph":[{"@type":"Article","@id":"https:\/\/lararkarriar.se\/grundskola\/2022\/10\/04\/liten-kommun-med-stora-mojligheter\/#article","isPartOf":{"@id":"https:\/\/lararkarriar.se\/grundskola\/2022\/10\/04\/liten-kommun-med-stora-mojligheter\/"},"author":{"name":"viktorwallen","@id":"https:\/\/lararkarriar.se\/grundskola\/#\/schema\/person\/2a13a849ec7646386c2211f59afe3083"},"headline":"Liten kommun med stora m\u00f6jligheter","datePublished":"2022-10-04T12:02:49+00:00","dateModified":"2022-10-04T14:57:33+00:00","mainEntityOfPage":{"@id":"https:\/\/lararkarriar.se\/grundskola\/2022\/10\/04\/liten-kommun-med-stora-mojligheter\/"},"wordCount":835,"commentCount":0,"image":{"@id":"https:\/\/lararkarriar.se\/grundskola\/2022\/10\/04\/liten-kommun-med-stora-mojligheter\/#primaryimage"},"thumbnailUrl":"https:\/\/lararkarriar.se\/grundskola\/wp-content\/uploads\/sites\/12\/2022\/10\/upplandsbro-both.jpg","keywords":["Upplands-Bro"],"articleSection":["Presentation"],"inLanguage":"sv-SE","potentialAction":[{"@type":"CommentAction","name":"Comment","target":["https:\/\/lararkarriar.se\/grundskola\/2022\/10\/04\/liten-kommun-med-stora-mojligheter\/#respond"]}]},{"@type":"WebPage","@id":"https:\/\/lararkarriar.se\/grundskola\/2022\/10\/04\/liten-kommun-med-stora-mojligheter\/","url":"https:\/\/lararkarriar.se\/grundskola\/2022\/10\/04\/liten-kommun-med-stora-mojligheter\/","name":"Liten kommun med stora m\u00f6jligheter - Framtidens Karri\u00e4r \u2013 Grundskolel\u00e4rare","isPartOf":{"@id":"https:\/\/lararkarriar.se\/grundskola\/#website"},"primaryImageOfPage":{"@id":"https:\/\/lararkarriar.se\/grundskola\/2022\/10\/04\/liten-kommun-med-stora-mojligheter\/#primaryimage"},"image":{"@id":"https:\/\/lararkarriar.se\/grundskola\/2022\/10\/04\/liten-kommun-med-stora-mojligheter\/#primaryimage"},"thumbnailUrl":"https:\/\/lararkarriar.se\/grundskola\/wp-content\/uploads\/sites\/12\/2022\/10\/upplandsbro-both.jpg","datePublished":"2022-10-04T12:02:49+00:00","dateModified":"2022-10-04T14:57:33+00:00","author":{"@id":"https:\/\/lararkarriar.se\/grundskola\/#\/schema\/person\/2a13a849ec7646386c2211f59afe3083"},"breadcrumb":{"@id":"https:\/\/lararkarriar.se\/grundskola\/2022\/10\/04\/liten-kommun-med-stora-mojligheter\/#breadcrumb"},"inLanguage":"sv-SE","potentialAction":[{"@type":"ReadAction","target":["https:\/\/lararkarriar.se\/grundskola\/2022\/10\/04\/liten-kommun-med-stora-mojligheter\/"]}]},{"@type":"ImageObject","inLanguage":"sv-SE","@id":"https:\/\/lararkarriar.se\/grundskola\/2022\/10\/04\/liten-kommun-med-stora-mojligheter\/#primaryimage","url":"https:\/\/lararkarriar.se\/grundskola\/wp-content\/uploads\/sites\/12\/2022\/10\/upplandsbro-both.jpg","contentUrl":"https:\/\/lararkarriar.se\/grundskola\/wp-content\/uploads\/sites\/12\/2022\/10\/upplandsbro-both.jpg","width":979,"height":569},{"@type":"BreadcrumbList","@id":"https:\/\/lararkarriar.se\/grundskola\/2022\/10\/04\/liten-kommun-med-stora-mojligheter\/#breadcrumb","itemListElement":[{"@type":"ListItem","position":1,"name":"Home","item":"https:\/\/lararkarriar.se\/grundskola\/"},{"@type":"ListItem","position":2,"name":"Liten kommun med stora m\u00f6jligheter"}]},{"@type":"WebSite","@id":"https:\/\/lararkarriar.se\/grundskola\/#website","url":"https:\/\/lararkarriar.se\/grundskola\/","name":"Framtidens Karri\u00e4r \u2013 Grundskolel\u00e4rare","description":"Just another NMDashboard.se Sites site","potentialAction":[{"@type":"SearchAction","target":{"@type":"EntryPoint","urlTemplate":"https:\/\/lararkarriar.se\/grundskola\/?s={search_term_string}"},"query-input":{"@type":"PropertyValueSpecification","valueRequired":true,"valueName":"search_term_string"}}],"inLanguage":"sv-SE"},{"@type":"Person","@id":"https:\/\/lararkarriar.se\/grundskola\/#\/schema\/person\/2a13a849ec7646386c2211f59afe3083","name":"viktorwallen","image":{"@type":"ImageObject","inLanguage":"sv-SE","@id":"https:\/\/secure.gravatar.com\/avatar\/701701bd36169636031933997c8c6b954f2f635bbb7cd4802e4a007f9c9f4e59?s=96&d=mm&r=g","url":"https:\/\/secure.gravatar.com\/avatar\/701701bd36169636031933997c8c6b954f2f635bbb7cd4802e4a007f9c9f4e59?s=96&d=mm&r=g","contentUrl":"https:\/\/secure.gravatar.com\/avatar\/701701bd36169636031933997c8c6b954f2f635bbb7cd4802e4a007f9c9f4e59?s=96&d=mm&r=g","caption":"viktorwallen"},"url":"https:\/\/lararkarriar.se\/grundskola\/author\/viktorwallen\/"}]}},"_links":{"self":[{"href":"https:\/\/lararkarriar.se\/grundskola\/wp-json\/wp\/v2\/posts\/7873","targetHints":{"allow":["GET"]}}],"collection":[{"href":"https:\/\/lararkarriar.se\/grundskola\/wp-json\/wp\/v2\/posts"}],"about":[{"href":"https:\/\/lararkarriar.se\/grundskola\/wp-json\/wp\/v2\/types\/post"}],"author":[{"embeddable":true,"href":"https:\/\/lararkarriar.se\/grundskola\/wp-json\/wp\/v2\/users\/2"}],"replies":[{"embeddable":true,"href":"https:\/\/lararkarriar.se\/grundskola\/wp-json\/wp\/v2\/comments?post=7873"}],"version-history":[{"count":5,"href":"https:\/\/lararkarriar.se\/grundskola\/wp-json\/wp\/v2\/posts\/7873\/revisions"}],"predecessor-version":[{"id":7965,"href":"https:\/\/lararkarriar.se\/grundskola\/wp-json\/wp\/v2\/posts\/7873\/revisions\/7965"}],"wp:featuredmedia":[{"embeddable":true,"href":"https:\/\/lararkarriar.se\/grundskola\/wp-json\/wp\/v2\/media\/7877"}],"wp:attachment":[{"href":"https:\/\/lararkarriar.se\/grundskola\/wp-json\/wp\/v2\/media?parent=7873"}],"wp:term":[{"taxonomy":"category","embeddable":true,"href":"https:\/\/lararkarriar.se\/grundskola\/wp-json\/wp\/v2\/categories?post=7873"},{"taxonomy":"post_tag","embeddable":true,"href":"https:\/\/lararkarriar.se\/grundskola\/wp-json\/wp\/v2\/tags?post=7873"}],"curies":[{"name":"wp","href":"https:\/\/api.w.org\/{rel}","templated":true}]}}