{"id":7915,"date":"2022-10-04T13:27:20","date_gmt":"2022-10-04T13:27:20","guid":{"rendered":"https:\/\/lararkarriar.se\/grundskola\/?p=7915"},"modified":"2022-10-05T13:46:56","modified_gmt":"2022-10-05T13:46:56","slug":"kompetensutveckling-for-dig-inom-forskola-och-skola-3","status":"publish","type":"post","link":"https:\/\/lararkarriar.se\/grundskola\/2022\/10\/04\/kompetensutveckling-for-dig-inom-forskola-och-skola-3\/","title":{"rendered":"Kompetensutveckling f\u00f6r dig inom f\u00f6rskola och skola"},"content":{"rendered":"\n<figure class=\"wp-block-image size-full\"><img loading=\"lazy\" decoding=\"async\" width=\"1000\" height=\"648\" src=\"https:\/\/lararkarriar.se\/grundskola\/wp-content\/uploads\/sites\/12\/2022\/10\/studentlitt-bild.jpg\" alt=\"\" class=\"wp-image-7918\" srcset=\"https:\/\/lararkarriar.se\/grundskola\/wp-content\/uploads\/sites\/12\/2022\/10\/studentlitt-bild.jpg 1000w, https:\/\/lararkarriar.se\/grundskola\/wp-content\/uploads\/sites\/12\/2022\/10\/studentlitt-bild-300x194.jpg 300w, https:\/\/lararkarriar.se\/grundskola\/wp-content\/uploads\/sites\/12\/2022\/10\/studentlitt-bild-768x498.jpg 768w, https:\/\/lararkarriar.se\/grundskola\/wp-content\/uploads\/sites\/12\/2022\/10\/studentlitt-bild-247x160.jpg 247w, https:\/\/lararkarriar.se\/grundskola\/wp-content\/uploads\/sites\/12\/2022\/10\/studentlitt-bild-526x341.jpg 526w, https:\/\/lararkarriar.se\/grundskola\/wp-content\/uploads\/sites\/12\/2022\/10\/studentlitt-bild-720x467.jpg 720w, https:\/\/lararkarriar.se\/grundskola\/wp-content\/uploads\/sites\/12\/2022\/10\/studentlitt-bild-960x622.jpg 960w\" sizes=\"auto, (max-width: 1000px) 100vw, 1000px\" \/><figcaption>L\u00e4rare hj\u00e4lper tjej med uppgift under lektion<\/figcaption><\/figure>\n\n\n\n<p><strong>Vi erbjuder b\u00f6cker och digitala utbildningspaket som svarar mot aktuella kompetensutvecklingsbehov f\u00f6r dig som \u00e4r verksam inom skola. V\u00e5ra produkter grundar sig p\u00e5 aktuell forskning f\u00f6rmedlad p\u00e5 ett inspirerande och verksamhetsn\u00e4ra s\u00e4tt.\u00a0H\u00e4r m\u00f6ts vardag och vetenskap.\u00a0<\/strong><\/p>\n\n\n\n<p class=\"has-color-white-01-color has-text-color has-background\" style=\"background-color:#00404e\"><strong><a href=\"https:\/\/www.studentlitteratur.se\/kompetensutveckling\" title=\"Studentlitteratur annons HT22 l\u00e4s mer\" target=\"_blank\" rel=\"noreferrer noopener\"><span style=\"text-decoration: underline;\">Klicka h\u00e4r f\u00f6r att f\u00e5 mer information om hela v\u00e5rt kompetensutvecklingserbjudande<\/span><\/a><\/strong><\/p>\n\n\n\n<div class=\"wp-block-group faktaruta has-color-white-01-background-color has-background\"><div class=\"wp-block-group__inner-container is-layout-flow wp-block-group-is-layout-flow\">\n<h6 class=\"wp-block-heading\">Om Studentlitteratur<\/h6>\n\n\n\n<p>Vi p\u00e5 Studentlitteratur vill f\u00f6rb\u00e4ttra l\u00e4randet och skapa resultat f\u00f6r elever, studenter, l\u00e4rare och andra yrkesverksamma. Oavsett form och f\u00f6rpackning \u00e4r id\u00e9n alltid densamma. Allt vi g\u00f6r bygger p\u00e5 vetenskaplig grund, bepr\u00f6vad erfarenhet och m\u00e5lgruppsanpassade pedagogiska uppl\u00e4gg och metoder. Det \u00e4r d\u00e4rf\u00f6r vi \u00e4r Sveriges ledande utbildningsf\u00f6rlag.<br><br><strong><a href=\"https:\/\/www.studentlitteratur.se\/\" title=\"Studentlitteratur annons HT22 textlink\" target=\"_blank\" rel=\"noreferrer noopener\">www.studentlitteratur.se<\/a><\/strong><br><br><a href=\"https:\/\/www.studentlitteratur.se\/\" title=\"Studentlitteratur annons HT22 logotype\" target=\"_blank\" rel=\"noreferrer noopener\"><img loading=\"lazy\" decoding=\"async\" width=\"150\" height=\"39\" class=\"wp-image-7543\" style=\"width: 150px;\" src=\"https:\/\/lararkarriar.se\/grundskola\/wp-content\/uploads\/sites\/12\/2021\/10\/studentlitteratur-logo-720x189-1.png\" alt=\"\" srcset=\"https:\/\/lararkarriar.se\/grundskola\/wp-content\/uploads\/sites\/12\/2021\/10\/studentlitteratur-logo-720x189-1.png 720w, https:\/\/lararkarriar.se\/grundskola\/wp-content\/uploads\/sites\/12\/2021\/10\/studentlitteratur-logo-720x189-1-300x79.png 300w, https:\/\/lararkarriar.se\/grundskola\/wp-content\/uploads\/sites\/12\/2021\/10\/studentlitteratur-logo-720x189-1-610x160.png 610w, https:\/\/lararkarriar.se\/grundskola\/wp-content\/uploads\/sites\/12\/2021\/10\/studentlitteratur-logo-720x189-1-526x138.png 526w\" sizes=\"auto, (max-width: 150px) 100vw, 150px\" \/><\/a><\/p>\n<\/div><\/div>\n","protected":false},"excerpt":{"rendered":"<p>Vi erbjuder utbildningar och b\u00f6cker som svarar mot aktuella kompetensutvecklingsbehov f\u00f6r dig som \u00e4r verksam inom skola.<\/p>\n","protected":false},"author":3,"featured_media":7918,"comment_status":"open","ping_status":"open","sticky":false,"template":"","format":"standard","meta":{"_acf_changed":false,"_monsterinsights_skip_tracking":false,"_monsterinsights_sitenote_active":false,"_monsterinsights_sitenote_note":"","_monsterinsights_sitenote_category":0,"footnotes":""},"categories":[448],"tags":[371],"class_list":["post-7915","post","type-post","status-publish","format-standard","has-post-thumbnail","hentry","category-annons","tag-studentlitteratur"],"acf":[],"yoast_head":"<!-- This site is optimized with the Yoast SEO plugin v27.3 - https:\/\/yoast.com\/product\/yoast-seo-wordpress\/ -->\n<title>Kompetensutveckling f\u00f6r dig inom f\u00f6rskola och skola - Framtidens Karri\u00e4r \u2013 Grundskolel\u00e4rare<\/title>\n<meta name=\"robots\" content=\"index, follow, max-snippet:-1, max-image-preview:large, max-video-preview:-1\" \/>\n<link rel=\"canonical\" href=\"https:\/\/lararkarriar.se\/grundskola\/2022\/10\/04\/kompetensutveckling-for-dig-inom-forskola-och-skola-3\/\" \/>\n<meta property=\"og:locale\" content=\"sv_SE\" \/>\n<meta property=\"og:type\" content=\"article\" \/>\n<meta property=\"og:title\" content=\"Kompetensutveckling f\u00f6r dig inom f\u00f6rskola och skola - Framtidens Karri\u00e4r \u2013 Grundskolel\u00e4rare\" \/>\n<meta property=\"og:description\" content=\"Vi erbjuder utbildningar och b\u00f6cker som svarar mot aktuella kompetensutvecklingsbehov f\u00f6r dig som \u00e4r verksam inom skola.\" \/>\n<meta property=\"og:url\" content=\"https:\/\/lararkarriar.se\/grundskola\/2022\/10\/04\/kompetensutveckling-for-dig-inom-forskola-och-skola-3\/\" \/>\n<meta property=\"og:site_name\" content=\"Framtidens Karri\u00e4r \u2013 Grundskolel\u00e4rare\" \/>\n<meta property=\"article:published_time\" content=\"2022-10-04T13:27:20+00:00\" \/>\n<meta property=\"article:modified_time\" content=\"2022-10-05T13:46:56+00:00\" \/>\n<meta property=\"og:image\" content=\"https:\/\/lararkarriar.se\/grundskola\/wp-content\/uploads\/sites\/12\/2022\/10\/studentlitt-bild.jpg\" \/>\n\t<meta property=\"og:image:width\" content=\"1000\" \/>\n\t<meta property=\"og:image:height\" content=\"648\" \/>\n\t<meta property=\"og:image:type\" content=\"image\/jpeg\" \/>\n<meta name=\"author\" content=\"stellanstal\" \/>\n<meta name=\"twitter:card\" content=\"summary_large_image\" \/>\n<meta name=\"twitter:label1\" content=\"Skriven av\" \/>\n\t<meta name=\"twitter:data1\" content=\"stellanstal\" \/>\n\t<meta name=\"twitter:label2\" content=\"Ber\u00e4knad l\u00e4stid\" \/>\n\t<meta name=\"twitter:data2\" content=\"1 minut\" \/>\n<script type=\"application\/ld+json\" class=\"yoast-schema-graph\">{\"@context\":\"https:\\\/\\\/schema.org\",\"@graph\":[{\"@type\":\"Article\",\"@id\":\"https:\\\/\\\/lararkarriar.se\\\/grundskola\\\/2022\\\/10\\\/04\\\/kompetensutveckling-for-dig-inom-forskola-och-skola-3\\\/#article\",\"isPartOf\":{\"@id\":\"https:\\\/\\\/lararkarriar.se\\\/grundskola\\\/2022\\\/10\\\/04\\\/kompetensutveckling-for-dig-inom-forskola-och-skola-3\\\/\"},\"author\":{\"name\":\"stellanstal\",\"@id\":\"https:\\\/\\\/lararkarriar.se\\\/grundskola\\\/#\\\/schema\\\/person\\\/c8a43eb855191e573b73ecf8987a3b99\"},\"headline\":\"Kompetensutveckling f\u00f6r dig inom f\u00f6rskola och skola\",\"datePublished\":\"2022-10-04T13:27:20+00:00\",\"dateModified\":\"2022-10-05T13:46:56+00:00\",\"mainEntityOfPage\":{\"@id\":\"https:\\\/\\\/lararkarriar.se\\\/grundskola\\\/2022\\\/10\\\/04\\\/kompetensutveckling-for-dig-inom-forskola-och-skola-3\\\/\"},\"wordCount\":143,\"commentCount\":0,\"image\":{\"@id\":\"https:\\\/\\\/lararkarriar.se\\\/grundskola\\\/2022\\\/10\\\/04\\\/kompetensutveckling-for-dig-inom-forskola-och-skola-3\\\/#primaryimage\"},\"thumbnailUrl\":\"https:\\\/\\\/lararkarriar.se\\\/grundskola\\\/wp-content\\\/uploads\\\/sites\\\/12\\\/2022\\\/10\\\/studentlitt-bild.jpg\",\"keywords\":[\"Studentlitteratur\"],\"articleSection\":[\"Annons\"],\"inLanguage\":\"sv-SE\",\"potentialAction\":[{\"@type\":\"CommentAction\",\"name\":\"Comment\",\"target\":[\"https:\\\/\\\/lararkarriar.se\\\/grundskola\\\/2022\\\/10\\\/04\\\/kompetensutveckling-for-dig-inom-forskola-och-skola-3\\\/#respond\"]}]},{\"@type\":\"WebPage\",\"@id\":\"https:\\\/\\\/lararkarriar.se\\\/grundskola\\\/2022\\\/10\\\/04\\\/kompetensutveckling-for-dig-inom-forskola-och-skola-3\\\/\",\"url\":\"https:\\\/\\\/lararkarriar.se\\\/grundskola\\\/2022\\\/10\\\/04\\\/kompetensutveckling-for-dig-inom-forskola-och-skola-3\\\/\",\"name\":\"Kompetensutveckling f\u00f6r dig inom f\u00f6rskola och skola - Framtidens Karri\u00e4r \u2013 Grundskolel\u00e4rare\",\"isPartOf\":{\"@id\":\"https:\\\/\\\/lararkarriar.se\\\/grundskola\\\/#website\"},\"primaryImageOfPage\":{\"@id\":\"https:\\\/\\\/lararkarriar.se\\\/grundskola\\\/2022\\\/10\\\/04\\\/kompetensutveckling-for-dig-inom-forskola-och-skola-3\\\/#primaryimage\"},\"image\":{\"@id\":\"https:\\\/\\\/lararkarriar.se\\\/grundskola\\\/2022\\\/10\\\/04\\\/kompetensutveckling-for-dig-inom-forskola-och-skola-3\\\/#primaryimage\"},\"thumbnailUrl\":\"https:\\\/\\\/lararkarriar.se\\\/grundskola\\\/wp-content\\\/uploads\\\/sites\\\/12\\\/2022\\\/10\\\/studentlitt-bild.jpg\",\"datePublished\":\"2022-10-04T13:27:20+00:00\",\"dateModified\":\"2022-10-05T13:46:56+00:00\",\"author\":{\"@id\":\"https:\\\/\\\/lararkarriar.se\\\/grundskola\\\/#\\\/schema\\\/person\\\/c8a43eb855191e573b73ecf8987a3b99\"},\"breadcrumb\":{\"@id\":\"https:\\\/\\\/lararkarriar.se\\\/grundskola\\\/2022\\\/10\\\/04\\\/kompetensutveckling-for-dig-inom-forskola-och-skola-3\\\/#breadcrumb\"},\"inLanguage\":\"sv-SE\",\"potentialAction\":[{\"@type\":\"ReadAction\",\"target\":[\"https:\\\/\\\/lararkarriar.se\\\/grundskola\\\/2022\\\/10\\\/04\\\/kompetensutveckling-for-dig-inom-forskola-och-skola-3\\\/\"]}]},{\"@type\":\"ImageObject\",\"inLanguage\":\"sv-SE\",\"@id\":\"https:\\\/\\\/lararkarriar.se\\\/grundskola\\\/2022\\\/10\\\/04\\\/kompetensutveckling-for-dig-inom-forskola-och-skola-3\\\/#primaryimage\",\"url\":\"https:\\\/\\\/lararkarriar.se\\\/grundskola\\\/wp-content\\\/uploads\\\/sites\\\/12\\\/2022\\\/10\\\/studentlitt-bild.jpg\",\"contentUrl\":\"https:\\\/\\\/lararkarriar.se\\\/grundskola\\\/wp-content\\\/uploads\\\/sites\\\/12\\\/2022\\\/10\\\/studentlitt-bild.jpg\",\"width\":1000,\"height\":648,\"caption\":\"L\u00e4rare hj\u00e4lper tjej med uppgift under lektion\"},{\"@type\":\"BreadcrumbList\",\"@id\":\"https:\\\/\\\/lararkarriar.se\\\/grundskola\\\/2022\\\/10\\\/04\\\/kompetensutveckling-for-dig-inom-forskola-och-skola-3\\\/#breadcrumb\",\"itemListElement\":[{\"@type\":\"ListItem\",\"position\":1,\"name\":\"Home\",\"item\":\"https:\\\/\\\/lararkarriar.se\\\/grundskola\\\/\"},{\"@type\":\"ListItem\",\"position\":2,\"name\":\"Kompetensutveckling f\u00f6r dig inom f\u00f6rskola och skola\"}]},{\"@type\":\"WebSite\",\"@id\":\"https:\\\/\\\/lararkarriar.se\\\/grundskola\\\/#website\",\"url\":\"https:\\\/\\\/lararkarriar.se\\\/grundskola\\\/\",\"name\":\"Framtidens Karri\u00e4r \u2013 Grundskolel\u00e4rare\",\"description\":\"Just another NMDashboard.se Sites site\",\"potentialAction\":[{\"@type\":\"SearchAction\",\"target\":{\"@type\":\"EntryPoint\",\"urlTemplate\":\"https:\\\/\\\/lararkarriar.se\\\/grundskola\\\/?s={search_term_string}\"},\"query-input\":{\"@type\":\"PropertyValueSpecification\",\"valueRequired\":true,\"valueName\":\"search_term_string\"}}],\"inLanguage\":\"sv-SE\"},{\"@type\":\"Person\",\"@id\":\"https:\\\/\\\/lararkarriar.se\\\/grundskola\\\/#\\\/schema\\\/person\\\/c8a43eb855191e573b73ecf8987a3b99\",\"name\":\"stellanstal\",\"image\":{\"@type\":\"ImageObject\",\"inLanguage\":\"sv-SE\",\"@id\":\"https:\\\/\\\/secure.gravatar.com\\\/avatar\\\/cd330fa6bb17f598124b2068ee0b189e4fe0987a50af9d53b78410836060d0c9?s=96&d=mm&r=g\",\"url\":\"https:\\\/\\\/secure.gravatar.com\\\/avatar\\\/cd330fa6bb17f598124b2068ee0b189e4fe0987a50af9d53b78410836060d0c9?s=96&d=mm&r=g\",\"contentUrl\":\"https:\\\/\\\/secure.gravatar.com\\\/avatar\\\/cd330fa6bb17f598124b2068ee0b189e4fe0987a50af9d53b78410836060d0c9?s=96&d=mm&r=g\",\"caption\":\"stellanstal\"},\"url\":\"https:\\\/\\\/lararkarriar.se\\\/grundskola\\\/author\\\/stellanstal\\\/\"}]}<\/script>\n<!-- \/ Yoast SEO plugin. -->","yoast_head_json":{"title":"Kompetensutveckling f\u00f6r dig inom f\u00f6rskola och skola - Framtidens Karri\u00e4r \u2013 Grundskolel\u00e4rare","robots":{"index":"index","follow":"follow","max-snippet":"max-snippet:-1","max-image-preview":"max-image-preview:large","max-video-preview":"max-video-preview:-1"},"canonical":"https:\/\/lararkarriar.se\/grundskola\/2022\/10\/04\/kompetensutveckling-for-dig-inom-forskola-och-skola-3\/","og_locale":"sv_SE","og_type":"article","og_title":"Kompetensutveckling f\u00f6r dig inom f\u00f6rskola och skola - Framtidens Karri\u00e4r \u2013 Grundskolel\u00e4rare","og_description":"Vi erbjuder utbildningar och b\u00f6cker som svarar mot aktuella kompetensutvecklingsbehov f\u00f6r dig som \u00e4r verksam inom skola.","og_url":"https:\/\/lararkarriar.se\/grundskola\/2022\/10\/04\/kompetensutveckling-for-dig-inom-forskola-och-skola-3\/","og_site_name":"Framtidens Karri\u00e4r \u2013 Grundskolel\u00e4rare","article_published_time":"2022-10-04T13:27:20+00:00","article_modified_time":"2022-10-05T13:46:56+00:00","og_image":[{"width":1000,"height":648,"url":"https:\/\/lararkarriar.se\/grundskola\/wp-content\/uploads\/sites\/12\/2022\/10\/studentlitt-bild.jpg","type":"image\/jpeg"}],"author":"stellanstal","twitter_card":"summary_large_image","twitter_misc":{"Skriven av":"stellanstal","Ber\u00e4knad l\u00e4stid":"1 minut"},"schema":{"@context":"https:\/\/schema.org","@graph":[{"@type":"Article","@id":"https:\/\/lararkarriar.se\/grundskola\/2022\/10\/04\/kompetensutveckling-for-dig-inom-forskola-och-skola-3\/#article","isPartOf":{"@id":"https:\/\/lararkarriar.se\/grundskola\/2022\/10\/04\/kompetensutveckling-for-dig-inom-forskola-och-skola-3\/"},"author":{"name":"stellanstal","@id":"https:\/\/lararkarriar.se\/grundskola\/#\/schema\/person\/c8a43eb855191e573b73ecf8987a3b99"},"headline":"Kompetensutveckling f\u00f6r dig inom f\u00f6rskola och skola","datePublished":"2022-10-04T13:27:20+00:00","dateModified":"2022-10-05T13:46:56+00:00","mainEntityOfPage":{"@id":"https:\/\/lararkarriar.se\/grundskola\/2022\/10\/04\/kompetensutveckling-for-dig-inom-forskola-och-skola-3\/"},"wordCount":143,"commentCount":0,"image":{"@id":"https:\/\/lararkarriar.se\/grundskola\/2022\/10\/04\/kompetensutveckling-for-dig-inom-forskola-och-skola-3\/#primaryimage"},"thumbnailUrl":"https:\/\/lararkarriar.se\/grundskola\/wp-content\/uploads\/sites\/12\/2022\/10\/studentlitt-bild.jpg","keywords":["Studentlitteratur"],"articleSection":["Annons"],"inLanguage":"sv-SE","potentialAction":[{"@type":"CommentAction","name":"Comment","target":["https:\/\/lararkarriar.se\/grundskola\/2022\/10\/04\/kompetensutveckling-for-dig-inom-forskola-och-skola-3\/#respond"]}]},{"@type":"WebPage","@id":"https:\/\/lararkarriar.se\/grundskola\/2022\/10\/04\/kompetensutveckling-for-dig-inom-forskola-och-skola-3\/","url":"https:\/\/lararkarriar.se\/grundskola\/2022\/10\/04\/kompetensutveckling-for-dig-inom-forskola-och-skola-3\/","name":"Kompetensutveckling f\u00f6r dig inom f\u00f6rskola och skola - Framtidens Karri\u00e4r \u2013 Grundskolel\u00e4rare","isPartOf":{"@id":"https:\/\/lararkarriar.se\/grundskola\/#website"},"primaryImageOfPage":{"@id":"https:\/\/lararkarriar.se\/grundskola\/2022\/10\/04\/kompetensutveckling-for-dig-inom-forskola-och-skola-3\/#primaryimage"},"image":{"@id":"https:\/\/lararkarriar.se\/grundskola\/2022\/10\/04\/kompetensutveckling-for-dig-inom-forskola-och-skola-3\/#primaryimage"},"thumbnailUrl":"https:\/\/lararkarriar.se\/grundskola\/wp-content\/uploads\/sites\/12\/2022\/10\/studentlitt-bild.jpg","datePublished":"2022-10-04T13:27:20+00:00","dateModified":"2022-10-05T13:46:56+00:00","author":{"@id":"https:\/\/lararkarriar.se\/grundskola\/#\/schema\/person\/c8a43eb855191e573b73ecf8987a3b99"},"breadcrumb":{"@id":"https:\/\/lararkarriar.se\/grundskola\/2022\/10\/04\/kompetensutveckling-for-dig-inom-forskola-och-skola-3\/#breadcrumb"},"inLanguage":"sv-SE","potentialAction":[{"@type":"ReadAction","target":["https:\/\/lararkarriar.se\/grundskola\/2022\/10\/04\/kompetensutveckling-for-dig-inom-forskola-och-skola-3\/"]}]},{"@type":"ImageObject","inLanguage":"sv-SE","@id":"https:\/\/lararkarriar.se\/grundskola\/2022\/10\/04\/kompetensutveckling-for-dig-inom-forskola-och-skola-3\/#primaryimage","url":"https:\/\/lararkarriar.se\/grundskola\/wp-content\/uploads\/sites\/12\/2022\/10\/studentlitt-bild.jpg","contentUrl":"https:\/\/lararkarriar.se\/grundskola\/wp-content\/uploads\/sites\/12\/2022\/10\/studentlitt-bild.jpg","width":1000,"height":648,"caption":"L\u00e4rare hj\u00e4lper tjej med uppgift under lektion"},{"@type":"BreadcrumbList","@id":"https:\/\/lararkarriar.se\/grundskola\/2022\/10\/04\/kompetensutveckling-for-dig-inom-forskola-och-skola-3\/#breadcrumb","itemListElement":[{"@type":"ListItem","position":1,"name":"Home","item":"https:\/\/lararkarriar.se\/grundskola\/"},{"@type":"ListItem","position":2,"name":"Kompetensutveckling f\u00f6r dig inom f\u00f6rskola och skola"}]},{"@type":"WebSite","@id":"https:\/\/lararkarriar.se\/grundskola\/#website","url":"https:\/\/lararkarriar.se\/grundskola\/","name":"Framtidens Karri\u00e4r \u2013 Grundskolel\u00e4rare","description":"Just another NMDashboard.se Sites site","potentialAction":[{"@type":"SearchAction","target":{"@type":"EntryPoint","urlTemplate":"https:\/\/lararkarriar.se\/grundskola\/?s={search_term_string}"},"query-input":{"@type":"PropertyValueSpecification","valueRequired":true,"valueName":"search_term_string"}}],"inLanguage":"sv-SE"},{"@type":"Person","@id":"https:\/\/lararkarriar.se\/grundskola\/#\/schema\/person\/c8a43eb855191e573b73ecf8987a3b99","name":"stellanstal","image":{"@type":"ImageObject","inLanguage":"sv-SE","@id":"https:\/\/secure.gravatar.com\/avatar\/cd330fa6bb17f598124b2068ee0b189e4fe0987a50af9d53b78410836060d0c9?s=96&d=mm&r=g","url":"https:\/\/secure.gravatar.com\/avatar\/cd330fa6bb17f598124b2068ee0b189e4fe0987a50af9d53b78410836060d0c9?s=96&d=mm&r=g","contentUrl":"https:\/\/secure.gravatar.com\/avatar\/cd330fa6bb17f598124b2068ee0b189e4fe0987a50af9d53b78410836060d0c9?s=96&d=mm&r=g","caption":"stellanstal"},"url":"https:\/\/lararkarriar.se\/grundskola\/author\/stellanstal\/"}]}},"_links":{"self":[{"href":"https:\/\/lararkarriar.se\/grundskola\/wp-json\/wp\/v2\/posts\/7915","targetHints":{"allow":["GET"]}}],"collection":[{"href":"https:\/\/lararkarriar.se\/grundskola\/wp-json\/wp\/v2\/posts"}],"about":[{"href":"https:\/\/lararkarriar.se\/grundskola\/wp-json\/wp\/v2\/types\/post"}],"author":[{"embeddable":true,"href":"https:\/\/lararkarriar.se\/grundskola\/wp-json\/wp\/v2\/users\/3"}],"replies":[{"embeddable":true,"href":"https:\/\/lararkarriar.se\/grundskola\/wp-json\/wp\/v2\/comments?post=7915"}],"version-history":[{"count":2,"href":"https:\/\/lararkarriar.se\/grundskola\/wp-json\/wp\/v2\/posts\/7915\/revisions"}],"predecessor-version":[{"id":8008,"href":"https:\/\/lararkarriar.se\/grundskola\/wp-json\/wp\/v2\/posts\/7915\/revisions\/8008"}],"wp:featuredmedia":[{"embeddable":true,"href":"https:\/\/lararkarriar.se\/grundskola\/wp-json\/wp\/v2\/media\/7918"}],"wp:attachment":[{"href":"https:\/\/lararkarriar.se\/grundskola\/wp-json\/wp\/v2\/media?parent=7915"}],"wp:term":[{"taxonomy":"category","embeddable":true,"href":"https:\/\/lararkarriar.se\/grundskola\/wp-json\/wp\/v2\/categories?post=7915"},{"taxonomy":"post_tag","embeddable":true,"href":"https:\/\/lararkarriar.se\/grundskola\/wp-json\/wp\/v2\/tags?post=7915"}],"curies":[{"name":"wp","href":"https:\/\/api.w.org\/{rel}","templated":true}]}}