{"id":5185,"date":"2016-01-29T12:59:10","date_gmt":"2016-01-29T10:59:10","guid":{"rendered":"http:\/\/lararkarriar.se\/gymnasieskola\/?p=5185"},"modified":"2016-01-29T12:59:10","modified_gmt":"2016-01-29T10:59:10","slug":"en-larmiljo-for-alla-i-mark","status":"publish","type":"post","link":"https:\/\/lararkarriar.se\/gymnasieskola\/2016\/01\/29\/en-larmiljo-for-alla-i-mark\/","title":{"rendered":"En l\u00e4rmilj\u00f6 f\u00f6r alla i Mark"},"content":{"rendered":"<p><figure id=\"attachment_5187\" aria-describedby=\"caption-attachment-5187\" style=\"width: 332px\" class=\"wp-caption alignright\"><img loading=\"lazy\" decoding=\"async\" src=\"http:\/\/lararkarriar.se\/gymnasieskola\/wp-content\/uploads\/2016\/01\/mark_potrattbild-530x706.jpg\" alt=\"Kenny Fredholm, verksamhetschef f\u00f6r grundskola, gymnasium och vuxenutbildning i Marks kommun.\" width=\"332\" height=\"442\" class=\"size-large wp-image-5187\" \/><figcaption id=\"caption-attachment-5187\" class=\"wp-caption-text\">Kenny Fredholm, verksamhetschef f\u00f6r grundskola, gymnasium och vuxenutbildning i Marks kommun.<\/figcaption><\/figure><strong>I Marks kommun p\u00e5g\u00e5r ett kontinuerligt f\u00f6rb\u00e4ttringsarbete f\u00f6r att skapa en skolmilj\u00f6 anpassad f\u00f6r framtiden. Utbildningsv\u00e4sendet pr\u00e4glas av en n\u00e4rhet mellan kollegor, mellan l\u00e4rare och elever och mellan skola och samh\u00e4lle med den gemensamma visionen En l\u00e4rmilj\u00f6 f\u00f6r alla. <\/strong><\/p>\n<p>F\u00f6r tre \u00e5r sedan formulerade Marks kommun visionen En l\u00e4rmilj\u00f6 f\u00f6r alla. Syftet var att p\u00e5 allvar reformera grund- och gymnasieskolan p\u00e5 ett s\u00e4tt som tydligare m\u00f6ter elevernas individuella behov och skapar m\u00f6jligheter f\u00f6r personalen att omformulera pedagogiska metoder och arbetss\u00e4tt f\u00f6r att vara s\u00e5 inkluderande som m\u00f6jligt.<br \/>\n\u2013 En l\u00e4rmilj\u00f6 f\u00f6r alla omfattar alla aspekter av skolv\u00e4sendet, s\u00e5v\u00e4l st\u00f6d till elever och elevh\u00e4lsa som forskning och kvalitetsarbete f\u00f6r de anst\u00e4llda. Det \u00e4r en enorm men mycket intressant utmaning och visionen \u00e4r riktm\u00e4rket i alla satsningar vi g\u00f6r, ber\u00e4ttar Kenny Fredholm, verksamhetschef f\u00f6r grundskola, gymnasium och vuxenutbildning i Marks kommun.<\/p>\n<p><strong>Utvecklar sina arbetss\u00e4tt<\/strong><br \/>\nKommunen har ett tre\u00e5rigt samarbete med Bor\u00e5s h\u00f6gskola, d\u00e4r m\u00e5let \u00e4r att konkretisera just vad En l\u00e4rmilj\u00f6 f\u00f6r alla ska inneb\u00e4ra i praktiken och skapa en gemensam begreppsapparat.<br \/>\n\u2013 F\u00f6rvaltningsledning, rektorer, f\u00f6rskolechefer, f\u00f6rstel\u00e4rare och specialpedagoger m\u00f6ter forskare fr\u00e5n Bor\u00e5s minst tv\u00e5 g\u00e5nger per termin och arbetar teoretiskt kring vad inkludering egentligen \u00e4r och st\u00e5r f\u00f6r, samt f\u00f6r att etablera en grund att st\u00e5 p\u00e5 inf\u00f6r f\u00f6rb\u00e4ttringsarbetet. Samarbetet har medf\u00f6rt s\u00e5v\u00e4l kontinuitet som stabilitet i utvecklingen av v\u00e5ra arbetss\u00e4tt.<\/p>\n<p><strong>Konkurrenskraftig l\u00f6neutveckling<\/strong><br \/>\nKvalitetsarbetet har legat till grund f\u00f6r att Marks kommun tagit ett j\u00e4ttekliv upp\u00e5t i L\u00e4rarf\u00f6rbundets skolranking och i kombination med riktade m\u00e5ls\u00e4ttningar f\u00f6r samtlig personal fr\u00e5n politiskt h\u00e5ll arbetar kommunen f\u00f6r att skapa en konstruktiv arbetsmilj\u00f6 med konkurrenskraftiga villkor.<br \/>\n\u2013 Det \u00e4r n\u00e4ra till allt i Mark och det drar vi nytta av genom att skapa bra kommunikationskanaler mellan alla inblandade parter. Fr\u00e5n politiskt h\u00e5ll satsas det dessutom tydligt p\u00e5 b\u00e5de vidareutbildning och l\u00f6neutveckling och det \u00e5terspeglas i det dagliga arbetet. Medarbetarna trivs i Mark, avslutar Kenny Fredholm.<\/p>\n<div class=\"faktaruta-title\">Marks kommun<\/div><div class=\"faktaruta\">Barn- och utbildningsf\u00f6rvaltningen ansvarar f\u00f6r barnomsorgen och alla skolor fr\u00e5n f\u00f6rskola upp till gymnasieniv\u00e5, inklusive vuxenutbildningen. Barn och utbildningsn\u00e4mnden har det politiska ansvaret f\u00f6r verksamheten. F\u00f6rvaltningen st\u00f6djer s\u00e5v\u00e4l den politiska niv\u00e5n med beslutsunderlag som f\u00f6rskolechefer, rektorer och administration p\u00e5 enheterna.<\/p>\n<p>Marks kommun<br \/>\n511 80 Kinna<br \/>\nTel: 0320-21 70 00<br \/>\nE-post: <em><a href=\"mailto:markskommun@mark.se\">markskommun@mark.se<\/a><\/em><br \/>\n<strong><a href=\"http:\/\/www.mark.se\" target=\"_blank\" rel=\"noopener noreferrer\">www.mark.se<\/a><\/strong><\/br><br \/>\n<a href=\"http:\/\/www.mark.se\" target=\"_blank\" rel=\"attachment wp-att-5186 noopener noreferrer\"><img loading=\"lazy\" decoding=\"async\" src=\"http:\/\/lararkarriar.se\/gymnasieskola\/wp-content\/uploads\/2016\/01\/mark_mark-vapen-250x64.png\" alt=\"mark_Mark Vapen\" width=\"250\" height=\"64\" class=\"alignnone size-medium wp-image-5186\" \/><\/a><\/div>\n","protected":false},"excerpt":{"rendered":"<p>I Marks kommun p\u00e5g\u00e5r ett kontinuerligt f\u00f6rb\u00e4ttringsarbete f\u00f6r att skapa en skolmilj\u00f6 anpassad f\u00f6r framtiden&#8230;.<\/p>\n","protected":false},"author":3,"featured_media":5187,"comment_status":"closed","ping_status":"open","sticky":false,"template":"","format":"standard","meta":{"_acf_changed":false,"_monsterinsights_skip_tracking":false,"_monsterinsights_sitenote_active":false,"_monsterinsights_sitenote_note":"","_monsterinsights_sitenote_category":0,"footnotes":""},"categories":[7],"tags":[],"class_list":["post-5185","post","type-post","status-publish","format-standard","has-post-thumbnail","hentry","category-presentation"],"acf":[],"yoast_head":"<!-- This site is optimized with the Yoast SEO plugin v27.3 - https:\/\/yoast.com\/product\/yoast-seo-wordpress\/ -->\n<title>En l\u00e4rmilj\u00f6 f\u00f6r alla i Mark - Framtidens karri\u00e4r gymnasiel\u00e4rare<\/title>\n<meta name=\"robots\" content=\"index, follow, max-snippet:-1, max-image-preview:large, max-video-preview:-1\" \/>\n<link rel=\"canonical\" href=\"https:\/\/lararkarriar.se\/gymnasieskola\/2016\/01\/29\/en-larmiljo-for-alla-i-mark\/\" \/>\n<meta property=\"og:locale\" content=\"sv_SE\" \/>\n<meta property=\"og:type\" content=\"article\" \/>\n<meta property=\"og:title\" content=\"En l\u00e4rmilj\u00f6 f\u00f6r alla i Mark - Framtidens karri\u00e4r gymnasiel\u00e4rare\" \/>\n<meta property=\"og:description\" content=\"I Marks kommun p\u00e5g\u00e5r ett kontinuerligt f\u00f6rb\u00e4ttringsarbete f\u00f6r att skapa en skolmilj\u00f6 anpassad f\u00f6r framtiden....\" \/>\n<meta property=\"og:url\" content=\"https:\/\/lararkarriar.se\/gymnasieskola\/2016\/01\/29\/en-larmiljo-for-alla-i-mark\/\" \/>\n<meta property=\"og:site_name\" content=\"Framtidens karri\u00e4r gymnasiel\u00e4rare\" \/>\n<meta property=\"article:published_time\" content=\"2016-01-29T10:59:10+00:00\" \/>\n<meta property=\"og:image\" content=\"https:\/\/lararkarriar.se\/gymnasieskola\/wp-content\/uploads\/sites\/10\/2016\/01\/mark-potrattbild.jpg\" \/>\n\t<meta property=\"og:image:width\" content=\"1000\" \/>\n\t<meta property=\"og:image:height\" content=\"1333\" \/>\n\t<meta property=\"og:image:type\" content=\"image\/jpeg\" \/>\n<meta name=\"author\" content=\"stellanstal\" \/>\n<meta name=\"twitter:card\" content=\"summary_large_image\" \/>\n<meta name=\"twitter:label1\" content=\"Skriven av\" \/>\n\t<meta name=\"twitter:data1\" content=\"stellanstal\" \/>\n\t<meta name=\"twitter:label2\" content=\"Ber\u00e4knad l\u00e4stid\" \/>\n\t<meta name=\"twitter:data2\" content=\"2 minuter\" \/>\n<script type=\"application\/ld+json\" class=\"yoast-schema-graph\">{\"@context\":\"https:\\\/\\\/schema.org\",\"@graph\":[{\"@type\":\"Article\",\"@id\":\"https:\\\/\\\/lararkarriar.se\\\/gymnasieskola\\\/2016\\\/01\\\/29\\\/en-larmiljo-for-alla-i-mark\\\/#article\",\"isPartOf\":{\"@id\":\"https:\\\/\\\/lararkarriar.se\\\/gymnasieskola\\\/2016\\\/01\\\/29\\\/en-larmiljo-for-alla-i-mark\\\/\"},\"author\":{\"name\":\"stellanstal\",\"@id\":\"https:\\\/\\\/lararkarriar.se\\\/gymnasieskola\\\/#\\\/schema\\\/person\\\/c8a43eb855191e573b73ecf8987a3b99\"},\"headline\":\"En l\u00e4rmilj\u00f6 f\u00f6r alla i Mark\",\"datePublished\":\"2016-01-29T10:59:10+00:00\",\"mainEntityOfPage\":{\"@id\":\"https:\\\/\\\/lararkarriar.se\\\/gymnasieskola\\\/2016\\\/01\\\/29\\\/en-larmiljo-for-alla-i-mark\\\/\"},\"wordCount\":484,\"image\":{\"@id\":\"https:\\\/\\\/lararkarriar.se\\\/gymnasieskola\\\/2016\\\/01\\\/29\\\/en-larmiljo-for-alla-i-mark\\\/#primaryimage\"},\"thumbnailUrl\":\"https:\\\/\\\/lararkarriar.se\\\/gymnasieskola\\\/wp-content\\\/uploads\\\/sites\\\/10\\\/2016\\\/01\\\/mark-potrattbild.jpg\",\"articleSection\":[\"Presentation\"],\"inLanguage\":\"sv-SE\"},{\"@type\":\"WebPage\",\"@id\":\"https:\\\/\\\/lararkarriar.se\\\/gymnasieskola\\\/2016\\\/01\\\/29\\\/en-larmiljo-for-alla-i-mark\\\/\",\"url\":\"https:\\\/\\\/lararkarriar.se\\\/gymnasieskola\\\/2016\\\/01\\\/29\\\/en-larmiljo-for-alla-i-mark\\\/\",\"name\":\"En l\u00e4rmilj\u00f6 f\u00f6r alla i Mark - Framtidens karri\u00e4r gymnasiel\u00e4rare\",\"isPartOf\":{\"@id\":\"https:\\\/\\\/lararkarriar.se\\\/gymnasieskola\\\/#website\"},\"primaryImageOfPage\":{\"@id\":\"https:\\\/\\\/lararkarriar.se\\\/gymnasieskola\\\/2016\\\/01\\\/29\\\/en-larmiljo-for-alla-i-mark\\\/#primaryimage\"},\"image\":{\"@id\":\"https:\\\/\\\/lararkarriar.se\\\/gymnasieskola\\\/2016\\\/01\\\/29\\\/en-larmiljo-for-alla-i-mark\\\/#primaryimage\"},\"thumbnailUrl\":\"https:\\\/\\\/lararkarriar.se\\\/gymnasieskola\\\/wp-content\\\/uploads\\\/sites\\\/10\\\/2016\\\/01\\\/mark-potrattbild.jpg\",\"datePublished\":\"2016-01-29T10:59:10+00:00\",\"author\":{\"@id\":\"https:\\\/\\\/lararkarriar.se\\\/gymnasieskola\\\/#\\\/schema\\\/person\\\/c8a43eb855191e573b73ecf8987a3b99\"},\"breadcrumb\":{\"@id\":\"https:\\\/\\\/lararkarriar.se\\\/gymnasieskola\\\/2016\\\/01\\\/29\\\/en-larmiljo-for-alla-i-mark\\\/#breadcrumb\"},\"inLanguage\":\"sv-SE\",\"potentialAction\":[{\"@type\":\"ReadAction\",\"target\":[\"https:\\\/\\\/lararkarriar.se\\\/gymnasieskola\\\/2016\\\/01\\\/29\\\/en-larmiljo-for-alla-i-mark\\\/\"]}]},{\"@type\":\"ImageObject\",\"inLanguage\":\"sv-SE\",\"@id\":\"https:\\\/\\\/lararkarriar.se\\\/gymnasieskola\\\/2016\\\/01\\\/29\\\/en-larmiljo-for-alla-i-mark\\\/#primaryimage\",\"url\":\"https:\\\/\\\/lararkarriar.se\\\/gymnasieskola\\\/wp-content\\\/uploads\\\/sites\\\/10\\\/2016\\\/01\\\/mark-potrattbild.jpg\",\"contentUrl\":\"https:\\\/\\\/lararkarriar.se\\\/gymnasieskola\\\/wp-content\\\/uploads\\\/sites\\\/10\\\/2016\\\/01\\\/mark-potrattbild.jpg\",\"width\":1000,\"height\":1333,\"caption\":\"Kenny Fredholm, verksamhetschef f\u00f6r grundskola, gymnasium och vuxenutbildning i Marks kommun.\"},{\"@type\":\"BreadcrumbList\",\"@id\":\"https:\\\/\\\/lararkarriar.se\\\/gymnasieskola\\\/2016\\\/01\\\/29\\\/en-larmiljo-for-alla-i-mark\\\/#breadcrumb\",\"itemListElement\":[{\"@type\":\"ListItem\",\"position\":1,\"name\":\"Home\",\"item\":\"https:\\\/\\\/lararkarriar.se\\\/gymnasieskola\\\/\"},{\"@type\":\"ListItem\",\"position\":2,\"name\":\"En l\u00e4rmilj\u00f6 f\u00f6r alla i Mark\"}]},{\"@type\":\"WebSite\",\"@id\":\"https:\\\/\\\/lararkarriar.se\\\/gymnasieskola\\\/#website\",\"url\":\"https:\\\/\\\/lararkarriar.se\\\/gymnasieskola\\\/\",\"name\":\"Framtidens karri\u00e4r gymnasiel\u00e4rare\",\"description\":\"Just another NMDashboard.se Sites site\",\"potentialAction\":[{\"@type\":\"SearchAction\",\"target\":{\"@type\":\"EntryPoint\",\"urlTemplate\":\"https:\\\/\\\/lararkarriar.se\\\/gymnasieskola\\\/?s={search_term_string}\"},\"query-input\":{\"@type\":\"PropertyValueSpecification\",\"valueRequired\":true,\"valueName\":\"search_term_string\"}}],\"inLanguage\":\"sv-SE\"},{\"@type\":\"Person\",\"@id\":\"https:\\\/\\\/lararkarriar.se\\\/gymnasieskola\\\/#\\\/schema\\\/person\\\/c8a43eb855191e573b73ecf8987a3b99\",\"name\":\"stellanstal\",\"image\":{\"@type\":\"ImageObject\",\"inLanguage\":\"sv-SE\",\"@id\":\"https:\\\/\\\/secure.gravatar.com\\\/avatar\\\/cd330fa6bb17f598124b2068ee0b189e4fe0987a50af9d53b78410836060d0c9?s=96&d=mm&r=g\",\"url\":\"https:\\\/\\\/secure.gravatar.com\\\/avatar\\\/cd330fa6bb17f598124b2068ee0b189e4fe0987a50af9d53b78410836060d0c9?s=96&d=mm&r=g\",\"contentUrl\":\"https:\\\/\\\/secure.gravatar.com\\\/avatar\\\/cd330fa6bb17f598124b2068ee0b189e4fe0987a50af9d53b78410836060d0c9?s=96&d=mm&r=g\",\"caption\":\"stellanstal\"},\"url\":\"https:\\\/\\\/lararkarriar.se\\\/gymnasieskola\\\/author\\\/stellanstal\\\/\"}]}<\/script>\n<!-- \/ Yoast SEO plugin. -->","yoast_head_json":{"title":"En l\u00e4rmilj\u00f6 f\u00f6r alla i Mark - Framtidens karri\u00e4r gymnasiel\u00e4rare","robots":{"index":"index","follow":"follow","max-snippet":"max-snippet:-1","max-image-preview":"max-image-preview:large","max-video-preview":"max-video-preview:-1"},"canonical":"https:\/\/lararkarriar.se\/gymnasieskola\/2016\/01\/29\/en-larmiljo-for-alla-i-mark\/","og_locale":"sv_SE","og_type":"article","og_title":"En l\u00e4rmilj\u00f6 f\u00f6r alla i Mark - Framtidens karri\u00e4r gymnasiel\u00e4rare","og_description":"I Marks kommun p\u00e5g\u00e5r ett kontinuerligt f\u00f6rb\u00e4ttringsarbete f\u00f6r att skapa en skolmilj\u00f6 anpassad f\u00f6r framtiden....","og_url":"https:\/\/lararkarriar.se\/gymnasieskola\/2016\/01\/29\/en-larmiljo-for-alla-i-mark\/","og_site_name":"Framtidens karri\u00e4r gymnasiel\u00e4rare","article_published_time":"2016-01-29T10:59:10+00:00","og_image":[{"width":1000,"height":1333,"url":"https:\/\/lararkarriar.se\/gymnasieskola\/wp-content\/uploads\/sites\/10\/2016\/01\/mark-potrattbild.jpg","type":"image\/jpeg"}],"author":"stellanstal","twitter_card":"summary_large_image","twitter_misc":{"Skriven av":"stellanstal","Ber\u00e4knad l\u00e4stid":"2 minuter"},"schema":{"@context":"https:\/\/schema.org","@graph":[{"@type":"Article","@id":"https:\/\/lararkarriar.se\/gymnasieskola\/2016\/01\/29\/en-larmiljo-for-alla-i-mark\/#article","isPartOf":{"@id":"https:\/\/lararkarriar.se\/gymnasieskola\/2016\/01\/29\/en-larmiljo-for-alla-i-mark\/"},"author":{"name":"stellanstal","@id":"https:\/\/lararkarriar.se\/gymnasieskola\/#\/schema\/person\/c8a43eb855191e573b73ecf8987a3b99"},"headline":"En l\u00e4rmilj\u00f6 f\u00f6r alla i Mark","datePublished":"2016-01-29T10:59:10+00:00","mainEntityOfPage":{"@id":"https:\/\/lararkarriar.se\/gymnasieskola\/2016\/01\/29\/en-larmiljo-for-alla-i-mark\/"},"wordCount":484,"image":{"@id":"https:\/\/lararkarriar.se\/gymnasieskola\/2016\/01\/29\/en-larmiljo-for-alla-i-mark\/#primaryimage"},"thumbnailUrl":"https:\/\/lararkarriar.se\/gymnasieskola\/wp-content\/uploads\/sites\/10\/2016\/01\/mark-potrattbild.jpg","articleSection":["Presentation"],"inLanguage":"sv-SE"},{"@type":"WebPage","@id":"https:\/\/lararkarriar.se\/gymnasieskola\/2016\/01\/29\/en-larmiljo-for-alla-i-mark\/","url":"https:\/\/lararkarriar.se\/gymnasieskola\/2016\/01\/29\/en-larmiljo-for-alla-i-mark\/","name":"En l\u00e4rmilj\u00f6 f\u00f6r alla i Mark - Framtidens karri\u00e4r gymnasiel\u00e4rare","isPartOf":{"@id":"https:\/\/lararkarriar.se\/gymnasieskola\/#website"},"primaryImageOfPage":{"@id":"https:\/\/lararkarriar.se\/gymnasieskola\/2016\/01\/29\/en-larmiljo-for-alla-i-mark\/#primaryimage"},"image":{"@id":"https:\/\/lararkarriar.se\/gymnasieskola\/2016\/01\/29\/en-larmiljo-for-alla-i-mark\/#primaryimage"},"thumbnailUrl":"https:\/\/lararkarriar.se\/gymnasieskola\/wp-content\/uploads\/sites\/10\/2016\/01\/mark-potrattbild.jpg","datePublished":"2016-01-29T10:59:10+00:00","author":{"@id":"https:\/\/lararkarriar.se\/gymnasieskola\/#\/schema\/person\/c8a43eb855191e573b73ecf8987a3b99"},"breadcrumb":{"@id":"https:\/\/lararkarriar.se\/gymnasieskola\/2016\/01\/29\/en-larmiljo-for-alla-i-mark\/#breadcrumb"},"inLanguage":"sv-SE","potentialAction":[{"@type":"ReadAction","target":["https:\/\/lararkarriar.se\/gymnasieskola\/2016\/01\/29\/en-larmiljo-for-alla-i-mark\/"]}]},{"@type":"ImageObject","inLanguage":"sv-SE","@id":"https:\/\/lararkarriar.se\/gymnasieskola\/2016\/01\/29\/en-larmiljo-for-alla-i-mark\/#primaryimage","url":"https:\/\/lararkarriar.se\/gymnasieskola\/wp-content\/uploads\/sites\/10\/2016\/01\/mark-potrattbild.jpg","contentUrl":"https:\/\/lararkarriar.se\/gymnasieskola\/wp-content\/uploads\/sites\/10\/2016\/01\/mark-potrattbild.jpg","width":1000,"height":1333,"caption":"Kenny Fredholm, verksamhetschef f\u00f6r grundskola, gymnasium och vuxenutbildning i Marks kommun."},{"@type":"BreadcrumbList","@id":"https:\/\/lararkarriar.se\/gymnasieskola\/2016\/01\/29\/en-larmiljo-for-alla-i-mark\/#breadcrumb","itemListElement":[{"@type":"ListItem","position":1,"name":"Home","item":"https:\/\/lararkarriar.se\/gymnasieskola\/"},{"@type":"ListItem","position":2,"name":"En l\u00e4rmilj\u00f6 f\u00f6r alla i Mark"}]},{"@type":"WebSite","@id":"https:\/\/lararkarriar.se\/gymnasieskola\/#website","url":"https:\/\/lararkarriar.se\/gymnasieskola\/","name":"Framtidens karri\u00e4r gymnasiel\u00e4rare","description":"Just another NMDashboard.se Sites site","potentialAction":[{"@type":"SearchAction","target":{"@type":"EntryPoint","urlTemplate":"https:\/\/lararkarriar.se\/gymnasieskola\/?s={search_term_string}"},"query-input":{"@type":"PropertyValueSpecification","valueRequired":true,"valueName":"search_term_string"}}],"inLanguage":"sv-SE"},{"@type":"Person","@id":"https:\/\/lararkarriar.se\/gymnasieskola\/#\/schema\/person\/c8a43eb855191e573b73ecf8987a3b99","name":"stellanstal","image":{"@type":"ImageObject","inLanguage":"sv-SE","@id":"https:\/\/secure.gravatar.com\/avatar\/cd330fa6bb17f598124b2068ee0b189e4fe0987a50af9d53b78410836060d0c9?s=96&d=mm&r=g","url":"https:\/\/secure.gravatar.com\/avatar\/cd330fa6bb17f598124b2068ee0b189e4fe0987a50af9d53b78410836060d0c9?s=96&d=mm&r=g","contentUrl":"https:\/\/secure.gravatar.com\/avatar\/cd330fa6bb17f598124b2068ee0b189e4fe0987a50af9d53b78410836060d0c9?s=96&d=mm&r=g","caption":"stellanstal"},"url":"https:\/\/lararkarriar.se\/gymnasieskola\/author\/stellanstal\/"}]}},"_links":{"self":[{"href":"https:\/\/lararkarriar.se\/gymnasieskola\/wp-json\/wp\/v2\/posts\/5185","targetHints":{"allow":["GET"]}}],"collection":[{"href":"https:\/\/lararkarriar.se\/gymnasieskola\/wp-json\/wp\/v2\/posts"}],"about":[{"href":"https:\/\/lararkarriar.se\/gymnasieskola\/wp-json\/wp\/v2\/types\/post"}],"author":[{"embeddable":true,"href":"https:\/\/lararkarriar.se\/gymnasieskola\/wp-json\/wp\/v2\/users\/3"}],"replies":[{"embeddable":true,"href":"https:\/\/lararkarriar.se\/gymnasieskola\/wp-json\/wp\/v2\/comments?post=5185"}],"version-history":[{"count":0,"href":"https:\/\/lararkarriar.se\/gymnasieskola\/wp-json\/wp\/v2\/posts\/5185\/revisions"}],"wp:featuredmedia":[{"embeddable":true,"href":"https:\/\/lararkarriar.se\/gymnasieskola\/wp-json\/wp\/v2\/media\/5187"}],"wp:attachment":[{"href":"https:\/\/lararkarriar.se\/gymnasieskola\/wp-json\/wp\/v2\/media?parent=5185"}],"wp:term":[{"taxonomy":"category","embeddable":true,"href":"https:\/\/lararkarriar.se\/gymnasieskola\/wp-json\/wp\/v2\/categories?post=5185"},{"taxonomy":"post_tag","embeddable":true,"href":"https:\/\/lararkarriar.se\/gymnasieskola\/wp-json\/wp\/v2\/tags?post=5185"}],"curies":[{"name":"wp","href":"https:\/\/api.w.org\/{rel}","templated":true}]}}