{"id":5244,"date":"2016-01-29T15:56:56","date_gmt":"2016-01-29T13:56:56","guid":{"rendered":"http:\/\/lararkarriar.se\/gymnasieskola\/?p=5244"},"modified":"2016-01-29T15:56:56","modified_gmt":"2016-01-29T13:56:56","slug":"uddevalla-gymnasieskola-forstahandsvalet","status":"publish","type":"post","link":"https:\/\/lararkarriar.se\/gymnasieskola\/2016\/01\/29\/uddevalla-gymnasieskola-forstahandsvalet\/","title":{"rendered":"Uddevalla gymnasieskola \u2013 f\u00f6rstahandsvalet"},"content":{"rendered":"<p><figure id=\"attachment_5245\" aria-describedby=\"caption-attachment-5245\" style=\"width: 1000px\" class=\"wp-caption alignnone\"><img loading=\"lazy\" decoding=\"async\" src=\"https:\/\/lararkarriar.se\/gymnasieskola\/wp-content\/uploads\/sites\/10\/2016\/01\/uddevalla-4.jpg\" alt=\"Marion Meister, Marie-Louise Klevestedt, Stefan Einarsson och Erik Wennstam. Foto: Hans Karlsson\" width=\"1000\" height=\"681\" class=\"size-full wp-image-5245\" srcset=\"https:\/\/lararkarriar.se\/gymnasieskola\/wp-content\/uploads\/sites\/10\/2016\/01\/uddevalla-4.jpg 1000w, https:\/\/lararkarriar.se\/gymnasieskola\/wp-content\/uploads\/sites\/10\/2016\/01\/uddevalla-4-300x204.jpg 300w, https:\/\/lararkarriar.se\/gymnasieskola\/wp-content\/uploads\/sites\/10\/2016\/01\/uddevalla-4-768x523.jpg 768w, https:\/\/lararkarriar.se\/gymnasieskola\/wp-content\/uploads\/sites\/10\/2016\/01\/uddevalla-4-235x160.jpg 235w, https:\/\/lararkarriar.se\/gymnasieskola\/wp-content\/uploads\/sites\/10\/2016\/01\/uddevalla-4-526x358.jpg 526w, https:\/\/lararkarriar.se\/gymnasieskola\/wp-content\/uploads\/sites\/10\/2016\/01\/uddevalla-4-720x490.jpg 720w, https:\/\/lararkarriar.se\/gymnasieskola\/wp-content\/uploads\/sites\/10\/2016\/01\/uddevalla-4-960x654.jpg 960w\" sizes=\"auto, (max-width: 1000px) 100vw, 1000px\" \/><figcaption id=\"caption-attachment-5245\" class=\"wp-caption-text\">Marion Meister, Marie-Louise Klevestedt, Stefan Einarsson och Erik Wennstam. Foto: Hans Karlsson<\/figcaption><\/figure><strong>Uddevalla gymnasieskola \u00e4r ett nav p\u00e5 V\u00e4stkusten som drar till sig elever fr\u00e5n ett dussintal olika kommuner i n\u00e4romr\u00e5det. Det \u00e4r en stor och stabil skola som m\u00f6ter m\u00e5nga unga m\u00e4nniskors dr\u00f6mmar.<\/strong><\/p>\n<p>N\u00e4rmare 3&nbsp;000 elever utbildas varje dag p\u00e5 Uddevallas kommunala gymnasieskola och skolan v\u00e4xer.<br \/>\n\u2013 Storleken g\u00f6r att alla kan hitta sin utbildning h\u00e4r, det \u00e4r ganska unikt f\u00f6r Sverige. Ungdomarna ser bra kvaliteter som g\u00f6r att de v\u00e4ljer oss. V\u00e5r m\u00e5ls\u00e4ttning \u00e4r att alla elever ska f\u00e5 sitt f\u00f6rstahandsval, att de ska ha en sp\u00e4nnande tid och f\u00e5 f\u00f6rverkliga en id\u00e9 de haft, s\u00e4ger Stefan Einarsson, gymnasiechef.<\/p>\n<p><strong>En bred gymnasieskola f\u00f6r alla<\/strong><br \/>\nAndelen elever som v\u00e4ljer yrkesutbildningar \u00e4r h\u00f6g. Oavsett om man v\u00e4ljer skolsp\u00e5ret eller l\u00e4rlingssp\u00e5ret i ett yrkesprogram s\u00e5 leder det till samma examensm\u00e5l och ska ge samma anst\u00e4llningsbarhet.<br \/>\n\u2013 Vi har 19 nationella program, ett 50-tal inriktningar och samtliga yrkesprogram. Senast har vi utvecklat naturbruksutbildningar. Det finns en h\u00f6g beh\u00f6righet bland l\u00e4rarna vilket g\u00f6r att bra kompetens jobbar tillsammans och d\u00e5 h\u00e4nder det saker, s\u00e4ger Stefan Einarsson.<br \/>\nSkolans internationella kontakter \u00e4r ocks\u00e5 breda.<br \/>\n\u2013 Vi har v\u00e4l inarbetade utbytesresor och har f\u00e5tt flera projekt finansierade via EU-medel. Man kan  g\u00f6ra sin praktik utomlands. Samtidigt har vi elever som kommer till oss fr\u00e5n andra l\u00e4nder. Det \u00e4r sp\u00e4nnande f\u00f6r oss som personal, s\u00e4ger Marie-Louise Klevestedt, gymnasiel\u00e4rare i historia och samh\u00e4llskunskap p\u00e5 samh\u00e4llsprogrammet.<\/p>\n<p><strong>En stad vid havet<\/strong><br \/>\nMarie-Louise Klevestedt v\u00e4xte upp i G\u00f6teborg och har bott l\u00e4nge i Visby. N\u00e4r hon l\u00e4ngtade tillbaka till V\u00e4stkusten valde hon Uddevalla.<br \/>\n\u2013 Jag hade vant mig vid en mindre stad, men det \u00e4r \u00e4nd\u00e5 n\u00e4ra till G\u00f6teborg, n\u00e4ra till havet, skogen, sj\u00f6ar och sm\u00e5 fj\u00e4ll. Uddevalla gymnasieskola har ett h\u00f6gt anseende och m\u00e5nga ungdomar v\u00e4ljer att pendla varje dag f\u00f6r att komma hit. D\u00e5 skapar det en k\u00e4nsla att man vill g\u00f6ra n\u00e5got, s\u00e4ger hon.<br \/>\nUddevalla \u00e4r ocks\u00e5 en stor mottagningskommun f\u00f6r ensamkommande ungdomar. Deras dr\u00f6mmar \u00e4r ofta stora och Stefan Einarsson ser en viktig utmaning i att f\u00e5 ig\u00e5ng integrationen.<br \/>\n\u2013 Under kommande \u00e5r beh\u00f6ver vi l\u00e4rare i s\u00e5 gott som alla \u00e4mnen och inriktningar. Vi har pensioneringar framf\u00f6r oss och \u00e4r man utbildad l\u00e4rare och vill leva i en mindre stad s\u00e5 finns det goda m\u00f6jligheter p\u00e5 Uddevalla gymnasieskola, s\u00e4ger han.<\/p>\n<div class=\"faktaruta-title\">Uddevalla gymnasieskola<\/div><div class=\"faktaruta\">Uddevalla gymnasieskola har ca 3&nbsp;000 elever och 373 heltidsl\u00e4rare. H\u00e4r finns ett v\u00e4letablerat Elitidrottsgymnasium f\u00f6r fotboll, friidrott, handboll och simning; gymnasial l\u00e4rlingsutbildning f\u00f6r alla yrkesprogram samt h\u00f6g grad av internationalisering f\u00f6r elever som vill g\u00f6ra praktik utomlands, bland annat i Frankrike och Spanien.<\/p>\n<p>Uddevalla gymnasieskola<br \/>\nBarn och utbildning<br \/>\nUddevalla kommun<br \/>\n451 81 Uddevalla<br \/>\nTel: 0522-69 68 53<br \/>\n<strong><a href=\"http:\/\/www.gymnasiet.uddevalla.se\" target=\"_blank\" rel=\"noopener noreferrer\">www.gymnasiet.uddevalla.se<\/a><\/strong><\/br><br \/>\n<a href=\"http:\/\/www.gymnasiet.uddevalla.se\" target=\"_blank\" rel=\"attachment wp-att-5246 noopener noreferrer\"><img loading=\"lazy\" decoding=\"async\" src=\"http:\/\/lararkarriar.se\/gymnasieskola\/wp-content\/uploads\/2016\/01\/uddevalla_kommunvapen-250x249.png\" alt=\"www.gymnasiet.uddevalla.se\" width=\"200\" height=\"199\" class=\"alignnone size-medium wp-image-5246\" \/><\/a><\/div>\n","protected":false},"excerpt":{"rendered":"<p>Uddevalla gymnasieskola \u00e4r ett nav p\u00e5 V\u00e4stkusten som drar till sig elever fr\u00e5n ett dussintal&#8230;<\/p>\n","protected":false},"author":3,"featured_media":5245,"comment_status":"closed","ping_status":"open","sticky":false,"template":"","format":"standard","meta":{"_acf_changed":false,"_monsterinsights_skip_tracking":false,"_monsterinsights_sitenote_active":false,"_monsterinsights_sitenote_note":"","_monsterinsights_sitenote_category":0,"footnotes":""},"categories":[7],"tags":[],"class_list":["post-5244","post","type-post","status-publish","format-standard","has-post-thumbnail","hentry","category-presentation"],"acf":[],"yoast_head":"<!-- This site is optimized with the Yoast SEO plugin v27.3 - https:\/\/yoast.com\/product\/yoast-seo-wordpress\/ -->\n<title>Uddevalla gymnasieskola \u2013 f\u00f6rstahandsvalet - Framtidens karri\u00e4r gymnasiel\u00e4rare<\/title>\n<meta name=\"robots\" content=\"index, follow, max-snippet:-1, max-image-preview:large, max-video-preview:-1\" \/>\n<link rel=\"canonical\" href=\"https:\/\/lararkarriar.se\/gymnasieskola\/2016\/01\/29\/uddevalla-gymnasieskola-forstahandsvalet\/\" \/>\n<meta property=\"og:locale\" content=\"sv_SE\" \/>\n<meta property=\"og:type\" content=\"article\" \/>\n<meta property=\"og:title\" content=\"Uddevalla gymnasieskola \u2013 f\u00f6rstahandsvalet - Framtidens karri\u00e4r gymnasiel\u00e4rare\" \/>\n<meta property=\"og:description\" content=\"Uddevalla gymnasieskola \u00e4r ett nav p\u00e5 V\u00e4stkusten som drar till sig elever fr\u00e5n ett dussintal...\" \/>\n<meta property=\"og:url\" content=\"https:\/\/lararkarriar.se\/gymnasieskola\/2016\/01\/29\/uddevalla-gymnasieskola-forstahandsvalet\/\" \/>\n<meta property=\"og:site_name\" content=\"Framtidens karri\u00e4r gymnasiel\u00e4rare\" \/>\n<meta property=\"article:published_time\" content=\"2016-01-29T13:56:56+00:00\" \/>\n<meta property=\"og:image\" content=\"https:\/\/lararkarriar.se\/gymnasieskola\/wp-content\/uploads\/sites\/10\/2016\/01\/uddevalla-4.jpg\" \/>\n\t<meta property=\"og:image:width\" content=\"1000\" \/>\n\t<meta property=\"og:image:height\" content=\"681\" \/>\n\t<meta property=\"og:image:type\" content=\"image\/jpeg\" \/>\n<meta name=\"author\" content=\"stellanstal\" \/>\n<meta name=\"twitter:card\" content=\"summary_large_image\" \/>\n<meta name=\"twitter:label1\" content=\"Skriven av\" \/>\n\t<meta name=\"twitter:data1\" content=\"stellanstal\" \/>\n\t<meta name=\"twitter:label2\" content=\"Ber\u00e4knad l\u00e4stid\" \/>\n\t<meta name=\"twitter:data2\" content=\"3 minuter\" \/>\n<script type=\"application\/ld+json\" class=\"yoast-schema-graph\">{\"@context\":\"https:\\\/\\\/schema.org\",\"@graph\":[{\"@type\":\"Article\",\"@id\":\"https:\\\/\\\/lararkarriar.se\\\/gymnasieskola\\\/2016\\\/01\\\/29\\\/uddevalla-gymnasieskola-forstahandsvalet\\\/#article\",\"isPartOf\":{\"@id\":\"https:\\\/\\\/lararkarriar.se\\\/gymnasieskola\\\/2016\\\/01\\\/29\\\/uddevalla-gymnasieskola-forstahandsvalet\\\/\"},\"author\":{\"name\":\"stellanstal\",\"@id\":\"https:\\\/\\\/lararkarriar.se\\\/gymnasieskola\\\/#\\\/schema\\\/person\\\/c8a43eb855191e573b73ecf8987a3b99\"},\"headline\":\"Uddevalla gymnasieskola \u2013 f\u00f6rstahandsvalet\",\"datePublished\":\"2016-01-29T13:56:56+00:00\",\"mainEntityOfPage\":{\"@id\":\"https:\\\/\\\/lararkarriar.se\\\/gymnasieskola\\\/2016\\\/01\\\/29\\\/uddevalla-gymnasieskola-forstahandsvalet\\\/\"},\"wordCount\":535,\"image\":{\"@id\":\"https:\\\/\\\/lararkarriar.se\\\/gymnasieskola\\\/2016\\\/01\\\/29\\\/uddevalla-gymnasieskola-forstahandsvalet\\\/#primaryimage\"},\"thumbnailUrl\":\"https:\\\/\\\/lararkarriar.se\\\/gymnasieskola\\\/wp-content\\\/uploads\\\/sites\\\/10\\\/2016\\\/01\\\/uddevalla-4.jpg\",\"articleSection\":[\"Presentation\"],\"inLanguage\":\"sv-SE\"},{\"@type\":\"WebPage\",\"@id\":\"https:\\\/\\\/lararkarriar.se\\\/gymnasieskola\\\/2016\\\/01\\\/29\\\/uddevalla-gymnasieskola-forstahandsvalet\\\/\",\"url\":\"https:\\\/\\\/lararkarriar.se\\\/gymnasieskola\\\/2016\\\/01\\\/29\\\/uddevalla-gymnasieskola-forstahandsvalet\\\/\",\"name\":\"Uddevalla gymnasieskola \u2013 f\u00f6rstahandsvalet - Framtidens karri\u00e4r gymnasiel\u00e4rare\",\"isPartOf\":{\"@id\":\"https:\\\/\\\/lararkarriar.se\\\/gymnasieskola\\\/#website\"},\"primaryImageOfPage\":{\"@id\":\"https:\\\/\\\/lararkarriar.se\\\/gymnasieskola\\\/2016\\\/01\\\/29\\\/uddevalla-gymnasieskola-forstahandsvalet\\\/#primaryimage\"},\"image\":{\"@id\":\"https:\\\/\\\/lararkarriar.se\\\/gymnasieskola\\\/2016\\\/01\\\/29\\\/uddevalla-gymnasieskola-forstahandsvalet\\\/#primaryimage\"},\"thumbnailUrl\":\"https:\\\/\\\/lararkarriar.se\\\/gymnasieskola\\\/wp-content\\\/uploads\\\/sites\\\/10\\\/2016\\\/01\\\/uddevalla-4.jpg\",\"datePublished\":\"2016-01-29T13:56:56+00:00\",\"author\":{\"@id\":\"https:\\\/\\\/lararkarriar.se\\\/gymnasieskola\\\/#\\\/schema\\\/person\\\/c8a43eb855191e573b73ecf8987a3b99\"},\"breadcrumb\":{\"@id\":\"https:\\\/\\\/lararkarriar.se\\\/gymnasieskola\\\/2016\\\/01\\\/29\\\/uddevalla-gymnasieskola-forstahandsvalet\\\/#breadcrumb\"},\"inLanguage\":\"sv-SE\",\"potentialAction\":[{\"@type\":\"ReadAction\",\"target\":[\"https:\\\/\\\/lararkarriar.se\\\/gymnasieskola\\\/2016\\\/01\\\/29\\\/uddevalla-gymnasieskola-forstahandsvalet\\\/\"]}]},{\"@type\":\"ImageObject\",\"inLanguage\":\"sv-SE\",\"@id\":\"https:\\\/\\\/lararkarriar.se\\\/gymnasieskola\\\/2016\\\/01\\\/29\\\/uddevalla-gymnasieskola-forstahandsvalet\\\/#primaryimage\",\"url\":\"https:\\\/\\\/lararkarriar.se\\\/gymnasieskola\\\/wp-content\\\/uploads\\\/sites\\\/10\\\/2016\\\/01\\\/uddevalla-4.jpg\",\"contentUrl\":\"https:\\\/\\\/lararkarriar.se\\\/gymnasieskola\\\/wp-content\\\/uploads\\\/sites\\\/10\\\/2016\\\/01\\\/uddevalla-4.jpg\",\"width\":1000,\"height\":681,\"caption\":\"Marion Meister, Marie-Louise Klevestedt, Stefan Einarsson och Erik Wennstam. Foto: Hans Karlsson\"},{\"@type\":\"BreadcrumbList\",\"@id\":\"https:\\\/\\\/lararkarriar.se\\\/gymnasieskola\\\/2016\\\/01\\\/29\\\/uddevalla-gymnasieskola-forstahandsvalet\\\/#breadcrumb\",\"itemListElement\":[{\"@type\":\"ListItem\",\"position\":1,\"name\":\"Home\",\"item\":\"https:\\\/\\\/lararkarriar.se\\\/gymnasieskola\\\/\"},{\"@type\":\"ListItem\",\"position\":2,\"name\":\"Uddevalla gymnasieskola \u2013 f\u00f6rstahandsvalet\"}]},{\"@type\":\"WebSite\",\"@id\":\"https:\\\/\\\/lararkarriar.se\\\/gymnasieskola\\\/#website\",\"url\":\"https:\\\/\\\/lararkarriar.se\\\/gymnasieskola\\\/\",\"name\":\"Framtidens karri\u00e4r gymnasiel\u00e4rare\",\"description\":\"Just another NMDashboard.se Sites site\",\"potentialAction\":[{\"@type\":\"SearchAction\",\"target\":{\"@type\":\"EntryPoint\",\"urlTemplate\":\"https:\\\/\\\/lararkarriar.se\\\/gymnasieskola\\\/?s={search_term_string}\"},\"query-input\":{\"@type\":\"PropertyValueSpecification\",\"valueRequired\":true,\"valueName\":\"search_term_string\"}}],\"inLanguage\":\"sv-SE\"},{\"@type\":\"Person\",\"@id\":\"https:\\\/\\\/lararkarriar.se\\\/gymnasieskola\\\/#\\\/schema\\\/person\\\/c8a43eb855191e573b73ecf8987a3b99\",\"name\":\"stellanstal\",\"image\":{\"@type\":\"ImageObject\",\"inLanguage\":\"sv-SE\",\"@id\":\"https:\\\/\\\/secure.gravatar.com\\\/avatar\\\/cd330fa6bb17f598124b2068ee0b189e4fe0987a50af9d53b78410836060d0c9?s=96&d=mm&r=g\",\"url\":\"https:\\\/\\\/secure.gravatar.com\\\/avatar\\\/cd330fa6bb17f598124b2068ee0b189e4fe0987a50af9d53b78410836060d0c9?s=96&d=mm&r=g\",\"contentUrl\":\"https:\\\/\\\/secure.gravatar.com\\\/avatar\\\/cd330fa6bb17f598124b2068ee0b189e4fe0987a50af9d53b78410836060d0c9?s=96&d=mm&r=g\",\"caption\":\"stellanstal\"},\"url\":\"https:\\\/\\\/lararkarriar.se\\\/gymnasieskola\\\/author\\\/stellanstal\\\/\"}]}<\/script>\n<!-- \/ Yoast SEO plugin. -->","yoast_head_json":{"title":"Uddevalla gymnasieskola \u2013 f\u00f6rstahandsvalet - Framtidens karri\u00e4r gymnasiel\u00e4rare","robots":{"index":"index","follow":"follow","max-snippet":"max-snippet:-1","max-image-preview":"max-image-preview:large","max-video-preview":"max-video-preview:-1"},"canonical":"https:\/\/lararkarriar.se\/gymnasieskola\/2016\/01\/29\/uddevalla-gymnasieskola-forstahandsvalet\/","og_locale":"sv_SE","og_type":"article","og_title":"Uddevalla gymnasieskola \u2013 f\u00f6rstahandsvalet - Framtidens karri\u00e4r gymnasiel\u00e4rare","og_description":"Uddevalla gymnasieskola \u00e4r ett nav p\u00e5 V\u00e4stkusten som drar till sig elever fr\u00e5n ett dussintal...","og_url":"https:\/\/lararkarriar.se\/gymnasieskola\/2016\/01\/29\/uddevalla-gymnasieskola-forstahandsvalet\/","og_site_name":"Framtidens karri\u00e4r gymnasiel\u00e4rare","article_published_time":"2016-01-29T13:56:56+00:00","og_image":[{"width":1000,"height":681,"url":"https:\/\/lararkarriar.se\/gymnasieskola\/wp-content\/uploads\/sites\/10\/2016\/01\/uddevalla-4.jpg","type":"image\/jpeg"}],"author":"stellanstal","twitter_card":"summary_large_image","twitter_misc":{"Skriven av":"stellanstal","Ber\u00e4knad l\u00e4stid":"3 minuter"},"schema":{"@context":"https:\/\/schema.org","@graph":[{"@type":"Article","@id":"https:\/\/lararkarriar.se\/gymnasieskola\/2016\/01\/29\/uddevalla-gymnasieskola-forstahandsvalet\/#article","isPartOf":{"@id":"https:\/\/lararkarriar.se\/gymnasieskola\/2016\/01\/29\/uddevalla-gymnasieskola-forstahandsvalet\/"},"author":{"name":"stellanstal","@id":"https:\/\/lararkarriar.se\/gymnasieskola\/#\/schema\/person\/c8a43eb855191e573b73ecf8987a3b99"},"headline":"Uddevalla gymnasieskola \u2013 f\u00f6rstahandsvalet","datePublished":"2016-01-29T13:56:56+00:00","mainEntityOfPage":{"@id":"https:\/\/lararkarriar.se\/gymnasieskola\/2016\/01\/29\/uddevalla-gymnasieskola-forstahandsvalet\/"},"wordCount":535,"image":{"@id":"https:\/\/lararkarriar.se\/gymnasieskola\/2016\/01\/29\/uddevalla-gymnasieskola-forstahandsvalet\/#primaryimage"},"thumbnailUrl":"https:\/\/lararkarriar.se\/gymnasieskola\/wp-content\/uploads\/sites\/10\/2016\/01\/uddevalla-4.jpg","articleSection":["Presentation"],"inLanguage":"sv-SE"},{"@type":"WebPage","@id":"https:\/\/lararkarriar.se\/gymnasieskola\/2016\/01\/29\/uddevalla-gymnasieskola-forstahandsvalet\/","url":"https:\/\/lararkarriar.se\/gymnasieskola\/2016\/01\/29\/uddevalla-gymnasieskola-forstahandsvalet\/","name":"Uddevalla gymnasieskola \u2013 f\u00f6rstahandsvalet - Framtidens karri\u00e4r gymnasiel\u00e4rare","isPartOf":{"@id":"https:\/\/lararkarriar.se\/gymnasieskola\/#website"},"primaryImageOfPage":{"@id":"https:\/\/lararkarriar.se\/gymnasieskola\/2016\/01\/29\/uddevalla-gymnasieskola-forstahandsvalet\/#primaryimage"},"image":{"@id":"https:\/\/lararkarriar.se\/gymnasieskola\/2016\/01\/29\/uddevalla-gymnasieskola-forstahandsvalet\/#primaryimage"},"thumbnailUrl":"https:\/\/lararkarriar.se\/gymnasieskola\/wp-content\/uploads\/sites\/10\/2016\/01\/uddevalla-4.jpg","datePublished":"2016-01-29T13:56:56+00:00","author":{"@id":"https:\/\/lararkarriar.se\/gymnasieskola\/#\/schema\/person\/c8a43eb855191e573b73ecf8987a3b99"},"breadcrumb":{"@id":"https:\/\/lararkarriar.se\/gymnasieskola\/2016\/01\/29\/uddevalla-gymnasieskola-forstahandsvalet\/#breadcrumb"},"inLanguage":"sv-SE","potentialAction":[{"@type":"ReadAction","target":["https:\/\/lararkarriar.se\/gymnasieskola\/2016\/01\/29\/uddevalla-gymnasieskola-forstahandsvalet\/"]}]},{"@type":"ImageObject","inLanguage":"sv-SE","@id":"https:\/\/lararkarriar.se\/gymnasieskola\/2016\/01\/29\/uddevalla-gymnasieskola-forstahandsvalet\/#primaryimage","url":"https:\/\/lararkarriar.se\/gymnasieskola\/wp-content\/uploads\/sites\/10\/2016\/01\/uddevalla-4.jpg","contentUrl":"https:\/\/lararkarriar.se\/gymnasieskola\/wp-content\/uploads\/sites\/10\/2016\/01\/uddevalla-4.jpg","width":1000,"height":681,"caption":"Marion Meister, Marie-Louise Klevestedt, Stefan Einarsson och Erik Wennstam. Foto: Hans Karlsson"},{"@type":"BreadcrumbList","@id":"https:\/\/lararkarriar.se\/gymnasieskola\/2016\/01\/29\/uddevalla-gymnasieskola-forstahandsvalet\/#breadcrumb","itemListElement":[{"@type":"ListItem","position":1,"name":"Home","item":"https:\/\/lararkarriar.se\/gymnasieskola\/"},{"@type":"ListItem","position":2,"name":"Uddevalla gymnasieskola \u2013 f\u00f6rstahandsvalet"}]},{"@type":"WebSite","@id":"https:\/\/lararkarriar.se\/gymnasieskola\/#website","url":"https:\/\/lararkarriar.se\/gymnasieskola\/","name":"Framtidens karri\u00e4r gymnasiel\u00e4rare","description":"Just another NMDashboard.se Sites site","potentialAction":[{"@type":"SearchAction","target":{"@type":"EntryPoint","urlTemplate":"https:\/\/lararkarriar.se\/gymnasieskola\/?s={search_term_string}"},"query-input":{"@type":"PropertyValueSpecification","valueRequired":true,"valueName":"search_term_string"}}],"inLanguage":"sv-SE"},{"@type":"Person","@id":"https:\/\/lararkarriar.se\/gymnasieskola\/#\/schema\/person\/c8a43eb855191e573b73ecf8987a3b99","name":"stellanstal","image":{"@type":"ImageObject","inLanguage":"sv-SE","@id":"https:\/\/secure.gravatar.com\/avatar\/cd330fa6bb17f598124b2068ee0b189e4fe0987a50af9d53b78410836060d0c9?s=96&d=mm&r=g","url":"https:\/\/secure.gravatar.com\/avatar\/cd330fa6bb17f598124b2068ee0b189e4fe0987a50af9d53b78410836060d0c9?s=96&d=mm&r=g","contentUrl":"https:\/\/secure.gravatar.com\/avatar\/cd330fa6bb17f598124b2068ee0b189e4fe0987a50af9d53b78410836060d0c9?s=96&d=mm&r=g","caption":"stellanstal"},"url":"https:\/\/lararkarriar.se\/gymnasieskola\/author\/stellanstal\/"}]}},"_links":{"self":[{"href":"https:\/\/lararkarriar.se\/gymnasieskola\/wp-json\/wp\/v2\/posts\/5244","targetHints":{"allow":["GET"]}}],"collection":[{"href":"https:\/\/lararkarriar.se\/gymnasieskola\/wp-json\/wp\/v2\/posts"}],"about":[{"href":"https:\/\/lararkarriar.se\/gymnasieskola\/wp-json\/wp\/v2\/types\/post"}],"author":[{"embeddable":true,"href":"https:\/\/lararkarriar.se\/gymnasieskola\/wp-json\/wp\/v2\/users\/3"}],"replies":[{"embeddable":true,"href":"https:\/\/lararkarriar.se\/gymnasieskola\/wp-json\/wp\/v2\/comments?post=5244"}],"version-history":[{"count":0,"href":"https:\/\/lararkarriar.se\/gymnasieskola\/wp-json\/wp\/v2\/posts\/5244\/revisions"}],"wp:featuredmedia":[{"embeddable":true,"href":"https:\/\/lararkarriar.se\/gymnasieskola\/wp-json\/wp\/v2\/media\/5245"}],"wp:attachment":[{"href":"https:\/\/lararkarriar.se\/gymnasieskola\/wp-json\/wp\/v2\/media?parent=5244"}],"wp:term":[{"taxonomy":"category","embeddable":true,"href":"https:\/\/lararkarriar.se\/gymnasieskola\/wp-json\/wp\/v2\/categories?post=5244"},{"taxonomy":"post_tag","embeddable":true,"href":"https:\/\/lararkarriar.se\/gymnasieskola\/wp-json\/wp\/v2\/tags?post=5244"}],"curies":[{"name":"wp","href":"https:\/\/api.w.org\/{rel}","templated":true}]}}