{"id":5610,"date":"2017-05-02T12:03:46","date_gmt":"2017-05-02T10:03:46","guid":{"rendered":"http:\/\/lararkarriar.se\/gymnasieskola\/?p=5610"},"modified":"2017-05-02T12:03:46","modified_gmt":"2017-05-02T10:03:46","slug":"stark-positiv-drivkraft-i-ulricehamn","status":"publish","type":"post","link":"https:\/\/lararkarriar.se\/gymnasieskola\/2017\/05\/02\/stark-positiv-drivkraft-i-ulricehamn\/","title":{"rendered":"Stark positiv drivkraft i Ulricehamn"},"content":{"rendered":"<p><figure id=\"attachment_5611\" aria-describedby=\"caption-attachment-5611\" style=\"width: 1000px\" class=\"wp-caption alignnone\"><img loading=\"lazy\" decoding=\"async\" src=\"https:\/\/lararkarriar.se\/gymnasieskola\/wp-content\/uploads\/sites\/10\/2017\/05\/ulricehamn-gulzen-mattias-banken.jpg\" alt=\"Matthias Nordgren, rektor f\u00f6r Tingsholmsgymnasiet och tillf\u00f6rordnad gymnasiechef och G\u00fclsen \u00d6zdenkos, barn- och utbildningschef i Ulricehamns kommun.\" width=\"1000\" height=\"597\" class=\"size-full wp-image-5611\" srcset=\"https:\/\/lararkarriar.se\/gymnasieskola\/wp-content\/uploads\/sites\/10\/2017\/05\/ulricehamn-gulzen-mattias-banken.jpg 1000w, https:\/\/lararkarriar.se\/gymnasieskola\/wp-content\/uploads\/sites\/10\/2017\/05\/ulricehamn-gulzen-mattias-banken-300x179.jpg 300w, https:\/\/lararkarriar.se\/gymnasieskola\/wp-content\/uploads\/sites\/10\/2017\/05\/ulricehamn-gulzen-mattias-banken-768x458.jpg 768w, https:\/\/lararkarriar.se\/gymnasieskola\/wp-content\/uploads\/sites\/10\/2017\/05\/ulricehamn-gulzen-mattias-banken-268x160.jpg 268w, https:\/\/lararkarriar.se\/gymnasieskola\/wp-content\/uploads\/sites\/10\/2017\/05\/ulricehamn-gulzen-mattias-banken-526x314.jpg 526w, https:\/\/lararkarriar.se\/gymnasieskola\/wp-content\/uploads\/sites\/10\/2017\/05\/ulricehamn-gulzen-mattias-banken-720x430.jpg 720w, https:\/\/lararkarriar.se\/gymnasieskola\/wp-content\/uploads\/sites\/10\/2017\/05\/ulricehamn-gulzen-mattias-banken-960x573.jpg 960w\" sizes=\"auto, (max-width: 1000px) 100vw, 1000px\" \/><figcaption id=\"caption-attachment-5611\" class=\"wp-caption-text\">Matthias Nordgren, rektor f\u00f6r Tingsholmsgymnasiet och tillf\u00f6rordnad gymnasiechef och G\u00fclsen \u00d6zdenkos, barn- och utbildningschef i Ulricehamns kommun.<\/figcaption><\/figure><strong>De senaste \u00e5ren har skolv\u00e4sendet i Ulricehamn utvecklats med stormsteg till vissa delar. Idag driver kommunen en m\u00e4ngd olika initiativ f\u00f6r att utveckla en skola som \u00e4r anpassad f\u00f6r framtiden, n\u00e5got som pr\u00e4glar hela kedjan fr\u00e5n f\u00f6rskola till vuxenutbildning. <\/strong><\/p>\n<p>D\u00e5 det fria skolvalet fick fullt genomslag och Tingsholmsgymnasiet i Ulricehamn blev konkurrensutsatt blev det startskottet f\u00f6r en f\u00f6r\u00e4ndring som genomsyrar dess verksamhet \u00e4n idag.<br \/>\n\u2013 Den inre organisationen f\u00f6r\u00e4ndrades \u2013 vi gick fr\u00e5n att vara lite splittrade till att idag vara en sammansvetsad styrka med tydlig samh\u00f6righetsk\u00e4nsla. Konkurrensfr\u00e5gan satte ig\u00e5ng en process som lade grunden f\u00f6r nya gemensamma f\u00f6rh\u00e5llningss\u00e4tt och principer och en st\u00f6rre likv\u00e4rdighet i organisationen. Motivationen sk\u00f6t i h\u00f6jden och sedan dess har vi befunnit oss i en positiv resultatutveckling \u00e4ven i j\u00e4mf\u00f6relse med \u00f6vriga skolor i l\u00e4net, s\u00e4ger Matthias Nordgren, rektor f\u00f6r Tingsholmsgymnasiet och tillf\u00f6rordnad gymnasiechef.<\/p>\n<p><strong>Fantastisk politisk vilja<\/strong><br \/>\nUtvecklingen har resulterat i ett starkt engagemang och en arbetsro som blivit en positiv kraft f\u00f6r b\u00e5de pedagoger och elever inom gymnasiet och vuxenutbildningen.<br \/>\n\u2013 Vi har en gymnasieskola som fungerar utm\u00e4rkt, och vi tar vara p\u00e5 alla utvecklingsm\u00f6jligheter. Skulle man skapa ett nytt skolsystem idag utifr\u00e5n all kunskap om l\u00e4rande skulle det inte likna det vi har och vi har modet att v\u00e5ga utforska nya perspektiv kring hur vi vill att skolan ska se ut i framtiden. Det \u00e4r n\u00e5got som l\u00f6per som en r\u00f6d tr\u00e5d \u00e4nda fr\u00e5n f\u00f6rskolan till vuxenutbildningen. Vi har dessutom en fantastisk politisk vilja i Ulricehamn, som st\u00f6der det h\u00e4r arbetet, ber\u00e4ttar G\u00fclsen \u00d6zdenkos, som sedan januari 2017 \u00e4r barn- och utbildningschef i Ulricehamns kommun. <\/p>\n<p><strong>ELSA-projektet<\/strong><br \/>\nFram\u00f6ver kommer Tingsholmsgymnasiet att bygga ut tv\u00e5 nya programinriktningar och det har dragits ig\u00e5ng en stor satsning f\u00f6r att skapa en likv\u00e4rdig skola f\u00f6r alla \u2013 ELSA-projektet.<br \/>\nEn v\u00e4sentlig del av ELSA-projektet \u00e4r att genomf\u00f6ra en stor kompetenskartl\u00e4ggning som senare ska ligga till grund f\u00f6r fortbildning och utveckling, men \u00e4ven f\u00f6r att ge kommunens pedagoger m\u00f6jligheten att p\u00e5verka hur framtidens skola ska utformas.<br \/>\n\u2013 Alla personalgrupper \u00e4r viktiga i sammanhanget och det finns utrymme f\u00f6r engagemang och delaktighet inom alla niv\u00e5er. Vi utvecklar skolan gemensamt, avslutar de.<\/p>\n<div class=\"faktaruta-title\">Ulricehamns kommun<\/div><div class=\"faktaruta\">Skolorna och f\u00f6rskolorna i Ulricehamns kommun arbetar utifr\u00e5n den gemensamma visionen att ge god utbildning inf\u00f6r framtiden. M\u00e5let \u00e4r att organisera och leda l\u00e4randet i kommunen s\u00e5 att eleverna ges m\u00f6jlighet f\u00f6r att trivas och utvecklas optimalt utifr\u00e5n sina f\u00f6ruts\u00e4ttningar. <\/p>\n<p>Barn- och utbildningschef<br \/>\nG\u00fclsen \u00d6zdenkos<br \/>\nTel: 0321-595 180<br \/>\n<em>E-post: <a href=\"mailto:gulsen.ozdenkos@ulricehamn.se\">gulsen.ozdenkos@ulricehamn.se<\/a><\/em><br \/>\n<strong><a href=\"http:\/\/www.ulricehamn.se\" target=\"_blank\" rel=\"noopener noreferrer\">www.ulricehamn.se<\/a><\/strong><\/br><br \/>\n<a href=\"http:\/\/www.ulricehamn.se\" target=\"_blank\" rel=\"attachment wp-att-5612 noopener noreferrer\"><img loading=\"lazy\" decoding=\"async\" src=\"http:\/\/lararkarriar.se\/gymnasieskola\/wp-content\/uploads\/2017\/05\/ulricehamn_logo_cmyk_vek_p_li-530x151.png\" alt=\"www.ulricehamn.se\" width=\"332\" height=\"95\" class=\"alignnone size-large wp-image-5612\" \/><\/a><\/div>\n","protected":false},"excerpt":{"rendered":"<p>De senaste \u00e5ren har skolv\u00e4sendet i Ulricehamn utvecklats med stormsteg till vissa delar. Idag driver&#8230;<\/p>\n","protected":false},"author":3,"featured_media":5611,"comment_status":"closed","ping_status":"open","sticky":false,"template":"","format":"standard","meta":{"_acf_changed":false,"_monsterinsights_skip_tracking":false,"_monsterinsights_sitenote_active":false,"_monsterinsights_sitenote_note":"","_monsterinsights_sitenote_category":0,"footnotes":""},"categories":[7],"tags":[57,270,276,288],"class_list":["post-5610","post","type-post","status-publish","format-standard","has-post-thumbnail","hentry","category-presentation","tag-elsa","tag-tingsholmsgymnasiet","tag-ulricehamns-kommun","tag-utveckling"],"acf":[],"yoast_head":"<!-- This site is optimized with the Yoast SEO plugin v27.3 - https:\/\/yoast.com\/product\/yoast-seo-wordpress\/ -->\n<title>Stark positiv drivkraft i Ulricehamn - Framtidens karri\u00e4r gymnasiel\u00e4rare<\/title>\n<meta name=\"robots\" content=\"index, follow, max-snippet:-1, max-image-preview:large, max-video-preview:-1\" \/>\n<link rel=\"canonical\" href=\"https:\/\/lararkarriar.se\/gymnasieskola\/2017\/05\/02\/stark-positiv-drivkraft-i-ulricehamn\/\" \/>\n<meta property=\"og:locale\" content=\"sv_SE\" \/>\n<meta property=\"og:type\" content=\"article\" \/>\n<meta property=\"og:title\" content=\"Stark positiv drivkraft i Ulricehamn - Framtidens karri\u00e4r gymnasiel\u00e4rare\" \/>\n<meta property=\"og:description\" content=\"De senaste \u00e5ren har skolv\u00e4sendet i Ulricehamn utvecklats med stormsteg till vissa delar. Idag driver...\" \/>\n<meta property=\"og:url\" content=\"https:\/\/lararkarriar.se\/gymnasieskola\/2017\/05\/02\/stark-positiv-drivkraft-i-ulricehamn\/\" \/>\n<meta property=\"og:site_name\" content=\"Framtidens karri\u00e4r gymnasiel\u00e4rare\" \/>\n<meta property=\"article:published_time\" content=\"2017-05-02T10:03:46+00:00\" \/>\n<meta property=\"og:image\" content=\"https:\/\/lararkarriar.se\/gymnasieskola\/wp-content\/uploads\/sites\/10\/2017\/05\/ulricehamn-gulzen-mattias-banken.jpg\" \/>\n\t<meta property=\"og:image:width\" content=\"1000\" \/>\n\t<meta property=\"og:image:height\" content=\"597\" \/>\n\t<meta property=\"og:image:type\" content=\"image\/jpeg\" \/>\n<meta name=\"author\" content=\"stellanstal\" \/>\n<meta name=\"twitter:card\" content=\"summary_large_image\" \/>\n<meta name=\"twitter:label1\" content=\"Skriven av\" \/>\n\t<meta name=\"twitter:data1\" content=\"stellanstal\" \/>\n\t<meta name=\"twitter:label2\" content=\"Ber\u00e4knad l\u00e4stid\" \/>\n\t<meta name=\"twitter:data2\" content=\"3 minuter\" \/>\n<script type=\"application\/ld+json\" class=\"yoast-schema-graph\">{\"@context\":\"https:\\\/\\\/schema.org\",\"@graph\":[{\"@type\":\"Article\",\"@id\":\"https:\\\/\\\/lararkarriar.se\\\/gymnasieskola\\\/2017\\\/05\\\/02\\\/stark-positiv-drivkraft-i-ulricehamn\\\/#article\",\"isPartOf\":{\"@id\":\"https:\\\/\\\/lararkarriar.se\\\/gymnasieskola\\\/2017\\\/05\\\/02\\\/stark-positiv-drivkraft-i-ulricehamn\\\/\"},\"author\":{\"name\":\"stellanstal\",\"@id\":\"https:\\\/\\\/lararkarriar.se\\\/gymnasieskola\\\/#\\\/schema\\\/person\\\/c8a43eb855191e573b73ecf8987a3b99\"},\"headline\":\"Stark positiv drivkraft i Ulricehamn\",\"datePublished\":\"2017-05-02T10:03:46+00:00\",\"mainEntityOfPage\":{\"@id\":\"https:\\\/\\\/lararkarriar.se\\\/gymnasieskola\\\/2017\\\/05\\\/02\\\/stark-positiv-drivkraft-i-ulricehamn\\\/\"},\"wordCount\":510,\"image\":{\"@id\":\"https:\\\/\\\/lararkarriar.se\\\/gymnasieskola\\\/2017\\\/05\\\/02\\\/stark-positiv-drivkraft-i-ulricehamn\\\/#primaryimage\"},\"thumbnailUrl\":\"https:\\\/\\\/lararkarriar.se\\\/gymnasieskola\\\/wp-content\\\/uploads\\\/sites\\\/10\\\/2017\\\/05\\\/ulricehamn-gulzen-mattias-banken.jpg\",\"keywords\":[\"ELSA\",\"Tingsholmsgymnasiet\",\"Ulricehamns kommun\",\"Utveckling\"],\"articleSection\":[\"Presentation\"],\"inLanguage\":\"sv-SE\"},{\"@type\":\"WebPage\",\"@id\":\"https:\\\/\\\/lararkarriar.se\\\/gymnasieskola\\\/2017\\\/05\\\/02\\\/stark-positiv-drivkraft-i-ulricehamn\\\/\",\"url\":\"https:\\\/\\\/lararkarriar.se\\\/gymnasieskola\\\/2017\\\/05\\\/02\\\/stark-positiv-drivkraft-i-ulricehamn\\\/\",\"name\":\"Stark positiv drivkraft i Ulricehamn - Framtidens karri\u00e4r gymnasiel\u00e4rare\",\"isPartOf\":{\"@id\":\"https:\\\/\\\/lararkarriar.se\\\/gymnasieskola\\\/#website\"},\"primaryImageOfPage\":{\"@id\":\"https:\\\/\\\/lararkarriar.se\\\/gymnasieskola\\\/2017\\\/05\\\/02\\\/stark-positiv-drivkraft-i-ulricehamn\\\/#primaryimage\"},\"image\":{\"@id\":\"https:\\\/\\\/lararkarriar.se\\\/gymnasieskola\\\/2017\\\/05\\\/02\\\/stark-positiv-drivkraft-i-ulricehamn\\\/#primaryimage\"},\"thumbnailUrl\":\"https:\\\/\\\/lararkarriar.se\\\/gymnasieskola\\\/wp-content\\\/uploads\\\/sites\\\/10\\\/2017\\\/05\\\/ulricehamn-gulzen-mattias-banken.jpg\",\"datePublished\":\"2017-05-02T10:03:46+00:00\",\"author\":{\"@id\":\"https:\\\/\\\/lararkarriar.se\\\/gymnasieskola\\\/#\\\/schema\\\/person\\\/c8a43eb855191e573b73ecf8987a3b99\"},\"breadcrumb\":{\"@id\":\"https:\\\/\\\/lararkarriar.se\\\/gymnasieskola\\\/2017\\\/05\\\/02\\\/stark-positiv-drivkraft-i-ulricehamn\\\/#breadcrumb\"},\"inLanguage\":\"sv-SE\",\"potentialAction\":[{\"@type\":\"ReadAction\",\"target\":[\"https:\\\/\\\/lararkarriar.se\\\/gymnasieskola\\\/2017\\\/05\\\/02\\\/stark-positiv-drivkraft-i-ulricehamn\\\/\"]}]},{\"@type\":\"ImageObject\",\"inLanguage\":\"sv-SE\",\"@id\":\"https:\\\/\\\/lararkarriar.se\\\/gymnasieskola\\\/2017\\\/05\\\/02\\\/stark-positiv-drivkraft-i-ulricehamn\\\/#primaryimage\",\"url\":\"https:\\\/\\\/lararkarriar.se\\\/gymnasieskola\\\/wp-content\\\/uploads\\\/sites\\\/10\\\/2017\\\/05\\\/ulricehamn-gulzen-mattias-banken.jpg\",\"contentUrl\":\"https:\\\/\\\/lararkarriar.se\\\/gymnasieskola\\\/wp-content\\\/uploads\\\/sites\\\/10\\\/2017\\\/05\\\/ulricehamn-gulzen-mattias-banken.jpg\",\"width\":1000,\"height\":597,\"caption\":\"Matthias Nordgren, rektor f\u00f6r Tingsholmsgymnasiet och tillf\u00f6rordnad gymnasiechef och G\u00fclsen \u00d6zdenkos, barn- och utbildningschef i Ulricehamns kommun.\"},{\"@type\":\"BreadcrumbList\",\"@id\":\"https:\\\/\\\/lararkarriar.se\\\/gymnasieskola\\\/2017\\\/05\\\/02\\\/stark-positiv-drivkraft-i-ulricehamn\\\/#breadcrumb\",\"itemListElement\":[{\"@type\":\"ListItem\",\"position\":1,\"name\":\"Home\",\"item\":\"https:\\\/\\\/lararkarriar.se\\\/gymnasieskola\\\/\"},{\"@type\":\"ListItem\",\"position\":2,\"name\":\"Stark positiv drivkraft i Ulricehamn\"}]},{\"@type\":\"WebSite\",\"@id\":\"https:\\\/\\\/lararkarriar.se\\\/gymnasieskola\\\/#website\",\"url\":\"https:\\\/\\\/lararkarriar.se\\\/gymnasieskola\\\/\",\"name\":\"Framtidens karri\u00e4r gymnasiel\u00e4rare\",\"description\":\"Just another NMDashboard.se Sites site\",\"potentialAction\":[{\"@type\":\"SearchAction\",\"target\":{\"@type\":\"EntryPoint\",\"urlTemplate\":\"https:\\\/\\\/lararkarriar.se\\\/gymnasieskola\\\/?s={search_term_string}\"},\"query-input\":{\"@type\":\"PropertyValueSpecification\",\"valueRequired\":true,\"valueName\":\"search_term_string\"}}],\"inLanguage\":\"sv-SE\"},{\"@type\":\"Person\",\"@id\":\"https:\\\/\\\/lararkarriar.se\\\/gymnasieskola\\\/#\\\/schema\\\/person\\\/c8a43eb855191e573b73ecf8987a3b99\",\"name\":\"stellanstal\",\"image\":{\"@type\":\"ImageObject\",\"inLanguage\":\"sv-SE\",\"@id\":\"https:\\\/\\\/secure.gravatar.com\\\/avatar\\\/cd330fa6bb17f598124b2068ee0b189e4fe0987a50af9d53b78410836060d0c9?s=96&d=mm&r=g\",\"url\":\"https:\\\/\\\/secure.gravatar.com\\\/avatar\\\/cd330fa6bb17f598124b2068ee0b189e4fe0987a50af9d53b78410836060d0c9?s=96&d=mm&r=g\",\"contentUrl\":\"https:\\\/\\\/secure.gravatar.com\\\/avatar\\\/cd330fa6bb17f598124b2068ee0b189e4fe0987a50af9d53b78410836060d0c9?s=96&d=mm&r=g\",\"caption\":\"stellanstal\"},\"url\":\"https:\\\/\\\/lararkarriar.se\\\/gymnasieskola\\\/author\\\/stellanstal\\\/\"}]}<\/script>\n<!-- \/ Yoast SEO plugin. -->","yoast_head_json":{"title":"Stark positiv drivkraft i Ulricehamn - Framtidens karri\u00e4r gymnasiel\u00e4rare","robots":{"index":"index","follow":"follow","max-snippet":"max-snippet:-1","max-image-preview":"max-image-preview:large","max-video-preview":"max-video-preview:-1"},"canonical":"https:\/\/lararkarriar.se\/gymnasieskola\/2017\/05\/02\/stark-positiv-drivkraft-i-ulricehamn\/","og_locale":"sv_SE","og_type":"article","og_title":"Stark positiv drivkraft i Ulricehamn - Framtidens karri\u00e4r gymnasiel\u00e4rare","og_description":"De senaste \u00e5ren har skolv\u00e4sendet i Ulricehamn utvecklats med stormsteg till vissa delar. Idag driver...","og_url":"https:\/\/lararkarriar.se\/gymnasieskola\/2017\/05\/02\/stark-positiv-drivkraft-i-ulricehamn\/","og_site_name":"Framtidens karri\u00e4r gymnasiel\u00e4rare","article_published_time":"2017-05-02T10:03:46+00:00","og_image":[{"width":1000,"height":597,"url":"https:\/\/lararkarriar.se\/gymnasieskola\/wp-content\/uploads\/sites\/10\/2017\/05\/ulricehamn-gulzen-mattias-banken.jpg","type":"image\/jpeg"}],"author":"stellanstal","twitter_card":"summary_large_image","twitter_misc":{"Skriven av":"stellanstal","Ber\u00e4knad l\u00e4stid":"3 minuter"},"schema":{"@context":"https:\/\/schema.org","@graph":[{"@type":"Article","@id":"https:\/\/lararkarriar.se\/gymnasieskola\/2017\/05\/02\/stark-positiv-drivkraft-i-ulricehamn\/#article","isPartOf":{"@id":"https:\/\/lararkarriar.se\/gymnasieskola\/2017\/05\/02\/stark-positiv-drivkraft-i-ulricehamn\/"},"author":{"name":"stellanstal","@id":"https:\/\/lararkarriar.se\/gymnasieskola\/#\/schema\/person\/c8a43eb855191e573b73ecf8987a3b99"},"headline":"Stark positiv drivkraft i Ulricehamn","datePublished":"2017-05-02T10:03:46+00:00","mainEntityOfPage":{"@id":"https:\/\/lararkarriar.se\/gymnasieskola\/2017\/05\/02\/stark-positiv-drivkraft-i-ulricehamn\/"},"wordCount":510,"image":{"@id":"https:\/\/lararkarriar.se\/gymnasieskola\/2017\/05\/02\/stark-positiv-drivkraft-i-ulricehamn\/#primaryimage"},"thumbnailUrl":"https:\/\/lararkarriar.se\/gymnasieskola\/wp-content\/uploads\/sites\/10\/2017\/05\/ulricehamn-gulzen-mattias-banken.jpg","keywords":["ELSA","Tingsholmsgymnasiet","Ulricehamns kommun","Utveckling"],"articleSection":["Presentation"],"inLanguage":"sv-SE"},{"@type":"WebPage","@id":"https:\/\/lararkarriar.se\/gymnasieskola\/2017\/05\/02\/stark-positiv-drivkraft-i-ulricehamn\/","url":"https:\/\/lararkarriar.se\/gymnasieskola\/2017\/05\/02\/stark-positiv-drivkraft-i-ulricehamn\/","name":"Stark positiv drivkraft i Ulricehamn - Framtidens karri\u00e4r gymnasiel\u00e4rare","isPartOf":{"@id":"https:\/\/lararkarriar.se\/gymnasieskola\/#website"},"primaryImageOfPage":{"@id":"https:\/\/lararkarriar.se\/gymnasieskola\/2017\/05\/02\/stark-positiv-drivkraft-i-ulricehamn\/#primaryimage"},"image":{"@id":"https:\/\/lararkarriar.se\/gymnasieskola\/2017\/05\/02\/stark-positiv-drivkraft-i-ulricehamn\/#primaryimage"},"thumbnailUrl":"https:\/\/lararkarriar.se\/gymnasieskola\/wp-content\/uploads\/sites\/10\/2017\/05\/ulricehamn-gulzen-mattias-banken.jpg","datePublished":"2017-05-02T10:03:46+00:00","author":{"@id":"https:\/\/lararkarriar.se\/gymnasieskola\/#\/schema\/person\/c8a43eb855191e573b73ecf8987a3b99"},"breadcrumb":{"@id":"https:\/\/lararkarriar.se\/gymnasieskola\/2017\/05\/02\/stark-positiv-drivkraft-i-ulricehamn\/#breadcrumb"},"inLanguage":"sv-SE","potentialAction":[{"@type":"ReadAction","target":["https:\/\/lararkarriar.se\/gymnasieskola\/2017\/05\/02\/stark-positiv-drivkraft-i-ulricehamn\/"]}]},{"@type":"ImageObject","inLanguage":"sv-SE","@id":"https:\/\/lararkarriar.se\/gymnasieskola\/2017\/05\/02\/stark-positiv-drivkraft-i-ulricehamn\/#primaryimage","url":"https:\/\/lararkarriar.se\/gymnasieskola\/wp-content\/uploads\/sites\/10\/2017\/05\/ulricehamn-gulzen-mattias-banken.jpg","contentUrl":"https:\/\/lararkarriar.se\/gymnasieskola\/wp-content\/uploads\/sites\/10\/2017\/05\/ulricehamn-gulzen-mattias-banken.jpg","width":1000,"height":597,"caption":"Matthias Nordgren, rektor f\u00f6r Tingsholmsgymnasiet och tillf\u00f6rordnad gymnasiechef och G\u00fclsen \u00d6zdenkos, barn- och utbildningschef i Ulricehamns kommun."},{"@type":"BreadcrumbList","@id":"https:\/\/lararkarriar.se\/gymnasieskola\/2017\/05\/02\/stark-positiv-drivkraft-i-ulricehamn\/#breadcrumb","itemListElement":[{"@type":"ListItem","position":1,"name":"Home","item":"https:\/\/lararkarriar.se\/gymnasieskola\/"},{"@type":"ListItem","position":2,"name":"Stark positiv drivkraft i Ulricehamn"}]},{"@type":"WebSite","@id":"https:\/\/lararkarriar.se\/gymnasieskola\/#website","url":"https:\/\/lararkarriar.se\/gymnasieskola\/","name":"Framtidens karri\u00e4r gymnasiel\u00e4rare","description":"Just another NMDashboard.se Sites site","potentialAction":[{"@type":"SearchAction","target":{"@type":"EntryPoint","urlTemplate":"https:\/\/lararkarriar.se\/gymnasieskola\/?s={search_term_string}"},"query-input":{"@type":"PropertyValueSpecification","valueRequired":true,"valueName":"search_term_string"}}],"inLanguage":"sv-SE"},{"@type":"Person","@id":"https:\/\/lararkarriar.se\/gymnasieskola\/#\/schema\/person\/c8a43eb855191e573b73ecf8987a3b99","name":"stellanstal","image":{"@type":"ImageObject","inLanguage":"sv-SE","@id":"https:\/\/secure.gravatar.com\/avatar\/cd330fa6bb17f598124b2068ee0b189e4fe0987a50af9d53b78410836060d0c9?s=96&d=mm&r=g","url":"https:\/\/secure.gravatar.com\/avatar\/cd330fa6bb17f598124b2068ee0b189e4fe0987a50af9d53b78410836060d0c9?s=96&d=mm&r=g","contentUrl":"https:\/\/secure.gravatar.com\/avatar\/cd330fa6bb17f598124b2068ee0b189e4fe0987a50af9d53b78410836060d0c9?s=96&d=mm&r=g","caption":"stellanstal"},"url":"https:\/\/lararkarriar.se\/gymnasieskola\/author\/stellanstal\/"}]}},"_links":{"self":[{"href":"https:\/\/lararkarriar.se\/gymnasieskola\/wp-json\/wp\/v2\/posts\/5610","targetHints":{"allow":["GET"]}}],"collection":[{"href":"https:\/\/lararkarriar.se\/gymnasieskola\/wp-json\/wp\/v2\/posts"}],"about":[{"href":"https:\/\/lararkarriar.se\/gymnasieskola\/wp-json\/wp\/v2\/types\/post"}],"author":[{"embeddable":true,"href":"https:\/\/lararkarriar.se\/gymnasieskola\/wp-json\/wp\/v2\/users\/3"}],"replies":[{"embeddable":true,"href":"https:\/\/lararkarriar.se\/gymnasieskola\/wp-json\/wp\/v2\/comments?post=5610"}],"version-history":[{"count":0,"href":"https:\/\/lararkarriar.se\/gymnasieskola\/wp-json\/wp\/v2\/posts\/5610\/revisions"}],"wp:featuredmedia":[{"embeddable":true,"href":"https:\/\/lararkarriar.se\/gymnasieskola\/wp-json\/wp\/v2\/media\/5611"}],"wp:attachment":[{"href":"https:\/\/lararkarriar.se\/gymnasieskola\/wp-json\/wp\/v2\/media?parent=5610"}],"wp:term":[{"taxonomy":"category","embeddable":true,"href":"https:\/\/lararkarriar.se\/gymnasieskola\/wp-json\/wp\/v2\/categories?post=5610"},{"taxonomy":"post_tag","embeddable":true,"href":"https:\/\/lararkarriar.se\/gymnasieskola\/wp-json\/wp\/v2\/tags?post=5610"}],"curies":[{"name":"wp","href":"https:\/\/api.w.org\/{rel}","templated":true}]}}