{"id":5660,"date":"2017-05-02T13:00:50","date_gmt":"2017-05-02T11:00:50","guid":{"rendered":"http:\/\/lararkarriar.se\/gymnasieskola\/?p=5660"},"modified":"2017-05-02T13:00:50","modified_gmt":"2017-05-02T11:00:50","slug":"pilou-verksamhet-som-brinner-for-att-se-manniskor-motas-och-vaxa","status":"publish","type":"post","link":"https:\/\/lararkarriar.se\/gymnasieskola\/2017\/05\/02\/pilou-verksamhet-som-brinner-for-att-se-manniskor-motas-och-vaxa\/","title":{"rendered":"Pilou \u2013 verksamhet som brinner f\u00f6r att se m\u00e4nniskor m\u00f6tas och v\u00e4xa"},"content":{"rendered":"<p><figure id=\"attachment_5661\" aria-describedby=\"caption-attachment-5661\" style=\"width: 1000px\" class=\"wp-caption alignnone\"><img loading=\"lazy\" decoding=\"async\" src=\"https:\/\/lararkarriar.se\/gymnasieskola\/wp-content\/uploads\/sites\/10\/2017\/05\/pilou-dsc-0499.jpg\" alt=\"Susanne Bertelsen och Anna Davidsson, Pilou.\" width=\"1000\" height=\"633\" class=\"size-full wp-image-5661\" srcset=\"https:\/\/lararkarriar.se\/gymnasieskola\/wp-content\/uploads\/sites\/10\/2017\/05\/pilou-dsc-0499.jpg 1000w, https:\/\/lararkarriar.se\/gymnasieskola\/wp-content\/uploads\/sites\/10\/2017\/05\/pilou-dsc-0499-300x190.jpg 300w, https:\/\/lararkarriar.se\/gymnasieskola\/wp-content\/uploads\/sites\/10\/2017\/05\/pilou-dsc-0499-768x486.jpg 768w, https:\/\/lararkarriar.se\/gymnasieskola\/wp-content\/uploads\/sites\/10\/2017\/05\/pilou-dsc-0499-253x160.jpg 253w, https:\/\/lararkarriar.se\/gymnasieskola\/wp-content\/uploads\/sites\/10\/2017\/05\/pilou-dsc-0499-526x333.jpg 526w, https:\/\/lararkarriar.se\/gymnasieskola\/wp-content\/uploads\/sites\/10\/2017\/05\/pilou-dsc-0499-720x456.jpg 720w, https:\/\/lararkarriar.se\/gymnasieskola\/wp-content\/uploads\/sites\/10\/2017\/05\/pilou-dsc-0499-960x608.jpg 960w\" sizes=\"auto, (max-width: 1000px) 100vw, 1000px\" \/><figcaption id=\"caption-attachment-5661\" class=\"wp-caption-text\">Susanne Bertelsen och Anna Davidsson, Pilou.<\/figcaption><\/figure><strong>\u2013 Pilous processledarutbildning har gett mig en god start i mitt nya uppdrag som f\u00f6rstel\u00e4rare. Evidensbaserad teori har varvats med praktiska \u00f6vningar som jag haft direkt anv\u00e4ndning f\u00f6r i min l\u00e4rar- och ledarroll, s\u00e4ger Jenny Petr\u00e9n, l\u00e4rare p\u00e5 Gislaveds gymnasium.<\/strong><\/p>\n<p>Efter m\u00e5nga \u00e5r i ledande positioner inom skolans v\u00e4rld sadlade Susanne Bertelsen om och startade konsultbolaget Pilou. Verksamheten har sedan starten f\u00f6r elva \u00e5r sedan varit inriktad p\u00e5 l\u00e4rande och skolutveckling. 2010 inleddes ett n\u00e4ra samarbete med tidigare kollegan Anna Davidsson, \u00e4ven hon med l\u00e4rarbakgrund och l\u00e5ng erfarenhet av skolutvecklingsfr\u00e5gor.<br \/>\nSedan dess har det h\u00e4nt en hel del. Fram till dags dato har n\u00e4ra 2&nbsp;000 l\u00e4rare g\u00e5tt Pilous processledarutbildning. Bakom framg\u00e5ngarna finns en uttalad vilja om att g\u00f6ra skillnad f\u00f6r andra.<br \/>\n\u2013 Pilou \u00e4r en v\u00e4rdebaserad verksamhet, en upplevelsebaserad utbildning som ska ge avtryck och d\u00e4r deltagarna f\u00f6rses med enkla verktyg som de kan anv\u00e4nda i sin vardag, s\u00e4ger Susanne Bertelsen.<br \/>\nEn viktig ledstj\u00e4rna i verksamheten \u00e4r att l\u00e4randet som utbildningen bidrar till inte ska stanna vid konferensbordet.<br \/>\n\u2013 Vi \u00e4r m\u00e5na om att deltagarnas nya kunskaper ska f\u00f6ras vidare ner i klassrummen och ut i verksamheten. I slut\u00e4nden handlar det om att v\u00e5r utbildning ska g\u00f6ra skillnad, inte bara f\u00f6r kursdeltagarna sj\u00e4lva utan \u00e4ven f\u00f6r deras skolor och elever, fastsl\u00e5r Anna Davidsson.<\/p>\n<p><figure id=\"attachment_5663\" aria-describedby=\"caption-attachment-5663\" style=\"width: 150px\" class=\"wp-caption alignright\"><img loading=\"lazy\" decoding=\"async\" src=\"http:\/\/lararkarriar.se\/gymnasieskola\/wp-content\/uploads\/2017\/05\/pilou_portrait_2-2-250x360.jpg\" alt=\"Jenny Petr\u00e9n p\u00e5 Gislaveds gymnasium.\" width=\"150\" height=\"216\" class=\"size-medium wp-image-5663\" \/><figcaption id=\"caption-attachment-5663\" class=\"wp-caption-text\">Jenny Petr\u00e9n p\u00e5 Gislaveds gymnasium.<\/figcaption><\/figure><strong>God start<\/strong><br \/>\nGislaved \u00e4r en av m\u00e5nga kommuner som anlitar Pilou. H\u00e4r f\u00e5r alla nyutn\u00e4mnda f\u00f6rstel\u00e4rare g\u00e5 Pilous processledarutbildning som start p\u00e5 sitt nya uppdrag. Jenny Petr\u00e9n, programansvarig f\u00f6rstel\u00e4rare f\u00f6r barn- och fritidsprogrammet vid Gislaveds gymnasium, \u00e4r mycket n\u00f6jd med inneh\u00e5ll och uppl\u00e4gg.<br \/>\n\u2013 Kursen har varit v\u00e4ldigt l\u00e4rorik. Samtidigt som den vilar p\u00e5 vetenskaplig grund och tar upp det senaste inom modern pedagogikforskning, ges konkret handledning i hur teorierna kan oms\u00e4ttas i praktisk handling. Diskussioner och reflektioner mynnar ut i v\u00e4rdefulla verktyg som jag dagen efter kan anv\u00e4nda p\u00e5 min arbetsplats.<br \/>\nSusanne Bertelsen flikar in att det \u00e4r just detta som \u00e4r k\u00e4rnan i Pilous verksamhet.<br \/>\n\u2013 Som v\u00e4rdestyrt f\u00f6retag brinner vi f\u00f6r att se m\u00e4nniskor m\u00f6tas och v\u00e4xa. D\u00e4rf\u00f6r vill vi bidra till en dialogbaserad kommunikation och ett v\u00e4rdebaserat ledarskap som ger avtryck och g\u00f6r skillnad.<\/p>\n<div class=\"faktaruta-title\">Pilou<\/div><div class=\"faktaruta\">Pilou, Process i L\u00e4rande och Utveckling, startades 2006 och st\u00f6djer f\u00f6retag, organisationer och m\u00e4nniskor i f\u00f6r\u00e4ndringsprocesser och f\u00f6r\u00e4ndringar. V\u00e5rt f\u00f6rh\u00e5llningss\u00e4tt vilar p\u00e5 gestaltteoretisk grund. Med professionella metoder och stort engagemang f\u00e5r vi b\u00e5de grupper och individer att utvecklas och v\u00e4xa. <\/p>\n<p>Pilou<br \/>\nMandelgatan 6 B<br \/>\n432 37 Varberg<br \/>\nTel: 0709-44 44 18<br \/>\n<strong><a href=\"http:\/\/www.pilou.se\" target=\"_blank\" rel=\"noopener noreferrer\">www.pilou.se<\/a><\/strong><\/br><br \/>\n<a href=\"http:\/\/www.pilou.se\" target=\"_blank\" rel=\"attachment wp-att-5662 noopener noreferrer\"><img loading=\"lazy\" decoding=\"async\" src=\"http:\/\/lararkarriar.se\/gymnasieskola\/wp-content\/uploads\/2017\/05\/pilou_logga-530x300.png\" alt=\"www.pilou.se\" width=\"332\" height=\"188\" class=\"alignnone size-large wp-image-5662\" \/><\/a><\/div>\n","protected":false},"excerpt":{"rendered":"<p>\u2013 Pilous processledarutbildning har gett mig en god start i mitt nya uppdrag som f\u00f6rstel\u00e4rare&#8230;.<\/p>\n","protected":false},"author":3,"featured_media":5661,"comment_status":"closed","ping_status":"open","sticky":false,"template":"","format":"standard","meta":{"_acf_changed":false,"_monsterinsights_skip_tracking":false,"_monsterinsights_sitenote_active":false,"_monsterinsights_sitenote_note":"","_monsterinsights_sitenote_category":0,"footnotes":""},"categories":[7],"tags":[136,199,206,237],"class_list":["post-5660","post","type-post","status-publish","format-standard","has-post-thumbnail","hentry","category-presentation","tag-kompetensutveckling","tag-pilou","tag-processledarutbildning","tag-skolutveckling"],"acf":[],"yoast_head":"<!-- This site is optimized with the Yoast SEO plugin v27.3 - https:\/\/yoast.com\/product\/yoast-seo-wordpress\/ -->\n<title>Pilou \u2013 verksamhet som brinner f\u00f6r att se m\u00e4nniskor m\u00f6tas och v\u00e4xa - Framtidens karri\u00e4r gymnasiel\u00e4rare<\/title>\n<meta name=\"robots\" content=\"index, follow, max-snippet:-1, max-image-preview:large, max-video-preview:-1\" \/>\n<link rel=\"canonical\" href=\"https:\/\/lararkarriar.se\/gymnasieskola\/2017\/05\/02\/pilou-verksamhet-som-brinner-for-att-se-manniskor-motas-och-vaxa\/\" \/>\n<meta property=\"og:locale\" content=\"sv_SE\" \/>\n<meta property=\"og:type\" content=\"article\" \/>\n<meta property=\"og:title\" content=\"Pilou \u2013 verksamhet som brinner f\u00f6r att se m\u00e4nniskor m\u00f6tas och v\u00e4xa - Framtidens karri\u00e4r gymnasiel\u00e4rare\" \/>\n<meta property=\"og:description\" content=\"\u2013 Pilous processledarutbildning har gett mig en god start i mitt nya uppdrag som f\u00f6rstel\u00e4rare....\" \/>\n<meta property=\"og:url\" content=\"https:\/\/lararkarriar.se\/gymnasieskola\/2017\/05\/02\/pilou-verksamhet-som-brinner-for-att-se-manniskor-motas-och-vaxa\/\" \/>\n<meta property=\"og:site_name\" content=\"Framtidens karri\u00e4r gymnasiel\u00e4rare\" \/>\n<meta property=\"article:published_time\" content=\"2017-05-02T11:00:50+00:00\" \/>\n<meta property=\"og:image\" content=\"https:\/\/lararkarriar.se\/gymnasieskola\/wp-content\/uploads\/sites\/10\/2017\/05\/pilou-dsc-0499.jpg\" \/>\n\t<meta property=\"og:image:width\" content=\"1000\" \/>\n\t<meta property=\"og:image:height\" content=\"633\" \/>\n\t<meta property=\"og:image:type\" content=\"image\/jpeg\" \/>\n<meta name=\"author\" content=\"stellanstal\" \/>\n<meta name=\"twitter:card\" content=\"summary_large_image\" \/>\n<meta name=\"twitter:label1\" content=\"Skriven av\" \/>\n\t<meta name=\"twitter:data1\" content=\"stellanstal\" \/>\n\t<meta name=\"twitter:label2\" content=\"Ber\u00e4knad l\u00e4stid\" \/>\n\t<meta name=\"twitter:data2\" content=\"3 minuter\" \/>\n<script type=\"application\/ld+json\" class=\"yoast-schema-graph\">{\"@context\":\"https:\\\/\\\/schema.org\",\"@graph\":[{\"@type\":\"Article\",\"@id\":\"https:\\\/\\\/lararkarriar.se\\\/gymnasieskola\\\/2017\\\/05\\\/02\\\/pilou-verksamhet-som-brinner-for-att-se-manniskor-motas-och-vaxa\\\/#article\",\"isPartOf\":{\"@id\":\"https:\\\/\\\/lararkarriar.se\\\/gymnasieskola\\\/2017\\\/05\\\/02\\\/pilou-verksamhet-som-brinner-for-att-se-manniskor-motas-och-vaxa\\\/\"},\"author\":{\"name\":\"stellanstal\",\"@id\":\"https:\\\/\\\/lararkarriar.se\\\/gymnasieskola\\\/#\\\/schema\\\/person\\\/c8a43eb855191e573b73ecf8987a3b99\"},\"headline\":\"Pilou \u2013 verksamhet som brinner f\u00f6r att se m\u00e4nniskor m\u00f6tas och v\u00e4xa\",\"datePublished\":\"2017-05-02T11:00:50+00:00\",\"mainEntityOfPage\":{\"@id\":\"https:\\\/\\\/lararkarriar.se\\\/gymnasieskola\\\/2017\\\/05\\\/02\\\/pilou-verksamhet-som-brinner-for-att-se-manniskor-motas-och-vaxa\\\/\"},\"wordCount\":521,\"image\":{\"@id\":\"https:\\\/\\\/lararkarriar.se\\\/gymnasieskola\\\/2017\\\/05\\\/02\\\/pilou-verksamhet-som-brinner-for-att-se-manniskor-motas-och-vaxa\\\/#primaryimage\"},\"thumbnailUrl\":\"https:\\\/\\\/lararkarriar.se\\\/gymnasieskola\\\/wp-content\\\/uploads\\\/sites\\\/10\\\/2017\\\/05\\\/pilou-dsc-0499.jpg\",\"keywords\":[\"Kompetensutveckling\",\"Pilou\",\"Processledarutbildning\",\"Skolutveckling\"],\"articleSection\":[\"Presentation\"],\"inLanguage\":\"sv-SE\"},{\"@type\":\"WebPage\",\"@id\":\"https:\\\/\\\/lararkarriar.se\\\/gymnasieskola\\\/2017\\\/05\\\/02\\\/pilou-verksamhet-som-brinner-for-att-se-manniskor-motas-och-vaxa\\\/\",\"url\":\"https:\\\/\\\/lararkarriar.se\\\/gymnasieskola\\\/2017\\\/05\\\/02\\\/pilou-verksamhet-som-brinner-for-att-se-manniskor-motas-och-vaxa\\\/\",\"name\":\"Pilou \u2013 verksamhet som brinner f\u00f6r att se m\u00e4nniskor m\u00f6tas och v\u00e4xa - Framtidens karri\u00e4r gymnasiel\u00e4rare\",\"isPartOf\":{\"@id\":\"https:\\\/\\\/lararkarriar.se\\\/gymnasieskola\\\/#website\"},\"primaryImageOfPage\":{\"@id\":\"https:\\\/\\\/lararkarriar.se\\\/gymnasieskola\\\/2017\\\/05\\\/02\\\/pilou-verksamhet-som-brinner-for-att-se-manniskor-motas-och-vaxa\\\/#primaryimage\"},\"image\":{\"@id\":\"https:\\\/\\\/lararkarriar.se\\\/gymnasieskola\\\/2017\\\/05\\\/02\\\/pilou-verksamhet-som-brinner-for-att-se-manniskor-motas-och-vaxa\\\/#primaryimage\"},\"thumbnailUrl\":\"https:\\\/\\\/lararkarriar.se\\\/gymnasieskola\\\/wp-content\\\/uploads\\\/sites\\\/10\\\/2017\\\/05\\\/pilou-dsc-0499.jpg\",\"datePublished\":\"2017-05-02T11:00:50+00:00\",\"author\":{\"@id\":\"https:\\\/\\\/lararkarriar.se\\\/gymnasieskola\\\/#\\\/schema\\\/person\\\/c8a43eb855191e573b73ecf8987a3b99\"},\"breadcrumb\":{\"@id\":\"https:\\\/\\\/lararkarriar.se\\\/gymnasieskola\\\/2017\\\/05\\\/02\\\/pilou-verksamhet-som-brinner-for-att-se-manniskor-motas-och-vaxa\\\/#breadcrumb\"},\"inLanguage\":\"sv-SE\",\"potentialAction\":[{\"@type\":\"ReadAction\",\"target\":[\"https:\\\/\\\/lararkarriar.se\\\/gymnasieskola\\\/2017\\\/05\\\/02\\\/pilou-verksamhet-som-brinner-for-att-se-manniskor-motas-och-vaxa\\\/\"]}]},{\"@type\":\"ImageObject\",\"inLanguage\":\"sv-SE\",\"@id\":\"https:\\\/\\\/lararkarriar.se\\\/gymnasieskola\\\/2017\\\/05\\\/02\\\/pilou-verksamhet-som-brinner-for-att-se-manniskor-motas-och-vaxa\\\/#primaryimage\",\"url\":\"https:\\\/\\\/lararkarriar.se\\\/gymnasieskola\\\/wp-content\\\/uploads\\\/sites\\\/10\\\/2017\\\/05\\\/pilou-dsc-0499.jpg\",\"contentUrl\":\"https:\\\/\\\/lararkarriar.se\\\/gymnasieskola\\\/wp-content\\\/uploads\\\/sites\\\/10\\\/2017\\\/05\\\/pilou-dsc-0499.jpg\",\"width\":1000,\"height\":633,\"caption\":\"Susanne Bertelsen och Anna Davidsson, Pilou.\"},{\"@type\":\"BreadcrumbList\",\"@id\":\"https:\\\/\\\/lararkarriar.se\\\/gymnasieskola\\\/2017\\\/05\\\/02\\\/pilou-verksamhet-som-brinner-for-att-se-manniskor-motas-och-vaxa\\\/#breadcrumb\",\"itemListElement\":[{\"@type\":\"ListItem\",\"position\":1,\"name\":\"Home\",\"item\":\"https:\\\/\\\/lararkarriar.se\\\/gymnasieskola\\\/\"},{\"@type\":\"ListItem\",\"position\":2,\"name\":\"Pilou \u2013 verksamhet som brinner f\u00f6r att se m\u00e4nniskor m\u00f6tas och v\u00e4xa\"}]},{\"@type\":\"WebSite\",\"@id\":\"https:\\\/\\\/lararkarriar.se\\\/gymnasieskola\\\/#website\",\"url\":\"https:\\\/\\\/lararkarriar.se\\\/gymnasieskola\\\/\",\"name\":\"Framtidens karri\u00e4r gymnasiel\u00e4rare\",\"description\":\"Just another NMDashboard.se Sites site\",\"potentialAction\":[{\"@type\":\"SearchAction\",\"target\":{\"@type\":\"EntryPoint\",\"urlTemplate\":\"https:\\\/\\\/lararkarriar.se\\\/gymnasieskola\\\/?s={search_term_string}\"},\"query-input\":{\"@type\":\"PropertyValueSpecification\",\"valueRequired\":true,\"valueName\":\"search_term_string\"}}],\"inLanguage\":\"sv-SE\"},{\"@type\":\"Person\",\"@id\":\"https:\\\/\\\/lararkarriar.se\\\/gymnasieskola\\\/#\\\/schema\\\/person\\\/c8a43eb855191e573b73ecf8987a3b99\",\"name\":\"stellanstal\",\"image\":{\"@type\":\"ImageObject\",\"inLanguage\":\"sv-SE\",\"@id\":\"https:\\\/\\\/secure.gravatar.com\\\/avatar\\\/cd330fa6bb17f598124b2068ee0b189e4fe0987a50af9d53b78410836060d0c9?s=96&d=mm&r=g\",\"url\":\"https:\\\/\\\/secure.gravatar.com\\\/avatar\\\/cd330fa6bb17f598124b2068ee0b189e4fe0987a50af9d53b78410836060d0c9?s=96&d=mm&r=g\",\"contentUrl\":\"https:\\\/\\\/secure.gravatar.com\\\/avatar\\\/cd330fa6bb17f598124b2068ee0b189e4fe0987a50af9d53b78410836060d0c9?s=96&d=mm&r=g\",\"caption\":\"stellanstal\"},\"url\":\"https:\\\/\\\/lararkarriar.se\\\/gymnasieskola\\\/author\\\/stellanstal\\\/\"}]}<\/script>\n<!-- \/ Yoast SEO plugin. -->","yoast_head_json":{"title":"Pilou \u2013 verksamhet som brinner f\u00f6r att se m\u00e4nniskor m\u00f6tas och v\u00e4xa - Framtidens karri\u00e4r gymnasiel\u00e4rare","robots":{"index":"index","follow":"follow","max-snippet":"max-snippet:-1","max-image-preview":"max-image-preview:large","max-video-preview":"max-video-preview:-1"},"canonical":"https:\/\/lararkarriar.se\/gymnasieskola\/2017\/05\/02\/pilou-verksamhet-som-brinner-for-att-se-manniskor-motas-och-vaxa\/","og_locale":"sv_SE","og_type":"article","og_title":"Pilou \u2013 verksamhet som brinner f\u00f6r att se m\u00e4nniskor m\u00f6tas och v\u00e4xa - Framtidens karri\u00e4r gymnasiel\u00e4rare","og_description":"\u2013 Pilous processledarutbildning har gett mig en god start i mitt nya uppdrag som f\u00f6rstel\u00e4rare....","og_url":"https:\/\/lararkarriar.se\/gymnasieskola\/2017\/05\/02\/pilou-verksamhet-som-brinner-for-att-se-manniskor-motas-och-vaxa\/","og_site_name":"Framtidens karri\u00e4r gymnasiel\u00e4rare","article_published_time":"2017-05-02T11:00:50+00:00","og_image":[{"width":1000,"height":633,"url":"https:\/\/lararkarriar.se\/gymnasieskola\/wp-content\/uploads\/sites\/10\/2017\/05\/pilou-dsc-0499.jpg","type":"image\/jpeg"}],"author":"stellanstal","twitter_card":"summary_large_image","twitter_misc":{"Skriven av":"stellanstal","Ber\u00e4knad l\u00e4stid":"3 minuter"},"schema":{"@context":"https:\/\/schema.org","@graph":[{"@type":"Article","@id":"https:\/\/lararkarriar.se\/gymnasieskola\/2017\/05\/02\/pilou-verksamhet-som-brinner-for-att-se-manniskor-motas-och-vaxa\/#article","isPartOf":{"@id":"https:\/\/lararkarriar.se\/gymnasieskola\/2017\/05\/02\/pilou-verksamhet-som-brinner-for-att-se-manniskor-motas-och-vaxa\/"},"author":{"name":"stellanstal","@id":"https:\/\/lararkarriar.se\/gymnasieskola\/#\/schema\/person\/c8a43eb855191e573b73ecf8987a3b99"},"headline":"Pilou \u2013 verksamhet som brinner f\u00f6r att se m\u00e4nniskor m\u00f6tas och v\u00e4xa","datePublished":"2017-05-02T11:00:50+00:00","mainEntityOfPage":{"@id":"https:\/\/lararkarriar.se\/gymnasieskola\/2017\/05\/02\/pilou-verksamhet-som-brinner-for-att-se-manniskor-motas-och-vaxa\/"},"wordCount":521,"image":{"@id":"https:\/\/lararkarriar.se\/gymnasieskola\/2017\/05\/02\/pilou-verksamhet-som-brinner-for-att-se-manniskor-motas-och-vaxa\/#primaryimage"},"thumbnailUrl":"https:\/\/lararkarriar.se\/gymnasieskola\/wp-content\/uploads\/sites\/10\/2017\/05\/pilou-dsc-0499.jpg","keywords":["Kompetensutveckling","Pilou","Processledarutbildning","Skolutveckling"],"articleSection":["Presentation"],"inLanguage":"sv-SE"},{"@type":"WebPage","@id":"https:\/\/lararkarriar.se\/gymnasieskola\/2017\/05\/02\/pilou-verksamhet-som-brinner-for-att-se-manniskor-motas-och-vaxa\/","url":"https:\/\/lararkarriar.se\/gymnasieskola\/2017\/05\/02\/pilou-verksamhet-som-brinner-for-att-se-manniskor-motas-och-vaxa\/","name":"Pilou \u2013 verksamhet som brinner f\u00f6r att se m\u00e4nniskor m\u00f6tas och v\u00e4xa - Framtidens karri\u00e4r gymnasiel\u00e4rare","isPartOf":{"@id":"https:\/\/lararkarriar.se\/gymnasieskola\/#website"},"primaryImageOfPage":{"@id":"https:\/\/lararkarriar.se\/gymnasieskola\/2017\/05\/02\/pilou-verksamhet-som-brinner-for-att-se-manniskor-motas-och-vaxa\/#primaryimage"},"image":{"@id":"https:\/\/lararkarriar.se\/gymnasieskola\/2017\/05\/02\/pilou-verksamhet-som-brinner-for-att-se-manniskor-motas-och-vaxa\/#primaryimage"},"thumbnailUrl":"https:\/\/lararkarriar.se\/gymnasieskola\/wp-content\/uploads\/sites\/10\/2017\/05\/pilou-dsc-0499.jpg","datePublished":"2017-05-02T11:00:50+00:00","author":{"@id":"https:\/\/lararkarriar.se\/gymnasieskola\/#\/schema\/person\/c8a43eb855191e573b73ecf8987a3b99"},"breadcrumb":{"@id":"https:\/\/lararkarriar.se\/gymnasieskola\/2017\/05\/02\/pilou-verksamhet-som-brinner-for-att-se-manniskor-motas-och-vaxa\/#breadcrumb"},"inLanguage":"sv-SE","potentialAction":[{"@type":"ReadAction","target":["https:\/\/lararkarriar.se\/gymnasieskola\/2017\/05\/02\/pilou-verksamhet-som-brinner-for-att-se-manniskor-motas-och-vaxa\/"]}]},{"@type":"ImageObject","inLanguage":"sv-SE","@id":"https:\/\/lararkarriar.se\/gymnasieskola\/2017\/05\/02\/pilou-verksamhet-som-brinner-for-att-se-manniskor-motas-och-vaxa\/#primaryimage","url":"https:\/\/lararkarriar.se\/gymnasieskola\/wp-content\/uploads\/sites\/10\/2017\/05\/pilou-dsc-0499.jpg","contentUrl":"https:\/\/lararkarriar.se\/gymnasieskola\/wp-content\/uploads\/sites\/10\/2017\/05\/pilou-dsc-0499.jpg","width":1000,"height":633,"caption":"Susanne Bertelsen och Anna Davidsson, Pilou."},{"@type":"BreadcrumbList","@id":"https:\/\/lararkarriar.se\/gymnasieskola\/2017\/05\/02\/pilou-verksamhet-som-brinner-for-att-se-manniskor-motas-och-vaxa\/#breadcrumb","itemListElement":[{"@type":"ListItem","position":1,"name":"Home","item":"https:\/\/lararkarriar.se\/gymnasieskola\/"},{"@type":"ListItem","position":2,"name":"Pilou \u2013 verksamhet som brinner f\u00f6r att se m\u00e4nniskor m\u00f6tas och v\u00e4xa"}]},{"@type":"WebSite","@id":"https:\/\/lararkarriar.se\/gymnasieskola\/#website","url":"https:\/\/lararkarriar.se\/gymnasieskola\/","name":"Framtidens karri\u00e4r gymnasiel\u00e4rare","description":"Just another NMDashboard.se Sites site","potentialAction":[{"@type":"SearchAction","target":{"@type":"EntryPoint","urlTemplate":"https:\/\/lararkarriar.se\/gymnasieskola\/?s={search_term_string}"},"query-input":{"@type":"PropertyValueSpecification","valueRequired":true,"valueName":"search_term_string"}}],"inLanguage":"sv-SE"},{"@type":"Person","@id":"https:\/\/lararkarriar.se\/gymnasieskola\/#\/schema\/person\/c8a43eb855191e573b73ecf8987a3b99","name":"stellanstal","image":{"@type":"ImageObject","inLanguage":"sv-SE","@id":"https:\/\/secure.gravatar.com\/avatar\/cd330fa6bb17f598124b2068ee0b189e4fe0987a50af9d53b78410836060d0c9?s=96&d=mm&r=g","url":"https:\/\/secure.gravatar.com\/avatar\/cd330fa6bb17f598124b2068ee0b189e4fe0987a50af9d53b78410836060d0c9?s=96&d=mm&r=g","contentUrl":"https:\/\/secure.gravatar.com\/avatar\/cd330fa6bb17f598124b2068ee0b189e4fe0987a50af9d53b78410836060d0c9?s=96&d=mm&r=g","caption":"stellanstal"},"url":"https:\/\/lararkarriar.se\/gymnasieskola\/author\/stellanstal\/"}]}},"_links":{"self":[{"href":"https:\/\/lararkarriar.se\/gymnasieskola\/wp-json\/wp\/v2\/posts\/5660","targetHints":{"allow":["GET"]}}],"collection":[{"href":"https:\/\/lararkarriar.se\/gymnasieskola\/wp-json\/wp\/v2\/posts"}],"about":[{"href":"https:\/\/lararkarriar.se\/gymnasieskola\/wp-json\/wp\/v2\/types\/post"}],"author":[{"embeddable":true,"href":"https:\/\/lararkarriar.se\/gymnasieskola\/wp-json\/wp\/v2\/users\/3"}],"replies":[{"embeddable":true,"href":"https:\/\/lararkarriar.se\/gymnasieskola\/wp-json\/wp\/v2\/comments?post=5660"}],"version-history":[{"count":0,"href":"https:\/\/lararkarriar.se\/gymnasieskola\/wp-json\/wp\/v2\/posts\/5660\/revisions"}],"wp:featuredmedia":[{"embeddable":true,"href":"https:\/\/lararkarriar.se\/gymnasieskola\/wp-json\/wp\/v2\/media\/5661"}],"wp:attachment":[{"href":"https:\/\/lararkarriar.se\/gymnasieskola\/wp-json\/wp\/v2\/media?parent=5660"}],"wp:term":[{"taxonomy":"category","embeddable":true,"href":"https:\/\/lararkarriar.se\/gymnasieskola\/wp-json\/wp\/v2\/categories?post=5660"},{"taxonomy":"post_tag","embeddable":true,"href":"https:\/\/lararkarriar.se\/gymnasieskola\/wp-json\/wp\/v2\/tags?post=5660"}],"curies":[{"name":"wp","href":"https:\/\/api.w.org\/{rel}","templated":true}]}}