{"id":5700,"date":"2017-05-02T11:57:29","date_gmt":"2017-05-02T09:57:29","guid":{"rendered":"http:\/\/lararkarriar.se\/gymnasieskola\/?p=5700"},"modified":"2017-05-02T11:57:29","modified_gmt":"2017-05-02T09:57:29","slug":"utredning-om-kompetensutvecklingsbehov","status":"publish","type":"post","link":"https:\/\/lararkarriar.se\/gymnasieskola\/2017\/05\/02\/utredning-om-kompetensutvecklingsbehov\/","title":{"rendered":"Utredning om kompetensutvecklingsbehov"},"content":{"rendered":"<p><figure id=\"attachment_5701\" aria-describedby=\"caption-attachment-5701\" style=\"width: 827px\" class=\"wp-caption alignnone\"><img loading=\"lazy\" decoding=\"async\" src=\"https:\/\/lararkarriar.se\/gymnasieskola\/wp-content\/uploads\/sites\/10\/2017\/05\/komvux-alla.jpg\" alt=\"John Arrias, rektor f\u00f6r vuxenutbildningen i Leksands och R\u00e4ttviks kommun och Ann-Sofie Johansson, omr\u00e5deschef f\u00f6r vuxenutbildning i kommunal regi i G\u00f6teborgs stad.\" width=\"827\" height=\"472\" class=\"size-full wp-image-5701\" srcset=\"https:\/\/lararkarriar.se\/gymnasieskola\/wp-content\/uploads\/sites\/10\/2017\/05\/komvux-alla.jpg 827w, https:\/\/lararkarriar.se\/gymnasieskola\/wp-content\/uploads\/sites\/10\/2017\/05\/komvux-alla-300x171.jpg 300w, https:\/\/lararkarriar.se\/gymnasieskola\/wp-content\/uploads\/sites\/10\/2017\/05\/komvux-alla-768x438.jpg 768w, https:\/\/lararkarriar.se\/gymnasieskola\/wp-content\/uploads\/sites\/10\/2017\/05\/komvux-alla-280x160.jpg 280w, https:\/\/lararkarriar.se\/gymnasieskola\/wp-content\/uploads\/sites\/10\/2017\/05\/komvux-alla-80x45.jpg 80w, https:\/\/lararkarriar.se\/gymnasieskola\/wp-content\/uploads\/sites\/10\/2017\/05\/komvux-alla-526x300.jpg 526w, https:\/\/lararkarriar.se\/gymnasieskola\/wp-content\/uploads\/sites\/10\/2017\/05\/komvux-alla-720x411.jpg 720w\" sizes=\"auto, (max-width: 827px) 100vw, 827px\" \/><figcaption id=\"caption-attachment-5701\" class=\"wp-caption-text\">John Arrias, rektor f\u00f6r vuxenutbildningen i Leksands och R\u00e4ttviks kommun och Ann-Sofie Johansson, omr\u00e5deschef f\u00f6r vuxenutbildning i kommunal regi i G\u00f6teborgs stad.<\/figcaption><\/figure><strong>I februari inledde regeringen en utredning som ska unders\u00f6ka behovet av f\u00f6r\u00e4ndringar i regleringen av den kommunala vuxenutbildningen. Utredaren ska bland annat se \u00f6ver om l\u00e4rare inom vuxenutbildningen f\u00e5r tillg\u00e5ng till den kompetensutveckling de beh\u00f6ver.<\/strong><\/p>\n<p>\u2013 Det \u00e4r mycket positivt att regeringen initierat en utredning som ser \u00f6ver vuxenutbildningens utvecklingsbehov. Den exkluderades dessv\u00e4rre fr\u00e5n det statliga l\u00e4rarl\u00f6nelyftet, vilket m\u00e5nga Komvuxl\u00e4rare uppfattade som en signal p\u00e5 att regeringen ist\u00e4llet prioriterar satsningar p\u00e5 grund- och gymnasieskolan. Utredningen inneb\u00e4r att den viktiga fr\u00e5gan om kompetensutveckling f\u00f6r l\u00e4rare inom vuxenutbildningen hamnar p\u00e5 den nationella dagordningen, s\u00e4ger John Arrias, rektor f\u00f6r vuxenutbildningen i Leksands och R\u00e4ttviks kommuner.<br \/>\nHan menar att vuxenutbildningens kraftiga tillfl\u00f6de av elever med andra modersm\u00e5l \u00e4n svenska har bidragit till att f\u00f6r\u00e4ndra l\u00e4rarnas kompetensutvecklingsbehov. John Arrias m\u00f6ter m\u00e5nga vuxenutbildningsl\u00e4rare som efterlyser utbildning i pedagogik och didaktik utifr\u00e5n vuxna elevers behov. Han anser att kompetensutvecklingen f\u00f6r l\u00e4rare inom vuxenutbildningen generellt sett \u00e4r eftersatt j\u00e4mf\u00f6rt med l\u00e4rare i grund- och gymnasieskolan.<br \/>\n\u2013 Samtliga l\u00e4rare inom vuxenutbildningen b\u00f6r st\u00e4rka sin kompetens i andraspr\u00e5ksutveckling, oavsett vilket \u00e4mne de undervisar i. M\u00e5nga Komvuxl\u00e4rare har tidigare arbetat p\u00e5 gymnasiet, men saknar specifik kunskap om vuxnas inl\u00e4rning och behoven hos elever med andra modersm\u00e5l \u00e4n svenska. Om en nationell utbildningssatsning med fokus p\u00e5 dessa omr\u00e5den initieras s\u00e5 kan fler l\u00e4rare komma att k\u00e4nna sig motiverade att forts\u00e4tta arbeta inom eller s\u00f6ka sig till vuxenutbildningen, s\u00e4ger John Arrias.<\/p>\n<p><strong>Bra f\u00f6r mindre kommuner<\/strong><br \/>\n\u2013 Jag v\u00e4lkomnar regeringsutredningen, s\u00e4rskilt som det f\u00f6rmodligen finns en stor variation mellan olika kommuner. I G\u00f6teborgs stad och f\u00f6rmodligen ocks\u00e5 i andra st\u00f6rre kommuner finns en v\u00e4lfungerande kontinuerlig kompetensutvecklingsverksamhet f\u00f6r l\u00e4rare. I m\u00e5nga mindre kommuner d\u00e4r vuxenutbildningen inte \u00e4r lika omfattande kan det finnas brister i tillg\u00e5ngen p\u00e5 kompetensutveckling som anpassats till Komvuxl\u00e4rarna, s\u00e4ger Ann-Sofie Johansson, omr\u00e5deschef f\u00f6r vuxenutbildning i kommunal regi i G\u00f6teborgs stad.<br \/>\nHon anser ocks\u00e5 att Komvuxl\u00e4rares kompetensutvecklingsbehov har f\u00f6r\u00e4ndrats p\u00e5 senare \u00e5r, i takt med att en v\u00e4xande andel elever har ett annat modersm\u00e5l \u00e4n svenska.<br \/>\n\u2013 F\u00f6ruts\u00e4ttningarna f\u00f6r\u00e4ndras snabbare inom Komvux \u00e4n i grund- och gymnasieskolan, vilket st\u00e4ller st\u00e4ndiga krav p\u00e5 anpassning av utbildningarna. D\u00e4rmed beh\u00f6ver l\u00e4rarna l\u00f6pande kompetensutveckling f\u00f6r att kunna m\u00f6ta elevernas behov, s\u00e4ger Ann-Sofie Johansson.<\/p>\n","protected":false},"excerpt":{"rendered":"<p>I februari inledde regeringen en utredning som ska unders\u00f6ka behovet av f\u00f6r\u00e4ndringar i regleringen av&#8230;<\/p>\n","protected":false},"author":3,"featured_media":5701,"comment_status":"closed","ping_status":"open","sticky":false,"template":"","format":"standard","meta":{"_acf_changed":false,"_monsterinsights_skip_tracking":false,"_monsterinsights_sitenote_active":false,"_monsterinsights_sitenote_note":"","_monsterinsights_sitenote_category":0,"footnotes":""},"categories":[1],"tags":[84,137,160,209,301],"class_list":["post-5700","post","type-post","status-publish","format-standard","has-post-thumbnail","hentry","category-artikel","tag-goteborgs-stad","tag-komvux","tag-leksands-kommun","tag-rattviks-kommun","tag-vuxenutbildning"],"acf":[],"yoast_head":"<!-- This site is optimized with the Yoast SEO plugin v27.3 - https:\/\/yoast.com\/product\/yoast-seo-wordpress\/ -->\n<title>Utredning om kompetensutvecklingsbehov - Framtidens karri\u00e4r gymnasiel\u00e4rare<\/title>\n<meta name=\"robots\" content=\"index, follow, max-snippet:-1, max-image-preview:large, max-video-preview:-1\" \/>\n<link rel=\"canonical\" href=\"https:\/\/lararkarriar.se\/gymnasieskola\/2017\/05\/02\/utredning-om-kompetensutvecklingsbehov\/\" \/>\n<meta property=\"og:locale\" content=\"sv_SE\" \/>\n<meta property=\"og:type\" content=\"article\" \/>\n<meta property=\"og:title\" content=\"Utredning om kompetensutvecklingsbehov - Framtidens karri\u00e4r gymnasiel\u00e4rare\" \/>\n<meta property=\"og:description\" content=\"I februari inledde regeringen en utredning som ska unders\u00f6ka behovet av f\u00f6r\u00e4ndringar i regleringen av...\" \/>\n<meta property=\"og:url\" content=\"https:\/\/lararkarriar.se\/gymnasieskola\/2017\/05\/02\/utredning-om-kompetensutvecklingsbehov\/\" \/>\n<meta property=\"og:site_name\" content=\"Framtidens karri\u00e4r gymnasiel\u00e4rare\" \/>\n<meta property=\"article:published_time\" content=\"2017-05-02T09:57:29+00:00\" \/>\n<meta property=\"og:image\" content=\"https:\/\/lararkarriar.se\/gymnasieskola\/wp-content\/uploads\/sites\/10\/2017\/05\/komvux-alla.jpg\" \/>\n\t<meta property=\"og:image:width\" content=\"827\" \/>\n\t<meta property=\"og:image:height\" content=\"472\" \/>\n\t<meta property=\"og:image:type\" content=\"image\/jpeg\" \/>\n<meta name=\"author\" content=\"stellanstal\" \/>\n<meta name=\"twitter:card\" content=\"summary_large_image\" \/>\n<meta name=\"twitter:label1\" content=\"Skriven av\" \/>\n\t<meta name=\"twitter:data1\" content=\"stellanstal\" \/>\n\t<meta name=\"twitter:label2\" content=\"Ber\u00e4knad l\u00e4stid\" \/>\n\t<meta name=\"twitter:data2\" content=\"2 minuter\" \/>\n<script type=\"application\/ld+json\" class=\"yoast-schema-graph\">{\"@context\":\"https:\\\/\\\/schema.org\",\"@graph\":[{\"@type\":\"Article\",\"@id\":\"https:\\\/\\\/lararkarriar.se\\\/gymnasieskola\\\/2017\\\/05\\\/02\\\/utredning-om-kompetensutvecklingsbehov\\\/#article\",\"isPartOf\":{\"@id\":\"https:\\\/\\\/lararkarriar.se\\\/gymnasieskola\\\/2017\\\/05\\\/02\\\/utredning-om-kompetensutvecklingsbehov\\\/\"},\"author\":{\"name\":\"stellanstal\",\"@id\":\"https:\\\/\\\/lararkarriar.se\\\/gymnasieskola\\\/#\\\/schema\\\/person\\\/c8a43eb855191e573b73ecf8987a3b99\"},\"headline\":\"Utredning om kompetensutvecklingsbehov\",\"datePublished\":\"2017-05-02T09:57:29+00:00\",\"mainEntityOfPage\":{\"@id\":\"https:\\\/\\\/lararkarriar.se\\\/gymnasieskola\\\/2017\\\/05\\\/02\\\/utredning-om-kompetensutvecklingsbehov\\\/\"},\"wordCount\":474,\"image\":{\"@id\":\"https:\\\/\\\/lararkarriar.se\\\/gymnasieskola\\\/2017\\\/05\\\/02\\\/utredning-om-kompetensutvecklingsbehov\\\/#primaryimage\"},\"thumbnailUrl\":\"https:\\\/\\\/lararkarriar.se\\\/gymnasieskola\\\/wp-content\\\/uploads\\\/sites\\\/10\\\/2017\\\/05\\\/komvux-alla.jpg\",\"keywords\":[\"G\u00f6teborgs stad\",\"Komvux\",\"Leksands kommun\",\"R\u00e4ttviks kommun\",\"Vuxenutbildning\"],\"articleSection\":[\"Artikel\"],\"inLanguage\":\"sv-SE\"},{\"@type\":\"WebPage\",\"@id\":\"https:\\\/\\\/lararkarriar.se\\\/gymnasieskola\\\/2017\\\/05\\\/02\\\/utredning-om-kompetensutvecklingsbehov\\\/\",\"url\":\"https:\\\/\\\/lararkarriar.se\\\/gymnasieskola\\\/2017\\\/05\\\/02\\\/utredning-om-kompetensutvecklingsbehov\\\/\",\"name\":\"Utredning om kompetensutvecklingsbehov - Framtidens karri\u00e4r gymnasiel\u00e4rare\",\"isPartOf\":{\"@id\":\"https:\\\/\\\/lararkarriar.se\\\/gymnasieskola\\\/#website\"},\"primaryImageOfPage\":{\"@id\":\"https:\\\/\\\/lararkarriar.se\\\/gymnasieskola\\\/2017\\\/05\\\/02\\\/utredning-om-kompetensutvecklingsbehov\\\/#primaryimage\"},\"image\":{\"@id\":\"https:\\\/\\\/lararkarriar.se\\\/gymnasieskola\\\/2017\\\/05\\\/02\\\/utredning-om-kompetensutvecklingsbehov\\\/#primaryimage\"},\"thumbnailUrl\":\"https:\\\/\\\/lararkarriar.se\\\/gymnasieskola\\\/wp-content\\\/uploads\\\/sites\\\/10\\\/2017\\\/05\\\/komvux-alla.jpg\",\"datePublished\":\"2017-05-02T09:57:29+00:00\",\"author\":{\"@id\":\"https:\\\/\\\/lararkarriar.se\\\/gymnasieskola\\\/#\\\/schema\\\/person\\\/c8a43eb855191e573b73ecf8987a3b99\"},\"breadcrumb\":{\"@id\":\"https:\\\/\\\/lararkarriar.se\\\/gymnasieskola\\\/2017\\\/05\\\/02\\\/utredning-om-kompetensutvecklingsbehov\\\/#breadcrumb\"},\"inLanguage\":\"sv-SE\",\"potentialAction\":[{\"@type\":\"ReadAction\",\"target\":[\"https:\\\/\\\/lararkarriar.se\\\/gymnasieskola\\\/2017\\\/05\\\/02\\\/utredning-om-kompetensutvecklingsbehov\\\/\"]}]},{\"@type\":\"ImageObject\",\"inLanguage\":\"sv-SE\",\"@id\":\"https:\\\/\\\/lararkarriar.se\\\/gymnasieskola\\\/2017\\\/05\\\/02\\\/utredning-om-kompetensutvecklingsbehov\\\/#primaryimage\",\"url\":\"https:\\\/\\\/lararkarriar.se\\\/gymnasieskola\\\/wp-content\\\/uploads\\\/sites\\\/10\\\/2017\\\/05\\\/komvux-alla.jpg\",\"contentUrl\":\"https:\\\/\\\/lararkarriar.se\\\/gymnasieskola\\\/wp-content\\\/uploads\\\/sites\\\/10\\\/2017\\\/05\\\/komvux-alla.jpg\",\"width\":827,\"height\":472,\"caption\":\"John Arrias, rektor f\u00f6r vuxenutbildningen i Leksands och R\u00e4ttviks kommun och Ann-Sofie Johansson, omr\u00e5deschef f\u00f6r vuxenutbildning i kommunal regi i G\u00f6teborgs stad.\"},{\"@type\":\"BreadcrumbList\",\"@id\":\"https:\\\/\\\/lararkarriar.se\\\/gymnasieskola\\\/2017\\\/05\\\/02\\\/utredning-om-kompetensutvecklingsbehov\\\/#breadcrumb\",\"itemListElement\":[{\"@type\":\"ListItem\",\"position\":1,\"name\":\"Home\",\"item\":\"https:\\\/\\\/lararkarriar.se\\\/gymnasieskola\\\/\"},{\"@type\":\"ListItem\",\"position\":2,\"name\":\"Utredning om kompetensutvecklingsbehov\"}]},{\"@type\":\"WebSite\",\"@id\":\"https:\\\/\\\/lararkarriar.se\\\/gymnasieskola\\\/#website\",\"url\":\"https:\\\/\\\/lararkarriar.se\\\/gymnasieskola\\\/\",\"name\":\"Framtidens karri\u00e4r gymnasiel\u00e4rare\",\"description\":\"Just another NMDashboard.se Sites site\",\"potentialAction\":[{\"@type\":\"SearchAction\",\"target\":{\"@type\":\"EntryPoint\",\"urlTemplate\":\"https:\\\/\\\/lararkarriar.se\\\/gymnasieskola\\\/?s={search_term_string}\"},\"query-input\":{\"@type\":\"PropertyValueSpecification\",\"valueRequired\":true,\"valueName\":\"search_term_string\"}}],\"inLanguage\":\"sv-SE\"},{\"@type\":\"Person\",\"@id\":\"https:\\\/\\\/lararkarriar.se\\\/gymnasieskola\\\/#\\\/schema\\\/person\\\/c8a43eb855191e573b73ecf8987a3b99\",\"name\":\"stellanstal\",\"image\":{\"@type\":\"ImageObject\",\"inLanguage\":\"sv-SE\",\"@id\":\"https:\\\/\\\/secure.gravatar.com\\\/avatar\\\/cd330fa6bb17f598124b2068ee0b189e4fe0987a50af9d53b78410836060d0c9?s=96&d=mm&r=g\",\"url\":\"https:\\\/\\\/secure.gravatar.com\\\/avatar\\\/cd330fa6bb17f598124b2068ee0b189e4fe0987a50af9d53b78410836060d0c9?s=96&d=mm&r=g\",\"contentUrl\":\"https:\\\/\\\/secure.gravatar.com\\\/avatar\\\/cd330fa6bb17f598124b2068ee0b189e4fe0987a50af9d53b78410836060d0c9?s=96&d=mm&r=g\",\"caption\":\"stellanstal\"},\"url\":\"https:\\\/\\\/lararkarriar.se\\\/gymnasieskola\\\/author\\\/stellanstal\\\/\"}]}<\/script>\n<!-- \/ Yoast SEO plugin. -->","yoast_head_json":{"title":"Utredning om kompetensutvecklingsbehov - Framtidens karri\u00e4r gymnasiel\u00e4rare","robots":{"index":"index","follow":"follow","max-snippet":"max-snippet:-1","max-image-preview":"max-image-preview:large","max-video-preview":"max-video-preview:-1"},"canonical":"https:\/\/lararkarriar.se\/gymnasieskola\/2017\/05\/02\/utredning-om-kompetensutvecklingsbehov\/","og_locale":"sv_SE","og_type":"article","og_title":"Utredning om kompetensutvecklingsbehov - Framtidens karri\u00e4r gymnasiel\u00e4rare","og_description":"I februari inledde regeringen en utredning som ska unders\u00f6ka behovet av f\u00f6r\u00e4ndringar i regleringen av...","og_url":"https:\/\/lararkarriar.se\/gymnasieskola\/2017\/05\/02\/utredning-om-kompetensutvecklingsbehov\/","og_site_name":"Framtidens karri\u00e4r gymnasiel\u00e4rare","article_published_time":"2017-05-02T09:57:29+00:00","og_image":[{"width":827,"height":472,"url":"https:\/\/lararkarriar.se\/gymnasieskola\/wp-content\/uploads\/sites\/10\/2017\/05\/komvux-alla.jpg","type":"image\/jpeg"}],"author":"stellanstal","twitter_card":"summary_large_image","twitter_misc":{"Skriven av":"stellanstal","Ber\u00e4knad l\u00e4stid":"2 minuter"},"schema":{"@context":"https:\/\/schema.org","@graph":[{"@type":"Article","@id":"https:\/\/lararkarriar.se\/gymnasieskola\/2017\/05\/02\/utredning-om-kompetensutvecklingsbehov\/#article","isPartOf":{"@id":"https:\/\/lararkarriar.se\/gymnasieskola\/2017\/05\/02\/utredning-om-kompetensutvecklingsbehov\/"},"author":{"name":"stellanstal","@id":"https:\/\/lararkarriar.se\/gymnasieskola\/#\/schema\/person\/c8a43eb855191e573b73ecf8987a3b99"},"headline":"Utredning om kompetensutvecklingsbehov","datePublished":"2017-05-02T09:57:29+00:00","mainEntityOfPage":{"@id":"https:\/\/lararkarriar.se\/gymnasieskola\/2017\/05\/02\/utredning-om-kompetensutvecklingsbehov\/"},"wordCount":474,"image":{"@id":"https:\/\/lararkarriar.se\/gymnasieskola\/2017\/05\/02\/utredning-om-kompetensutvecklingsbehov\/#primaryimage"},"thumbnailUrl":"https:\/\/lararkarriar.se\/gymnasieskola\/wp-content\/uploads\/sites\/10\/2017\/05\/komvux-alla.jpg","keywords":["G\u00f6teborgs stad","Komvux","Leksands kommun","R\u00e4ttviks kommun","Vuxenutbildning"],"articleSection":["Artikel"],"inLanguage":"sv-SE"},{"@type":"WebPage","@id":"https:\/\/lararkarriar.se\/gymnasieskola\/2017\/05\/02\/utredning-om-kompetensutvecklingsbehov\/","url":"https:\/\/lararkarriar.se\/gymnasieskola\/2017\/05\/02\/utredning-om-kompetensutvecklingsbehov\/","name":"Utredning om kompetensutvecklingsbehov - Framtidens karri\u00e4r gymnasiel\u00e4rare","isPartOf":{"@id":"https:\/\/lararkarriar.se\/gymnasieskola\/#website"},"primaryImageOfPage":{"@id":"https:\/\/lararkarriar.se\/gymnasieskola\/2017\/05\/02\/utredning-om-kompetensutvecklingsbehov\/#primaryimage"},"image":{"@id":"https:\/\/lararkarriar.se\/gymnasieskola\/2017\/05\/02\/utredning-om-kompetensutvecklingsbehov\/#primaryimage"},"thumbnailUrl":"https:\/\/lararkarriar.se\/gymnasieskola\/wp-content\/uploads\/sites\/10\/2017\/05\/komvux-alla.jpg","datePublished":"2017-05-02T09:57:29+00:00","author":{"@id":"https:\/\/lararkarriar.se\/gymnasieskola\/#\/schema\/person\/c8a43eb855191e573b73ecf8987a3b99"},"breadcrumb":{"@id":"https:\/\/lararkarriar.se\/gymnasieskola\/2017\/05\/02\/utredning-om-kompetensutvecklingsbehov\/#breadcrumb"},"inLanguage":"sv-SE","potentialAction":[{"@type":"ReadAction","target":["https:\/\/lararkarriar.se\/gymnasieskola\/2017\/05\/02\/utredning-om-kompetensutvecklingsbehov\/"]}]},{"@type":"ImageObject","inLanguage":"sv-SE","@id":"https:\/\/lararkarriar.se\/gymnasieskola\/2017\/05\/02\/utredning-om-kompetensutvecklingsbehov\/#primaryimage","url":"https:\/\/lararkarriar.se\/gymnasieskola\/wp-content\/uploads\/sites\/10\/2017\/05\/komvux-alla.jpg","contentUrl":"https:\/\/lararkarriar.se\/gymnasieskola\/wp-content\/uploads\/sites\/10\/2017\/05\/komvux-alla.jpg","width":827,"height":472,"caption":"John Arrias, rektor f\u00f6r vuxenutbildningen i Leksands och R\u00e4ttviks kommun och Ann-Sofie Johansson, omr\u00e5deschef f\u00f6r vuxenutbildning i kommunal regi i G\u00f6teborgs stad."},{"@type":"BreadcrumbList","@id":"https:\/\/lararkarriar.se\/gymnasieskola\/2017\/05\/02\/utredning-om-kompetensutvecklingsbehov\/#breadcrumb","itemListElement":[{"@type":"ListItem","position":1,"name":"Home","item":"https:\/\/lararkarriar.se\/gymnasieskola\/"},{"@type":"ListItem","position":2,"name":"Utredning om kompetensutvecklingsbehov"}]},{"@type":"WebSite","@id":"https:\/\/lararkarriar.se\/gymnasieskola\/#website","url":"https:\/\/lararkarriar.se\/gymnasieskola\/","name":"Framtidens karri\u00e4r gymnasiel\u00e4rare","description":"Just another NMDashboard.se Sites site","potentialAction":[{"@type":"SearchAction","target":{"@type":"EntryPoint","urlTemplate":"https:\/\/lararkarriar.se\/gymnasieskola\/?s={search_term_string}"},"query-input":{"@type":"PropertyValueSpecification","valueRequired":true,"valueName":"search_term_string"}}],"inLanguage":"sv-SE"},{"@type":"Person","@id":"https:\/\/lararkarriar.se\/gymnasieskola\/#\/schema\/person\/c8a43eb855191e573b73ecf8987a3b99","name":"stellanstal","image":{"@type":"ImageObject","inLanguage":"sv-SE","@id":"https:\/\/secure.gravatar.com\/avatar\/cd330fa6bb17f598124b2068ee0b189e4fe0987a50af9d53b78410836060d0c9?s=96&d=mm&r=g","url":"https:\/\/secure.gravatar.com\/avatar\/cd330fa6bb17f598124b2068ee0b189e4fe0987a50af9d53b78410836060d0c9?s=96&d=mm&r=g","contentUrl":"https:\/\/secure.gravatar.com\/avatar\/cd330fa6bb17f598124b2068ee0b189e4fe0987a50af9d53b78410836060d0c9?s=96&d=mm&r=g","caption":"stellanstal"},"url":"https:\/\/lararkarriar.se\/gymnasieskola\/author\/stellanstal\/"}]}},"_links":{"self":[{"href":"https:\/\/lararkarriar.se\/gymnasieskola\/wp-json\/wp\/v2\/posts\/5700","targetHints":{"allow":["GET"]}}],"collection":[{"href":"https:\/\/lararkarriar.se\/gymnasieskola\/wp-json\/wp\/v2\/posts"}],"about":[{"href":"https:\/\/lararkarriar.se\/gymnasieskola\/wp-json\/wp\/v2\/types\/post"}],"author":[{"embeddable":true,"href":"https:\/\/lararkarriar.se\/gymnasieskola\/wp-json\/wp\/v2\/users\/3"}],"replies":[{"embeddable":true,"href":"https:\/\/lararkarriar.se\/gymnasieskola\/wp-json\/wp\/v2\/comments?post=5700"}],"version-history":[{"count":0,"href":"https:\/\/lararkarriar.se\/gymnasieskola\/wp-json\/wp\/v2\/posts\/5700\/revisions"}],"wp:featuredmedia":[{"embeddable":true,"href":"https:\/\/lararkarriar.se\/gymnasieskola\/wp-json\/wp\/v2\/media\/5701"}],"wp:attachment":[{"href":"https:\/\/lararkarriar.se\/gymnasieskola\/wp-json\/wp\/v2\/media?parent=5700"}],"wp:term":[{"taxonomy":"category","embeddable":true,"href":"https:\/\/lararkarriar.se\/gymnasieskola\/wp-json\/wp\/v2\/categories?post=5700"},{"taxonomy":"post_tag","embeddable":true,"href":"https:\/\/lararkarriar.se\/gymnasieskola\/wp-json\/wp\/v2\/tags?post=5700"}],"curies":[{"name":"wp","href":"https:\/\/api.w.org\/{rel}","templated":true}]}}