{"id":5708,"date":"2017-05-02T12:04:38","date_gmt":"2017-05-02T10:04:38","guid":{"rendered":"http:\/\/lararkarriar.se\/gymnasieskola\/?p=5708"},"modified":"2017-05-02T12:04:38","modified_gmt":"2017-05-02T10:04:38","slug":"minskad-administration-och-fokus-pa-undervisning-viktigaste-besluten","status":"publish","type":"post","link":"https:\/\/lararkarriar.se\/gymnasieskola\/2017\/05\/02\/minskad-administration-och-fokus-pa-undervisning-viktigaste-besluten\/","title":{"rendered":"Minskad administration och fokus p\u00e5 undervisning viktigaste besluten"},"content":{"rendered":"<p><strong>Ett slumpm\u00e4ssigt urval av gymnasiel\u00e4rare har svarat p\u00e5 vilka beslut de skulle fatta om de skulle var ansvariga f\u00f6r gymnasieskolan i sin kommun. De viktigaste besluten \u00e4r att minska arbetsb\u00f6rdan till f\u00f6rm\u00e5n f\u00f6r undervisning, h\u00f6ja l\u00f6nerna och ha f\u00e4rre elever per klass.<\/strong><\/p>\n<p>\u201dAvlasta l\u00e4rarna fr\u00e5n de uppdrag som ej r\u00f6r undervisningen\u201d menade en av l\u00e4rarna i unders\u00f6kningen. Detta var ocks\u00e5 det vanligast f\u00f6rekommande svaret om l\u00e4rarna fick besluta om gymnasieskolan. Det framkom tydligt att de administrativa uppgifterna tar tid och energi fr\u00e5n undervisningen.  <\/p>\n<p><strong>Minska arbetsb\u00f6rdan<\/strong><br \/>\nUndervisningen beh\u00f6ver prioriteras och ett s\u00e4tt \u00e4r att frig\u00f6ra tid som l\u00e4rarna annars m\u00e5ste l\u00e4gga p\u00e5 uppgifter som dokumentation, mentorskap och administration. M\u00e5nga po\u00e4ngterade att l\u00e4rarnas arbetsb\u00f6rda m\u00e5ste minskas och man f\u00f6resl\u00e5r nyrekrytering av personal, s\u00e5som administrat\u00f6rer och professionella mentorer, som en t\u00e4nkbar l\u00f6sning.  <\/p>\n<p><strong>H\u00f6gre l\u00f6n<\/strong><br \/>\nDen n\u00e4st st\u00f6rsta kategorin handlar om h\u00f6gre l\u00f6n. Om man hade m\u00f6jlighet skulle man besluta om h\u00f6jda l\u00f6ner, tydliga l\u00f6nekriterier f\u00f6r l\u00f6neutveckling samt \u00f6ronm\u00e4rkta pengar till l\u00e4rarl\u00f6ner. Flera talar ocks\u00e5 om att j\u00e4mna ut l\u00f6nerna, \u201dj\u00e4mna ut l\u00f6nelyftet s\u00e5 alla f\u00e5r dela p\u00e5 kakan ist\u00e4llet\u201d, och att minska l\u00f6nespridningen inom yrket. <\/p>\n<p><strong>Mindre grupper<\/strong><br \/>\nD\u00e4refter skulle l\u00e4rarna helst besluta om mindre klasser. Flera n\u00e4mner ett specifikt antal, allt fr\u00e5n 15 till 28 elever i varje klass, de flesta tyckte dock 20 elever var lagom. Syftet \u00e4r att skapa \u201dmindre klasser s\u00e5 att l\u00e4raren sj\u00e4lv hinner med att se och hj\u00e4lpa alla\u201d. Man \u00e4r ocks\u00e5 medveten om att mindre grupper kr\u00e4ver st\u00f6rre ekonomiska resurser. En annan l\u00f6sning \u00e4r \u00e4ven att anst\u00e4lla fler l\u00e4rare och att ha tv\u00e5 pedagoger i klassrummet. <\/p>\n<p><strong>R\u00e4ttigheter och skyldigheter<\/strong><br \/>\nSvaren som utg\u00f6r den fj\u00e4rde kategorin i unders\u00f6kningen kretsar mer kring eleverna. M\u00e5nga n\u00e4mner vikten av elevh\u00e4lsa, l\u00e4xhj\u00e4lp och att hj\u00e4lpa elever med s\u00e4rskilda behov. Eleverna m\u00e5ste vara beh\u00f6riga till gymnasieskolan men de som beh\u00f6ver extra st\u00f6d ska kunna f\u00e5 det. Flera n\u00e4mner ocks\u00e5 elevernas n\u00e4rvaro som en viktig aspekt och m\u00f6jligheten att kunna st\u00e4lla h\u00e5rdare krav p\u00e5 eleverna, s\u00e5 att exempelvis sen ankomst eller d\u00e5ligt uppf\u00f6rande f\u00e5r en k\u00e4nnbar konsekvens.<\/p>\n<div class=\"faktaruta2-title\">Gymnasiel\u00e4rarnas beslut f\u00f6r gymnasieskolan<\/div><div class=\"faktaruta2\"><strong>1.<\/strong> Minskad arbetsb\u00f6rda till f\u00f6rm\u00e5n f\u00f6r undervisning<br \/>\n<strong>2.<\/strong> H\u00f6gre l\u00f6n<br \/>\n<strong>3.<\/strong> F\u00e4rre elever per klass<br \/>\n<strong>4.<\/strong> Elevernas r\u00e4ttigheter och skyldig\u00adheter<br \/>\n<\/div>\n","protected":false},"excerpt":{"rendered":"<p>Ett slumpm\u00e4ssigt urval av gymnasiel\u00e4rare har svarat p\u00e5 vilka beslut de skulle fatta om de&#8230;<\/p>\n","protected":false},"author":3,"featured_media":5713,"comment_status":"closed","ping_status":"open","sticky":false,"template":"","format":"standard","meta":{"_acf_changed":false,"_monsterinsights_skip_tracking":false,"_monsterinsights_sitenote_active":false,"_monsterinsights_sitenote_note":"","_monsterinsights_sitenote_category":0,"footnotes":""},"categories":[1],"tags":[277,297],"class_list":["post-5708","post","type-post","status-publish","format-standard","has-post-thumbnail","hentry","category-artikel","tag-undersokning","tag-viktigaste-besluten"],"acf":[],"yoast_head":"<!-- This site is optimized with the Yoast SEO plugin v27.3 - https:\/\/yoast.com\/product\/yoast-seo-wordpress\/ -->\n<title>Minskad administration och fokus p\u00e5 undervisning viktigaste besluten - Framtidens karri\u00e4r gymnasiel\u00e4rare<\/title>\n<meta name=\"robots\" content=\"index, follow, max-snippet:-1, max-image-preview:large, max-video-preview:-1\" \/>\n<link rel=\"canonical\" href=\"https:\/\/lararkarriar.se\/gymnasieskola\/2017\/05\/02\/minskad-administration-och-fokus-pa-undervisning-viktigaste-besluten\/\" \/>\n<meta property=\"og:locale\" content=\"sv_SE\" \/>\n<meta property=\"og:type\" content=\"article\" \/>\n<meta property=\"og:title\" content=\"Minskad administration och fokus p\u00e5 undervisning viktigaste besluten - Framtidens karri\u00e4r gymnasiel\u00e4rare\" \/>\n<meta property=\"og:description\" content=\"Ett slumpm\u00e4ssigt urval av gymnasiel\u00e4rare har svarat p\u00e5 vilka beslut de skulle fatta om de...\" \/>\n<meta property=\"og:url\" content=\"https:\/\/lararkarriar.se\/gymnasieskola\/2017\/05\/02\/minskad-administration-och-fokus-pa-undervisning-viktigaste-besluten\/\" \/>\n<meta property=\"og:site_name\" content=\"Framtidens karri\u00e4r gymnasiel\u00e4rare\" \/>\n<meta property=\"article:published_time\" content=\"2017-05-02T10:04:38+00:00\" \/>\n<meta property=\"og:image\" content=\"https:\/\/lararkarriar.se\/gymnasieskola\/wp-content\/uploads\/sites\/10\/2017\/05\/beslut-fakta.png\" \/>\n\t<meta property=\"og:image:width\" content=\"347\" \/>\n\t<meta property=\"og:image:height\" content=\"133\" \/>\n\t<meta property=\"og:image:type\" content=\"image\/png\" \/>\n<meta name=\"author\" content=\"stellanstal\" \/>\n<meta name=\"twitter:card\" content=\"summary_large_image\" \/>\n<meta name=\"twitter:label1\" content=\"Skriven av\" \/>\n\t<meta name=\"twitter:data1\" content=\"stellanstal\" \/>\n\t<meta name=\"twitter:label2\" content=\"Ber\u00e4knad l\u00e4stid\" \/>\n\t<meta name=\"twitter:data2\" content=\"2 minuter\" \/>\n<script type=\"application\/ld+json\" class=\"yoast-schema-graph\">{\"@context\":\"https:\\\/\\\/schema.org\",\"@graph\":[{\"@type\":\"Article\",\"@id\":\"https:\\\/\\\/lararkarriar.se\\\/gymnasieskola\\\/2017\\\/05\\\/02\\\/minskad-administration-och-fokus-pa-undervisning-viktigaste-besluten\\\/#article\",\"isPartOf\":{\"@id\":\"https:\\\/\\\/lararkarriar.se\\\/gymnasieskola\\\/2017\\\/05\\\/02\\\/minskad-administration-och-fokus-pa-undervisning-viktigaste-besluten\\\/\"},\"author\":{\"name\":\"stellanstal\",\"@id\":\"https:\\\/\\\/lararkarriar.se\\\/gymnasieskola\\\/#\\\/schema\\\/person\\\/c8a43eb855191e573b73ecf8987a3b99\"},\"headline\":\"Minskad administration och fokus p\u00e5 undervisning viktigaste besluten\",\"datePublished\":\"2017-05-02T10:04:38+00:00\",\"mainEntityOfPage\":{\"@id\":\"https:\\\/\\\/lararkarriar.se\\\/gymnasieskola\\\/2017\\\/05\\\/02\\\/minskad-administration-och-fokus-pa-undervisning-viktigaste-besluten\\\/\"},\"wordCount\":466,\"image\":{\"@id\":\"https:\\\/\\\/lararkarriar.se\\\/gymnasieskola\\\/2017\\\/05\\\/02\\\/minskad-administration-och-fokus-pa-undervisning-viktigaste-besluten\\\/#primaryimage\"},\"thumbnailUrl\":\"https:\\\/\\\/lararkarriar.se\\\/gymnasieskola\\\/wp-content\\\/uploads\\\/sites\\\/10\\\/2017\\\/05\\\/beslut-fakta.png\",\"keywords\":[\"Unders\u00f6kning\",\"Viktigaste besluten\"],\"articleSection\":[\"Artikel\"],\"inLanguage\":\"sv-SE\"},{\"@type\":\"WebPage\",\"@id\":\"https:\\\/\\\/lararkarriar.se\\\/gymnasieskola\\\/2017\\\/05\\\/02\\\/minskad-administration-och-fokus-pa-undervisning-viktigaste-besluten\\\/\",\"url\":\"https:\\\/\\\/lararkarriar.se\\\/gymnasieskola\\\/2017\\\/05\\\/02\\\/minskad-administration-och-fokus-pa-undervisning-viktigaste-besluten\\\/\",\"name\":\"Minskad administration och fokus p\u00e5 undervisning viktigaste besluten - Framtidens karri\u00e4r gymnasiel\u00e4rare\",\"isPartOf\":{\"@id\":\"https:\\\/\\\/lararkarriar.se\\\/gymnasieskola\\\/#website\"},\"primaryImageOfPage\":{\"@id\":\"https:\\\/\\\/lararkarriar.se\\\/gymnasieskola\\\/2017\\\/05\\\/02\\\/minskad-administration-och-fokus-pa-undervisning-viktigaste-besluten\\\/#primaryimage\"},\"image\":{\"@id\":\"https:\\\/\\\/lararkarriar.se\\\/gymnasieskola\\\/2017\\\/05\\\/02\\\/minskad-administration-och-fokus-pa-undervisning-viktigaste-besluten\\\/#primaryimage\"},\"thumbnailUrl\":\"https:\\\/\\\/lararkarriar.se\\\/gymnasieskola\\\/wp-content\\\/uploads\\\/sites\\\/10\\\/2017\\\/05\\\/beslut-fakta.png\",\"datePublished\":\"2017-05-02T10:04:38+00:00\",\"author\":{\"@id\":\"https:\\\/\\\/lararkarriar.se\\\/gymnasieskola\\\/#\\\/schema\\\/person\\\/c8a43eb855191e573b73ecf8987a3b99\"},\"breadcrumb\":{\"@id\":\"https:\\\/\\\/lararkarriar.se\\\/gymnasieskola\\\/2017\\\/05\\\/02\\\/minskad-administration-och-fokus-pa-undervisning-viktigaste-besluten\\\/#breadcrumb\"},\"inLanguage\":\"sv-SE\",\"potentialAction\":[{\"@type\":\"ReadAction\",\"target\":[\"https:\\\/\\\/lararkarriar.se\\\/gymnasieskola\\\/2017\\\/05\\\/02\\\/minskad-administration-och-fokus-pa-undervisning-viktigaste-besluten\\\/\"]}]},{\"@type\":\"ImageObject\",\"inLanguage\":\"sv-SE\",\"@id\":\"https:\\\/\\\/lararkarriar.se\\\/gymnasieskola\\\/2017\\\/05\\\/02\\\/minskad-administration-och-fokus-pa-undervisning-viktigaste-besluten\\\/#primaryimage\",\"url\":\"https:\\\/\\\/lararkarriar.se\\\/gymnasieskola\\\/wp-content\\\/uploads\\\/sites\\\/10\\\/2017\\\/05\\\/beslut-fakta.png\",\"contentUrl\":\"https:\\\/\\\/lararkarriar.se\\\/gymnasieskola\\\/wp-content\\\/uploads\\\/sites\\\/10\\\/2017\\\/05\\\/beslut-fakta.png\",\"width\":347,\"height\":133},{\"@type\":\"BreadcrumbList\",\"@id\":\"https:\\\/\\\/lararkarriar.se\\\/gymnasieskola\\\/2017\\\/05\\\/02\\\/minskad-administration-och-fokus-pa-undervisning-viktigaste-besluten\\\/#breadcrumb\",\"itemListElement\":[{\"@type\":\"ListItem\",\"position\":1,\"name\":\"Home\",\"item\":\"https:\\\/\\\/lararkarriar.se\\\/gymnasieskola\\\/\"},{\"@type\":\"ListItem\",\"position\":2,\"name\":\"Minskad administration och fokus p\u00e5 undervisning viktigaste besluten\"}]},{\"@type\":\"WebSite\",\"@id\":\"https:\\\/\\\/lararkarriar.se\\\/gymnasieskola\\\/#website\",\"url\":\"https:\\\/\\\/lararkarriar.se\\\/gymnasieskola\\\/\",\"name\":\"Framtidens karri\u00e4r gymnasiel\u00e4rare\",\"description\":\"Just another NMDashboard.se Sites site\",\"potentialAction\":[{\"@type\":\"SearchAction\",\"target\":{\"@type\":\"EntryPoint\",\"urlTemplate\":\"https:\\\/\\\/lararkarriar.se\\\/gymnasieskola\\\/?s={search_term_string}\"},\"query-input\":{\"@type\":\"PropertyValueSpecification\",\"valueRequired\":true,\"valueName\":\"search_term_string\"}}],\"inLanguage\":\"sv-SE\"},{\"@type\":\"Person\",\"@id\":\"https:\\\/\\\/lararkarriar.se\\\/gymnasieskola\\\/#\\\/schema\\\/person\\\/c8a43eb855191e573b73ecf8987a3b99\",\"name\":\"stellanstal\",\"image\":{\"@type\":\"ImageObject\",\"inLanguage\":\"sv-SE\",\"@id\":\"https:\\\/\\\/secure.gravatar.com\\\/avatar\\\/cd330fa6bb17f598124b2068ee0b189e4fe0987a50af9d53b78410836060d0c9?s=96&d=mm&r=g\",\"url\":\"https:\\\/\\\/secure.gravatar.com\\\/avatar\\\/cd330fa6bb17f598124b2068ee0b189e4fe0987a50af9d53b78410836060d0c9?s=96&d=mm&r=g\",\"contentUrl\":\"https:\\\/\\\/secure.gravatar.com\\\/avatar\\\/cd330fa6bb17f598124b2068ee0b189e4fe0987a50af9d53b78410836060d0c9?s=96&d=mm&r=g\",\"caption\":\"stellanstal\"},\"url\":\"https:\\\/\\\/lararkarriar.se\\\/gymnasieskola\\\/author\\\/stellanstal\\\/\"}]}<\/script>\n<!-- \/ Yoast SEO plugin. -->","yoast_head_json":{"title":"Minskad administration och fokus p\u00e5 undervisning viktigaste besluten - Framtidens karri\u00e4r gymnasiel\u00e4rare","robots":{"index":"index","follow":"follow","max-snippet":"max-snippet:-1","max-image-preview":"max-image-preview:large","max-video-preview":"max-video-preview:-1"},"canonical":"https:\/\/lararkarriar.se\/gymnasieskola\/2017\/05\/02\/minskad-administration-och-fokus-pa-undervisning-viktigaste-besluten\/","og_locale":"sv_SE","og_type":"article","og_title":"Minskad administration och fokus p\u00e5 undervisning viktigaste besluten - Framtidens karri\u00e4r gymnasiel\u00e4rare","og_description":"Ett slumpm\u00e4ssigt urval av gymnasiel\u00e4rare har svarat p\u00e5 vilka beslut de skulle fatta om de...","og_url":"https:\/\/lararkarriar.se\/gymnasieskola\/2017\/05\/02\/minskad-administration-och-fokus-pa-undervisning-viktigaste-besluten\/","og_site_name":"Framtidens karri\u00e4r gymnasiel\u00e4rare","article_published_time":"2017-05-02T10:04:38+00:00","og_image":[{"width":347,"height":133,"url":"https:\/\/lararkarriar.se\/gymnasieskola\/wp-content\/uploads\/sites\/10\/2017\/05\/beslut-fakta.png","type":"image\/png"}],"author":"stellanstal","twitter_card":"summary_large_image","twitter_misc":{"Skriven av":"stellanstal","Ber\u00e4knad l\u00e4stid":"2 minuter"},"schema":{"@context":"https:\/\/schema.org","@graph":[{"@type":"Article","@id":"https:\/\/lararkarriar.se\/gymnasieskola\/2017\/05\/02\/minskad-administration-och-fokus-pa-undervisning-viktigaste-besluten\/#article","isPartOf":{"@id":"https:\/\/lararkarriar.se\/gymnasieskola\/2017\/05\/02\/minskad-administration-och-fokus-pa-undervisning-viktigaste-besluten\/"},"author":{"name":"stellanstal","@id":"https:\/\/lararkarriar.se\/gymnasieskola\/#\/schema\/person\/c8a43eb855191e573b73ecf8987a3b99"},"headline":"Minskad administration och fokus p\u00e5 undervisning viktigaste besluten","datePublished":"2017-05-02T10:04:38+00:00","mainEntityOfPage":{"@id":"https:\/\/lararkarriar.se\/gymnasieskola\/2017\/05\/02\/minskad-administration-och-fokus-pa-undervisning-viktigaste-besluten\/"},"wordCount":466,"image":{"@id":"https:\/\/lararkarriar.se\/gymnasieskola\/2017\/05\/02\/minskad-administration-och-fokus-pa-undervisning-viktigaste-besluten\/#primaryimage"},"thumbnailUrl":"https:\/\/lararkarriar.se\/gymnasieskola\/wp-content\/uploads\/sites\/10\/2017\/05\/beslut-fakta.png","keywords":["Unders\u00f6kning","Viktigaste besluten"],"articleSection":["Artikel"],"inLanguage":"sv-SE"},{"@type":"WebPage","@id":"https:\/\/lararkarriar.se\/gymnasieskola\/2017\/05\/02\/minskad-administration-och-fokus-pa-undervisning-viktigaste-besluten\/","url":"https:\/\/lararkarriar.se\/gymnasieskola\/2017\/05\/02\/minskad-administration-och-fokus-pa-undervisning-viktigaste-besluten\/","name":"Minskad administration och fokus p\u00e5 undervisning viktigaste besluten - Framtidens karri\u00e4r gymnasiel\u00e4rare","isPartOf":{"@id":"https:\/\/lararkarriar.se\/gymnasieskola\/#website"},"primaryImageOfPage":{"@id":"https:\/\/lararkarriar.se\/gymnasieskola\/2017\/05\/02\/minskad-administration-och-fokus-pa-undervisning-viktigaste-besluten\/#primaryimage"},"image":{"@id":"https:\/\/lararkarriar.se\/gymnasieskola\/2017\/05\/02\/minskad-administration-och-fokus-pa-undervisning-viktigaste-besluten\/#primaryimage"},"thumbnailUrl":"https:\/\/lararkarriar.se\/gymnasieskola\/wp-content\/uploads\/sites\/10\/2017\/05\/beslut-fakta.png","datePublished":"2017-05-02T10:04:38+00:00","author":{"@id":"https:\/\/lararkarriar.se\/gymnasieskola\/#\/schema\/person\/c8a43eb855191e573b73ecf8987a3b99"},"breadcrumb":{"@id":"https:\/\/lararkarriar.se\/gymnasieskola\/2017\/05\/02\/minskad-administration-och-fokus-pa-undervisning-viktigaste-besluten\/#breadcrumb"},"inLanguage":"sv-SE","potentialAction":[{"@type":"ReadAction","target":["https:\/\/lararkarriar.se\/gymnasieskola\/2017\/05\/02\/minskad-administration-och-fokus-pa-undervisning-viktigaste-besluten\/"]}]},{"@type":"ImageObject","inLanguage":"sv-SE","@id":"https:\/\/lararkarriar.se\/gymnasieskola\/2017\/05\/02\/minskad-administration-och-fokus-pa-undervisning-viktigaste-besluten\/#primaryimage","url":"https:\/\/lararkarriar.se\/gymnasieskola\/wp-content\/uploads\/sites\/10\/2017\/05\/beslut-fakta.png","contentUrl":"https:\/\/lararkarriar.se\/gymnasieskola\/wp-content\/uploads\/sites\/10\/2017\/05\/beslut-fakta.png","width":347,"height":133},{"@type":"BreadcrumbList","@id":"https:\/\/lararkarriar.se\/gymnasieskola\/2017\/05\/02\/minskad-administration-och-fokus-pa-undervisning-viktigaste-besluten\/#breadcrumb","itemListElement":[{"@type":"ListItem","position":1,"name":"Home","item":"https:\/\/lararkarriar.se\/gymnasieskola\/"},{"@type":"ListItem","position":2,"name":"Minskad administration och fokus p\u00e5 undervisning viktigaste besluten"}]},{"@type":"WebSite","@id":"https:\/\/lararkarriar.se\/gymnasieskola\/#website","url":"https:\/\/lararkarriar.se\/gymnasieskola\/","name":"Framtidens karri\u00e4r gymnasiel\u00e4rare","description":"Just another NMDashboard.se Sites site","potentialAction":[{"@type":"SearchAction","target":{"@type":"EntryPoint","urlTemplate":"https:\/\/lararkarriar.se\/gymnasieskola\/?s={search_term_string}"},"query-input":{"@type":"PropertyValueSpecification","valueRequired":true,"valueName":"search_term_string"}}],"inLanguage":"sv-SE"},{"@type":"Person","@id":"https:\/\/lararkarriar.se\/gymnasieskola\/#\/schema\/person\/c8a43eb855191e573b73ecf8987a3b99","name":"stellanstal","image":{"@type":"ImageObject","inLanguage":"sv-SE","@id":"https:\/\/secure.gravatar.com\/avatar\/cd330fa6bb17f598124b2068ee0b189e4fe0987a50af9d53b78410836060d0c9?s=96&d=mm&r=g","url":"https:\/\/secure.gravatar.com\/avatar\/cd330fa6bb17f598124b2068ee0b189e4fe0987a50af9d53b78410836060d0c9?s=96&d=mm&r=g","contentUrl":"https:\/\/secure.gravatar.com\/avatar\/cd330fa6bb17f598124b2068ee0b189e4fe0987a50af9d53b78410836060d0c9?s=96&d=mm&r=g","caption":"stellanstal"},"url":"https:\/\/lararkarriar.se\/gymnasieskola\/author\/stellanstal\/"}]}},"_links":{"self":[{"href":"https:\/\/lararkarriar.se\/gymnasieskola\/wp-json\/wp\/v2\/posts\/5708","targetHints":{"allow":["GET"]}}],"collection":[{"href":"https:\/\/lararkarriar.se\/gymnasieskola\/wp-json\/wp\/v2\/posts"}],"about":[{"href":"https:\/\/lararkarriar.se\/gymnasieskola\/wp-json\/wp\/v2\/types\/post"}],"author":[{"embeddable":true,"href":"https:\/\/lararkarriar.se\/gymnasieskola\/wp-json\/wp\/v2\/users\/3"}],"replies":[{"embeddable":true,"href":"https:\/\/lararkarriar.se\/gymnasieskola\/wp-json\/wp\/v2\/comments?post=5708"}],"version-history":[{"count":0,"href":"https:\/\/lararkarriar.se\/gymnasieskola\/wp-json\/wp\/v2\/posts\/5708\/revisions"}],"wp:featuredmedia":[{"embeddable":true,"href":"https:\/\/lararkarriar.se\/gymnasieskola\/wp-json\/wp\/v2\/media\/5713"}],"wp:attachment":[{"href":"https:\/\/lararkarriar.se\/gymnasieskola\/wp-json\/wp\/v2\/media?parent=5708"}],"wp:term":[{"taxonomy":"category","embeddable":true,"href":"https:\/\/lararkarriar.se\/gymnasieskola\/wp-json\/wp\/v2\/categories?post=5708"},{"taxonomy":"post_tag","embeddable":true,"href":"https:\/\/lararkarriar.se\/gymnasieskola\/wp-json\/wp\/v2\/tags?post=5708"}],"curies":[{"name":"wp","href":"https:\/\/api.w.org\/{rel}","templated":true}]}}