{"id":5715,"date":"2017-05-02T12:53:13","date_gmt":"2017-05-02T10:53:13","guid":{"rendered":"http:\/\/lararkarriar.se\/gymnasieskola\/?p=5715"},"modified":"2017-05-02T12:53:13","modified_gmt":"2017-05-02T10:53:13","slug":"larares-profession-kan-starkas-genom-andrad-skollag","status":"publish","type":"post","link":"https:\/\/lararkarriar.se\/gymnasieskola\/2017\/05\/02\/larares-profession-kan-starkas-genom-andrad-skollag\/","title":{"rendered":"L\u00e4rares profession kan st\u00e4rkas genom \u00e4ndrad skollag"},"content":{"rendered":"<p><figure id=\"attachment_5716\" aria-describedby=\"caption-attachment-5716\" style=\"width: 1000px\" class=\"wp-caption alignnone\"><img loading=\"lazy\" decoding=\"async\" src=\"https:\/\/lararkarriar.se\/gymnasieskola\/wp-content\/uploads\/sites\/10\/2017\/05\/utmaningar3-anna-wj.jpg\" alt=\"Anna Wiger Jensen, operativ chef f\u00f6r JENSEN education och verksamhetschef JENSEN Gymnasium.\" width=\"1000\" height=\"618\" class=\"size-full wp-image-5716\" srcset=\"https:\/\/lararkarriar.se\/gymnasieskola\/wp-content\/uploads\/sites\/10\/2017\/05\/utmaningar3-anna-wj.jpg 1000w, https:\/\/lararkarriar.se\/gymnasieskola\/wp-content\/uploads\/sites\/10\/2017\/05\/utmaningar3-anna-wj-300x185.jpg 300w, https:\/\/lararkarriar.se\/gymnasieskola\/wp-content\/uploads\/sites\/10\/2017\/05\/utmaningar3-anna-wj-768x475.jpg 768w, https:\/\/lararkarriar.se\/gymnasieskola\/wp-content\/uploads\/sites\/10\/2017\/05\/utmaningar3-anna-wj-259x160.jpg 259w, https:\/\/lararkarriar.se\/gymnasieskola\/wp-content\/uploads\/sites\/10\/2017\/05\/utmaningar3-anna-wj-526x325.jpg 526w, https:\/\/lararkarriar.se\/gymnasieskola\/wp-content\/uploads\/sites\/10\/2017\/05\/utmaningar3-anna-wj-720x445.jpg 720w, https:\/\/lararkarriar.se\/gymnasieskola\/wp-content\/uploads\/sites\/10\/2017\/05\/utmaningar3-anna-wj-960x593.jpg 960w\" sizes=\"auto, (max-width: 1000px) 100vw, 1000px\" \/><figcaption id=\"caption-attachment-5716\" class=\"wp-caption-text\">Anna Wiger Jensen, operativ chef f\u00f6r JENSEN education och verksamhetschef JENSEN Gymnasium.<\/figcaption><\/figure><strong>Enligt Anna Wiger Jensen, operativ chef f\u00f6r JENSEN education och verksamhetschef JENSEN Gymnasium, \u00e4r ett tydligt, inspirerande och m\u00e5lstyrt ledarskap en av de viktigaste faktorerna f\u00f6r att bedriva en framg\u00e5ngsrik gymnasieskola.<\/strong><\/p>\n<p>\u2013 Som skolledare beh\u00f6ver man ha en vision och verkligen v\u00e5ga leda skolutvecklingen tillsammans med sitt team. Framg\u00e5ngsrika skolledare v\u00e5gar st\u00e5 f\u00f6r sin \u00e5sikt och leda fullt ut. Ett bra ledarskap bidrar \u00e4ven till att attrahera och beh\u00e5lla duktiga l\u00e4rare, s\u00e4ger Anna Wiger Jensen, som \u00e4r civilekonom och har arbetat som verksamhetschef f\u00f6r olika skolstadier p\u00e5 Jensen i sex \u00e5r, varav tre som verksamhetschef f\u00f6r gymnasieverksamheten.<br \/>\nHon betraktar det som angel\u00e4get att f\u00f6r\u00e4ndra maktbalansen mellan elever och l\u00e4rare i gymnasieskolan. Mycket fokus har hittills legat p\u00e5 att utkr\u00e4va ansvar av l\u00e4rare, men Anna Wiger Jensen anser att skollagen \u00e4ven b\u00f6r inkludera paragrafer om elevers skyldigheter, det skulle tydligg\u00f6ra vikten av elevernas egna insatser under gymnasietiden.<br \/>\n\u2013 L\u00e4rarnas yrkesroll har blivit vingklippt till f\u00f6ljd av att man enbart fokuserar p\u00e5 elevernas r\u00e4ttigheter och inte p\u00e5 deras skyldigheter, s\u00e4ger Anna Wiger Jensen.<\/p>\n<p><strong>Ledarskap och teamk\u00e4nsla<\/strong><br \/>\nHon anser att de privata gymnasieskolorna fyller en viktig roll i skolsystemet, inte minst utifr\u00e5n ett konkurrensperspektiv.<br \/>\n\u2013 Det \u00e4r ofta de privata gymnasieskolorna som g\u00e5tt i br\u00e4schen f\u00f6r nyt\u00e4nkande utbildningssatsningar, det driver p\u00e5 utvecklingen \u00e4ven i de kommunala skolorna. Vi satsar mycket p\u00e5 digital utveckling i form av en l\u00e4roplattform som g\u00f6r det l\u00e4ttare f\u00f6r eleven att f\u00f6lja sin egen utveckling och samtidigt minska administrationen f\u00f6r l\u00e4rarna, s\u00e4ger Anna Wiger Jensen.<br \/>\nHon anser \u00e4ven att Jensen Gymnasiums s\u00e4tt att arbeta med ledarskap, team och best-practice ligger i framkant. Vi skapar en bra arbetsmilj\u00f6 genom att jobba mer som ett lag.<br \/>\n\u2013 H\u00e4r ska en skolledare eller en l\u00e4rarkollega n\u00e4r som helst kunna g\u00f6ra ett studiebes\u00f6k p\u00e5 en annan l\u00e4rares lektion. Vi str\u00e4var efter att alla elever f\u00e5r med sig en grundl\u00e4ggande sj\u00e4lvdisciplin n\u00e4r de g\u00e5r hos oss, en disciplin som f\u00f6rhoppningsvis hj\u00e4lper dem i framtiden efter gymnasieskolan, s\u00e4ger Anna Wiger Jensen.<\/p>\n<p><strong>Sk\u00e4rpt skollag kan st\u00e4rka<\/strong><br \/>\nEn betydelsefull \u00e5tg\u00e4rd f\u00f6r att f\u00f6rb\u00e4ttra l\u00e4rarnas villkor \u00e4r d\u00e4rf\u00f6r att st\u00e4rka l\u00e4rarrollens befogenheter och att st\u00e4rka f\u00f6rtroendet f\u00f6r l\u00e4rarnas profession genom en sk\u00e4rpning av skollagen.<br \/>\n\u2013 Vi beh\u00f6ver en sk\u00e4rpning i skollagen som tydligg\u00f6r elevens skyldigheter och g\u00f6r att l\u00e4raren v\u00e5gar agera i klassrummet. F\u00f6r att minska l\u00e4rarbristen de kommande \u00e5ren beh\u00f6ver vi g\u00f6ra det l\u00e4ttare f\u00f6r personer med annan yrkesbakgrund att omskola sig till l\u00e4rare samt locka tillbaka de som \u00e4r utbildade l\u00e4rare men av olika anledningar valt att l\u00e4mna l\u00e4raryrket, s\u00e4ger Anna Wiger Jensen.<\/p>\n","protected":false},"excerpt":{"rendered":"<p>Enligt Anna Wiger Jensen, operativ chef f\u00f6r JENSEN education och verksamhetschef JENSEN Gymnasium, \u00e4r ett&#8230;<\/p>\n","protected":false},"author":3,"featured_media":5716,"comment_status":"closed","ping_status":"open","sticky":false,"template":"","format":"standard","meta":{"_acf_changed":false,"_monsterinsights_skip_tracking":false,"_monsterinsights_sitenote_active":false,"_monsterinsights_sitenote_note":"","_monsterinsights_sitenote_category":0,"footnotes":""},"categories":[1],"tags":[77,119,120,233,287],"class_list":["post-5715","post","type-post","status-publish","format-standard","has-post-thumbnail","hentry","category-artikel","tag-framgangsrik-gymnasieskola","tag-jensen-education","tag-jensen-gymnasium","tag-skollag","tag-utmaningar"],"acf":[],"yoast_head":"<!-- This site is optimized with the Yoast SEO plugin v27.3 - https:\/\/yoast.com\/product\/yoast-seo-wordpress\/ -->\n<title>L\u00e4rares profession kan st\u00e4rkas genom \u00e4ndrad skollag - Framtidens karri\u00e4r gymnasiel\u00e4rare<\/title>\n<meta name=\"robots\" content=\"index, follow, max-snippet:-1, max-image-preview:large, max-video-preview:-1\" \/>\n<link rel=\"canonical\" href=\"https:\/\/lararkarriar.se\/gymnasieskola\/2017\/05\/02\/larares-profession-kan-starkas-genom-andrad-skollag\/\" \/>\n<meta property=\"og:locale\" content=\"sv_SE\" \/>\n<meta property=\"og:type\" content=\"article\" \/>\n<meta property=\"og:title\" content=\"L\u00e4rares profession kan st\u00e4rkas genom \u00e4ndrad skollag - Framtidens karri\u00e4r gymnasiel\u00e4rare\" \/>\n<meta property=\"og:description\" content=\"Enligt Anna Wiger Jensen, operativ chef f\u00f6r JENSEN education och verksamhetschef JENSEN Gymnasium, \u00e4r ett...\" \/>\n<meta property=\"og:url\" content=\"https:\/\/lararkarriar.se\/gymnasieskola\/2017\/05\/02\/larares-profession-kan-starkas-genom-andrad-skollag\/\" \/>\n<meta property=\"og:site_name\" content=\"Framtidens karri\u00e4r gymnasiel\u00e4rare\" \/>\n<meta property=\"article:published_time\" content=\"2017-05-02T10:53:13+00:00\" \/>\n<meta property=\"og:image\" content=\"https:\/\/lararkarriar.se\/gymnasieskola\/wp-content\/uploads\/sites\/10\/2017\/05\/utmaningar3-anna-wj.jpg\" \/>\n\t<meta property=\"og:image:width\" content=\"1000\" \/>\n\t<meta property=\"og:image:height\" content=\"618\" \/>\n\t<meta property=\"og:image:type\" content=\"image\/jpeg\" \/>\n<meta name=\"author\" content=\"stellanstal\" \/>\n<meta name=\"twitter:card\" content=\"summary_large_image\" \/>\n<meta name=\"twitter:label1\" content=\"Skriven av\" \/>\n\t<meta name=\"twitter:data1\" content=\"stellanstal\" \/>\n\t<meta name=\"twitter:label2\" content=\"Ber\u00e4knad l\u00e4stid\" \/>\n\t<meta name=\"twitter:data2\" content=\"3 minuter\" \/>\n<script type=\"application\/ld+json\" class=\"yoast-schema-graph\">{\"@context\":\"https:\\\/\\\/schema.org\",\"@graph\":[{\"@type\":\"Article\",\"@id\":\"https:\\\/\\\/lararkarriar.se\\\/gymnasieskola\\\/2017\\\/05\\\/02\\\/larares-profession-kan-starkas-genom-andrad-skollag\\\/#article\",\"isPartOf\":{\"@id\":\"https:\\\/\\\/lararkarriar.se\\\/gymnasieskola\\\/2017\\\/05\\\/02\\\/larares-profession-kan-starkas-genom-andrad-skollag\\\/\"},\"author\":{\"name\":\"stellanstal\",\"@id\":\"https:\\\/\\\/lararkarriar.se\\\/gymnasieskola\\\/#\\\/schema\\\/person\\\/c8a43eb855191e573b73ecf8987a3b99\"},\"headline\":\"L\u00e4rares profession kan st\u00e4rkas genom \u00e4ndrad skollag\",\"datePublished\":\"2017-05-02T10:53:13+00:00\",\"mainEntityOfPage\":{\"@id\":\"https:\\\/\\\/lararkarriar.se\\\/gymnasieskola\\\/2017\\\/05\\\/02\\\/larares-profession-kan-starkas-genom-andrad-skollag\\\/\"},\"wordCount\":530,\"image\":{\"@id\":\"https:\\\/\\\/lararkarriar.se\\\/gymnasieskola\\\/2017\\\/05\\\/02\\\/larares-profession-kan-starkas-genom-andrad-skollag\\\/#primaryimage\"},\"thumbnailUrl\":\"https:\\\/\\\/lararkarriar.se\\\/gymnasieskola\\\/wp-content\\\/uploads\\\/sites\\\/10\\\/2017\\\/05\\\/utmaningar3-anna-wj.jpg\",\"keywords\":[\"Framg\u00e5ngsrik gymnasieskola\",\"JENSEN Education\",\"JENSEN gymnasium\",\"Skollag\",\"Utmaningar\"],\"articleSection\":[\"Artikel\"],\"inLanguage\":\"sv-SE\"},{\"@type\":\"WebPage\",\"@id\":\"https:\\\/\\\/lararkarriar.se\\\/gymnasieskola\\\/2017\\\/05\\\/02\\\/larares-profession-kan-starkas-genom-andrad-skollag\\\/\",\"url\":\"https:\\\/\\\/lararkarriar.se\\\/gymnasieskola\\\/2017\\\/05\\\/02\\\/larares-profession-kan-starkas-genom-andrad-skollag\\\/\",\"name\":\"L\u00e4rares profession kan st\u00e4rkas genom \u00e4ndrad skollag - Framtidens karri\u00e4r gymnasiel\u00e4rare\",\"isPartOf\":{\"@id\":\"https:\\\/\\\/lararkarriar.se\\\/gymnasieskola\\\/#website\"},\"primaryImageOfPage\":{\"@id\":\"https:\\\/\\\/lararkarriar.se\\\/gymnasieskola\\\/2017\\\/05\\\/02\\\/larares-profession-kan-starkas-genom-andrad-skollag\\\/#primaryimage\"},\"image\":{\"@id\":\"https:\\\/\\\/lararkarriar.se\\\/gymnasieskola\\\/2017\\\/05\\\/02\\\/larares-profession-kan-starkas-genom-andrad-skollag\\\/#primaryimage\"},\"thumbnailUrl\":\"https:\\\/\\\/lararkarriar.se\\\/gymnasieskola\\\/wp-content\\\/uploads\\\/sites\\\/10\\\/2017\\\/05\\\/utmaningar3-anna-wj.jpg\",\"datePublished\":\"2017-05-02T10:53:13+00:00\",\"author\":{\"@id\":\"https:\\\/\\\/lararkarriar.se\\\/gymnasieskola\\\/#\\\/schema\\\/person\\\/c8a43eb855191e573b73ecf8987a3b99\"},\"breadcrumb\":{\"@id\":\"https:\\\/\\\/lararkarriar.se\\\/gymnasieskola\\\/2017\\\/05\\\/02\\\/larares-profession-kan-starkas-genom-andrad-skollag\\\/#breadcrumb\"},\"inLanguage\":\"sv-SE\",\"potentialAction\":[{\"@type\":\"ReadAction\",\"target\":[\"https:\\\/\\\/lararkarriar.se\\\/gymnasieskola\\\/2017\\\/05\\\/02\\\/larares-profession-kan-starkas-genom-andrad-skollag\\\/\"]}]},{\"@type\":\"ImageObject\",\"inLanguage\":\"sv-SE\",\"@id\":\"https:\\\/\\\/lararkarriar.se\\\/gymnasieskola\\\/2017\\\/05\\\/02\\\/larares-profession-kan-starkas-genom-andrad-skollag\\\/#primaryimage\",\"url\":\"https:\\\/\\\/lararkarriar.se\\\/gymnasieskola\\\/wp-content\\\/uploads\\\/sites\\\/10\\\/2017\\\/05\\\/utmaningar3-anna-wj.jpg\",\"contentUrl\":\"https:\\\/\\\/lararkarriar.se\\\/gymnasieskola\\\/wp-content\\\/uploads\\\/sites\\\/10\\\/2017\\\/05\\\/utmaningar3-anna-wj.jpg\",\"width\":1000,\"height\":618,\"caption\":\"Anna Wiger Jensen, operativ chef f\u00f6r JENSEN education och verksamhetschef JENSEN Gymnasium.\"},{\"@type\":\"BreadcrumbList\",\"@id\":\"https:\\\/\\\/lararkarriar.se\\\/gymnasieskola\\\/2017\\\/05\\\/02\\\/larares-profession-kan-starkas-genom-andrad-skollag\\\/#breadcrumb\",\"itemListElement\":[{\"@type\":\"ListItem\",\"position\":1,\"name\":\"Home\",\"item\":\"https:\\\/\\\/lararkarriar.se\\\/gymnasieskola\\\/\"},{\"@type\":\"ListItem\",\"position\":2,\"name\":\"L\u00e4rares profession kan st\u00e4rkas genom \u00e4ndrad skollag\"}]},{\"@type\":\"WebSite\",\"@id\":\"https:\\\/\\\/lararkarriar.se\\\/gymnasieskola\\\/#website\",\"url\":\"https:\\\/\\\/lararkarriar.se\\\/gymnasieskola\\\/\",\"name\":\"Framtidens karri\u00e4r gymnasiel\u00e4rare\",\"description\":\"Just another NMDashboard.se Sites site\",\"potentialAction\":[{\"@type\":\"SearchAction\",\"target\":{\"@type\":\"EntryPoint\",\"urlTemplate\":\"https:\\\/\\\/lararkarriar.se\\\/gymnasieskola\\\/?s={search_term_string}\"},\"query-input\":{\"@type\":\"PropertyValueSpecification\",\"valueRequired\":true,\"valueName\":\"search_term_string\"}}],\"inLanguage\":\"sv-SE\"},{\"@type\":\"Person\",\"@id\":\"https:\\\/\\\/lararkarriar.se\\\/gymnasieskola\\\/#\\\/schema\\\/person\\\/c8a43eb855191e573b73ecf8987a3b99\",\"name\":\"stellanstal\",\"image\":{\"@type\":\"ImageObject\",\"inLanguage\":\"sv-SE\",\"@id\":\"https:\\\/\\\/secure.gravatar.com\\\/avatar\\\/cd330fa6bb17f598124b2068ee0b189e4fe0987a50af9d53b78410836060d0c9?s=96&d=mm&r=g\",\"url\":\"https:\\\/\\\/secure.gravatar.com\\\/avatar\\\/cd330fa6bb17f598124b2068ee0b189e4fe0987a50af9d53b78410836060d0c9?s=96&d=mm&r=g\",\"contentUrl\":\"https:\\\/\\\/secure.gravatar.com\\\/avatar\\\/cd330fa6bb17f598124b2068ee0b189e4fe0987a50af9d53b78410836060d0c9?s=96&d=mm&r=g\",\"caption\":\"stellanstal\"},\"url\":\"https:\\\/\\\/lararkarriar.se\\\/gymnasieskola\\\/author\\\/stellanstal\\\/\"}]}<\/script>\n<!-- \/ Yoast SEO plugin. -->","yoast_head_json":{"title":"L\u00e4rares profession kan st\u00e4rkas genom \u00e4ndrad skollag - Framtidens karri\u00e4r gymnasiel\u00e4rare","robots":{"index":"index","follow":"follow","max-snippet":"max-snippet:-1","max-image-preview":"max-image-preview:large","max-video-preview":"max-video-preview:-1"},"canonical":"https:\/\/lararkarriar.se\/gymnasieskola\/2017\/05\/02\/larares-profession-kan-starkas-genom-andrad-skollag\/","og_locale":"sv_SE","og_type":"article","og_title":"L\u00e4rares profession kan st\u00e4rkas genom \u00e4ndrad skollag - Framtidens karri\u00e4r gymnasiel\u00e4rare","og_description":"Enligt Anna Wiger Jensen, operativ chef f\u00f6r JENSEN education och verksamhetschef JENSEN Gymnasium, \u00e4r ett...","og_url":"https:\/\/lararkarriar.se\/gymnasieskola\/2017\/05\/02\/larares-profession-kan-starkas-genom-andrad-skollag\/","og_site_name":"Framtidens karri\u00e4r gymnasiel\u00e4rare","article_published_time":"2017-05-02T10:53:13+00:00","og_image":[{"width":1000,"height":618,"url":"https:\/\/lararkarriar.se\/gymnasieskola\/wp-content\/uploads\/sites\/10\/2017\/05\/utmaningar3-anna-wj.jpg","type":"image\/jpeg"}],"author":"stellanstal","twitter_card":"summary_large_image","twitter_misc":{"Skriven av":"stellanstal","Ber\u00e4knad l\u00e4stid":"3 minuter"},"schema":{"@context":"https:\/\/schema.org","@graph":[{"@type":"Article","@id":"https:\/\/lararkarriar.se\/gymnasieskola\/2017\/05\/02\/larares-profession-kan-starkas-genom-andrad-skollag\/#article","isPartOf":{"@id":"https:\/\/lararkarriar.se\/gymnasieskola\/2017\/05\/02\/larares-profession-kan-starkas-genom-andrad-skollag\/"},"author":{"name":"stellanstal","@id":"https:\/\/lararkarriar.se\/gymnasieskola\/#\/schema\/person\/c8a43eb855191e573b73ecf8987a3b99"},"headline":"L\u00e4rares profession kan st\u00e4rkas genom \u00e4ndrad skollag","datePublished":"2017-05-02T10:53:13+00:00","mainEntityOfPage":{"@id":"https:\/\/lararkarriar.se\/gymnasieskola\/2017\/05\/02\/larares-profession-kan-starkas-genom-andrad-skollag\/"},"wordCount":530,"image":{"@id":"https:\/\/lararkarriar.se\/gymnasieskola\/2017\/05\/02\/larares-profession-kan-starkas-genom-andrad-skollag\/#primaryimage"},"thumbnailUrl":"https:\/\/lararkarriar.se\/gymnasieskola\/wp-content\/uploads\/sites\/10\/2017\/05\/utmaningar3-anna-wj.jpg","keywords":["Framg\u00e5ngsrik gymnasieskola","JENSEN Education","JENSEN gymnasium","Skollag","Utmaningar"],"articleSection":["Artikel"],"inLanguage":"sv-SE"},{"@type":"WebPage","@id":"https:\/\/lararkarriar.se\/gymnasieskola\/2017\/05\/02\/larares-profession-kan-starkas-genom-andrad-skollag\/","url":"https:\/\/lararkarriar.se\/gymnasieskola\/2017\/05\/02\/larares-profession-kan-starkas-genom-andrad-skollag\/","name":"L\u00e4rares profession kan st\u00e4rkas genom \u00e4ndrad skollag - Framtidens karri\u00e4r gymnasiel\u00e4rare","isPartOf":{"@id":"https:\/\/lararkarriar.se\/gymnasieskola\/#website"},"primaryImageOfPage":{"@id":"https:\/\/lararkarriar.se\/gymnasieskola\/2017\/05\/02\/larares-profession-kan-starkas-genom-andrad-skollag\/#primaryimage"},"image":{"@id":"https:\/\/lararkarriar.se\/gymnasieskola\/2017\/05\/02\/larares-profession-kan-starkas-genom-andrad-skollag\/#primaryimage"},"thumbnailUrl":"https:\/\/lararkarriar.se\/gymnasieskola\/wp-content\/uploads\/sites\/10\/2017\/05\/utmaningar3-anna-wj.jpg","datePublished":"2017-05-02T10:53:13+00:00","author":{"@id":"https:\/\/lararkarriar.se\/gymnasieskola\/#\/schema\/person\/c8a43eb855191e573b73ecf8987a3b99"},"breadcrumb":{"@id":"https:\/\/lararkarriar.se\/gymnasieskola\/2017\/05\/02\/larares-profession-kan-starkas-genom-andrad-skollag\/#breadcrumb"},"inLanguage":"sv-SE","potentialAction":[{"@type":"ReadAction","target":["https:\/\/lararkarriar.se\/gymnasieskola\/2017\/05\/02\/larares-profession-kan-starkas-genom-andrad-skollag\/"]}]},{"@type":"ImageObject","inLanguage":"sv-SE","@id":"https:\/\/lararkarriar.se\/gymnasieskola\/2017\/05\/02\/larares-profession-kan-starkas-genom-andrad-skollag\/#primaryimage","url":"https:\/\/lararkarriar.se\/gymnasieskola\/wp-content\/uploads\/sites\/10\/2017\/05\/utmaningar3-anna-wj.jpg","contentUrl":"https:\/\/lararkarriar.se\/gymnasieskola\/wp-content\/uploads\/sites\/10\/2017\/05\/utmaningar3-anna-wj.jpg","width":1000,"height":618,"caption":"Anna Wiger Jensen, operativ chef f\u00f6r JENSEN education och verksamhetschef JENSEN Gymnasium."},{"@type":"BreadcrumbList","@id":"https:\/\/lararkarriar.se\/gymnasieskola\/2017\/05\/02\/larares-profession-kan-starkas-genom-andrad-skollag\/#breadcrumb","itemListElement":[{"@type":"ListItem","position":1,"name":"Home","item":"https:\/\/lararkarriar.se\/gymnasieskola\/"},{"@type":"ListItem","position":2,"name":"L\u00e4rares profession kan st\u00e4rkas genom \u00e4ndrad skollag"}]},{"@type":"WebSite","@id":"https:\/\/lararkarriar.se\/gymnasieskola\/#website","url":"https:\/\/lararkarriar.se\/gymnasieskola\/","name":"Framtidens karri\u00e4r gymnasiel\u00e4rare","description":"Just another NMDashboard.se Sites site","potentialAction":[{"@type":"SearchAction","target":{"@type":"EntryPoint","urlTemplate":"https:\/\/lararkarriar.se\/gymnasieskola\/?s={search_term_string}"},"query-input":{"@type":"PropertyValueSpecification","valueRequired":true,"valueName":"search_term_string"}}],"inLanguage":"sv-SE"},{"@type":"Person","@id":"https:\/\/lararkarriar.se\/gymnasieskola\/#\/schema\/person\/c8a43eb855191e573b73ecf8987a3b99","name":"stellanstal","image":{"@type":"ImageObject","inLanguage":"sv-SE","@id":"https:\/\/secure.gravatar.com\/avatar\/cd330fa6bb17f598124b2068ee0b189e4fe0987a50af9d53b78410836060d0c9?s=96&d=mm&r=g","url":"https:\/\/secure.gravatar.com\/avatar\/cd330fa6bb17f598124b2068ee0b189e4fe0987a50af9d53b78410836060d0c9?s=96&d=mm&r=g","contentUrl":"https:\/\/secure.gravatar.com\/avatar\/cd330fa6bb17f598124b2068ee0b189e4fe0987a50af9d53b78410836060d0c9?s=96&d=mm&r=g","caption":"stellanstal"},"url":"https:\/\/lararkarriar.se\/gymnasieskola\/author\/stellanstal\/"}]}},"_links":{"self":[{"href":"https:\/\/lararkarriar.se\/gymnasieskola\/wp-json\/wp\/v2\/posts\/5715","targetHints":{"allow":["GET"]}}],"collection":[{"href":"https:\/\/lararkarriar.se\/gymnasieskola\/wp-json\/wp\/v2\/posts"}],"about":[{"href":"https:\/\/lararkarriar.se\/gymnasieskola\/wp-json\/wp\/v2\/types\/post"}],"author":[{"embeddable":true,"href":"https:\/\/lararkarriar.se\/gymnasieskola\/wp-json\/wp\/v2\/users\/3"}],"replies":[{"embeddable":true,"href":"https:\/\/lararkarriar.se\/gymnasieskola\/wp-json\/wp\/v2\/comments?post=5715"}],"version-history":[{"count":0,"href":"https:\/\/lararkarriar.se\/gymnasieskola\/wp-json\/wp\/v2\/posts\/5715\/revisions"}],"wp:featuredmedia":[{"embeddable":true,"href":"https:\/\/lararkarriar.se\/gymnasieskola\/wp-json\/wp\/v2\/media\/5716"}],"wp:attachment":[{"href":"https:\/\/lararkarriar.se\/gymnasieskola\/wp-json\/wp\/v2\/media?parent=5715"}],"wp:term":[{"taxonomy":"category","embeddable":true,"href":"https:\/\/lararkarriar.se\/gymnasieskola\/wp-json\/wp\/v2\/categories?post=5715"},{"taxonomy":"post_tag","embeddable":true,"href":"https:\/\/lararkarriar.se\/gymnasieskola\/wp-json\/wp\/v2\/tags?post=5715"}],"curies":[{"name":"wp","href":"https:\/\/api.w.org\/{rel}","templated":true}]}}