{"id":5744,"date":"2017-05-02T12:32:27","date_gmt":"2017-05-02T10:32:27","guid":{"rendered":"http:\/\/lararkarriar.se\/gymnasieskola\/?p=5744"},"modified":"2017-05-02T12:32:27","modified_gmt":"2017-05-02T10:32:27","slug":"manga-gymnasielarare-anser-att-de-ar-varda-en-hogre-slutlon","status":"publish","type":"post","link":"https:\/\/lararkarriar.se\/gymnasieskola\/2017\/05\/02\/manga-gymnasielarare-anser-att-de-ar-varda-en-hogre-slutlon\/","title":{"rendered":"M\u00e5nga gymnasiel\u00e4rare anser att de \u00e4r v\u00e4rda en h\u00f6gre slutl\u00f6n"},"content":{"rendered":"<p><figure id=\"attachment_5745\" aria-describedby=\"caption-attachment-5745\" style=\"width: 1000px\" class=\"wp-caption alignnone\"><img loading=\"lazy\" decoding=\"async\" src=\"https:\/\/lararkarriar.se\/gymnasieskola\/wp-content\/uploads\/sites\/10\/2017\/05\/slutlon-alla.jpg\" alt=\"Mathias \u00c5str\u00f6m, f\u00f6rhandlingschef p\u00e5 L\u00e4rarf\u00f6rbundet och Peter Henriksson, f\u00f6rhandlingschef p\u00e5 L\u00e4rarnas Riksf\u00f6rbund.\" width=\"1000\" height=\"613\" class=\"size-full wp-image-5745\" srcset=\"https:\/\/lararkarriar.se\/gymnasieskola\/wp-content\/uploads\/sites\/10\/2017\/05\/slutlon-alla.jpg 1000w, https:\/\/lararkarriar.se\/gymnasieskola\/wp-content\/uploads\/sites\/10\/2017\/05\/slutlon-alla-300x184.jpg 300w, https:\/\/lararkarriar.se\/gymnasieskola\/wp-content\/uploads\/sites\/10\/2017\/05\/slutlon-alla-768x471.jpg 768w, https:\/\/lararkarriar.se\/gymnasieskola\/wp-content\/uploads\/sites\/10\/2017\/05\/slutlon-alla-261x160.jpg 261w, https:\/\/lararkarriar.se\/gymnasieskola\/wp-content\/uploads\/sites\/10\/2017\/05\/slutlon-alla-526x322.jpg 526w, https:\/\/lararkarriar.se\/gymnasieskola\/wp-content\/uploads\/sites\/10\/2017\/05\/slutlon-alla-720x441.jpg 720w, https:\/\/lararkarriar.se\/gymnasieskola\/wp-content\/uploads\/sites\/10\/2017\/05\/slutlon-alla-960x588.jpg 960w\" sizes=\"auto, (max-width: 1000px) 100vw, 1000px\" \/><figcaption id=\"caption-attachment-5745\" class=\"wp-caption-text\">Mathias \u00c5str\u00f6m, f\u00f6rhandlingschef p\u00e5 L\u00e4rarf\u00f6rbundet och Peter Henriksson, f\u00f6rhandlingschef p\u00e5 L\u00e4rarnas Riksf\u00f6rbund.<\/figcaption><\/figure><strong>En unders\u00f6kning som Framtidens Karri\u00e4r \u2013 Gymnasiel\u00e4rare genomf\u00f6rt bland ett slumpm\u00e4ssigt urval av gymnasiel\u00e4rare visar att 27 procent betraktar 50&nbsp;000 kronor som en rimlig slutl\u00f6n f\u00f6r en gymnasiel\u00e4rare efter drygt trettio \u00e5r i yrket. 24 procent anser att 45&nbsp;000 kronor \u00e4r en rimlig slutl\u00f6n.<\/strong><\/p>\n<p>\u2013 Det \u00e4r bra att l\u00e4rarna anser att de \u00e4r v\u00e4rda samma slutl\u00f6n som andra j\u00e4mf\u00f6rbara yrkesgrupper med motsvarande utbildningsl\u00e4ngd och ansvar, exempelvis ekonomer, civilingenj\u00f6rer och jurister. L\u00e4rarbristen bidrar till att h\u00f6ja hela l\u00f6nestrukturen f\u00f6r l\u00e4rare, vilket inkluderar den l\u00e5ngsiktiga l\u00f6neutvecklingen och slutl\u00f6nen. Det finns inte l\u00e4ngre n\u00e5got alternativ, l\u00f6nel\u00e4get m\u00e5ste upp, det \u00e4r en naturlig konsekvens av obalansen mellan tillg\u00e5ng och efterfr\u00e5gan, s\u00e4ger Mathias \u00c5str\u00f6m, f\u00f6rhandlingschef p\u00e5 L\u00e4rarf\u00f6rbundet.<br \/>\nHan betraktar h\u00f6jda l\u00f6ner som en viktig pusselbit f\u00f6r att f\u00e5 fler gymnasiel\u00e4rare att stanna i yrket. En rimlig arbetsbelastning, r\u00e4tt f\u00f6ruts\u00e4ttningar f\u00f6r att g\u00f6ra ett bra jobb och attraktiva arbetsvillkor \u00e4r andra viktiga omr\u00e5den som fler arbetsgivare beh\u00f6ver f\u00f6rb\u00e4ttra.<\/p>\n<p><strong>L\u00f6nespridningen har \u00f6kat<\/strong><br \/>\n\u2013 Det \u00e4r gl\u00e4djande att s\u00e5 m\u00e5nga gymnasiel\u00e4rare anser att de \u00e4r v\u00e4rda en h\u00f6gre slutl\u00f6n. L\u00e4rares l\u00f6neutveckling beh\u00f6ver f\u00f6rb\u00e4ttras, i dagsl\u00e4get har gymnasiel\u00e4rare \u00f6verlag en alltf\u00f6r sammanpressad l\u00f6nestruktur, vilket komplicerar f\u00f6ruts\u00e4ttningarna f\u00f6r en individuell l\u00f6neutveckling. L\u00e4rarl\u00f6nelyftet och karri\u00e4rreformer f\u00f6r l\u00e4rare har dock bidragit till att \u00f6ka l\u00f6nespridningen, s\u00e4ger Peter Henriksson, f\u00f6rhandlingschef p\u00e5 L\u00e4rarnas Riksf\u00f6rbund.<br \/>\n\u2013 Vi verkar f\u00f6r en \u00f6kad l\u00f6nespridning bland gymnasiel\u00e4rare. Det ger i sin tur b\u00e4ttre m\u00f6jligheter till en individuell livsl\u00f6nekarri\u00e4r. Det inneb\u00e4r att en genomsnittlig slutl\u00f6n b\u00f6r kunna ligga p\u00e5 det dubbla i relation till den genomsnittliga ing\u00e5ngsl\u00f6nen vid varje enskild tidpunkt. Om ing\u00e5ngsl\u00f6nen f\u00f6r en gymnasiel\u00e4rare idag ligger p\u00e5 30&nbsp;000 kronor per m\u00e5nad b\u00f6r en rimlig slutl\u00f6n vid samma tidpunkt ligga p\u00e5 60&nbsp;000 kronor, s\u00e4ger Peter Henriksson.<br \/>\nL\u00e4rarnas Riksf\u00f6rbund anser att gymnasiel\u00e4rares ing\u00e5ngsl\u00f6ner snarare b\u00f6r ligga p\u00e5 35&nbsp;000 kronor i m\u00e5naden och p\u00e5pekar att dagens l\u00e4rarbrist ger stora variationer i f\u00f6rhandlingsl\u00e4ge om ing\u00e5ngsl\u00f6ner.<br \/>\n\u2013 H\u00f6gre l\u00f6ner, b\u00e4ttre arbetsmilj\u00f6 och en mer rimlig arbetsbelastning \u00e4n idag \u00e4r s\u00e5dant som en arbetsgivare beh\u00f6ver kunna erbjuda f\u00f6r att kunna attrahera och beh\u00e5lla l\u00e4rare, s\u00e4ger Peter Henriksson.<\/p>\n<div class=\"faktaruta2-title\">Vad anser du \u00e4r en rimlig slutl\u00f6n (f\u00f6re skatt) f\u00f6r en gymnasiel\u00e4rare? (efter cirka 30 \u00e5r i yrket)<\/div><div class=\"faktaruta2\"><img loading=\"lazy\" decoding=\"async\" src=\"https:\/\/lararkarriar.se\/gymnasieskola\/wp-content\/uploads\/sites\/10\/2017\/05\/slutlon-graf.png\" alt=\"slutlon_graf\" width=\"1000\" height=\"449\" class=\"alignnone size-full wp-image-5746\" srcset=\"https:\/\/lararkarriar.se\/gymnasieskola\/wp-content\/uploads\/sites\/10\/2017\/05\/slutlon-graf.png 1000w, https:\/\/lararkarriar.se\/gymnasieskola\/wp-content\/uploads\/sites\/10\/2017\/05\/slutlon-graf-300x135.png 300w, https:\/\/lararkarriar.se\/gymnasieskola\/wp-content\/uploads\/sites\/10\/2017\/05\/slutlon-graf-768x345.png 768w, https:\/\/lararkarriar.se\/gymnasieskola\/wp-content\/uploads\/sites\/10\/2017\/05\/slutlon-graf-356x160.png 356w, https:\/\/lararkarriar.se\/gymnasieskola\/wp-content\/uploads\/sites\/10\/2017\/05\/slutlon-graf-526x236.png 526w, https:\/\/lararkarriar.se\/gymnasieskola\/wp-content\/uploads\/sites\/10\/2017\/05\/slutlon-graf-720x323.png 720w, https:\/\/lararkarriar.se\/gymnasieskola\/wp-content\/uploads\/sites\/10\/2017\/05\/slutlon-graf-960x431.png 960w\" sizes=\"auto, (max-width: 1000px) 100vw, 1000px\" \/><br \/>\n<\/div>\n","protected":false},"excerpt":{"rendered":"<p>En unders\u00f6kning som Framtidens Karri\u00e4r \u2013 Gymnasiel\u00e4rare genomf\u00f6rt bland ett slumpm\u00e4ssigt urval av gymnasiel\u00e4rare visar&#8230;<\/p>\n","protected":false},"author":3,"featured_media":5745,"comment_status":"closed","ping_status":"open","sticky":false,"template":"","format":"standard","meta":{"_acf_changed":false,"_monsterinsights_skip_tracking":false,"_monsterinsights_sitenote_active":false,"_monsterinsights_sitenote_note":"","_monsterinsights_sitenote_category":0,"footnotes":""},"categories":[1],"tags":[151,154,170,240,277],"class_list":["post-5744","post","type-post","status-publish","format-standard","has-post-thumbnail","hentry","category-artikel","tag-lararforbundet","tag-lararnas-riksforbund","tag-loneutveckling","tag-slutlon","tag-undersokning"],"acf":[],"yoast_head":"<!-- This site is optimized with the Yoast SEO plugin v27.3 - https:\/\/yoast.com\/product\/yoast-seo-wordpress\/ -->\n<title>M\u00e5nga gymnasiel\u00e4rare anser att de \u00e4r v\u00e4rda en h\u00f6gre slutl\u00f6n - Framtidens karri\u00e4r gymnasiel\u00e4rare<\/title>\n<meta name=\"robots\" content=\"index, follow, max-snippet:-1, max-image-preview:large, max-video-preview:-1\" \/>\n<link rel=\"canonical\" href=\"https:\/\/lararkarriar.se\/gymnasieskola\/2017\/05\/02\/manga-gymnasielarare-anser-att-de-ar-varda-en-hogre-slutlon\/\" \/>\n<meta property=\"og:locale\" content=\"sv_SE\" \/>\n<meta property=\"og:type\" content=\"article\" \/>\n<meta property=\"og:title\" content=\"M\u00e5nga gymnasiel\u00e4rare anser att de \u00e4r v\u00e4rda en h\u00f6gre slutl\u00f6n - Framtidens karri\u00e4r gymnasiel\u00e4rare\" \/>\n<meta property=\"og:description\" content=\"En unders\u00f6kning som Framtidens Karri\u00e4r \u2013 Gymnasiel\u00e4rare genomf\u00f6rt bland ett slumpm\u00e4ssigt urval av gymnasiel\u00e4rare visar...\" \/>\n<meta property=\"og:url\" content=\"https:\/\/lararkarriar.se\/gymnasieskola\/2017\/05\/02\/manga-gymnasielarare-anser-att-de-ar-varda-en-hogre-slutlon\/\" \/>\n<meta property=\"og:site_name\" content=\"Framtidens karri\u00e4r gymnasiel\u00e4rare\" \/>\n<meta property=\"article:published_time\" content=\"2017-05-02T10:32:27+00:00\" \/>\n<meta property=\"og:image\" content=\"https:\/\/lararkarriar.se\/gymnasieskola\/wp-content\/uploads\/sites\/10\/2017\/05\/slutlon-alla.jpg\" \/>\n\t<meta property=\"og:image:width\" content=\"1000\" \/>\n\t<meta property=\"og:image:height\" content=\"613\" \/>\n\t<meta property=\"og:image:type\" content=\"image\/jpeg\" \/>\n<meta name=\"author\" content=\"stellanstal\" \/>\n<meta name=\"twitter:card\" content=\"summary_large_image\" \/>\n<meta name=\"twitter:label1\" content=\"Skriven av\" \/>\n\t<meta name=\"twitter:data1\" content=\"stellanstal\" \/>\n\t<meta name=\"twitter:label2\" content=\"Ber\u00e4knad l\u00e4stid\" \/>\n\t<meta name=\"twitter:data2\" content=\"3 minuter\" \/>\n<script type=\"application\/ld+json\" class=\"yoast-schema-graph\">{\"@context\":\"https:\\\/\\\/schema.org\",\"@graph\":[{\"@type\":\"Article\",\"@id\":\"https:\\\/\\\/lararkarriar.se\\\/gymnasieskola\\\/2017\\\/05\\\/02\\\/manga-gymnasielarare-anser-att-de-ar-varda-en-hogre-slutlon\\\/#article\",\"isPartOf\":{\"@id\":\"https:\\\/\\\/lararkarriar.se\\\/gymnasieskola\\\/2017\\\/05\\\/02\\\/manga-gymnasielarare-anser-att-de-ar-varda-en-hogre-slutlon\\\/\"},\"author\":{\"name\":\"stellanstal\",\"@id\":\"https:\\\/\\\/lararkarriar.se\\\/gymnasieskola\\\/#\\\/schema\\\/person\\\/c8a43eb855191e573b73ecf8987a3b99\"},\"headline\":\"M\u00e5nga gymnasiel\u00e4rare anser att de \u00e4r v\u00e4rda en h\u00f6gre slutl\u00f6n\",\"datePublished\":\"2017-05-02T10:32:27+00:00\",\"mainEntityOfPage\":{\"@id\":\"https:\\\/\\\/lararkarriar.se\\\/gymnasieskola\\\/2017\\\/05\\\/02\\\/manga-gymnasielarare-anser-att-de-ar-varda-en-hogre-slutlon\\\/\"},\"wordCount\":515,\"image\":{\"@id\":\"https:\\\/\\\/lararkarriar.se\\\/gymnasieskola\\\/2017\\\/05\\\/02\\\/manga-gymnasielarare-anser-att-de-ar-varda-en-hogre-slutlon\\\/#primaryimage\"},\"thumbnailUrl\":\"https:\\\/\\\/lararkarriar.se\\\/gymnasieskola\\\/wp-content\\\/uploads\\\/sites\\\/10\\\/2017\\\/05\\\/slutlon-alla.jpg\",\"keywords\":[\"L\u00e4rarf\u00f6rbundet\",\"L\u00e4rarnas Riksf\u00f6rbund\",\"L\u00f6neutveckling\",\"Slutl\u00f6n\",\"Unders\u00f6kning\"],\"articleSection\":[\"Artikel\"],\"inLanguage\":\"sv-SE\"},{\"@type\":\"WebPage\",\"@id\":\"https:\\\/\\\/lararkarriar.se\\\/gymnasieskola\\\/2017\\\/05\\\/02\\\/manga-gymnasielarare-anser-att-de-ar-varda-en-hogre-slutlon\\\/\",\"url\":\"https:\\\/\\\/lararkarriar.se\\\/gymnasieskola\\\/2017\\\/05\\\/02\\\/manga-gymnasielarare-anser-att-de-ar-varda-en-hogre-slutlon\\\/\",\"name\":\"M\u00e5nga gymnasiel\u00e4rare anser att de \u00e4r v\u00e4rda en h\u00f6gre slutl\u00f6n - Framtidens karri\u00e4r gymnasiel\u00e4rare\",\"isPartOf\":{\"@id\":\"https:\\\/\\\/lararkarriar.se\\\/gymnasieskola\\\/#website\"},\"primaryImageOfPage\":{\"@id\":\"https:\\\/\\\/lararkarriar.se\\\/gymnasieskola\\\/2017\\\/05\\\/02\\\/manga-gymnasielarare-anser-att-de-ar-varda-en-hogre-slutlon\\\/#primaryimage\"},\"image\":{\"@id\":\"https:\\\/\\\/lararkarriar.se\\\/gymnasieskola\\\/2017\\\/05\\\/02\\\/manga-gymnasielarare-anser-att-de-ar-varda-en-hogre-slutlon\\\/#primaryimage\"},\"thumbnailUrl\":\"https:\\\/\\\/lararkarriar.se\\\/gymnasieskola\\\/wp-content\\\/uploads\\\/sites\\\/10\\\/2017\\\/05\\\/slutlon-alla.jpg\",\"datePublished\":\"2017-05-02T10:32:27+00:00\",\"author\":{\"@id\":\"https:\\\/\\\/lararkarriar.se\\\/gymnasieskola\\\/#\\\/schema\\\/person\\\/c8a43eb855191e573b73ecf8987a3b99\"},\"breadcrumb\":{\"@id\":\"https:\\\/\\\/lararkarriar.se\\\/gymnasieskola\\\/2017\\\/05\\\/02\\\/manga-gymnasielarare-anser-att-de-ar-varda-en-hogre-slutlon\\\/#breadcrumb\"},\"inLanguage\":\"sv-SE\",\"potentialAction\":[{\"@type\":\"ReadAction\",\"target\":[\"https:\\\/\\\/lararkarriar.se\\\/gymnasieskola\\\/2017\\\/05\\\/02\\\/manga-gymnasielarare-anser-att-de-ar-varda-en-hogre-slutlon\\\/\"]}]},{\"@type\":\"ImageObject\",\"inLanguage\":\"sv-SE\",\"@id\":\"https:\\\/\\\/lararkarriar.se\\\/gymnasieskola\\\/2017\\\/05\\\/02\\\/manga-gymnasielarare-anser-att-de-ar-varda-en-hogre-slutlon\\\/#primaryimage\",\"url\":\"https:\\\/\\\/lararkarriar.se\\\/gymnasieskola\\\/wp-content\\\/uploads\\\/sites\\\/10\\\/2017\\\/05\\\/slutlon-alla.jpg\",\"contentUrl\":\"https:\\\/\\\/lararkarriar.se\\\/gymnasieskola\\\/wp-content\\\/uploads\\\/sites\\\/10\\\/2017\\\/05\\\/slutlon-alla.jpg\",\"width\":1000,\"height\":613,\"caption\":\"Mathias \u00c5str\u00f6m, f\u00f6rhandlingschef p\u00e5 L\u00e4rarf\u00f6rbundet och Peter Henriksson, f\u00f6rhandlingschef p\u00e5 L\u00e4rarnas Riksf\u00f6rbund.\"},{\"@type\":\"BreadcrumbList\",\"@id\":\"https:\\\/\\\/lararkarriar.se\\\/gymnasieskola\\\/2017\\\/05\\\/02\\\/manga-gymnasielarare-anser-att-de-ar-varda-en-hogre-slutlon\\\/#breadcrumb\",\"itemListElement\":[{\"@type\":\"ListItem\",\"position\":1,\"name\":\"Home\",\"item\":\"https:\\\/\\\/lararkarriar.se\\\/gymnasieskola\\\/\"},{\"@type\":\"ListItem\",\"position\":2,\"name\":\"M\u00e5nga gymnasiel\u00e4rare anser att de \u00e4r v\u00e4rda en h\u00f6gre slutl\u00f6n\"}]},{\"@type\":\"WebSite\",\"@id\":\"https:\\\/\\\/lararkarriar.se\\\/gymnasieskola\\\/#website\",\"url\":\"https:\\\/\\\/lararkarriar.se\\\/gymnasieskola\\\/\",\"name\":\"Framtidens karri\u00e4r gymnasiel\u00e4rare\",\"description\":\"Just another NMDashboard.se Sites site\",\"potentialAction\":[{\"@type\":\"SearchAction\",\"target\":{\"@type\":\"EntryPoint\",\"urlTemplate\":\"https:\\\/\\\/lararkarriar.se\\\/gymnasieskola\\\/?s={search_term_string}\"},\"query-input\":{\"@type\":\"PropertyValueSpecification\",\"valueRequired\":true,\"valueName\":\"search_term_string\"}}],\"inLanguage\":\"sv-SE\"},{\"@type\":\"Person\",\"@id\":\"https:\\\/\\\/lararkarriar.se\\\/gymnasieskola\\\/#\\\/schema\\\/person\\\/c8a43eb855191e573b73ecf8987a3b99\",\"name\":\"stellanstal\",\"image\":{\"@type\":\"ImageObject\",\"inLanguage\":\"sv-SE\",\"@id\":\"https:\\\/\\\/secure.gravatar.com\\\/avatar\\\/cd330fa6bb17f598124b2068ee0b189e4fe0987a50af9d53b78410836060d0c9?s=96&d=mm&r=g\",\"url\":\"https:\\\/\\\/secure.gravatar.com\\\/avatar\\\/cd330fa6bb17f598124b2068ee0b189e4fe0987a50af9d53b78410836060d0c9?s=96&d=mm&r=g\",\"contentUrl\":\"https:\\\/\\\/secure.gravatar.com\\\/avatar\\\/cd330fa6bb17f598124b2068ee0b189e4fe0987a50af9d53b78410836060d0c9?s=96&d=mm&r=g\",\"caption\":\"stellanstal\"},\"url\":\"https:\\\/\\\/lararkarriar.se\\\/gymnasieskola\\\/author\\\/stellanstal\\\/\"}]}<\/script>\n<!-- \/ Yoast SEO plugin. -->","yoast_head_json":{"title":"M\u00e5nga gymnasiel\u00e4rare anser att de \u00e4r v\u00e4rda en h\u00f6gre slutl\u00f6n - Framtidens karri\u00e4r gymnasiel\u00e4rare","robots":{"index":"index","follow":"follow","max-snippet":"max-snippet:-1","max-image-preview":"max-image-preview:large","max-video-preview":"max-video-preview:-1"},"canonical":"https:\/\/lararkarriar.se\/gymnasieskola\/2017\/05\/02\/manga-gymnasielarare-anser-att-de-ar-varda-en-hogre-slutlon\/","og_locale":"sv_SE","og_type":"article","og_title":"M\u00e5nga gymnasiel\u00e4rare anser att de \u00e4r v\u00e4rda en h\u00f6gre slutl\u00f6n - Framtidens karri\u00e4r gymnasiel\u00e4rare","og_description":"En unders\u00f6kning som Framtidens Karri\u00e4r \u2013 Gymnasiel\u00e4rare genomf\u00f6rt bland ett slumpm\u00e4ssigt urval av gymnasiel\u00e4rare visar...","og_url":"https:\/\/lararkarriar.se\/gymnasieskola\/2017\/05\/02\/manga-gymnasielarare-anser-att-de-ar-varda-en-hogre-slutlon\/","og_site_name":"Framtidens karri\u00e4r gymnasiel\u00e4rare","article_published_time":"2017-05-02T10:32:27+00:00","og_image":[{"width":1000,"height":613,"url":"https:\/\/lararkarriar.se\/gymnasieskola\/wp-content\/uploads\/sites\/10\/2017\/05\/slutlon-alla.jpg","type":"image\/jpeg"}],"author":"stellanstal","twitter_card":"summary_large_image","twitter_misc":{"Skriven av":"stellanstal","Ber\u00e4knad l\u00e4stid":"3 minuter"},"schema":{"@context":"https:\/\/schema.org","@graph":[{"@type":"Article","@id":"https:\/\/lararkarriar.se\/gymnasieskola\/2017\/05\/02\/manga-gymnasielarare-anser-att-de-ar-varda-en-hogre-slutlon\/#article","isPartOf":{"@id":"https:\/\/lararkarriar.se\/gymnasieskola\/2017\/05\/02\/manga-gymnasielarare-anser-att-de-ar-varda-en-hogre-slutlon\/"},"author":{"name":"stellanstal","@id":"https:\/\/lararkarriar.se\/gymnasieskola\/#\/schema\/person\/c8a43eb855191e573b73ecf8987a3b99"},"headline":"M\u00e5nga gymnasiel\u00e4rare anser att de \u00e4r v\u00e4rda en h\u00f6gre slutl\u00f6n","datePublished":"2017-05-02T10:32:27+00:00","mainEntityOfPage":{"@id":"https:\/\/lararkarriar.se\/gymnasieskola\/2017\/05\/02\/manga-gymnasielarare-anser-att-de-ar-varda-en-hogre-slutlon\/"},"wordCount":515,"image":{"@id":"https:\/\/lararkarriar.se\/gymnasieskola\/2017\/05\/02\/manga-gymnasielarare-anser-att-de-ar-varda-en-hogre-slutlon\/#primaryimage"},"thumbnailUrl":"https:\/\/lararkarriar.se\/gymnasieskola\/wp-content\/uploads\/sites\/10\/2017\/05\/slutlon-alla.jpg","keywords":["L\u00e4rarf\u00f6rbundet","L\u00e4rarnas Riksf\u00f6rbund","L\u00f6neutveckling","Slutl\u00f6n","Unders\u00f6kning"],"articleSection":["Artikel"],"inLanguage":"sv-SE"},{"@type":"WebPage","@id":"https:\/\/lararkarriar.se\/gymnasieskola\/2017\/05\/02\/manga-gymnasielarare-anser-att-de-ar-varda-en-hogre-slutlon\/","url":"https:\/\/lararkarriar.se\/gymnasieskola\/2017\/05\/02\/manga-gymnasielarare-anser-att-de-ar-varda-en-hogre-slutlon\/","name":"M\u00e5nga gymnasiel\u00e4rare anser att de \u00e4r v\u00e4rda en h\u00f6gre slutl\u00f6n - Framtidens karri\u00e4r gymnasiel\u00e4rare","isPartOf":{"@id":"https:\/\/lararkarriar.se\/gymnasieskola\/#website"},"primaryImageOfPage":{"@id":"https:\/\/lararkarriar.se\/gymnasieskola\/2017\/05\/02\/manga-gymnasielarare-anser-att-de-ar-varda-en-hogre-slutlon\/#primaryimage"},"image":{"@id":"https:\/\/lararkarriar.se\/gymnasieskola\/2017\/05\/02\/manga-gymnasielarare-anser-att-de-ar-varda-en-hogre-slutlon\/#primaryimage"},"thumbnailUrl":"https:\/\/lararkarriar.se\/gymnasieskola\/wp-content\/uploads\/sites\/10\/2017\/05\/slutlon-alla.jpg","datePublished":"2017-05-02T10:32:27+00:00","author":{"@id":"https:\/\/lararkarriar.se\/gymnasieskola\/#\/schema\/person\/c8a43eb855191e573b73ecf8987a3b99"},"breadcrumb":{"@id":"https:\/\/lararkarriar.se\/gymnasieskola\/2017\/05\/02\/manga-gymnasielarare-anser-att-de-ar-varda-en-hogre-slutlon\/#breadcrumb"},"inLanguage":"sv-SE","potentialAction":[{"@type":"ReadAction","target":["https:\/\/lararkarriar.se\/gymnasieskola\/2017\/05\/02\/manga-gymnasielarare-anser-att-de-ar-varda-en-hogre-slutlon\/"]}]},{"@type":"ImageObject","inLanguage":"sv-SE","@id":"https:\/\/lararkarriar.se\/gymnasieskola\/2017\/05\/02\/manga-gymnasielarare-anser-att-de-ar-varda-en-hogre-slutlon\/#primaryimage","url":"https:\/\/lararkarriar.se\/gymnasieskola\/wp-content\/uploads\/sites\/10\/2017\/05\/slutlon-alla.jpg","contentUrl":"https:\/\/lararkarriar.se\/gymnasieskola\/wp-content\/uploads\/sites\/10\/2017\/05\/slutlon-alla.jpg","width":1000,"height":613,"caption":"Mathias \u00c5str\u00f6m, f\u00f6rhandlingschef p\u00e5 L\u00e4rarf\u00f6rbundet och Peter Henriksson, f\u00f6rhandlingschef p\u00e5 L\u00e4rarnas Riksf\u00f6rbund."},{"@type":"BreadcrumbList","@id":"https:\/\/lararkarriar.se\/gymnasieskola\/2017\/05\/02\/manga-gymnasielarare-anser-att-de-ar-varda-en-hogre-slutlon\/#breadcrumb","itemListElement":[{"@type":"ListItem","position":1,"name":"Home","item":"https:\/\/lararkarriar.se\/gymnasieskola\/"},{"@type":"ListItem","position":2,"name":"M\u00e5nga gymnasiel\u00e4rare anser att de \u00e4r v\u00e4rda en h\u00f6gre slutl\u00f6n"}]},{"@type":"WebSite","@id":"https:\/\/lararkarriar.se\/gymnasieskola\/#website","url":"https:\/\/lararkarriar.se\/gymnasieskola\/","name":"Framtidens karri\u00e4r gymnasiel\u00e4rare","description":"Just another NMDashboard.se Sites site","potentialAction":[{"@type":"SearchAction","target":{"@type":"EntryPoint","urlTemplate":"https:\/\/lararkarriar.se\/gymnasieskola\/?s={search_term_string}"},"query-input":{"@type":"PropertyValueSpecification","valueRequired":true,"valueName":"search_term_string"}}],"inLanguage":"sv-SE"},{"@type":"Person","@id":"https:\/\/lararkarriar.se\/gymnasieskola\/#\/schema\/person\/c8a43eb855191e573b73ecf8987a3b99","name":"stellanstal","image":{"@type":"ImageObject","inLanguage":"sv-SE","@id":"https:\/\/secure.gravatar.com\/avatar\/cd330fa6bb17f598124b2068ee0b189e4fe0987a50af9d53b78410836060d0c9?s=96&d=mm&r=g","url":"https:\/\/secure.gravatar.com\/avatar\/cd330fa6bb17f598124b2068ee0b189e4fe0987a50af9d53b78410836060d0c9?s=96&d=mm&r=g","contentUrl":"https:\/\/secure.gravatar.com\/avatar\/cd330fa6bb17f598124b2068ee0b189e4fe0987a50af9d53b78410836060d0c9?s=96&d=mm&r=g","caption":"stellanstal"},"url":"https:\/\/lararkarriar.se\/gymnasieskola\/author\/stellanstal\/"}]}},"_links":{"self":[{"href":"https:\/\/lararkarriar.se\/gymnasieskola\/wp-json\/wp\/v2\/posts\/5744","targetHints":{"allow":["GET"]}}],"collection":[{"href":"https:\/\/lararkarriar.se\/gymnasieskola\/wp-json\/wp\/v2\/posts"}],"about":[{"href":"https:\/\/lararkarriar.se\/gymnasieskola\/wp-json\/wp\/v2\/types\/post"}],"author":[{"embeddable":true,"href":"https:\/\/lararkarriar.se\/gymnasieskola\/wp-json\/wp\/v2\/users\/3"}],"replies":[{"embeddable":true,"href":"https:\/\/lararkarriar.se\/gymnasieskola\/wp-json\/wp\/v2\/comments?post=5744"}],"version-history":[{"count":0,"href":"https:\/\/lararkarriar.se\/gymnasieskola\/wp-json\/wp\/v2\/posts\/5744\/revisions"}],"wp:featuredmedia":[{"embeddable":true,"href":"https:\/\/lararkarriar.se\/gymnasieskola\/wp-json\/wp\/v2\/media\/5745"}],"wp:attachment":[{"href":"https:\/\/lararkarriar.se\/gymnasieskola\/wp-json\/wp\/v2\/media?parent=5744"}],"wp:term":[{"taxonomy":"category","embeddable":true,"href":"https:\/\/lararkarriar.se\/gymnasieskola\/wp-json\/wp\/v2\/categories?post=5744"},{"taxonomy":"post_tag","embeddable":true,"href":"https:\/\/lararkarriar.se\/gymnasieskola\/wp-json\/wp\/v2\/tags?post=5744"}],"curies":[{"name":"wp","href":"https:\/\/api.w.org\/{rel}","templated":true}]}}