{"id":5798,"date":"2017-05-02T13:10:58","date_gmt":"2017-05-02T11:10:58","guid":{"rendered":"http:\/\/lararkarriar.se\/gymnasieskola\/?p=5798"},"modified":"2017-05-02T13:10:58","modified_gmt":"2017-05-02T11:10:58","slug":"systematiskt-kvalitetsarbete-avgorande-for-gymnasieskolor","status":"publish","type":"post","link":"https:\/\/lararkarriar.se\/gymnasieskola\/2017\/05\/02\/systematiskt-kvalitetsarbete-avgorande-for-gymnasieskolor\/","title":{"rendered":"Systematiskt kvalitetsarbete avg\u00f6rande f\u00f6r gymnasieskolor"},"content":{"rendered":"<p><figure id=\"attachment_5799\" aria-describedby=\"caption-attachment-5799\" style=\"width: 150px\" class=\"wp-caption alignright\"><img loading=\"lazy\" decoding=\"async\" src=\"http:\/\/lararkarriar.se\/gymnasieskola\/wp-content\/uploads\/2017\/05\/utmaningar2_anders-duvkar-250x326.jpg\" alt=\"Anders Duvk\u00e4r, gymnasiechef i \u00d6rebro kommun.\" width=\"150\" height=\"196\" class=\"size-medium wp-image-5799\" \/><figcaption id=\"caption-attachment-5799\" class=\"wp-caption-text\">Anders Duvk\u00e4r, gymnasiechef i \u00d6rebro kommun.<\/figcaption><\/figure><strong>Enligt Anders Duvk\u00e4r, gymnasiechef i \u00d6rebro kommun, \u00e4r h\u00f6ga f\u00f6rv\u00e4ntningar p\u00e5 alla elever, samt h\u00f6ga \u00f6msesidiga krav p\u00e5 b\u00e5de elever och alla de som arbetar med v\u00e5ra ungdomar i skolan en grundf\u00f6ruts\u00e4ttning f\u00f6r att bedriva en framg\u00e5ngsrik gymnasieskola.<\/strong><\/p>\n<p>\u2013 Jag tror p\u00e5 tillit och f\u00f6rtroende i styrkedjan. Det \u00e4r s\u00e5 viktigt med f\u00f6rtroendeskapande relationer mellan elever, l\u00e4rare, rektor och skolchef. Forskning visar att det ger en positiv effekt p\u00e5 elevernas m\u00e5luppfyllelse. Alla beslut som fattas m\u00e5ste ha elevernas l\u00e4rande i fokus. D\u00e5 skapar man ett positivt arbetsklimat och ett tryggt inl\u00e4rningsklimat, s\u00e4ger Anders Duvk\u00e4r, som \u00e4r \u00e4mnesl\u00e4rare i kemi, biologi och naturkunskap. Han har jobbat som l\u00e4rare i tio \u00e5r i \u00d6sthammar och Uppsala och blev d\u00e4refter rektor i V\u00e4ster\u00e5s, gymnasiechef i Danderyd och \u00e4r sedan fyra \u00e5r tillbaks omr\u00e5deschef f\u00f6r gymnasium och vuxenutbildning i \u00d6rebro kommun.<br \/>\nHan menar att ett systematiskt kontinuerligt kvalitetsarbete med \u00f6kad resultatanalys, samt att alla skolor arbetar med professionellt kollegialt l\u00e4rande \u00e4r andra viktiga faktorer som bidrar till en framg\u00e5ngsrik gymnasieskola. <\/p>\n<p><strong>Beh\u00f6ver r\u00e4tt f\u00f6ruts\u00e4ttningar<\/strong><br \/>\n\u2013 Rektorer beh\u00f6ver ha r\u00e4tt f\u00f6ruts\u00e4ttningar f\u00f6r att bedriva ett systematiskt kvalitetsarbete. I \u00d6rebro kommun arbetar vi med att avlasta v\u00e5ra rektorer med administration och ekonomi s\u00e5 att de kan \u00e4gna sig mer \u00e5t skolutveckling. I styrkedjan m\u00e5ste vi ocks\u00e5 ha tillit till varandras olika roller och profession. Jag tror p\u00e5 att s\u00e4tta bildningsperspektivet h\u00f6gt och att skapa f\u00f6rtroendeskapande trygga l\u00e4rmilj\u00f6er f\u00f6r alla v\u00e5ra elever, s\u00e4ger Anders Duvk\u00e4r.<br \/>\n\u2013 Vi m\u00e5ste forts\u00e4tta arbeta med att ha en adekvat l\u00f6neniv\u00e5 f\u00f6r v\u00e5ra l\u00e4rare, det g\u00e4ller \u00e4ven skolledare, som ju inte ing\u00e5r i de statliga l\u00f6nesatsningarna. Vi m\u00e5ste ocks\u00e5 arbeta f\u00f6r en god arbetsmilj\u00f6 d\u00e4r l\u00e4rarna ges b\u00e4sta t\u00e4nkbara f\u00f6ruts\u00e4ttningar f\u00f6r att undervisa v\u00e5ra elever. Vi m\u00e5ste ta bort on\u00f6diga arbetsuppgifter som inte h\u00f6r till k\u00e4rnuppdraget. Jag tror ocks\u00e5 p\u00e5 att ge ordentligt med m\u00f6jligheter till en kvalitativ kompetensutveckling. I detta beh\u00f6ver vi hj\u00e4lp och st\u00f6d b\u00e5de fr\u00e5n v\u00e5ra huvudm\u00e4n, men ocks\u00e5 fr\u00e5n staten. Tilliten till l\u00e4rarnas profession beh\u00f6ver st\u00e4rkas, h\u00e4r har b\u00e5de skolan, lokalpolitiker, f\u00f6r\u00e4ldrar och media viktiga roller att fylla, s\u00e4ger Anders Duvk\u00e4r.<\/p>\n<p><strong>Satsar p\u00e5 kompetensutbildning<\/strong><br \/>\nDe kommunala gymnasieskolorna i \u00d6rebro satsar p\u00e5 kompetensutveckling f\u00f6r l\u00e4rarna i samband med arbetet med en dator per elev. Kommunen har \u00e4ven skapat tv\u00e5 nationella spetsutbildningar inom naturvetenskap samt samh\u00e4llsvetenskap, som startar h\u00f6sten 2017. I samverkan med Handelskammaren M\u00e4lardalens satsning \u201dArbetsmarknadskunskap i skolan\u201d arbetar kommunen f\u00f6r att \u00f6ka yrkesprogrammens attraktivitet med r\u00e4ttvis och v\u00e4lgrundad information om f\u00f6rdelarna med yrkesutbildning.<\/p>\n","protected":false},"excerpt":{"rendered":"<p>Enligt Anders Duvk\u00e4r, gymnasiechef i \u00d6rebro kommun, \u00e4r h\u00f6ga f\u00f6rv\u00e4ntningar p\u00e5 alla elever, samt h\u00f6ga&#8230;<\/p>\n","protected":false},"author":3,"featured_media":5801,"comment_status":"closed","ping_status":"open","sticky":false,"template":"","format":"standard","meta":{"_acf_changed":false,"_monsterinsights_skip_tracking":false,"_monsterinsights_sitenote_active":false,"_monsterinsights_sitenote_note":"","_monsterinsights_sitenote_category":0,"footnotes":""},"categories":[1],"tags":[77,194,287],"class_list":["post-5798","post","type-post","status-publish","format-standard","has-post-thumbnail","hentry","category-artikel","tag-framgangsrik-gymnasieskola","tag-orebro-kommun","tag-utmaningar"],"acf":[],"yoast_head":"<!-- This site is optimized with the Yoast SEO plugin v27.3 - https:\/\/yoast.com\/product\/yoast-seo-wordpress\/ -->\n<title>Systematiskt kvalitetsarbete avg\u00f6rande f\u00f6r gymnasieskolor - Framtidens karri\u00e4r gymnasiel\u00e4rare<\/title>\n<meta name=\"robots\" content=\"index, follow, max-snippet:-1, max-image-preview:large, max-video-preview:-1\" \/>\n<link rel=\"canonical\" href=\"https:\/\/lararkarriar.se\/gymnasieskola\/2017\/05\/02\/systematiskt-kvalitetsarbete-avgorande-for-gymnasieskolor\/\" \/>\n<meta property=\"og:locale\" content=\"sv_SE\" \/>\n<meta property=\"og:type\" content=\"article\" \/>\n<meta property=\"og:title\" content=\"Systematiskt kvalitetsarbete avg\u00f6rande f\u00f6r gymnasieskolor - Framtidens karri\u00e4r gymnasiel\u00e4rare\" \/>\n<meta property=\"og:description\" content=\"Enligt Anders Duvk\u00e4r, gymnasiechef i \u00d6rebro kommun, \u00e4r h\u00f6ga f\u00f6rv\u00e4ntningar p\u00e5 alla elever, samt h\u00f6ga...\" \/>\n<meta property=\"og:url\" content=\"https:\/\/lararkarriar.se\/gymnasieskola\/2017\/05\/02\/systematiskt-kvalitetsarbete-avgorande-for-gymnasieskolor\/\" \/>\n<meta property=\"og:site_name\" content=\"Framtidens karri\u00e4r gymnasiel\u00e4rare\" \/>\n<meta property=\"article:published_time\" content=\"2017-05-02T11:10:58+00:00\" \/>\n<meta property=\"og:image\" content=\"https:\/\/lararkarriar.se\/gymnasieskola\/wp-content\/uploads\/sites\/10\/2017\/05\/utmaningar2-anders-duvkar-utvald.jpg\" \/>\n\t<meta property=\"og:image:width\" content=\"500\" \/>\n\t<meta property=\"og:image:height\" content=\"500\" \/>\n\t<meta property=\"og:image:type\" content=\"image\/jpeg\" \/>\n<meta name=\"author\" content=\"stellanstal\" \/>\n<meta name=\"twitter:card\" content=\"summary_large_image\" \/>\n<meta name=\"twitter:label1\" content=\"Skriven av\" \/>\n\t<meta name=\"twitter:data1\" content=\"stellanstal\" \/>\n\t<meta name=\"twitter:label2\" content=\"Ber\u00e4knad l\u00e4stid\" \/>\n\t<meta name=\"twitter:data2\" content=\"3 minuter\" \/>\n<script type=\"application\/ld+json\" class=\"yoast-schema-graph\">{\"@context\":\"https:\\\/\\\/schema.org\",\"@graph\":[{\"@type\":\"Article\",\"@id\":\"https:\\\/\\\/lararkarriar.se\\\/gymnasieskola\\\/2017\\\/05\\\/02\\\/systematiskt-kvalitetsarbete-avgorande-for-gymnasieskolor\\\/#article\",\"isPartOf\":{\"@id\":\"https:\\\/\\\/lararkarriar.se\\\/gymnasieskola\\\/2017\\\/05\\\/02\\\/systematiskt-kvalitetsarbete-avgorande-for-gymnasieskolor\\\/\"},\"author\":{\"name\":\"stellanstal\",\"@id\":\"https:\\\/\\\/lararkarriar.se\\\/gymnasieskola\\\/#\\\/schema\\\/person\\\/c8a43eb855191e573b73ecf8987a3b99\"},\"headline\":\"Systematiskt kvalitetsarbete avg\u00f6rande f\u00f6r gymnasieskolor\",\"datePublished\":\"2017-05-02T11:10:58+00:00\",\"mainEntityOfPage\":{\"@id\":\"https:\\\/\\\/lararkarriar.se\\\/gymnasieskola\\\/2017\\\/05\\\/02\\\/systematiskt-kvalitetsarbete-avgorande-for-gymnasieskolor\\\/\"},\"wordCount\":520,\"image\":{\"@id\":\"https:\\\/\\\/lararkarriar.se\\\/gymnasieskola\\\/2017\\\/05\\\/02\\\/systematiskt-kvalitetsarbete-avgorande-for-gymnasieskolor\\\/#primaryimage\"},\"thumbnailUrl\":\"https:\\\/\\\/lararkarriar.se\\\/gymnasieskola\\\/wp-content\\\/uploads\\\/sites\\\/10\\\/2017\\\/05\\\/utmaningar2-anders-duvkar-utvald.jpg\",\"keywords\":[\"Framg\u00e5ngsrik gymnasieskola\",\"\u00d6rebro kommun\",\"Utmaningar\"],\"articleSection\":[\"Artikel\"],\"inLanguage\":\"sv-SE\"},{\"@type\":\"WebPage\",\"@id\":\"https:\\\/\\\/lararkarriar.se\\\/gymnasieskola\\\/2017\\\/05\\\/02\\\/systematiskt-kvalitetsarbete-avgorande-for-gymnasieskolor\\\/\",\"url\":\"https:\\\/\\\/lararkarriar.se\\\/gymnasieskola\\\/2017\\\/05\\\/02\\\/systematiskt-kvalitetsarbete-avgorande-for-gymnasieskolor\\\/\",\"name\":\"Systematiskt kvalitetsarbete avg\u00f6rande f\u00f6r gymnasieskolor - Framtidens karri\u00e4r gymnasiel\u00e4rare\",\"isPartOf\":{\"@id\":\"https:\\\/\\\/lararkarriar.se\\\/gymnasieskola\\\/#website\"},\"primaryImageOfPage\":{\"@id\":\"https:\\\/\\\/lararkarriar.se\\\/gymnasieskola\\\/2017\\\/05\\\/02\\\/systematiskt-kvalitetsarbete-avgorande-for-gymnasieskolor\\\/#primaryimage\"},\"image\":{\"@id\":\"https:\\\/\\\/lararkarriar.se\\\/gymnasieskola\\\/2017\\\/05\\\/02\\\/systematiskt-kvalitetsarbete-avgorande-for-gymnasieskolor\\\/#primaryimage\"},\"thumbnailUrl\":\"https:\\\/\\\/lararkarriar.se\\\/gymnasieskola\\\/wp-content\\\/uploads\\\/sites\\\/10\\\/2017\\\/05\\\/utmaningar2-anders-duvkar-utvald.jpg\",\"datePublished\":\"2017-05-02T11:10:58+00:00\",\"author\":{\"@id\":\"https:\\\/\\\/lararkarriar.se\\\/gymnasieskola\\\/#\\\/schema\\\/person\\\/c8a43eb855191e573b73ecf8987a3b99\"},\"breadcrumb\":{\"@id\":\"https:\\\/\\\/lararkarriar.se\\\/gymnasieskola\\\/2017\\\/05\\\/02\\\/systematiskt-kvalitetsarbete-avgorande-for-gymnasieskolor\\\/#breadcrumb\"},\"inLanguage\":\"sv-SE\",\"potentialAction\":[{\"@type\":\"ReadAction\",\"target\":[\"https:\\\/\\\/lararkarriar.se\\\/gymnasieskola\\\/2017\\\/05\\\/02\\\/systematiskt-kvalitetsarbete-avgorande-for-gymnasieskolor\\\/\"]}]},{\"@type\":\"ImageObject\",\"inLanguage\":\"sv-SE\",\"@id\":\"https:\\\/\\\/lararkarriar.se\\\/gymnasieskola\\\/2017\\\/05\\\/02\\\/systematiskt-kvalitetsarbete-avgorande-for-gymnasieskolor\\\/#primaryimage\",\"url\":\"https:\\\/\\\/lararkarriar.se\\\/gymnasieskola\\\/wp-content\\\/uploads\\\/sites\\\/10\\\/2017\\\/05\\\/utmaningar2-anders-duvkar-utvald.jpg\",\"contentUrl\":\"https:\\\/\\\/lararkarriar.se\\\/gymnasieskola\\\/wp-content\\\/uploads\\\/sites\\\/10\\\/2017\\\/05\\\/utmaningar2-anders-duvkar-utvald.jpg\",\"width\":500,\"height\":500},{\"@type\":\"BreadcrumbList\",\"@id\":\"https:\\\/\\\/lararkarriar.se\\\/gymnasieskola\\\/2017\\\/05\\\/02\\\/systematiskt-kvalitetsarbete-avgorande-for-gymnasieskolor\\\/#breadcrumb\",\"itemListElement\":[{\"@type\":\"ListItem\",\"position\":1,\"name\":\"Home\",\"item\":\"https:\\\/\\\/lararkarriar.se\\\/gymnasieskola\\\/\"},{\"@type\":\"ListItem\",\"position\":2,\"name\":\"Systematiskt kvalitetsarbete avg\u00f6rande f\u00f6r gymnasieskolor\"}]},{\"@type\":\"WebSite\",\"@id\":\"https:\\\/\\\/lararkarriar.se\\\/gymnasieskola\\\/#website\",\"url\":\"https:\\\/\\\/lararkarriar.se\\\/gymnasieskola\\\/\",\"name\":\"Framtidens karri\u00e4r gymnasiel\u00e4rare\",\"description\":\"Just another NMDashboard.se Sites site\",\"potentialAction\":[{\"@type\":\"SearchAction\",\"target\":{\"@type\":\"EntryPoint\",\"urlTemplate\":\"https:\\\/\\\/lararkarriar.se\\\/gymnasieskola\\\/?s={search_term_string}\"},\"query-input\":{\"@type\":\"PropertyValueSpecification\",\"valueRequired\":true,\"valueName\":\"search_term_string\"}}],\"inLanguage\":\"sv-SE\"},{\"@type\":\"Person\",\"@id\":\"https:\\\/\\\/lararkarriar.se\\\/gymnasieskola\\\/#\\\/schema\\\/person\\\/c8a43eb855191e573b73ecf8987a3b99\",\"name\":\"stellanstal\",\"image\":{\"@type\":\"ImageObject\",\"inLanguage\":\"sv-SE\",\"@id\":\"https:\\\/\\\/secure.gravatar.com\\\/avatar\\\/cd330fa6bb17f598124b2068ee0b189e4fe0987a50af9d53b78410836060d0c9?s=96&d=mm&r=g\",\"url\":\"https:\\\/\\\/secure.gravatar.com\\\/avatar\\\/cd330fa6bb17f598124b2068ee0b189e4fe0987a50af9d53b78410836060d0c9?s=96&d=mm&r=g\",\"contentUrl\":\"https:\\\/\\\/secure.gravatar.com\\\/avatar\\\/cd330fa6bb17f598124b2068ee0b189e4fe0987a50af9d53b78410836060d0c9?s=96&d=mm&r=g\",\"caption\":\"stellanstal\"},\"url\":\"https:\\\/\\\/lararkarriar.se\\\/gymnasieskola\\\/author\\\/stellanstal\\\/\"}]}<\/script>\n<!-- \/ Yoast SEO plugin. -->","yoast_head_json":{"title":"Systematiskt kvalitetsarbete avg\u00f6rande f\u00f6r gymnasieskolor - Framtidens karri\u00e4r gymnasiel\u00e4rare","robots":{"index":"index","follow":"follow","max-snippet":"max-snippet:-1","max-image-preview":"max-image-preview:large","max-video-preview":"max-video-preview:-1"},"canonical":"https:\/\/lararkarriar.se\/gymnasieskola\/2017\/05\/02\/systematiskt-kvalitetsarbete-avgorande-for-gymnasieskolor\/","og_locale":"sv_SE","og_type":"article","og_title":"Systematiskt kvalitetsarbete avg\u00f6rande f\u00f6r gymnasieskolor - Framtidens karri\u00e4r gymnasiel\u00e4rare","og_description":"Enligt Anders Duvk\u00e4r, gymnasiechef i \u00d6rebro kommun, \u00e4r h\u00f6ga f\u00f6rv\u00e4ntningar p\u00e5 alla elever, samt h\u00f6ga...","og_url":"https:\/\/lararkarriar.se\/gymnasieskola\/2017\/05\/02\/systematiskt-kvalitetsarbete-avgorande-for-gymnasieskolor\/","og_site_name":"Framtidens karri\u00e4r gymnasiel\u00e4rare","article_published_time":"2017-05-02T11:10:58+00:00","og_image":[{"width":500,"height":500,"url":"https:\/\/lararkarriar.se\/gymnasieskola\/wp-content\/uploads\/sites\/10\/2017\/05\/utmaningar2-anders-duvkar-utvald.jpg","type":"image\/jpeg"}],"author":"stellanstal","twitter_card":"summary_large_image","twitter_misc":{"Skriven av":"stellanstal","Ber\u00e4knad l\u00e4stid":"3 minuter"},"schema":{"@context":"https:\/\/schema.org","@graph":[{"@type":"Article","@id":"https:\/\/lararkarriar.se\/gymnasieskola\/2017\/05\/02\/systematiskt-kvalitetsarbete-avgorande-for-gymnasieskolor\/#article","isPartOf":{"@id":"https:\/\/lararkarriar.se\/gymnasieskola\/2017\/05\/02\/systematiskt-kvalitetsarbete-avgorande-for-gymnasieskolor\/"},"author":{"name":"stellanstal","@id":"https:\/\/lararkarriar.se\/gymnasieskola\/#\/schema\/person\/c8a43eb855191e573b73ecf8987a3b99"},"headline":"Systematiskt kvalitetsarbete avg\u00f6rande f\u00f6r gymnasieskolor","datePublished":"2017-05-02T11:10:58+00:00","mainEntityOfPage":{"@id":"https:\/\/lararkarriar.se\/gymnasieskola\/2017\/05\/02\/systematiskt-kvalitetsarbete-avgorande-for-gymnasieskolor\/"},"wordCount":520,"image":{"@id":"https:\/\/lararkarriar.se\/gymnasieskola\/2017\/05\/02\/systematiskt-kvalitetsarbete-avgorande-for-gymnasieskolor\/#primaryimage"},"thumbnailUrl":"https:\/\/lararkarriar.se\/gymnasieskola\/wp-content\/uploads\/sites\/10\/2017\/05\/utmaningar2-anders-duvkar-utvald.jpg","keywords":["Framg\u00e5ngsrik gymnasieskola","\u00d6rebro kommun","Utmaningar"],"articleSection":["Artikel"],"inLanguage":"sv-SE"},{"@type":"WebPage","@id":"https:\/\/lararkarriar.se\/gymnasieskola\/2017\/05\/02\/systematiskt-kvalitetsarbete-avgorande-for-gymnasieskolor\/","url":"https:\/\/lararkarriar.se\/gymnasieskola\/2017\/05\/02\/systematiskt-kvalitetsarbete-avgorande-for-gymnasieskolor\/","name":"Systematiskt kvalitetsarbete avg\u00f6rande f\u00f6r gymnasieskolor - Framtidens karri\u00e4r gymnasiel\u00e4rare","isPartOf":{"@id":"https:\/\/lararkarriar.se\/gymnasieskola\/#website"},"primaryImageOfPage":{"@id":"https:\/\/lararkarriar.se\/gymnasieskola\/2017\/05\/02\/systematiskt-kvalitetsarbete-avgorande-for-gymnasieskolor\/#primaryimage"},"image":{"@id":"https:\/\/lararkarriar.se\/gymnasieskola\/2017\/05\/02\/systematiskt-kvalitetsarbete-avgorande-for-gymnasieskolor\/#primaryimage"},"thumbnailUrl":"https:\/\/lararkarriar.se\/gymnasieskola\/wp-content\/uploads\/sites\/10\/2017\/05\/utmaningar2-anders-duvkar-utvald.jpg","datePublished":"2017-05-02T11:10:58+00:00","author":{"@id":"https:\/\/lararkarriar.se\/gymnasieskola\/#\/schema\/person\/c8a43eb855191e573b73ecf8987a3b99"},"breadcrumb":{"@id":"https:\/\/lararkarriar.se\/gymnasieskola\/2017\/05\/02\/systematiskt-kvalitetsarbete-avgorande-for-gymnasieskolor\/#breadcrumb"},"inLanguage":"sv-SE","potentialAction":[{"@type":"ReadAction","target":["https:\/\/lararkarriar.se\/gymnasieskola\/2017\/05\/02\/systematiskt-kvalitetsarbete-avgorande-for-gymnasieskolor\/"]}]},{"@type":"ImageObject","inLanguage":"sv-SE","@id":"https:\/\/lararkarriar.se\/gymnasieskola\/2017\/05\/02\/systematiskt-kvalitetsarbete-avgorande-for-gymnasieskolor\/#primaryimage","url":"https:\/\/lararkarriar.se\/gymnasieskola\/wp-content\/uploads\/sites\/10\/2017\/05\/utmaningar2-anders-duvkar-utvald.jpg","contentUrl":"https:\/\/lararkarriar.se\/gymnasieskola\/wp-content\/uploads\/sites\/10\/2017\/05\/utmaningar2-anders-duvkar-utvald.jpg","width":500,"height":500},{"@type":"BreadcrumbList","@id":"https:\/\/lararkarriar.se\/gymnasieskola\/2017\/05\/02\/systematiskt-kvalitetsarbete-avgorande-for-gymnasieskolor\/#breadcrumb","itemListElement":[{"@type":"ListItem","position":1,"name":"Home","item":"https:\/\/lararkarriar.se\/gymnasieskola\/"},{"@type":"ListItem","position":2,"name":"Systematiskt kvalitetsarbete avg\u00f6rande f\u00f6r gymnasieskolor"}]},{"@type":"WebSite","@id":"https:\/\/lararkarriar.se\/gymnasieskola\/#website","url":"https:\/\/lararkarriar.se\/gymnasieskola\/","name":"Framtidens karri\u00e4r gymnasiel\u00e4rare","description":"Just another NMDashboard.se Sites site","potentialAction":[{"@type":"SearchAction","target":{"@type":"EntryPoint","urlTemplate":"https:\/\/lararkarriar.se\/gymnasieskola\/?s={search_term_string}"},"query-input":{"@type":"PropertyValueSpecification","valueRequired":true,"valueName":"search_term_string"}}],"inLanguage":"sv-SE"},{"@type":"Person","@id":"https:\/\/lararkarriar.se\/gymnasieskola\/#\/schema\/person\/c8a43eb855191e573b73ecf8987a3b99","name":"stellanstal","image":{"@type":"ImageObject","inLanguage":"sv-SE","@id":"https:\/\/secure.gravatar.com\/avatar\/cd330fa6bb17f598124b2068ee0b189e4fe0987a50af9d53b78410836060d0c9?s=96&d=mm&r=g","url":"https:\/\/secure.gravatar.com\/avatar\/cd330fa6bb17f598124b2068ee0b189e4fe0987a50af9d53b78410836060d0c9?s=96&d=mm&r=g","contentUrl":"https:\/\/secure.gravatar.com\/avatar\/cd330fa6bb17f598124b2068ee0b189e4fe0987a50af9d53b78410836060d0c9?s=96&d=mm&r=g","caption":"stellanstal"},"url":"https:\/\/lararkarriar.se\/gymnasieskola\/author\/stellanstal\/"}]}},"_links":{"self":[{"href":"https:\/\/lararkarriar.se\/gymnasieskola\/wp-json\/wp\/v2\/posts\/5798","targetHints":{"allow":["GET"]}}],"collection":[{"href":"https:\/\/lararkarriar.se\/gymnasieskola\/wp-json\/wp\/v2\/posts"}],"about":[{"href":"https:\/\/lararkarriar.se\/gymnasieskola\/wp-json\/wp\/v2\/types\/post"}],"author":[{"embeddable":true,"href":"https:\/\/lararkarriar.se\/gymnasieskola\/wp-json\/wp\/v2\/users\/3"}],"replies":[{"embeddable":true,"href":"https:\/\/lararkarriar.se\/gymnasieskola\/wp-json\/wp\/v2\/comments?post=5798"}],"version-history":[{"count":0,"href":"https:\/\/lararkarriar.se\/gymnasieskola\/wp-json\/wp\/v2\/posts\/5798\/revisions"}],"wp:featuredmedia":[{"embeddable":true,"href":"https:\/\/lararkarriar.se\/gymnasieskola\/wp-json\/wp\/v2\/media\/5801"}],"wp:attachment":[{"href":"https:\/\/lararkarriar.se\/gymnasieskola\/wp-json\/wp\/v2\/media?parent=5798"}],"wp:term":[{"taxonomy":"category","embeddable":true,"href":"https:\/\/lararkarriar.se\/gymnasieskola\/wp-json\/wp\/v2\/categories?post=5798"},{"taxonomy":"post_tag","embeddable":true,"href":"https:\/\/lararkarriar.se\/gymnasieskola\/wp-json\/wp\/v2\/tags?post=5798"}],"curies":[{"name":"wp","href":"https:\/\/api.w.org\/{rel}","templated":true}]}}