{"id":5804,"date":"2017-05-02T13:13:42","date_gmt":"2017-05-02T11:13:42","guid":{"rendered":"http:\/\/lararkarriar.se\/gymnasieskola\/?p=5804"},"modified":"2017-05-02T13:13:42","modified_gmt":"2017-05-02T11:13:42","slug":"framtidens-gymnasieskola-kan-bli-mer-flexibel","status":"publish","type":"post","link":"https:\/\/lararkarriar.se\/gymnasieskola\/2017\/05\/02\/framtidens-gymnasieskola-kan-bli-mer-flexibel\/","title":{"rendered":"Framtidens gymnasieskola kan bli mer flexibel"},"content":{"rendered":"<p><figure id=\"attachment_5806\" aria-describedby=\"caption-attachment-5806\" style=\"width: 1000px\" class=\"wp-caption alignnone\"><img loading=\"lazy\" decoding=\"async\" src=\"https:\/\/lararkarriar.se\/gymnasieskola\/wp-content\/uploads\/sites\/10\/2017\/05\/utmaningar1-christian-olsson1.jpg\" alt=\"Christian Olsson, gymnasiechef i Helsingborgs stads skolor.\" width=\"1000\" height=\"673\" class=\"size-full wp-image-5806\" srcset=\"https:\/\/lararkarriar.se\/gymnasieskola\/wp-content\/uploads\/sites\/10\/2017\/05\/utmaningar1-christian-olsson1.jpg 1000w, https:\/\/lararkarriar.se\/gymnasieskola\/wp-content\/uploads\/sites\/10\/2017\/05\/utmaningar1-christian-olsson1-300x202.jpg 300w, https:\/\/lararkarriar.se\/gymnasieskola\/wp-content\/uploads\/sites\/10\/2017\/05\/utmaningar1-christian-olsson1-768x517.jpg 768w, https:\/\/lararkarriar.se\/gymnasieskola\/wp-content\/uploads\/sites\/10\/2017\/05\/utmaningar1-christian-olsson1-238x160.jpg 238w, https:\/\/lararkarriar.se\/gymnasieskola\/wp-content\/uploads\/sites\/10\/2017\/05\/utmaningar1-christian-olsson1-526x354.jpg 526w, https:\/\/lararkarriar.se\/gymnasieskola\/wp-content\/uploads\/sites\/10\/2017\/05\/utmaningar1-christian-olsson1-720x485.jpg 720w, https:\/\/lararkarriar.se\/gymnasieskola\/wp-content\/uploads\/sites\/10\/2017\/05\/utmaningar1-christian-olsson1-960x646.jpg 960w\" sizes=\"auto, (max-width: 1000px) 100vw, 1000px\" \/><figcaption id=\"caption-attachment-5806\" class=\"wp-caption-text\">Christian Olsson, gymnasiechef i Helsingborgs stads skolor.<\/figcaption><\/figure><strong>Christian Olsson, gymnasiechef i Helsingborgs stads skolor, anser att den nya gymnasieutredningen inneh\u00e5ller flera bra f\u00f6rslag som kan h\u00f6ja statusen f\u00f6r gymnasieskolans yrkesprogram. Dessa program ger ofta goda m\u00f6jligheter till jobb, men har valts av allt f\u00e4rre elever sedan den f\u00f6rra gymnasiereformen introducerades. <\/strong><\/p>\n<p>\u2013 Man b\u00f6r vara tydlig med att det \u00e4r m\u00f6jligt att l\u00e4sa vidare p\u00e5 h\u00f6gskolan efter slutf\u00f6rt yrkesprogram och att satsa p\u00e5 flera yrkesutg\u00e5ngar p\u00e5 h\u00f6gskolef\u00f6rberedande program. Ett s\u00e5dant exempel \u00e4r ekonomiprogrammet som f\u00f6resl\u00e5s ha en inriktning mot handel. Det underl\u00e4ttar f\u00f6r elever som vill b\u00f6rja jobba direkt efter gymnasiet, s\u00e4ger Christian Olsson.<br \/>\n\u2013 Nyckelfaktorer f\u00f6r att bedriva en framg\u00e5ngsrik gymnasieskola \u00e4r en god l\u00e4randemilj\u00f6 d\u00e4r eleverna kan k\u00e4nna trygghet och studiero. Rektorer som vill leda och utveckla l\u00e4rarnas l\u00e4rande och h\u00f6gt st\u00e4llda f\u00f6rv\u00e4ntningar i hela kedjan fr\u00e5n politik till elev \u00e4r andra viktiga framg\u00e5ngsfaktorer. Ytterligare en avg\u00f6rande faktor, den kanske mest centrala, \u00e4r att relationen mellan l\u00e4rare och elev st\u00e4ndigt utvecklas, s\u00e4ger Christian Olsson, som \u00e4r forskarutbildad biolog i grunden och arbetade som rektor, gymnasiechef och projektchef i Landskrona stad innan han blev gymnasiechef i Helsingborgs stad 2016.<\/p>\n<p><strong>Organisera skolan mer flexibelt<\/strong><br \/>\nF\u00f6r att f\u00f6rb\u00e4ttra l\u00e4rarnas villkor \u00e4r det bra, enligt Christian Olsson, med satsningar som inneb\u00e4r att det verkligen l\u00f6nar sig att vara en yrkesskicklig l\u00e4rare. De l\u00e4rare som inte omfattas av n\u00e5gon l\u00e4rarl\u00f6nesatsning m\u00e5ste ocks\u00e5 ges m\u00f6jlighet att utvecklas och st\u00e4rka sin yrkesskicklighet. Christian Olsson tror d\u00e4rf\u00f6r p\u00e5 en n\u00e4ra koppling mellan l\u00f6nes\u00e4ttning och kvalitet samt att l\u00e4rarrollen beh\u00f6ver diversifieras och specialiseras mer.<br \/>\n\u2013 Man b\u00f6r \u00e4ven se \u00f6ver m\u00f6jligheterna att organisera gymnasieskolan p\u00e5 ett mer flexibelt s\u00e4tt. Den nuvarande l\u00e4s\u00e5rsindelningen kan ses \u00f6ver p\u00e5 statlig niv\u00e5, det \u00e4r inte s\u00e4kert att nuvarande terminsindelning \u00e4r optimal utifr\u00e5n samh\u00e4llets struktur. Jag tycker \u00e4ven att gymnasieskolan b\u00f6r se \u00f6ver m\u00f6jligheterna till ett mer flexibelt studieliv som inte n\u00f6dv\u00e4ndigtvis \u00e4ger rum p\u00e5 specifika tider p\u00e5 dagtid, s\u00e4ger Christian Olsson.<\/p>\n<p><strong>Satsar p\u00e5 konstruktiv l\u00e4nkning<\/strong><br \/>\nI Helsingborgs stads kommunala gymnasieskolor l\u00e4ggs ett stort fokus p\u00e5 systematiskt kvalitetsarbete, bland annat i form av en l\u00e5ngsiktig satsning p\u00e5 konstruktiv l\u00e4nkning som baseras p\u00e5 vetenskaplig grund.<br \/>\n\u2013 Det handlar om att f\u00e5 en tydlig bild av vilka l\u00e4rarhandlingar som genererar b\u00e4ttre resultat f\u00f6r eleverna, b\u00e5de vad g\u00e4ller betyg och p\u00e5 nationella prov, men \u00e4ven i form av minskad fr\u00e5nvaro, b\u00e4ttre studieresultat \u00f6ver tid och f\u00e4rre avhopp fr\u00e5n gymnasieskolan. Vi fokuserar ocks\u00e5 p\u00e5 att utveckla yrkesprogrammen i n\u00e4ra samverkan med det lokala arbetslivet. Det ger eleverna ber\u00f6ringspunkter med den verklighet de ska m\u00f6ta efter skolan och s\u00e4kerst\u00e4ller att vi verkligen ger dem kompetenser som arbetslivet efterfr\u00e5gar, s\u00e4ger Christian Olsson.<\/p>\n","protected":false},"excerpt":{"rendered":"<p>Christian Olsson, gymnasiechef i Helsingborgs stads skolor, anser att den nya gymnasieutredningen inneh\u00e5ller flera bra&#8230;<\/p>\n","protected":false},"author":3,"featured_media":5806,"comment_status":"closed","ping_status":"open","sticky":false,"template":"","format":"standard","meta":{"_acf_changed":false,"_monsterinsights_skip_tracking":false,"_monsterinsights_sitenote_active":false,"_monsterinsights_sitenote_note":"","_monsterinsights_sitenote_category":0,"footnotes":""},"categories":[1],"tags":[80,100,287],"class_list":["post-5804","post","type-post","status-publish","format-standard","has-post-thumbnail","hentry","category-artikel","tag-framtidens-gymnasieskola","tag-helsingborgs-stad","tag-utmaningar"],"acf":[],"yoast_head":"<!-- This site is optimized with the Yoast SEO plugin v27.3 - https:\/\/yoast.com\/product\/yoast-seo-wordpress\/ -->\n<title>Framtidens gymnasieskola kan bli mer flexibel - Framtidens karri\u00e4r gymnasiel\u00e4rare<\/title>\n<meta name=\"robots\" content=\"index, follow, max-snippet:-1, max-image-preview:large, max-video-preview:-1\" \/>\n<link rel=\"canonical\" href=\"https:\/\/lararkarriar.se\/gymnasieskola\/2017\/05\/02\/framtidens-gymnasieskola-kan-bli-mer-flexibel\/\" \/>\n<meta property=\"og:locale\" content=\"sv_SE\" \/>\n<meta property=\"og:type\" content=\"article\" \/>\n<meta property=\"og:title\" content=\"Framtidens gymnasieskola kan bli mer flexibel - Framtidens karri\u00e4r gymnasiel\u00e4rare\" \/>\n<meta property=\"og:description\" content=\"Christian Olsson, gymnasiechef i Helsingborgs stads skolor, anser att den nya gymnasieutredningen inneh\u00e5ller flera bra...\" \/>\n<meta property=\"og:url\" content=\"https:\/\/lararkarriar.se\/gymnasieskola\/2017\/05\/02\/framtidens-gymnasieskola-kan-bli-mer-flexibel\/\" \/>\n<meta property=\"og:site_name\" content=\"Framtidens karri\u00e4r gymnasiel\u00e4rare\" \/>\n<meta property=\"article:published_time\" content=\"2017-05-02T11:13:42+00:00\" \/>\n<meta property=\"og:image\" content=\"https:\/\/lararkarriar.se\/gymnasieskola\/wp-content\/uploads\/sites\/10\/2017\/05\/utmaningar1-christian-olsson1.jpg\" \/>\n\t<meta property=\"og:image:width\" content=\"1000\" \/>\n\t<meta property=\"og:image:height\" content=\"673\" \/>\n\t<meta property=\"og:image:type\" content=\"image\/jpeg\" \/>\n<meta name=\"author\" content=\"stellanstal\" \/>\n<meta name=\"twitter:card\" content=\"summary_large_image\" \/>\n<meta name=\"twitter:label1\" content=\"Skriven av\" \/>\n\t<meta name=\"twitter:data1\" content=\"stellanstal\" \/>\n\t<meta name=\"twitter:label2\" content=\"Ber\u00e4knad l\u00e4stid\" \/>\n\t<meta name=\"twitter:data2\" content=\"3 minuter\" \/>\n<script type=\"application\/ld+json\" class=\"yoast-schema-graph\">{\"@context\":\"https:\\\/\\\/schema.org\",\"@graph\":[{\"@type\":\"Article\",\"@id\":\"https:\\\/\\\/lararkarriar.se\\\/gymnasieskola\\\/2017\\\/05\\\/02\\\/framtidens-gymnasieskola-kan-bli-mer-flexibel\\\/#article\",\"isPartOf\":{\"@id\":\"https:\\\/\\\/lararkarriar.se\\\/gymnasieskola\\\/2017\\\/05\\\/02\\\/framtidens-gymnasieskola-kan-bli-mer-flexibel\\\/\"},\"author\":{\"name\":\"stellanstal\",\"@id\":\"https:\\\/\\\/lararkarriar.se\\\/gymnasieskola\\\/#\\\/schema\\\/person\\\/c8a43eb855191e573b73ecf8987a3b99\"},\"headline\":\"Framtidens gymnasieskola kan bli mer flexibel\",\"datePublished\":\"2017-05-02T11:13:42+00:00\",\"mainEntityOfPage\":{\"@id\":\"https:\\\/\\\/lararkarriar.se\\\/gymnasieskola\\\/2017\\\/05\\\/02\\\/framtidens-gymnasieskola-kan-bli-mer-flexibel\\\/\"},\"wordCount\":534,\"image\":{\"@id\":\"https:\\\/\\\/lararkarriar.se\\\/gymnasieskola\\\/2017\\\/05\\\/02\\\/framtidens-gymnasieskola-kan-bli-mer-flexibel\\\/#primaryimage\"},\"thumbnailUrl\":\"https:\\\/\\\/lararkarriar.se\\\/gymnasieskola\\\/wp-content\\\/uploads\\\/sites\\\/10\\\/2017\\\/05\\\/utmaningar1-christian-olsson1.jpg\",\"keywords\":[\"Framtidens gymnasieskola\",\"Helsingborgs stad\",\"Utmaningar\"],\"articleSection\":[\"Artikel\"],\"inLanguage\":\"sv-SE\"},{\"@type\":\"WebPage\",\"@id\":\"https:\\\/\\\/lararkarriar.se\\\/gymnasieskola\\\/2017\\\/05\\\/02\\\/framtidens-gymnasieskola-kan-bli-mer-flexibel\\\/\",\"url\":\"https:\\\/\\\/lararkarriar.se\\\/gymnasieskola\\\/2017\\\/05\\\/02\\\/framtidens-gymnasieskola-kan-bli-mer-flexibel\\\/\",\"name\":\"Framtidens gymnasieskola kan bli mer flexibel - Framtidens karri\u00e4r gymnasiel\u00e4rare\",\"isPartOf\":{\"@id\":\"https:\\\/\\\/lararkarriar.se\\\/gymnasieskola\\\/#website\"},\"primaryImageOfPage\":{\"@id\":\"https:\\\/\\\/lararkarriar.se\\\/gymnasieskola\\\/2017\\\/05\\\/02\\\/framtidens-gymnasieskola-kan-bli-mer-flexibel\\\/#primaryimage\"},\"image\":{\"@id\":\"https:\\\/\\\/lararkarriar.se\\\/gymnasieskola\\\/2017\\\/05\\\/02\\\/framtidens-gymnasieskola-kan-bli-mer-flexibel\\\/#primaryimage\"},\"thumbnailUrl\":\"https:\\\/\\\/lararkarriar.se\\\/gymnasieskola\\\/wp-content\\\/uploads\\\/sites\\\/10\\\/2017\\\/05\\\/utmaningar1-christian-olsson1.jpg\",\"datePublished\":\"2017-05-02T11:13:42+00:00\",\"author\":{\"@id\":\"https:\\\/\\\/lararkarriar.se\\\/gymnasieskola\\\/#\\\/schema\\\/person\\\/c8a43eb855191e573b73ecf8987a3b99\"},\"breadcrumb\":{\"@id\":\"https:\\\/\\\/lararkarriar.se\\\/gymnasieskola\\\/2017\\\/05\\\/02\\\/framtidens-gymnasieskola-kan-bli-mer-flexibel\\\/#breadcrumb\"},\"inLanguage\":\"sv-SE\",\"potentialAction\":[{\"@type\":\"ReadAction\",\"target\":[\"https:\\\/\\\/lararkarriar.se\\\/gymnasieskola\\\/2017\\\/05\\\/02\\\/framtidens-gymnasieskola-kan-bli-mer-flexibel\\\/\"]}]},{\"@type\":\"ImageObject\",\"inLanguage\":\"sv-SE\",\"@id\":\"https:\\\/\\\/lararkarriar.se\\\/gymnasieskola\\\/2017\\\/05\\\/02\\\/framtidens-gymnasieskola-kan-bli-mer-flexibel\\\/#primaryimage\",\"url\":\"https:\\\/\\\/lararkarriar.se\\\/gymnasieskola\\\/wp-content\\\/uploads\\\/sites\\\/10\\\/2017\\\/05\\\/utmaningar1-christian-olsson1.jpg\",\"contentUrl\":\"https:\\\/\\\/lararkarriar.se\\\/gymnasieskola\\\/wp-content\\\/uploads\\\/sites\\\/10\\\/2017\\\/05\\\/utmaningar1-christian-olsson1.jpg\",\"width\":1000,\"height\":673,\"caption\":\"Christian Olsson, gymnasiechef i Helsingborgs stads skolor.\"},{\"@type\":\"BreadcrumbList\",\"@id\":\"https:\\\/\\\/lararkarriar.se\\\/gymnasieskola\\\/2017\\\/05\\\/02\\\/framtidens-gymnasieskola-kan-bli-mer-flexibel\\\/#breadcrumb\",\"itemListElement\":[{\"@type\":\"ListItem\",\"position\":1,\"name\":\"Home\",\"item\":\"https:\\\/\\\/lararkarriar.se\\\/gymnasieskola\\\/\"},{\"@type\":\"ListItem\",\"position\":2,\"name\":\"Framtidens gymnasieskola kan bli mer flexibel\"}]},{\"@type\":\"WebSite\",\"@id\":\"https:\\\/\\\/lararkarriar.se\\\/gymnasieskola\\\/#website\",\"url\":\"https:\\\/\\\/lararkarriar.se\\\/gymnasieskola\\\/\",\"name\":\"Framtidens karri\u00e4r gymnasiel\u00e4rare\",\"description\":\"Just another NMDashboard.se Sites site\",\"potentialAction\":[{\"@type\":\"SearchAction\",\"target\":{\"@type\":\"EntryPoint\",\"urlTemplate\":\"https:\\\/\\\/lararkarriar.se\\\/gymnasieskola\\\/?s={search_term_string}\"},\"query-input\":{\"@type\":\"PropertyValueSpecification\",\"valueRequired\":true,\"valueName\":\"search_term_string\"}}],\"inLanguage\":\"sv-SE\"},{\"@type\":\"Person\",\"@id\":\"https:\\\/\\\/lararkarriar.se\\\/gymnasieskola\\\/#\\\/schema\\\/person\\\/c8a43eb855191e573b73ecf8987a3b99\",\"name\":\"stellanstal\",\"image\":{\"@type\":\"ImageObject\",\"inLanguage\":\"sv-SE\",\"@id\":\"https:\\\/\\\/secure.gravatar.com\\\/avatar\\\/cd330fa6bb17f598124b2068ee0b189e4fe0987a50af9d53b78410836060d0c9?s=96&d=mm&r=g\",\"url\":\"https:\\\/\\\/secure.gravatar.com\\\/avatar\\\/cd330fa6bb17f598124b2068ee0b189e4fe0987a50af9d53b78410836060d0c9?s=96&d=mm&r=g\",\"contentUrl\":\"https:\\\/\\\/secure.gravatar.com\\\/avatar\\\/cd330fa6bb17f598124b2068ee0b189e4fe0987a50af9d53b78410836060d0c9?s=96&d=mm&r=g\",\"caption\":\"stellanstal\"},\"url\":\"https:\\\/\\\/lararkarriar.se\\\/gymnasieskola\\\/author\\\/stellanstal\\\/\"}]}<\/script>\n<!-- \/ Yoast SEO plugin. -->","yoast_head_json":{"title":"Framtidens gymnasieskola kan bli mer flexibel - Framtidens karri\u00e4r gymnasiel\u00e4rare","robots":{"index":"index","follow":"follow","max-snippet":"max-snippet:-1","max-image-preview":"max-image-preview:large","max-video-preview":"max-video-preview:-1"},"canonical":"https:\/\/lararkarriar.se\/gymnasieskola\/2017\/05\/02\/framtidens-gymnasieskola-kan-bli-mer-flexibel\/","og_locale":"sv_SE","og_type":"article","og_title":"Framtidens gymnasieskola kan bli mer flexibel - Framtidens karri\u00e4r gymnasiel\u00e4rare","og_description":"Christian Olsson, gymnasiechef i Helsingborgs stads skolor, anser att den nya gymnasieutredningen inneh\u00e5ller flera bra...","og_url":"https:\/\/lararkarriar.se\/gymnasieskola\/2017\/05\/02\/framtidens-gymnasieskola-kan-bli-mer-flexibel\/","og_site_name":"Framtidens karri\u00e4r gymnasiel\u00e4rare","article_published_time":"2017-05-02T11:13:42+00:00","og_image":[{"width":1000,"height":673,"url":"https:\/\/lararkarriar.se\/gymnasieskola\/wp-content\/uploads\/sites\/10\/2017\/05\/utmaningar1-christian-olsson1.jpg","type":"image\/jpeg"}],"author":"stellanstal","twitter_card":"summary_large_image","twitter_misc":{"Skriven av":"stellanstal","Ber\u00e4knad l\u00e4stid":"3 minuter"},"schema":{"@context":"https:\/\/schema.org","@graph":[{"@type":"Article","@id":"https:\/\/lararkarriar.se\/gymnasieskola\/2017\/05\/02\/framtidens-gymnasieskola-kan-bli-mer-flexibel\/#article","isPartOf":{"@id":"https:\/\/lararkarriar.se\/gymnasieskola\/2017\/05\/02\/framtidens-gymnasieskola-kan-bli-mer-flexibel\/"},"author":{"name":"stellanstal","@id":"https:\/\/lararkarriar.se\/gymnasieskola\/#\/schema\/person\/c8a43eb855191e573b73ecf8987a3b99"},"headline":"Framtidens gymnasieskola kan bli mer flexibel","datePublished":"2017-05-02T11:13:42+00:00","mainEntityOfPage":{"@id":"https:\/\/lararkarriar.se\/gymnasieskola\/2017\/05\/02\/framtidens-gymnasieskola-kan-bli-mer-flexibel\/"},"wordCount":534,"image":{"@id":"https:\/\/lararkarriar.se\/gymnasieskola\/2017\/05\/02\/framtidens-gymnasieskola-kan-bli-mer-flexibel\/#primaryimage"},"thumbnailUrl":"https:\/\/lararkarriar.se\/gymnasieskola\/wp-content\/uploads\/sites\/10\/2017\/05\/utmaningar1-christian-olsson1.jpg","keywords":["Framtidens gymnasieskola","Helsingborgs stad","Utmaningar"],"articleSection":["Artikel"],"inLanguage":"sv-SE"},{"@type":"WebPage","@id":"https:\/\/lararkarriar.se\/gymnasieskola\/2017\/05\/02\/framtidens-gymnasieskola-kan-bli-mer-flexibel\/","url":"https:\/\/lararkarriar.se\/gymnasieskola\/2017\/05\/02\/framtidens-gymnasieskola-kan-bli-mer-flexibel\/","name":"Framtidens gymnasieskola kan bli mer flexibel - Framtidens karri\u00e4r gymnasiel\u00e4rare","isPartOf":{"@id":"https:\/\/lararkarriar.se\/gymnasieskola\/#website"},"primaryImageOfPage":{"@id":"https:\/\/lararkarriar.se\/gymnasieskola\/2017\/05\/02\/framtidens-gymnasieskola-kan-bli-mer-flexibel\/#primaryimage"},"image":{"@id":"https:\/\/lararkarriar.se\/gymnasieskola\/2017\/05\/02\/framtidens-gymnasieskola-kan-bli-mer-flexibel\/#primaryimage"},"thumbnailUrl":"https:\/\/lararkarriar.se\/gymnasieskola\/wp-content\/uploads\/sites\/10\/2017\/05\/utmaningar1-christian-olsson1.jpg","datePublished":"2017-05-02T11:13:42+00:00","author":{"@id":"https:\/\/lararkarriar.se\/gymnasieskola\/#\/schema\/person\/c8a43eb855191e573b73ecf8987a3b99"},"breadcrumb":{"@id":"https:\/\/lararkarriar.se\/gymnasieskola\/2017\/05\/02\/framtidens-gymnasieskola-kan-bli-mer-flexibel\/#breadcrumb"},"inLanguage":"sv-SE","potentialAction":[{"@type":"ReadAction","target":["https:\/\/lararkarriar.se\/gymnasieskola\/2017\/05\/02\/framtidens-gymnasieskola-kan-bli-mer-flexibel\/"]}]},{"@type":"ImageObject","inLanguage":"sv-SE","@id":"https:\/\/lararkarriar.se\/gymnasieskola\/2017\/05\/02\/framtidens-gymnasieskola-kan-bli-mer-flexibel\/#primaryimage","url":"https:\/\/lararkarriar.se\/gymnasieskola\/wp-content\/uploads\/sites\/10\/2017\/05\/utmaningar1-christian-olsson1.jpg","contentUrl":"https:\/\/lararkarriar.se\/gymnasieskola\/wp-content\/uploads\/sites\/10\/2017\/05\/utmaningar1-christian-olsson1.jpg","width":1000,"height":673,"caption":"Christian Olsson, gymnasiechef i Helsingborgs stads skolor."},{"@type":"BreadcrumbList","@id":"https:\/\/lararkarriar.se\/gymnasieskola\/2017\/05\/02\/framtidens-gymnasieskola-kan-bli-mer-flexibel\/#breadcrumb","itemListElement":[{"@type":"ListItem","position":1,"name":"Home","item":"https:\/\/lararkarriar.se\/gymnasieskola\/"},{"@type":"ListItem","position":2,"name":"Framtidens gymnasieskola kan bli mer flexibel"}]},{"@type":"WebSite","@id":"https:\/\/lararkarriar.se\/gymnasieskola\/#website","url":"https:\/\/lararkarriar.se\/gymnasieskola\/","name":"Framtidens karri\u00e4r gymnasiel\u00e4rare","description":"Just another NMDashboard.se Sites site","potentialAction":[{"@type":"SearchAction","target":{"@type":"EntryPoint","urlTemplate":"https:\/\/lararkarriar.se\/gymnasieskola\/?s={search_term_string}"},"query-input":{"@type":"PropertyValueSpecification","valueRequired":true,"valueName":"search_term_string"}}],"inLanguage":"sv-SE"},{"@type":"Person","@id":"https:\/\/lararkarriar.se\/gymnasieskola\/#\/schema\/person\/c8a43eb855191e573b73ecf8987a3b99","name":"stellanstal","image":{"@type":"ImageObject","inLanguage":"sv-SE","@id":"https:\/\/secure.gravatar.com\/avatar\/cd330fa6bb17f598124b2068ee0b189e4fe0987a50af9d53b78410836060d0c9?s=96&d=mm&r=g","url":"https:\/\/secure.gravatar.com\/avatar\/cd330fa6bb17f598124b2068ee0b189e4fe0987a50af9d53b78410836060d0c9?s=96&d=mm&r=g","contentUrl":"https:\/\/secure.gravatar.com\/avatar\/cd330fa6bb17f598124b2068ee0b189e4fe0987a50af9d53b78410836060d0c9?s=96&d=mm&r=g","caption":"stellanstal"},"url":"https:\/\/lararkarriar.se\/gymnasieskola\/author\/stellanstal\/"}]}},"_links":{"self":[{"href":"https:\/\/lararkarriar.se\/gymnasieskola\/wp-json\/wp\/v2\/posts\/5804","targetHints":{"allow":["GET"]}}],"collection":[{"href":"https:\/\/lararkarriar.se\/gymnasieskola\/wp-json\/wp\/v2\/posts"}],"about":[{"href":"https:\/\/lararkarriar.se\/gymnasieskola\/wp-json\/wp\/v2\/types\/post"}],"author":[{"embeddable":true,"href":"https:\/\/lararkarriar.se\/gymnasieskola\/wp-json\/wp\/v2\/users\/3"}],"replies":[{"embeddable":true,"href":"https:\/\/lararkarriar.se\/gymnasieskola\/wp-json\/wp\/v2\/comments?post=5804"}],"version-history":[{"count":0,"href":"https:\/\/lararkarriar.se\/gymnasieskola\/wp-json\/wp\/v2\/posts\/5804\/revisions"}],"wp:featuredmedia":[{"embeddable":true,"href":"https:\/\/lararkarriar.se\/gymnasieskola\/wp-json\/wp\/v2\/media\/5806"}],"wp:attachment":[{"href":"https:\/\/lararkarriar.se\/gymnasieskola\/wp-json\/wp\/v2\/media?parent=5804"}],"wp:term":[{"taxonomy":"category","embeddable":true,"href":"https:\/\/lararkarriar.se\/gymnasieskola\/wp-json\/wp\/v2\/categories?post=5804"},{"taxonomy":"post_tag","embeddable":true,"href":"https:\/\/lararkarriar.se\/gymnasieskola\/wp-json\/wp\/v2\/tags?post=5804"}],"curies":[{"name":"wp","href":"https:\/\/api.w.org\/{rel}","templated":true}]}}