{"id":5836,"date":"2018-04-25T12:35:48","date_gmt":"2018-04-25T10:35:48","guid":{"rendered":"http:\/\/lararkarriar.se\/gymnasieskola\/?p=5836"},"modified":"2018-04-25T12:35:48","modified_gmt":"2018-04-25T10:35:48","slug":"huddinge-ger-dig-mojlighet-att-utvecklas","status":"publish","type":"post","link":"https:\/\/lararkarriar.se\/gymnasieskola\/2018\/04\/25\/huddinge-ger-dig-mojlighet-att-utvecklas\/","title":{"rendered":"Huddinge ger dig m\u00f6jlighet att utvecklas"},"content":{"rendered":"<figure id=\"attachment_5837\" aria-describedby=\"caption-attachment-5837\" style=\"width: 1000px\" class=\"wp-caption alignnone\"><img loading=\"lazy\" decoding=\"async\" src=\"https:\/\/lararkarriar.se\/gymnasieskola\/wp-content\/uploads\/sites\/10\/2018\/04\/huddinge-y5a6923.jpg\" alt=\"Huddinge\" width=\"1000\" height=\"636\" class=\"size-full wp-image-5837\" srcset=\"https:\/\/lararkarriar.se\/gymnasieskola\/wp-content\/uploads\/sites\/10\/2018\/04\/huddinge-y5a6923.jpg 1000w, https:\/\/lararkarriar.se\/gymnasieskola\/wp-content\/uploads\/sites\/10\/2018\/04\/huddinge-y5a6923-300x191.jpg 300w, https:\/\/lararkarriar.se\/gymnasieskola\/wp-content\/uploads\/sites\/10\/2018\/04\/huddinge-y5a6923-768x488.jpg 768w, https:\/\/lararkarriar.se\/gymnasieskola\/wp-content\/uploads\/sites\/10\/2018\/04\/huddinge-y5a6923-252x160.jpg 252w, https:\/\/lararkarriar.se\/gymnasieskola\/wp-content\/uploads\/sites\/10\/2018\/04\/huddinge-y5a6923-526x335.jpg 526w, https:\/\/lararkarriar.se\/gymnasieskola\/wp-content\/uploads\/sites\/10\/2018\/04\/huddinge-y5a6923-720x458.jpg 720w, https:\/\/lararkarriar.se\/gymnasieskola\/wp-content\/uploads\/sites\/10\/2018\/04\/huddinge-y5a6923-960x611.jpg 960w\" sizes=\"auto, (max-width: 1000px) 100vw, 1000px\" \/><figcaption id=\"caption-attachment-5837\" class=\"wp-caption-text\">Klara Stenman, Karin Di Luca, Ann-Britt Sten Hodin och Kerstin Danckwardt- Lilliestr\u00f6m trivs bra i Huddinge. Foto: Gonzalo Irigoysen<\/figcaption><\/figure>\n<p><strong>Med utg\u00e5ngspunkt i en stabil pedagogisk v\u00e4rdegrund investerar Huddinge starkt i att utveckla verksamheten i sina gymnasieskolor f\u00f6r att skapa ett attraktivt klimat d\u00e4r l\u00e4rare trivs, utvecklas och vill stanna kvar.<\/strong><\/p>\n<p>\u2013 Att vara en attraktiv arbetsgivare handlar inte bara om att ha ett konkurrenskraftigt l\u00f6nel\u00e4ge, vilket vi har, utan ocks\u00e5 om att erbjuda en bra arbetsmilj\u00f6 och ge goda utvecklingsm\u00f6jligheter. D\u00e4rf\u00f6r skapar vi f\u00f6ruts\u00e4ttningar f\u00f6r ett starkt kollegialt l\u00e4rande och satsar p\u00e5 att etablera n\u00e4tverk. D\u00e4rut\u00f6ver har vi en ny personalpolicy som kretsar kring medarbetarskap och ett transformativt ledarskap, ber\u00e4ttar Ann-Britt Sten Hodin, verksamhetschef f\u00f6r Huddinges gymnasieskolor och vuxenutbildning.<br \/>\nAnn-Britt lyfter vidare det starka samarbete Huddinge har med h\u00f6gskolorna. Samarbetet utg\u00e5r fr\u00e5n ett gymnasier\u00e5d d\u00e4r kommunens rektorer regelbundet tr\u00e4ffar representanter fr\u00e5n akademierna i Campus Flemingsberg f\u00f6r att planera samarbeten som gynnar s\u00e5v\u00e4l elever som l\u00e4rare. H\u00f6gskoledagar genomf\u00f6rs d\u00e5 gymnasieskolans l\u00e4rare f\u00e5r ta del av aktuell forskning och tr\u00e4ffa h\u00f6gskolans l\u00e4rare. En samverkan sker ocks\u00e5 med akademierna i samband med etableringen av den nya gymnasieskolan, Widerstr\u00f6mska gymnasiet, som kommer att starta h\u00f6sten 2019 mitt i Campus Flemingsberg. En l\u00e5ngsiktig samverkan efterstr\u00e4vas g\u00e4llande s\u00e5v\u00e4l lokaler, kompetensf\u00f6rs\u00f6rjning och kompetensutveckling som undervisningens uppl\u00e4gg och inneh\u00e5ll.<br \/>\n\u2013 Vi ing\u00e5r ocks\u00e5 i ett \u00f6vningsskoleprojekt f\u00f6r att utveckla l\u00e4rarutbildningen, bland annat genom ett tydligare fokus p\u00e5 professionsutveckling och att st\u00e4rka undervisningsf\u00f6rm\u00e5ga och handledarkompetens. Detta st\u00e4rker \u00e4ven v\u00e5r egen organisation.<\/p>\n<p><strong>Otroligt v\u00e4lkomnande kollegium<\/strong><br \/>\nKlara Stenman \u00e4r en av de pedagoger som gjorde sin VFU i Huddinge och som sedan stannade kvar. Hon ber\u00e4ttar att hon m\u00f6ttes av ett otroligt v\u00e4lkomnande kollegium och en handledare som var b\u00e5de inspirerande och utvecklande.<br \/>\n\u2013 Vi skapade en underbar praktikperiod som var otroligt utvecklande och jag trivdes s\u00e5 oerh\u00f6rt bra. Jag har inga planer p\u00e5 att r\u00f6ra mig vidare \u2013 man vet n\u00e4r man tr\u00e4ffar r\u00e4tt. Vi har en fantastisk grupp m\u00e4nniskor som \u00e4r fulla av omtanke om b\u00e5de varandra och om eleverna och det \u00e4r v\u00e4rt att h\u00e5lla fast vid.<br \/>\nBara 2,5 \u00e5r efter att hon avslutade sin VFU st\u00e5r Klara nu i begrepp att bli arbetslagsledare p\u00e5 VVS-programmet vid Sj\u00f6dalsgymnasiet; rollen inneb\u00e4r att fungera som en l\u00e4nk mellan skolledning och programlag och att vara drivande i det pedagogiska utvecklingsarbetet inom laget.<br \/>\n\u2013 Vi arbetar med v\u00e5ra olika kompetenser utifr\u00e5n programmets f\u00f6ruts\u00e4ttningar och eftersom vi \u00e4r ett yrkesprogram kan vi skaffa oss en helhetsbild av eleverna. Det \u00e4r verkligen givande.<\/p>\n<p><strong>Berikande forskningstj\u00e4nst<\/strong><br \/>\nEn av de pedagoger som \u00e4r involverad i samarbetena med akademin \u00e4r Kerstin Danckwardt-Lilliestr\u00f6m. Inom ramen f\u00f6r sin tj\u00e4nst p\u00e5 Huddingegymnasiet bedriver hon forskning vid Stockholms universitet inom Forskarskolan i didaktisk modellering och analys f\u00f6r l\u00e4rare i naturvetenskapliga \u00e4mnen.<br \/>\n\u2013 Detta har m\u00f6jliggjorts av att Huddinge kommun satsar p\u00e5 oss l\u00e4rare \u2013 f\u00f6r n\u00e5gra \u00e5r sedan vann jag till exempel \u00c5rets pedagogpris och anv\u00e4nde prispengarna f\u00f6r en studieresa till Galapagos\u00f6arna. Vi har en fantastisk skolledning som alltid st\u00e4ller upp, s\u00e5 jag har st\u00e4ndigt kunnat ta n\u00e4sta steg.<br \/>\nForskningen p\u00e5 forskarskolan finansieras av Vetenskapsr\u00e5det och omfattar sex kommuner. Kerstin \u00e4r inriktad p\u00e5 kemididaktik och fr\u00e5gorna som diskuteras tar avstamp i l\u00e4rares egna utmaningar.<br \/>\n\u2013 Detta har berikat mig n\u00e5got enormt. Just nu \u00e4r vi i en sp\u00e4nnande utvecklingsfas och det \u00e4r verkligen centralt att f\u00f6ra ut v\u00e5ra resultat till pedagoger. I h\u00f6st kommer vi l\u00e4rare som \u00e4r inblandade i forskarskolan bland annat att publicera v\u00e5ra resultat i ett temanummer av den internationella tidskriften Nordina.<\/p>\n<p><strong>Framg\u00e5ngsrikt inom Ung F\u00f6retagsamhet<\/strong><br \/>\nKollegan Karin Di Luca p\u00e5 Sj\u00f6dalsgymnasiet \u00e4r f\u00f6rstel\u00e4rare inom entrepren\u00f6riellt l\u00e4rande. Hon var den f\u00f6rsta pedagogen p\u00e5 Sj\u00f6dalsgymnasiet att axla rollen som f\u00f6rstel\u00e4rare och har sedan dess drivit utvecklingen inom omr\u00e5det.<br \/>\n\u2013 Vi har p\u00e5 v\u00e5r skola en stark tradition att arbeta framg\u00e5ngsrikt med entrepren\u00f6rskap och Ung F\u00f6retagsamhet. \u00d6ver \u00e5ren har jag bland annat arbetat med att st\u00e4rka det entrepren\u00f6riella l\u00e4randet p\u00e5 skolan genom att arbeta \u00e4n mer \u00e4mnes\u00f6vergripande, exempelvis genom att st\u00e4rka elevernas initiativf\u00f6rm\u00e5ga och att \u00f6va probleml\u00f6sning, samverkan och n\u00e4tverkande. Arbetet uppm\u00e4rksammades av kommunen genom att jag och en kollega tilldelades Arena Huddinges pris i entrepren\u00f6rskap. Vi har fortsatt p\u00e5 det sp\u00e5ret \u2013 i \u00e5r gick priset till v\u00e5r rektor.<br \/>\nP\u00e5 senare \u00e5r har Karin fokuserat p\u00e5 att st\u00e4rka samverkan med kommunens n\u00e4ringsliv i samarbete med Arena Huddinge, med m\u00e5ls\u00e4ttningen att skapa m\u00f6jligheter f\u00f6r elever att jobbskugga olika yrken eller genomf\u00f6ra jobbcoachningstemadagar med olika f\u00f6retag.<br \/>\n\u2013 Det \u00e4r b\u00e5de sp\u00e4nnande och roligt och har varit en j\u00e4ttebra m\u00f6jlighet f\u00f6r mig. Det \u00e4r skolutveckling jag vill jobba med och det h\u00e4r uppdraget ger mersmak, avslutar hon.<\/p>\n<div class=\"faktaruta-title\">Huddinge kommun<\/div><div class=\"faktaruta\">Huddinge \u00e4r en v\u00e4xande Stockholmskommun med n\u00e4rhet till b\u00e5de stad och natur. Kommunen har fyra kommunala gymnasieskolor: Huddingegymnasiet, Sj\u00f6dalsgymnasiet, S\u00e5gb\u00e4cksgymnasiet och \u00d6stra gymnasiet. Ett brett utbud av program erbjuds och sammantaget p\u00e5 skolornas yrkesprogram, h\u00f6gskolef\u00f6rberedande program, gymnasies\u00e4rskoleprogram, introduktionsprogram och gymnasieingenj\u00f6rsutbildningar studerar cirka 3 100 elever. En femte gymnasieskola, Widerstr\u00f6mska gymnasiet, startar h\u00f6sten 2019 i Campus Flemingsberg. L\u00e4s mer om skolornas pedagogiska plattform p\u00e5: <strong><a href=\"http:\/\/www.pedagoghuddinge.se\" title=\"Huddinge kommun textlink\" rel=\"noopener noreferrer\" target=\"_blank\">www.pedagoghuddinge.se<\/a><\/strong><\/p>\n<p><a href=\"http:\/\/www.pedagoghuddinge.se\" title=\"Huddinge kommun logotype\" rel=\"noopener noreferrer\" target=\"_blank\"><img loading=\"lazy\" decoding=\"async\" src=\"http:\/\/lararkarriar.se\/gymnasieskola\/wp-content\/uploads\/2018\/04\/huddinge_kommun_logotyp_cmyk-530x149.png\" alt=\"\" width=\"332\" height=\"93\" class=\"alignnone size-large wp-image-5838\" \/><\/a><br \/>\n<\/div>\n","protected":false},"excerpt":{"rendered":"<p>Med utg\u00e5ngspunkt i en stabil pedagogisk v\u00e4rdegrund investerar Huddinge starkt i att utveckla verksamheten i&#8230;<\/p>\n","protected":false},"author":2,"featured_media":5837,"comment_status":"closed","ping_status":"open","sticky":false,"template":"","format":"standard","meta":{"_acf_changed":false,"_monsterinsights_skip_tracking":false,"_monsterinsights_sitenote_active":false,"_monsterinsights_sitenote_note":"","_monsterinsights_sitenote_category":0,"footnotes":""},"categories":[7],"tags":[105,106,107,196,198],"class_list":["post-5836","post","type-post","status-publish","format-standard","has-post-thumbnail","hentry","category-presentation","tag-huddinge","tag-huddinge-gymnasieskola","tag-huddinge-kommun","tag-pedagogik-huddinge","tag-pedagogisk-vardegrund"],"acf":[],"yoast_head":"<!-- This site is optimized with the Yoast SEO plugin v27.3 - https:\/\/yoast.com\/product\/yoast-seo-wordpress\/ -->\n<title>Huddinge ger dig m\u00f6jlighet att utvecklas - Framtidens karri\u00e4r gymnasiel\u00e4rare<\/title>\n<meta name=\"robots\" content=\"index, follow, max-snippet:-1, max-image-preview:large, max-video-preview:-1\" \/>\n<link rel=\"canonical\" href=\"https:\/\/lararkarriar.se\/gymnasieskola\/2018\/04\/25\/huddinge-ger-dig-mojlighet-att-utvecklas\/\" \/>\n<meta property=\"og:locale\" content=\"sv_SE\" \/>\n<meta property=\"og:type\" content=\"article\" \/>\n<meta property=\"og:title\" content=\"Huddinge ger dig m\u00f6jlighet att utvecklas - Framtidens karri\u00e4r gymnasiel\u00e4rare\" \/>\n<meta property=\"og:description\" content=\"Med utg\u00e5ngspunkt i en stabil pedagogisk v\u00e4rdegrund investerar Huddinge starkt i att utveckla verksamheten i...\" \/>\n<meta property=\"og:url\" content=\"https:\/\/lararkarriar.se\/gymnasieskola\/2018\/04\/25\/huddinge-ger-dig-mojlighet-att-utvecklas\/\" \/>\n<meta property=\"og:site_name\" content=\"Framtidens karri\u00e4r gymnasiel\u00e4rare\" \/>\n<meta property=\"article:published_time\" content=\"2018-04-25T10:35:48+00:00\" \/>\n<meta property=\"og:image\" content=\"https:\/\/lararkarriar.se\/gymnasieskola\/wp-content\/uploads\/sites\/10\/2018\/04\/huddinge-y5a6923.jpg\" \/>\n\t<meta property=\"og:image:width\" content=\"1000\" \/>\n\t<meta property=\"og:image:height\" content=\"636\" \/>\n\t<meta property=\"og:image:type\" content=\"image\/jpeg\" \/>\n<meta name=\"author\" content=\"viktorwallen\" \/>\n<meta name=\"twitter:card\" content=\"summary_large_image\" \/>\n<meta name=\"twitter:label1\" content=\"Skriven av\" \/>\n\t<meta name=\"twitter:data1\" content=\"viktorwallen\" \/>\n\t<meta name=\"twitter:label2\" content=\"Ber\u00e4knad l\u00e4stid\" \/>\n\t<meta name=\"twitter:data2\" content=\"5 minuter\" \/>\n<script type=\"application\/ld+json\" class=\"yoast-schema-graph\">{\"@context\":\"https:\\\/\\\/schema.org\",\"@graph\":[{\"@type\":\"Article\",\"@id\":\"https:\\\/\\\/lararkarriar.se\\\/gymnasieskola\\\/2018\\\/04\\\/25\\\/huddinge-ger-dig-mojlighet-att-utvecklas\\\/#article\",\"isPartOf\":{\"@id\":\"https:\\\/\\\/lararkarriar.se\\\/gymnasieskola\\\/2018\\\/04\\\/25\\\/huddinge-ger-dig-mojlighet-att-utvecklas\\\/\"},\"author\":{\"name\":\"viktorwallen\",\"@id\":\"https:\\\/\\\/lararkarriar.se\\\/gymnasieskola\\\/#\\\/schema\\\/person\\\/2a13a849ec7646386c2211f59afe3083\"},\"headline\":\"Huddinge ger dig m\u00f6jlighet att utvecklas\",\"datePublished\":\"2018-04-25T10:35:48+00:00\",\"mainEntityOfPage\":{\"@id\":\"https:\\\/\\\/lararkarriar.se\\\/gymnasieskola\\\/2018\\\/04\\\/25\\\/huddinge-ger-dig-mojlighet-att-utvecklas\\\/\"},\"wordCount\":985,\"image\":{\"@id\":\"https:\\\/\\\/lararkarriar.se\\\/gymnasieskola\\\/2018\\\/04\\\/25\\\/huddinge-ger-dig-mojlighet-att-utvecklas\\\/#primaryimage\"},\"thumbnailUrl\":\"https:\\\/\\\/lararkarriar.se\\\/gymnasieskola\\\/wp-content\\\/uploads\\\/sites\\\/10\\\/2018\\\/04\\\/huddinge-y5a6923.jpg\",\"keywords\":[\"Huddinge\",\"Huddinge gymnasieskola\",\"Huddinge kommun\",\"Pedagogik huddinge\",\"Pedagogisk v\u00e4rdegrund\"],\"articleSection\":[\"Presentation\"],\"inLanguage\":\"sv-SE\"},{\"@type\":\"WebPage\",\"@id\":\"https:\\\/\\\/lararkarriar.se\\\/gymnasieskola\\\/2018\\\/04\\\/25\\\/huddinge-ger-dig-mojlighet-att-utvecklas\\\/\",\"url\":\"https:\\\/\\\/lararkarriar.se\\\/gymnasieskola\\\/2018\\\/04\\\/25\\\/huddinge-ger-dig-mojlighet-att-utvecklas\\\/\",\"name\":\"Huddinge ger dig m\u00f6jlighet att utvecklas - Framtidens karri\u00e4r gymnasiel\u00e4rare\",\"isPartOf\":{\"@id\":\"https:\\\/\\\/lararkarriar.se\\\/gymnasieskola\\\/#website\"},\"primaryImageOfPage\":{\"@id\":\"https:\\\/\\\/lararkarriar.se\\\/gymnasieskola\\\/2018\\\/04\\\/25\\\/huddinge-ger-dig-mojlighet-att-utvecklas\\\/#primaryimage\"},\"image\":{\"@id\":\"https:\\\/\\\/lararkarriar.se\\\/gymnasieskola\\\/2018\\\/04\\\/25\\\/huddinge-ger-dig-mojlighet-att-utvecklas\\\/#primaryimage\"},\"thumbnailUrl\":\"https:\\\/\\\/lararkarriar.se\\\/gymnasieskola\\\/wp-content\\\/uploads\\\/sites\\\/10\\\/2018\\\/04\\\/huddinge-y5a6923.jpg\",\"datePublished\":\"2018-04-25T10:35:48+00:00\",\"author\":{\"@id\":\"https:\\\/\\\/lararkarriar.se\\\/gymnasieskola\\\/#\\\/schema\\\/person\\\/2a13a849ec7646386c2211f59afe3083\"},\"breadcrumb\":{\"@id\":\"https:\\\/\\\/lararkarriar.se\\\/gymnasieskola\\\/2018\\\/04\\\/25\\\/huddinge-ger-dig-mojlighet-att-utvecklas\\\/#breadcrumb\"},\"inLanguage\":\"sv-SE\",\"potentialAction\":[{\"@type\":\"ReadAction\",\"target\":[\"https:\\\/\\\/lararkarriar.se\\\/gymnasieskola\\\/2018\\\/04\\\/25\\\/huddinge-ger-dig-mojlighet-att-utvecklas\\\/\"]}]},{\"@type\":\"ImageObject\",\"inLanguage\":\"sv-SE\",\"@id\":\"https:\\\/\\\/lararkarriar.se\\\/gymnasieskola\\\/2018\\\/04\\\/25\\\/huddinge-ger-dig-mojlighet-att-utvecklas\\\/#primaryimage\",\"url\":\"https:\\\/\\\/lararkarriar.se\\\/gymnasieskola\\\/wp-content\\\/uploads\\\/sites\\\/10\\\/2018\\\/04\\\/huddinge-y5a6923.jpg\",\"contentUrl\":\"https:\\\/\\\/lararkarriar.se\\\/gymnasieskola\\\/wp-content\\\/uploads\\\/sites\\\/10\\\/2018\\\/04\\\/huddinge-y5a6923.jpg\",\"width\":1000,\"height\":636,\"caption\":\"Klara Stenman, Karin Di Luca, Ann-Britt Sten Hodin och Kerstin Danckwardt- Lilliestr\u00f6m trivs bra i Huddinge. Foto: Gonzalo Irigoysen\"},{\"@type\":\"BreadcrumbList\",\"@id\":\"https:\\\/\\\/lararkarriar.se\\\/gymnasieskola\\\/2018\\\/04\\\/25\\\/huddinge-ger-dig-mojlighet-att-utvecklas\\\/#breadcrumb\",\"itemListElement\":[{\"@type\":\"ListItem\",\"position\":1,\"name\":\"Home\",\"item\":\"https:\\\/\\\/lararkarriar.se\\\/gymnasieskola\\\/\"},{\"@type\":\"ListItem\",\"position\":2,\"name\":\"Huddinge ger dig m\u00f6jlighet att utvecklas\"}]},{\"@type\":\"WebSite\",\"@id\":\"https:\\\/\\\/lararkarriar.se\\\/gymnasieskola\\\/#website\",\"url\":\"https:\\\/\\\/lararkarriar.se\\\/gymnasieskola\\\/\",\"name\":\"Framtidens karri\u00e4r gymnasiel\u00e4rare\",\"description\":\"Just another NMDashboard.se Sites site\",\"potentialAction\":[{\"@type\":\"SearchAction\",\"target\":{\"@type\":\"EntryPoint\",\"urlTemplate\":\"https:\\\/\\\/lararkarriar.se\\\/gymnasieskola\\\/?s={search_term_string}\"},\"query-input\":{\"@type\":\"PropertyValueSpecification\",\"valueRequired\":true,\"valueName\":\"search_term_string\"}}],\"inLanguage\":\"sv-SE\"},{\"@type\":\"Person\",\"@id\":\"https:\\\/\\\/lararkarriar.se\\\/gymnasieskola\\\/#\\\/schema\\\/person\\\/2a13a849ec7646386c2211f59afe3083\",\"name\":\"viktorwallen\",\"image\":{\"@type\":\"ImageObject\",\"inLanguage\":\"sv-SE\",\"@id\":\"https:\\\/\\\/secure.gravatar.com\\\/avatar\\\/701701bd36169636031933997c8c6b954f2f635bbb7cd4802e4a007f9c9f4e59?s=96&d=mm&r=g\",\"url\":\"https:\\\/\\\/secure.gravatar.com\\\/avatar\\\/701701bd36169636031933997c8c6b954f2f635bbb7cd4802e4a007f9c9f4e59?s=96&d=mm&r=g\",\"contentUrl\":\"https:\\\/\\\/secure.gravatar.com\\\/avatar\\\/701701bd36169636031933997c8c6b954f2f635bbb7cd4802e4a007f9c9f4e59?s=96&d=mm&r=g\",\"caption\":\"viktorwallen\"},\"url\":\"https:\\\/\\\/lararkarriar.se\\\/gymnasieskola\\\/author\\\/viktorwallen\\\/\"}]}<\/script>\n<!-- \/ Yoast SEO plugin. -->","yoast_head_json":{"title":"Huddinge ger dig m\u00f6jlighet att utvecklas - Framtidens karri\u00e4r gymnasiel\u00e4rare","robots":{"index":"index","follow":"follow","max-snippet":"max-snippet:-1","max-image-preview":"max-image-preview:large","max-video-preview":"max-video-preview:-1"},"canonical":"https:\/\/lararkarriar.se\/gymnasieskola\/2018\/04\/25\/huddinge-ger-dig-mojlighet-att-utvecklas\/","og_locale":"sv_SE","og_type":"article","og_title":"Huddinge ger dig m\u00f6jlighet att utvecklas - Framtidens karri\u00e4r gymnasiel\u00e4rare","og_description":"Med utg\u00e5ngspunkt i en stabil pedagogisk v\u00e4rdegrund investerar Huddinge starkt i att utveckla verksamheten i...","og_url":"https:\/\/lararkarriar.se\/gymnasieskola\/2018\/04\/25\/huddinge-ger-dig-mojlighet-att-utvecklas\/","og_site_name":"Framtidens karri\u00e4r gymnasiel\u00e4rare","article_published_time":"2018-04-25T10:35:48+00:00","og_image":[{"width":1000,"height":636,"url":"https:\/\/lararkarriar.se\/gymnasieskola\/wp-content\/uploads\/sites\/10\/2018\/04\/huddinge-y5a6923.jpg","type":"image\/jpeg"}],"author":"viktorwallen","twitter_card":"summary_large_image","twitter_misc":{"Skriven av":"viktorwallen","Ber\u00e4knad l\u00e4stid":"5 minuter"},"schema":{"@context":"https:\/\/schema.org","@graph":[{"@type":"Article","@id":"https:\/\/lararkarriar.se\/gymnasieskola\/2018\/04\/25\/huddinge-ger-dig-mojlighet-att-utvecklas\/#article","isPartOf":{"@id":"https:\/\/lararkarriar.se\/gymnasieskola\/2018\/04\/25\/huddinge-ger-dig-mojlighet-att-utvecklas\/"},"author":{"name":"viktorwallen","@id":"https:\/\/lararkarriar.se\/gymnasieskola\/#\/schema\/person\/2a13a849ec7646386c2211f59afe3083"},"headline":"Huddinge ger dig m\u00f6jlighet att utvecklas","datePublished":"2018-04-25T10:35:48+00:00","mainEntityOfPage":{"@id":"https:\/\/lararkarriar.se\/gymnasieskola\/2018\/04\/25\/huddinge-ger-dig-mojlighet-att-utvecklas\/"},"wordCount":985,"image":{"@id":"https:\/\/lararkarriar.se\/gymnasieskola\/2018\/04\/25\/huddinge-ger-dig-mojlighet-att-utvecklas\/#primaryimage"},"thumbnailUrl":"https:\/\/lararkarriar.se\/gymnasieskola\/wp-content\/uploads\/sites\/10\/2018\/04\/huddinge-y5a6923.jpg","keywords":["Huddinge","Huddinge gymnasieskola","Huddinge kommun","Pedagogik huddinge","Pedagogisk v\u00e4rdegrund"],"articleSection":["Presentation"],"inLanguage":"sv-SE"},{"@type":"WebPage","@id":"https:\/\/lararkarriar.se\/gymnasieskola\/2018\/04\/25\/huddinge-ger-dig-mojlighet-att-utvecklas\/","url":"https:\/\/lararkarriar.se\/gymnasieskola\/2018\/04\/25\/huddinge-ger-dig-mojlighet-att-utvecklas\/","name":"Huddinge ger dig m\u00f6jlighet att utvecklas - Framtidens karri\u00e4r gymnasiel\u00e4rare","isPartOf":{"@id":"https:\/\/lararkarriar.se\/gymnasieskola\/#website"},"primaryImageOfPage":{"@id":"https:\/\/lararkarriar.se\/gymnasieskola\/2018\/04\/25\/huddinge-ger-dig-mojlighet-att-utvecklas\/#primaryimage"},"image":{"@id":"https:\/\/lararkarriar.se\/gymnasieskola\/2018\/04\/25\/huddinge-ger-dig-mojlighet-att-utvecklas\/#primaryimage"},"thumbnailUrl":"https:\/\/lararkarriar.se\/gymnasieskola\/wp-content\/uploads\/sites\/10\/2018\/04\/huddinge-y5a6923.jpg","datePublished":"2018-04-25T10:35:48+00:00","author":{"@id":"https:\/\/lararkarriar.se\/gymnasieskola\/#\/schema\/person\/2a13a849ec7646386c2211f59afe3083"},"breadcrumb":{"@id":"https:\/\/lararkarriar.se\/gymnasieskola\/2018\/04\/25\/huddinge-ger-dig-mojlighet-att-utvecklas\/#breadcrumb"},"inLanguage":"sv-SE","potentialAction":[{"@type":"ReadAction","target":["https:\/\/lararkarriar.se\/gymnasieskola\/2018\/04\/25\/huddinge-ger-dig-mojlighet-att-utvecklas\/"]}]},{"@type":"ImageObject","inLanguage":"sv-SE","@id":"https:\/\/lararkarriar.se\/gymnasieskola\/2018\/04\/25\/huddinge-ger-dig-mojlighet-att-utvecklas\/#primaryimage","url":"https:\/\/lararkarriar.se\/gymnasieskola\/wp-content\/uploads\/sites\/10\/2018\/04\/huddinge-y5a6923.jpg","contentUrl":"https:\/\/lararkarriar.se\/gymnasieskola\/wp-content\/uploads\/sites\/10\/2018\/04\/huddinge-y5a6923.jpg","width":1000,"height":636,"caption":"Klara Stenman, Karin Di Luca, Ann-Britt Sten Hodin och Kerstin Danckwardt- Lilliestr\u00f6m trivs bra i Huddinge. Foto: Gonzalo Irigoysen"},{"@type":"BreadcrumbList","@id":"https:\/\/lararkarriar.se\/gymnasieskola\/2018\/04\/25\/huddinge-ger-dig-mojlighet-att-utvecklas\/#breadcrumb","itemListElement":[{"@type":"ListItem","position":1,"name":"Home","item":"https:\/\/lararkarriar.se\/gymnasieskola\/"},{"@type":"ListItem","position":2,"name":"Huddinge ger dig m\u00f6jlighet att utvecklas"}]},{"@type":"WebSite","@id":"https:\/\/lararkarriar.se\/gymnasieskola\/#website","url":"https:\/\/lararkarriar.se\/gymnasieskola\/","name":"Framtidens karri\u00e4r gymnasiel\u00e4rare","description":"Just another NMDashboard.se Sites site","potentialAction":[{"@type":"SearchAction","target":{"@type":"EntryPoint","urlTemplate":"https:\/\/lararkarriar.se\/gymnasieskola\/?s={search_term_string}"},"query-input":{"@type":"PropertyValueSpecification","valueRequired":true,"valueName":"search_term_string"}}],"inLanguage":"sv-SE"},{"@type":"Person","@id":"https:\/\/lararkarriar.se\/gymnasieskola\/#\/schema\/person\/2a13a849ec7646386c2211f59afe3083","name":"viktorwallen","image":{"@type":"ImageObject","inLanguage":"sv-SE","@id":"https:\/\/secure.gravatar.com\/avatar\/701701bd36169636031933997c8c6b954f2f635bbb7cd4802e4a007f9c9f4e59?s=96&d=mm&r=g","url":"https:\/\/secure.gravatar.com\/avatar\/701701bd36169636031933997c8c6b954f2f635bbb7cd4802e4a007f9c9f4e59?s=96&d=mm&r=g","contentUrl":"https:\/\/secure.gravatar.com\/avatar\/701701bd36169636031933997c8c6b954f2f635bbb7cd4802e4a007f9c9f4e59?s=96&d=mm&r=g","caption":"viktorwallen"},"url":"https:\/\/lararkarriar.se\/gymnasieskola\/author\/viktorwallen\/"}]}},"_links":{"self":[{"href":"https:\/\/lararkarriar.se\/gymnasieskola\/wp-json\/wp\/v2\/posts\/5836","targetHints":{"allow":["GET"]}}],"collection":[{"href":"https:\/\/lararkarriar.se\/gymnasieskola\/wp-json\/wp\/v2\/posts"}],"about":[{"href":"https:\/\/lararkarriar.se\/gymnasieskola\/wp-json\/wp\/v2\/types\/post"}],"author":[{"embeddable":true,"href":"https:\/\/lararkarriar.se\/gymnasieskola\/wp-json\/wp\/v2\/users\/2"}],"replies":[{"embeddable":true,"href":"https:\/\/lararkarriar.se\/gymnasieskola\/wp-json\/wp\/v2\/comments?post=5836"}],"version-history":[{"count":0,"href":"https:\/\/lararkarriar.se\/gymnasieskola\/wp-json\/wp\/v2\/posts\/5836\/revisions"}],"wp:featuredmedia":[{"embeddable":true,"href":"https:\/\/lararkarriar.se\/gymnasieskola\/wp-json\/wp\/v2\/media\/5837"}],"wp:attachment":[{"href":"https:\/\/lararkarriar.se\/gymnasieskola\/wp-json\/wp\/v2\/media?parent=5836"}],"wp:term":[{"taxonomy":"category","embeddable":true,"href":"https:\/\/lararkarriar.se\/gymnasieskola\/wp-json\/wp\/v2\/categories?post=5836"},{"taxonomy":"post_tag","embeddable":true,"href":"https:\/\/lararkarriar.se\/gymnasieskola\/wp-json\/wp\/v2\/tags?post=5836"}],"curies":[{"name":"wp","href":"https:\/\/api.w.org\/{rel}","templated":true}]}}