{"id":5865,"date":"2018-04-25T14:46:22","date_gmt":"2018-04-25T12:46:22","guid":{"rendered":"http:\/\/lararkarriar.se\/gymnasieskola\/?p=5865"},"modified":"2018-04-25T14:46:22","modified_gmt":"2018-04-25T12:46:22","slug":"global-utblick-och-stolta-traditioner-har-utbildas-framtidens-biltekniker","status":"publish","type":"post","link":"https:\/\/lararkarriar.se\/gymnasieskola\/2018\/04\/25\/global-utblick-och-stolta-traditioner-har-utbildas-framtidens-biltekniker\/","title":{"rendered":"Global utblick och stolta traditioner \u2013 h\u00e4r utbildas framtidens biltekniker"},"content":{"rendered":"<figure id=\"attachment_5866\" aria-describedby=\"caption-attachment-5866\" style=\"width: 1000px\" class=\"wp-caption alignnone\"><img loading=\"lazy\" decoding=\"async\" src=\"https:\/\/lararkarriar.se\/gymnasieskola\/wp-content\/uploads\/sites\/10\/2018\/04\/linkoping-180412-gymnasielarare-lkpg-03.jpg\" alt=\"\u201dMin drivkraft? Det \u00e4r att ge eleverna kunskap, det \u00e4r viktigast av allt\u201d, s\u00e4ger Bj\u00f6rn Arvidsson (till v\u00e4nster), fordonsl\u00e4rare p\u00e5 Anders Ljungstedts gymnasium. Hans kollega Bennie Zetterstr\u00f6m p\u00e5 Katedralskolan kombinerar svenska och engelska med specialpedagogik. Foto: Lasse Hejdenberg\" width=\"1000\" height=\"661\" class=\"size-full wp-image-5866\" srcset=\"https:\/\/lararkarriar.se\/gymnasieskola\/wp-content\/uploads\/sites\/10\/2018\/04\/linkoping-180412-gymnasielarare-lkpg-03.jpg 1000w, https:\/\/lararkarriar.se\/gymnasieskola\/wp-content\/uploads\/sites\/10\/2018\/04\/linkoping-180412-gymnasielarare-lkpg-03-300x198.jpg 300w, https:\/\/lararkarriar.se\/gymnasieskola\/wp-content\/uploads\/sites\/10\/2018\/04\/linkoping-180412-gymnasielarare-lkpg-03-768x508.jpg 768w, https:\/\/lararkarriar.se\/gymnasieskola\/wp-content\/uploads\/sites\/10\/2018\/04\/linkoping-180412-gymnasielarare-lkpg-03-242x160.jpg 242w, https:\/\/lararkarriar.se\/gymnasieskola\/wp-content\/uploads\/sites\/10\/2018\/04\/linkoping-180412-gymnasielarare-lkpg-03-526x348.jpg 526w, https:\/\/lararkarriar.se\/gymnasieskola\/wp-content\/uploads\/sites\/10\/2018\/04\/linkoping-180412-gymnasielarare-lkpg-03-720x476.jpg 720w, https:\/\/lararkarriar.se\/gymnasieskola\/wp-content\/uploads\/sites\/10\/2018\/04\/linkoping-180412-gymnasielarare-lkpg-03-960x635.jpg 960w\" sizes=\"auto, (max-width: 1000px) 100vw, 1000px\" \/><figcaption id=\"caption-attachment-5866\" class=\"wp-caption-text\">\u201dMin drivkraft? Det \u00e4r att ge eleverna kunskap, det \u00e4r viktigast av allt\u201d, s\u00e4ger Bj\u00f6rn Arvidsson (till v\u00e4nster), fordonsl\u00e4rare p\u00e5 Anders Ljungstedts gymnasium. Hans kollega Bennie Zetterstr\u00f6m p\u00e5 Katedralskolan kombinerar svenska och engelska med specialpedagogik. Foto: Lasse Hejdenberg<\/figcaption><\/figure>\n<p><strong>Anders Ljungstedts gymnasium blir en av de f\u00f6rsta skolorna i landet som f\u00e5r utbilda framtidens biltekniker ihop med Volvo Cars. Katedralskolan kombinerar stolta traditioner med en modern, internationell profil.<\/strong><\/p>\n<p>Tv\u00e5 av Link\u00f6pings gymnasieskolor med historiska anor, men ocks\u00e5 med det nyaste inom teknik och pedagogik.<br \/>\nKatedralskolan grundades redan 1627 och \u00e4r Sveriges fj\u00e4rde \u00e4ldsta gymnasieskola. Anders Ljungstedts gymnasium startades 1824 efter en donation fr\u00e5n Ljungstedt, som var handelsman, historiker och diplomat. Och en man som tyckte att \u00e4ven fattiga barn skulle f\u00e5 g\u00e5 i skola.<br \/>\n\u2013 Han grundade skolan f\u00f6r fattiga barn, ber\u00e4ttar Bj\u00f6rn Arvidsson, fordonsl\u00e4rare p\u00e5 Anders Ljungstedts gymnasium.<br \/>\n\u2013 Idag har vi v\u00e4l inte direkt fattiga elever, men vi \u00e4r fortfarande en skola som inkluderar alla som vill ha en bra, praktisk utbildning.<br \/>\nOch grundarens id\u00e9er om \u201den skola f\u00f6r alla\u201d lever kvar p\u00e5 andra s\u00e4tt ocks\u00e5.<br \/>\n\u2013 Vi har ett renomm\u00e9 att kunna hantera alla typer av elever p\u00e5 ett bra s\u00e4tt. De som \u00e4r duktiga kan vi ge \u00e4nnu mer kunskap och de som har lite problem och kanske l\u00e4s- och skrivsv\u00e5righeter lyckas vi ocks\u00e5 r\u00e4tt bra med, s\u00e4ger Bj\u00f6rn Arvidsson.<\/p>\n<p><strong>\u00d6kat s\u00f6ktryck<\/strong><br \/>\nHan \u00e4r en av de sex fordonsl\u00e4rare som ska undervisa p\u00e5 den nya \u201dVolvo-skolan\u201d, den fj\u00e4rde i hela landet. Satsningen invigdes med pompa och st\u00e5t i april. De f\u00f6rsta eleverna b\u00f6rjar till h\u00f6sten, men s\u00e5 snart nyheten blev k\u00e4nd, m\u00e4rkte skolan ett \u00f6kat tryck av f\u00f6rstahandss\u00f6kande.<br \/>\nDen nya utbildningen grundas p\u00e5 ett avtal mellan skolan, Volvo Cars och \u00e5terf\u00f6rs\u00e4ljaren Tage Rejmes i Link\u00f6ping. Utbildningsmilj\u00f6n ska utformas som en Volvoverkstad, men det handlar inte bara om fordonsteknik, h\u00e4r ska eleverna f\u00e5 kunskaper \u00e4ven om kundv\u00e5rd och moderna verkstadsprocesser.<br \/>\n\u2013 Det k\u00e4nns j\u00e4ttesp\u00e4nnande! Vi l\u00e4rare ska f\u00e5 samma utbildning som Volvos tekniker, s\u00e5 vi ser fram emot att f\u00e5 nya kunskaper som vi kan f\u00f6rmedla till eleverna p\u00e5 ett mycket b\u00e4ttre s\u00e4tt \u00e4n vi kunnat tidigare, s\u00e4ger Bj\u00f6rn Arvidsson.<\/p>\n<p><strong>Pendlar tio mil<\/strong><br \/>\nHan \u00e4r bilmekaniker fr\u00e5n b\u00f6rjan, gick l\u00e4rarutbildningen i slutet p\u00e5 80-talet och b\u00f6rjade p\u00e5 Anders Ljungstedts gymnasium 1990. Och 28 \u00e5r senare \u00e4r han skolan trogen, trots att han inte bor i stan.<br \/>\n\u2013 Jag bor i Nyk\u00f6ping, s\u00e5 jag pendlar de tio milen till Link\u00f6ping, det har blivit n\u00e5gra mil under \u00e5ren, s\u00e4ger Bj\u00f6rn Arvidsson.<br \/>\n\u2013 Men jag trivs s\u00e5 fruktansv\u00e4rt bra p\u00e5 den h\u00e4r skolan. Jag har bra kamrater, bra skolledning och framf\u00f6r allt bra elever. S\u00e5 jag har fortsatt att pendla.<br \/>\nHans kollega Bennie Zetterstr\u00f6m p\u00e5 Katedralskolan \u00e4r ocks\u00e5 erfaren, med 20 \u00e5r som gymnasiel\u00e4rare.<br \/>\n\u2013 Jag kom hit 2009 fr\u00e5n Berzeliusskolan i Link\u00f6ping, som var profilerad p\u00e5 naturvetenskap och teknik. Jag tycker att spr\u00e5k \u00e4r roligt, s\u00e5 jag lockades av Katedralskolans internationella inriktning, s\u00e4ger Bennie Zetterstr\u00f6m.<\/p>\n<p><strong>Reser utomlands<\/strong><br \/>\nKatedralskolan har sedan l\u00e4nge en internationell profil. Redan h\u00f6sten 2001 startade skolan sin engelskspr\u00e5kiga IB-utbildning som leder till internationell studentexamen, the IB Diploma Programme.<br \/>\nDessutom finns h\u00e4r programmen Natur, Samh\u00e4ll, Ekonomi, Humanistiska, Spr\u00e5kintroduktion samt till h\u00f6sten Handel och administration.<br \/>\nDen internationella pr\u00e4geln inneb\u00e4r, ut\u00f6ver IB-utbildningen, elev- och l\u00e4rarutbyten med Tyskland, Frankrike, England, Finland och Spanien. Bennie Zetterstr\u00f6m \u00e4r ansvarig f\u00f6r bland annat en kurs om brittisk kultur med tillh\u00f6rande veckol\u00e5ng resa till Chester i England.<br \/>\n\u2013 Det \u00e4r n\u00e5got av det b\u00e4sta jag g\u00f6r som l\u00e4rare; att f\u00e5 vara med eleverna n\u00e4r de m\u00e4rker att deras spr\u00e5k faktiskt funkar utomlands och f\u00e5 se dem v\u00e4xa, en h\u00e4rlig k\u00e4nsla, s\u00e4ger Bennie Zetterstr\u00f6m.<br \/>\n\u2013 Alla som l\u00e4ser spr\u00e5k p\u00e5 h\u00f6g niv\u00e5 f\u00e5r \u00e5ka iv\u00e4g.<\/p>\n<p><strong>St\u00f6ttar l\u00e4rarna<\/strong><br \/>\nNu undervisar han i svenska och engelska p\u00e5 60 procent och \u00e4r specialpedagog p\u00e5 40 procent. Han och kollegan Maria Lindersson kartl\u00e4gger elevernas behov av st\u00f6d och samarbetar med l\u00e4rarna, elevh\u00e4lsoteam och bibliotek.<br \/>\n\u2013 Vi v\u00e4nder oss allt mer mot v\u00e5ra kollegor, informerar dem och st\u00f6ttar i hur man kan jobba s\u00e5 att de h\u00e4r eleverna blir inkluderade i klassrummet, s\u00e4ger Bennie Zetterstr\u00f6m.<br \/>\nHan tycker att det \u00e4r fantastiskt att hela tiden f\u00e5 umg\u00e5s med s\u00e5 m\u00e5nga unga m\u00e4nniskor under en mycket viktig tid i deras liv.<br \/>\n\u2013 De kommer hit som stora barn och g\u00e5r som unga vuxna. Man f\u00e5r f\u00f6lja dem mellan 16 och 19; k\u00f6rkort, f\u00f6rsta k\u00e4rleken och frig\u00f6relse fr\u00e5n f\u00f6r\u00e4ldrarna.<br \/>\n\u2013 Och efter tre \u00e5r, n\u00e4r vi kanske \u00e4r tr\u00f6tta p\u00e5 varandra, f\u00e5r man en ny kull och f\u00e5r vara med om allt igen; julfirande, skolavslutningar, Valborgsfirande och till slut studenten \u2013 det \u00e4r h\u00e4ftigt!<\/p>\n<div class=\"faktaruta-title\">Link\u00f6pings kommun<\/div><div class=\"faktaruta\">I Link\u00f6ping finns sammanlagt 18 gymnasieskolor, b\u00e5de kommunala och frist\u00e5ende.<br \/>\nI varje gymnasieskola p\u00e5g\u00e5r ett systematiskt kvalitetsarbete som grundar sig p\u00e5 nationella styrdokument. Varje huvudman och varje skolenhet ska planera samt systematiskt och kontinuerligt f\u00f6lja upp och utveckla verksamheten. Rektor ansvarar f\u00f6r att kvalitetsarbetet genomf\u00f6rs.<br \/>\nNationellt godk\u00e4nda idrottsutbildningar (NIU) finns i Link\u00f6ping p\u00e5 Fria L\u00e4roverken, Vretagymnasiet, Anders Ljungstedts gymnasium och Birgittaskolan. Kommunala gymnasieskolor erbjuder NIU inom: ishockey i samarbete med LHC (killar); konst\u00e5kning i samarbete med Link\u00f6pings Konst\u00e5kningsf\u00f6rening och golf i samarbete med Landeryds Golfklubb.<br \/>\nFria L\u00e4roverken erbjuder NIU inom: innebandy, handboll, fotboll och ishockey i samarbete med LHC (tjejer). Vretagymnasiet erbjuder NIU inom ridsport.<br \/>\nDen kommunala vuxenutbildningen i Link\u00f6ping bedrivs av tio olika skolor eller utbildningsanordnare. De olika skolorna erbjuder olika kurser och inriktningar, och \u00e4ven olika typer av studieformer.<\/p>\n<p><strong>Kontaktuppgifter:<\/strong><\/p>\n<p><strong>Link\u00f6pings kommun, Utbildningskontoret<\/strong><br \/>\nTel: 013-26 38 00<br \/>\n<strong><a href=\"http:\/\/www.linkoping.se\/forskola-och-utbildning\" title=\"Link\u00f6pings kommun textlink 1\" rel=\"noopener noreferrer\" target=\"_blank\">www.linkoping.se\/forskola-och-utbildning\/<\/a><\/strong><\/p>\n<p><strong>Anders Ljungstedts gymnasium:<\/strong><br \/>\nTel: 013-20 76 00<br \/>\nKontaktperson: Enhetschef Ed Huitema<br \/>\nE-post: <em><a href=\"mailto:Egidius.Huitema@linkoping.se\" title=\"Link\u00f6pings kommun mail Ed\">Egidius.Huitema@linkoping.se<\/a><\/em><br \/>\nAnders Ljungstedts gymnasium<br \/>\nAnders Ljungstedts gata 1<br \/>\n581 81 Link\u00f6ping<br \/>\n<strong><a href=\"http:\/\/www.linkoping.se\/alg\" title=\"Link\u00f6pings kommun textlink 2\" rel=\"noopener noreferrer\" target=\"_blank\">www.linkoping.se\/alg\/<\/a><\/strong><\/p>\n<p><strong>Katedralskolan:<\/strong><br \/>\nTel: 013-20 75 00<br \/>\nKontaktperson: Enhetschef Magnus Nystr\u00f6m<br \/>\nE-post: <em><a href=\"mailto:Magnus.Nystr\u00f6m@linkoping.se\" title=\"Link\u00f6pings kommun mail Magnus\">Magnus.Nystr\u00f6m@linkoping.se<\/a><\/em><br \/>\nKatedralskolan<br \/>\nPlatensgatan 20<br \/>\n581 81 Link\u00f6ping<br \/>\n<strong><a href=\"http:\/\/www.linkoping.se\/katedral\" title=\"Link\u00f6pings kommun textlink 3\" rel=\"noopener noreferrer\" target=\"_blank\">www.linkoping.se\/katedral\/<\/a><\/strong><\/p>\n<p><a href=\"http:\/\/www.linkoping.se\/\" title=\"Link\u00f6pings kommun logotype\" rel=\"noopener noreferrer\" target=\"_blank\"><img loading=\"lazy\" decoding=\"async\" src=\"http:\/\/lararkarriar.se\/gymnasieskola\/wp-content\/uploads\/2018\/04\/linkoping_logo_cmyk-530x167.png\" alt=\"\" width=\"332\" height=\"104\" class=\"alignnone size-large wp-image-5873\" \/><\/a><br \/>\n<\/div>\n","protected":false},"excerpt":{"rendered":"<p>Anders Ljungstedts gymnasium blir en av de f\u00f6rsta skolorna i landet som f\u00e5r utbilda framtidens&#8230;<\/p>\n","protected":false},"author":2,"featured_media":5866,"comment_status":"closed","ping_status":"open","sticky":false,"template":"","format":"standard","meta":{"_acf_changed":false,"_monsterinsights_skip_tracking":false,"_monsterinsights_sitenote_active":false,"_monsterinsights_sitenote_note":"","_monsterinsights_sitenote_category":0,"footnotes":""},"categories":[7],"tags":[39,69,131,166],"class_list":["post-5865","post","type-post","status-publish","format-standard","has-post-thumbnail","hentry","category-presentation","tag-biltekniker","tag-fordon","tag-katedralskolan","tag-linkopings-kommun"],"acf":[],"yoast_head":"<!-- This site is optimized with the Yoast SEO plugin v27.3 - https:\/\/yoast.com\/product\/yoast-seo-wordpress\/ -->\n<title>Global utblick och stolta traditioner \u2013 h\u00e4r utbildas framtidens biltekniker - Framtidens karri\u00e4r gymnasiel\u00e4rare<\/title>\n<meta name=\"robots\" content=\"index, follow, max-snippet:-1, max-image-preview:large, max-video-preview:-1\" \/>\n<link rel=\"canonical\" href=\"https:\/\/lararkarriar.se\/gymnasieskola\/2018\/04\/25\/global-utblick-och-stolta-traditioner-har-utbildas-framtidens-biltekniker\/\" \/>\n<meta property=\"og:locale\" content=\"sv_SE\" \/>\n<meta property=\"og:type\" content=\"article\" \/>\n<meta property=\"og:title\" content=\"Global utblick och stolta traditioner \u2013 h\u00e4r utbildas framtidens biltekniker - Framtidens karri\u00e4r gymnasiel\u00e4rare\" \/>\n<meta property=\"og:description\" content=\"Anders Ljungstedts gymnasium blir en av de f\u00f6rsta skolorna i landet som f\u00e5r utbilda framtidens...\" \/>\n<meta property=\"og:url\" content=\"https:\/\/lararkarriar.se\/gymnasieskola\/2018\/04\/25\/global-utblick-och-stolta-traditioner-har-utbildas-framtidens-biltekniker\/\" \/>\n<meta property=\"og:site_name\" content=\"Framtidens karri\u00e4r gymnasiel\u00e4rare\" \/>\n<meta property=\"article:published_time\" content=\"2018-04-25T12:46:22+00:00\" \/>\n<meta property=\"og:image\" content=\"https:\/\/lararkarriar.se\/gymnasieskola\/wp-content\/uploads\/sites\/10\/2018\/04\/linkoping-180412-gymnasielarare-lkpg-03.jpg\" \/>\n\t<meta property=\"og:image:width\" content=\"1000\" \/>\n\t<meta property=\"og:image:height\" content=\"661\" \/>\n\t<meta property=\"og:image:type\" content=\"image\/jpeg\" \/>\n<meta name=\"author\" content=\"viktorwallen\" \/>\n<meta name=\"twitter:card\" content=\"summary_large_image\" \/>\n<meta name=\"twitter:label1\" content=\"Skriven av\" \/>\n\t<meta name=\"twitter:data1\" content=\"viktorwallen\" \/>\n\t<meta name=\"twitter:label2\" content=\"Ber\u00e4knad l\u00e4stid\" \/>\n\t<meta name=\"twitter:data2\" content=\"5 minuter\" \/>\n<script type=\"application\/ld+json\" class=\"yoast-schema-graph\">{\"@context\":\"https:\\\/\\\/schema.org\",\"@graph\":[{\"@type\":\"Article\",\"@id\":\"https:\\\/\\\/lararkarriar.se\\\/gymnasieskola\\\/2018\\\/04\\\/25\\\/global-utblick-och-stolta-traditioner-har-utbildas-framtidens-biltekniker\\\/#article\",\"isPartOf\":{\"@id\":\"https:\\\/\\\/lararkarriar.se\\\/gymnasieskola\\\/2018\\\/04\\\/25\\\/global-utblick-och-stolta-traditioner-har-utbildas-framtidens-biltekniker\\\/\"},\"author\":{\"name\":\"viktorwallen\",\"@id\":\"https:\\\/\\\/lararkarriar.se\\\/gymnasieskola\\\/#\\\/schema\\\/person\\\/2a13a849ec7646386c2211f59afe3083\"},\"headline\":\"Global utblick och stolta traditioner \u2013 h\u00e4r utbildas framtidens biltekniker\",\"datePublished\":\"2018-04-25T12:46:22+00:00\",\"mainEntityOfPage\":{\"@id\":\"https:\\\/\\\/lararkarriar.se\\\/gymnasieskola\\\/2018\\\/04\\\/25\\\/global-utblick-och-stolta-traditioner-har-utbildas-framtidens-biltekniker\\\/\"},\"wordCount\":1096,\"image\":{\"@id\":\"https:\\\/\\\/lararkarriar.se\\\/gymnasieskola\\\/2018\\\/04\\\/25\\\/global-utblick-och-stolta-traditioner-har-utbildas-framtidens-biltekniker\\\/#primaryimage\"},\"thumbnailUrl\":\"https:\\\/\\\/lararkarriar.se\\\/gymnasieskola\\\/wp-content\\\/uploads\\\/sites\\\/10\\\/2018\\\/04\\\/linkoping-180412-gymnasielarare-lkpg-03.jpg\",\"keywords\":[\"Biltekniker\",\"Fordon\",\"Katedralskolan\",\"Link\u00f6pings kommun\"],\"articleSection\":[\"Presentation\"],\"inLanguage\":\"sv-SE\"},{\"@type\":\"WebPage\",\"@id\":\"https:\\\/\\\/lararkarriar.se\\\/gymnasieskola\\\/2018\\\/04\\\/25\\\/global-utblick-och-stolta-traditioner-har-utbildas-framtidens-biltekniker\\\/\",\"url\":\"https:\\\/\\\/lararkarriar.se\\\/gymnasieskola\\\/2018\\\/04\\\/25\\\/global-utblick-och-stolta-traditioner-har-utbildas-framtidens-biltekniker\\\/\",\"name\":\"Global utblick och stolta traditioner \u2013 h\u00e4r utbildas framtidens biltekniker - Framtidens karri\u00e4r gymnasiel\u00e4rare\",\"isPartOf\":{\"@id\":\"https:\\\/\\\/lararkarriar.se\\\/gymnasieskola\\\/#website\"},\"primaryImageOfPage\":{\"@id\":\"https:\\\/\\\/lararkarriar.se\\\/gymnasieskola\\\/2018\\\/04\\\/25\\\/global-utblick-och-stolta-traditioner-har-utbildas-framtidens-biltekniker\\\/#primaryimage\"},\"image\":{\"@id\":\"https:\\\/\\\/lararkarriar.se\\\/gymnasieskola\\\/2018\\\/04\\\/25\\\/global-utblick-och-stolta-traditioner-har-utbildas-framtidens-biltekniker\\\/#primaryimage\"},\"thumbnailUrl\":\"https:\\\/\\\/lararkarriar.se\\\/gymnasieskola\\\/wp-content\\\/uploads\\\/sites\\\/10\\\/2018\\\/04\\\/linkoping-180412-gymnasielarare-lkpg-03.jpg\",\"datePublished\":\"2018-04-25T12:46:22+00:00\",\"author\":{\"@id\":\"https:\\\/\\\/lararkarriar.se\\\/gymnasieskola\\\/#\\\/schema\\\/person\\\/2a13a849ec7646386c2211f59afe3083\"},\"breadcrumb\":{\"@id\":\"https:\\\/\\\/lararkarriar.se\\\/gymnasieskola\\\/2018\\\/04\\\/25\\\/global-utblick-och-stolta-traditioner-har-utbildas-framtidens-biltekniker\\\/#breadcrumb\"},\"inLanguage\":\"sv-SE\",\"potentialAction\":[{\"@type\":\"ReadAction\",\"target\":[\"https:\\\/\\\/lararkarriar.se\\\/gymnasieskola\\\/2018\\\/04\\\/25\\\/global-utblick-och-stolta-traditioner-har-utbildas-framtidens-biltekniker\\\/\"]}]},{\"@type\":\"ImageObject\",\"inLanguage\":\"sv-SE\",\"@id\":\"https:\\\/\\\/lararkarriar.se\\\/gymnasieskola\\\/2018\\\/04\\\/25\\\/global-utblick-och-stolta-traditioner-har-utbildas-framtidens-biltekniker\\\/#primaryimage\",\"url\":\"https:\\\/\\\/lararkarriar.se\\\/gymnasieskola\\\/wp-content\\\/uploads\\\/sites\\\/10\\\/2018\\\/04\\\/linkoping-180412-gymnasielarare-lkpg-03.jpg\",\"contentUrl\":\"https:\\\/\\\/lararkarriar.se\\\/gymnasieskola\\\/wp-content\\\/uploads\\\/sites\\\/10\\\/2018\\\/04\\\/linkoping-180412-gymnasielarare-lkpg-03.jpg\",\"width\":1000,\"height\":661,\"caption\":\"\u201dMin drivkraft? Det \u00e4r att ge eleverna kunskap, det \u00e4r viktigast av allt\u201d, s\u00e4ger Bj\u00f6rn Arvidsson (till v\u00e4nster), fordonsl\u00e4rare p\u00e5 Anders Ljungstedts gymnasium. Hans kollega Bennie Zetterstr\u00f6m p\u00e5 Katedralskolan kombinerar svenska och engelska med specialpedagogik. Foto: Lasse Hejdenberg\"},{\"@type\":\"BreadcrumbList\",\"@id\":\"https:\\\/\\\/lararkarriar.se\\\/gymnasieskola\\\/2018\\\/04\\\/25\\\/global-utblick-och-stolta-traditioner-har-utbildas-framtidens-biltekniker\\\/#breadcrumb\",\"itemListElement\":[{\"@type\":\"ListItem\",\"position\":1,\"name\":\"Home\",\"item\":\"https:\\\/\\\/lararkarriar.se\\\/gymnasieskola\\\/\"},{\"@type\":\"ListItem\",\"position\":2,\"name\":\"Global utblick och stolta traditioner \u2013 h\u00e4r utbildas framtidens biltekniker\"}]},{\"@type\":\"WebSite\",\"@id\":\"https:\\\/\\\/lararkarriar.se\\\/gymnasieskola\\\/#website\",\"url\":\"https:\\\/\\\/lararkarriar.se\\\/gymnasieskola\\\/\",\"name\":\"Framtidens karri\u00e4r gymnasiel\u00e4rare\",\"description\":\"Just another NMDashboard.se Sites site\",\"potentialAction\":[{\"@type\":\"SearchAction\",\"target\":{\"@type\":\"EntryPoint\",\"urlTemplate\":\"https:\\\/\\\/lararkarriar.se\\\/gymnasieskola\\\/?s={search_term_string}\"},\"query-input\":{\"@type\":\"PropertyValueSpecification\",\"valueRequired\":true,\"valueName\":\"search_term_string\"}}],\"inLanguage\":\"sv-SE\"},{\"@type\":\"Person\",\"@id\":\"https:\\\/\\\/lararkarriar.se\\\/gymnasieskola\\\/#\\\/schema\\\/person\\\/2a13a849ec7646386c2211f59afe3083\",\"name\":\"viktorwallen\",\"image\":{\"@type\":\"ImageObject\",\"inLanguage\":\"sv-SE\",\"@id\":\"https:\\\/\\\/secure.gravatar.com\\\/avatar\\\/701701bd36169636031933997c8c6b954f2f635bbb7cd4802e4a007f9c9f4e59?s=96&d=mm&r=g\",\"url\":\"https:\\\/\\\/secure.gravatar.com\\\/avatar\\\/701701bd36169636031933997c8c6b954f2f635bbb7cd4802e4a007f9c9f4e59?s=96&d=mm&r=g\",\"contentUrl\":\"https:\\\/\\\/secure.gravatar.com\\\/avatar\\\/701701bd36169636031933997c8c6b954f2f635bbb7cd4802e4a007f9c9f4e59?s=96&d=mm&r=g\",\"caption\":\"viktorwallen\"},\"url\":\"https:\\\/\\\/lararkarriar.se\\\/gymnasieskola\\\/author\\\/viktorwallen\\\/\"}]}<\/script>\n<!-- \/ Yoast SEO plugin. -->","yoast_head_json":{"title":"Global utblick och stolta traditioner \u2013 h\u00e4r utbildas framtidens biltekniker - Framtidens karri\u00e4r gymnasiel\u00e4rare","robots":{"index":"index","follow":"follow","max-snippet":"max-snippet:-1","max-image-preview":"max-image-preview:large","max-video-preview":"max-video-preview:-1"},"canonical":"https:\/\/lararkarriar.se\/gymnasieskola\/2018\/04\/25\/global-utblick-och-stolta-traditioner-har-utbildas-framtidens-biltekniker\/","og_locale":"sv_SE","og_type":"article","og_title":"Global utblick och stolta traditioner \u2013 h\u00e4r utbildas framtidens biltekniker - Framtidens karri\u00e4r gymnasiel\u00e4rare","og_description":"Anders Ljungstedts gymnasium blir en av de f\u00f6rsta skolorna i landet som f\u00e5r utbilda framtidens...","og_url":"https:\/\/lararkarriar.se\/gymnasieskola\/2018\/04\/25\/global-utblick-och-stolta-traditioner-har-utbildas-framtidens-biltekniker\/","og_site_name":"Framtidens karri\u00e4r gymnasiel\u00e4rare","article_published_time":"2018-04-25T12:46:22+00:00","og_image":[{"width":1000,"height":661,"url":"https:\/\/lararkarriar.se\/gymnasieskola\/wp-content\/uploads\/sites\/10\/2018\/04\/linkoping-180412-gymnasielarare-lkpg-03.jpg","type":"image\/jpeg"}],"author":"viktorwallen","twitter_card":"summary_large_image","twitter_misc":{"Skriven av":"viktorwallen","Ber\u00e4knad l\u00e4stid":"5 minuter"},"schema":{"@context":"https:\/\/schema.org","@graph":[{"@type":"Article","@id":"https:\/\/lararkarriar.se\/gymnasieskola\/2018\/04\/25\/global-utblick-och-stolta-traditioner-har-utbildas-framtidens-biltekniker\/#article","isPartOf":{"@id":"https:\/\/lararkarriar.se\/gymnasieskola\/2018\/04\/25\/global-utblick-och-stolta-traditioner-har-utbildas-framtidens-biltekniker\/"},"author":{"name":"viktorwallen","@id":"https:\/\/lararkarriar.se\/gymnasieskola\/#\/schema\/person\/2a13a849ec7646386c2211f59afe3083"},"headline":"Global utblick och stolta traditioner \u2013 h\u00e4r utbildas framtidens biltekniker","datePublished":"2018-04-25T12:46:22+00:00","mainEntityOfPage":{"@id":"https:\/\/lararkarriar.se\/gymnasieskola\/2018\/04\/25\/global-utblick-och-stolta-traditioner-har-utbildas-framtidens-biltekniker\/"},"wordCount":1096,"image":{"@id":"https:\/\/lararkarriar.se\/gymnasieskola\/2018\/04\/25\/global-utblick-och-stolta-traditioner-har-utbildas-framtidens-biltekniker\/#primaryimage"},"thumbnailUrl":"https:\/\/lararkarriar.se\/gymnasieskola\/wp-content\/uploads\/sites\/10\/2018\/04\/linkoping-180412-gymnasielarare-lkpg-03.jpg","keywords":["Biltekniker","Fordon","Katedralskolan","Link\u00f6pings kommun"],"articleSection":["Presentation"],"inLanguage":"sv-SE"},{"@type":"WebPage","@id":"https:\/\/lararkarriar.se\/gymnasieskola\/2018\/04\/25\/global-utblick-och-stolta-traditioner-har-utbildas-framtidens-biltekniker\/","url":"https:\/\/lararkarriar.se\/gymnasieskola\/2018\/04\/25\/global-utblick-och-stolta-traditioner-har-utbildas-framtidens-biltekniker\/","name":"Global utblick och stolta traditioner \u2013 h\u00e4r utbildas framtidens biltekniker - Framtidens karri\u00e4r gymnasiel\u00e4rare","isPartOf":{"@id":"https:\/\/lararkarriar.se\/gymnasieskola\/#website"},"primaryImageOfPage":{"@id":"https:\/\/lararkarriar.se\/gymnasieskola\/2018\/04\/25\/global-utblick-och-stolta-traditioner-har-utbildas-framtidens-biltekniker\/#primaryimage"},"image":{"@id":"https:\/\/lararkarriar.se\/gymnasieskola\/2018\/04\/25\/global-utblick-och-stolta-traditioner-har-utbildas-framtidens-biltekniker\/#primaryimage"},"thumbnailUrl":"https:\/\/lararkarriar.se\/gymnasieskola\/wp-content\/uploads\/sites\/10\/2018\/04\/linkoping-180412-gymnasielarare-lkpg-03.jpg","datePublished":"2018-04-25T12:46:22+00:00","author":{"@id":"https:\/\/lararkarriar.se\/gymnasieskola\/#\/schema\/person\/2a13a849ec7646386c2211f59afe3083"},"breadcrumb":{"@id":"https:\/\/lararkarriar.se\/gymnasieskola\/2018\/04\/25\/global-utblick-och-stolta-traditioner-har-utbildas-framtidens-biltekniker\/#breadcrumb"},"inLanguage":"sv-SE","potentialAction":[{"@type":"ReadAction","target":["https:\/\/lararkarriar.se\/gymnasieskola\/2018\/04\/25\/global-utblick-och-stolta-traditioner-har-utbildas-framtidens-biltekniker\/"]}]},{"@type":"ImageObject","inLanguage":"sv-SE","@id":"https:\/\/lararkarriar.se\/gymnasieskola\/2018\/04\/25\/global-utblick-och-stolta-traditioner-har-utbildas-framtidens-biltekniker\/#primaryimage","url":"https:\/\/lararkarriar.se\/gymnasieskola\/wp-content\/uploads\/sites\/10\/2018\/04\/linkoping-180412-gymnasielarare-lkpg-03.jpg","contentUrl":"https:\/\/lararkarriar.se\/gymnasieskola\/wp-content\/uploads\/sites\/10\/2018\/04\/linkoping-180412-gymnasielarare-lkpg-03.jpg","width":1000,"height":661,"caption":"\u201dMin drivkraft? Det \u00e4r att ge eleverna kunskap, det \u00e4r viktigast av allt\u201d, s\u00e4ger Bj\u00f6rn Arvidsson (till v\u00e4nster), fordonsl\u00e4rare p\u00e5 Anders Ljungstedts gymnasium. Hans kollega Bennie Zetterstr\u00f6m p\u00e5 Katedralskolan kombinerar svenska och engelska med specialpedagogik. Foto: Lasse Hejdenberg"},{"@type":"BreadcrumbList","@id":"https:\/\/lararkarriar.se\/gymnasieskola\/2018\/04\/25\/global-utblick-och-stolta-traditioner-har-utbildas-framtidens-biltekniker\/#breadcrumb","itemListElement":[{"@type":"ListItem","position":1,"name":"Home","item":"https:\/\/lararkarriar.se\/gymnasieskola\/"},{"@type":"ListItem","position":2,"name":"Global utblick och stolta traditioner \u2013 h\u00e4r utbildas framtidens biltekniker"}]},{"@type":"WebSite","@id":"https:\/\/lararkarriar.se\/gymnasieskola\/#website","url":"https:\/\/lararkarriar.se\/gymnasieskola\/","name":"Framtidens karri\u00e4r gymnasiel\u00e4rare","description":"Just another NMDashboard.se Sites site","potentialAction":[{"@type":"SearchAction","target":{"@type":"EntryPoint","urlTemplate":"https:\/\/lararkarriar.se\/gymnasieskola\/?s={search_term_string}"},"query-input":{"@type":"PropertyValueSpecification","valueRequired":true,"valueName":"search_term_string"}}],"inLanguage":"sv-SE"},{"@type":"Person","@id":"https:\/\/lararkarriar.se\/gymnasieskola\/#\/schema\/person\/2a13a849ec7646386c2211f59afe3083","name":"viktorwallen","image":{"@type":"ImageObject","inLanguage":"sv-SE","@id":"https:\/\/secure.gravatar.com\/avatar\/701701bd36169636031933997c8c6b954f2f635bbb7cd4802e4a007f9c9f4e59?s=96&d=mm&r=g","url":"https:\/\/secure.gravatar.com\/avatar\/701701bd36169636031933997c8c6b954f2f635bbb7cd4802e4a007f9c9f4e59?s=96&d=mm&r=g","contentUrl":"https:\/\/secure.gravatar.com\/avatar\/701701bd36169636031933997c8c6b954f2f635bbb7cd4802e4a007f9c9f4e59?s=96&d=mm&r=g","caption":"viktorwallen"},"url":"https:\/\/lararkarriar.se\/gymnasieskola\/author\/viktorwallen\/"}]}},"_links":{"self":[{"href":"https:\/\/lararkarriar.se\/gymnasieskola\/wp-json\/wp\/v2\/posts\/5865","targetHints":{"allow":["GET"]}}],"collection":[{"href":"https:\/\/lararkarriar.se\/gymnasieskola\/wp-json\/wp\/v2\/posts"}],"about":[{"href":"https:\/\/lararkarriar.se\/gymnasieskola\/wp-json\/wp\/v2\/types\/post"}],"author":[{"embeddable":true,"href":"https:\/\/lararkarriar.se\/gymnasieskola\/wp-json\/wp\/v2\/users\/2"}],"replies":[{"embeddable":true,"href":"https:\/\/lararkarriar.se\/gymnasieskola\/wp-json\/wp\/v2\/comments?post=5865"}],"version-history":[{"count":0,"href":"https:\/\/lararkarriar.se\/gymnasieskola\/wp-json\/wp\/v2\/posts\/5865\/revisions"}],"wp:featuredmedia":[{"embeddable":true,"href":"https:\/\/lararkarriar.se\/gymnasieskola\/wp-json\/wp\/v2\/media\/5866"}],"wp:attachment":[{"href":"https:\/\/lararkarriar.se\/gymnasieskola\/wp-json\/wp\/v2\/media?parent=5865"}],"wp:term":[{"taxonomy":"category","embeddable":true,"href":"https:\/\/lararkarriar.se\/gymnasieskola\/wp-json\/wp\/v2\/categories?post=5865"},{"taxonomy":"post_tag","embeddable":true,"href":"https:\/\/lararkarriar.se\/gymnasieskola\/wp-json\/wp\/v2\/tags?post=5865"}],"curies":[{"name":"wp","href":"https:\/\/api.w.org\/{rel}","templated":true}]}}