{"id":5885,"date":"2018-04-25T13:48:46","date_gmt":"2018-04-25T11:48:46","guid":{"rendered":"http:\/\/lararkarriar.se\/gymnasieskola\/?p=5885"},"modified":"2018-04-25T13:48:46","modified_gmt":"2018-04-25T11:48:46","slug":"komvux-malmo-sodervarn-en-plats-dar-lararna-trivs","status":"publish","type":"post","link":"https:\/\/lararkarriar.se\/gymnasieskola\/2018\/04\/25\/komvux-malmo-sodervarn-en-plats-dar-lararna-trivs\/","title":{"rendered":"Komvux Malm\u00f6 S\u00f6derv\u00e4rn \u2013 en plats d\u00e4r l\u00e4rarna trivs"},"content":{"rendered":"<figure id=\"attachment_5886\" aria-describedby=\"caption-attachment-5886\" style=\"width: 1000px\" class=\"wp-caption alignnone\"><img loading=\"lazy\" decoding=\"async\" class=\"size-full wp-image-5886\" src=\"https:\/\/lararkarriar.se\/gymnasieskola\/wp-content\/uploads\/sites\/10\/2018\/04\/malmo-img-9422.jpg\" alt=\"Yerk Liver\u00f6d, rektor f\u00f6r SFI p\u00e5 Komvux Malm\u00f6 S\u00f6derv\u00e4rn. Foto: Caroline L Jacobsen\" width=\"1000\" height=\"638\" srcset=\"https:\/\/lararkarriar.se\/gymnasieskola\/wp-content\/uploads\/sites\/10\/2018\/04\/malmo-img-9422.jpg 1000w, https:\/\/lararkarriar.se\/gymnasieskola\/wp-content\/uploads\/sites\/10\/2018\/04\/malmo-img-9422-300x191.jpg 300w, https:\/\/lararkarriar.se\/gymnasieskola\/wp-content\/uploads\/sites\/10\/2018\/04\/malmo-img-9422-768x490.jpg 768w, https:\/\/lararkarriar.se\/gymnasieskola\/wp-content\/uploads\/sites\/10\/2018\/04\/malmo-img-9422-251x160.jpg 251w, https:\/\/lararkarriar.se\/gymnasieskola\/wp-content\/uploads\/sites\/10\/2018\/04\/malmo-img-9422-526x336.jpg 526w, https:\/\/lararkarriar.se\/gymnasieskola\/wp-content\/uploads\/sites\/10\/2018\/04\/malmo-img-9422-720x459.jpg 720w, https:\/\/lararkarriar.se\/gymnasieskola\/wp-content\/uploads\/sites\/10\/2018\/04\/malmo-img-9422-960x612.jpg 960w\" sizes=\"auto, (max-width: 1000px) 100vw, 1000px\" \/><figcaption id=\"caption-attachment-5886\" class=\"wp-caption-text\">Yerk Liver\u00f6d, rektor f\u00f6r SFI p\u00e5 Komvux Malm\u00f6 S\u00f6derv\u00e4rn. Foto: Caroline L Jacobsen<\/figcaption><\/figure>\n<p><strong>\u2013 Hos oss beh\u00f6ver l\u00e4rarna inte byta jobb eftersom jobbet byter sig sj\u00e4lvt. Verksamheten \u00e4r flexibel med st\u00e4ndigt nya elever, f\u00f6ruts\u00e4ttningar och utmaningar. En unik och mycket sp\u00e4nnande arbetsplats, s\u00e4ger Yerk Liver\u00f6d, rektor f\u00f6r SFI p\u00e5 Komvux Malm\u00f6 S\u00f6derv\u00e4rn.<\/strong><\/p>\n<p>SFI p\u00e5 Komvux Malm\u00f6 S\u00f6derv\u00e4rn \u00e4r en central del av vuxenutbildningen i Malm\u00f6. H\u00e4r finns n\u00e4rmare 2 700 elever som omfattar drygt 140 nationaliteter med minst lika m\u00e5nga spr\u00e5k, en m\u00e5ngfald i ordets r\u00e4tta bem\u00e4rkelse.<br \/>\n\u2013 Det fungerar j\u00e4ttebra, mycket tack vare v\u00e5ra trygga, motiverade elever som vet vad de vill och, enligt \u00e5terkommande enk\u00e4ter, tycker att vi ger dem en bra undervisning, s\u00e4ger rektor Yerk Liver\u00f6d.<br \/>\nEn viktig anledning till det goda samarbetsklimatet p\u00e5 skolan \u00e4r tydlig kommunikation.<br \/>\n\u2013 Det som \u00e4r v\u00e5r stora utmaning \u00e4r ocks\u00e5 v\u00e5r stora f\u00f6rdel. Den spr\u00e5kliga m\u00e5ngfalden b\u00e4ddar helt enkelt f\u00f6r tydlighet och rak kommunikation. Att fr\u00e5ga om och reda ut saker blir p\u00e5 s\u00e5 vis en sj\u00e4lvklar del av arbetet p\u00e5 skolan.<\/p>\n<p><strong>St\u00e4ndig f\u00f6r\u00e4ndring<\/strong><br \/>\nOch det \u00e4r inte bara eleverna som trivs med verksamheten. Yerk Liver\u00f6d \u00e4r inne p\u00e5 sitt nionde \u00e5r som rektor. N\u00e5got som han f\u00f6rklarar med att vuxenutbildningen SFI \u00e4r en flexibel skolform d\u00e4r det st\u00e4ndigt h\u00e4nder nya saker.<br \/>\n\u2013 Exempel p\u00e5 det \u00e4r att v\u00e5r elevgrupp hela tiden f\u00f6r\u00e4ndras. Det som g\u00e4ller under ett \u00e5r beh\u00f6ver inte g\u00e4lla under n\u00e4sta. Det kanske kommer m\u00e5nga flyktingar eller det kanske finns m\u00e5nga inom en viss bransch som m\u00e5ste skola om sig. D\u00e5 riktas v\u00e5rt arbete in p\u00e5 dessa nya f\u00f6rh\u00e5llanden. V\u00e5r uppgift \u00e4r att med utg\u00e5ngspunkt i en v\u00e4ldigt bra pedagogik \u00e5stadkomma v\u00e4ldigt mycket.<br \/>\nOmv\u00e4xlingen f\u00f6rn\u00f6jer och inneb\u00e4r st\u00e4ndigt nya och sp\u00e4nnande m\u00f6jligheter f\u00f6r kollegiet.<br \/>\n\u2013 Vi m\u00f6ter dessa utmaningar genom att v\u00e5ra l\u00e4rare f\u00e5r g\u00f6ra det som l\u00e4rare vill g\u00f6ra: undervisa. V\u00e5ra l\u00e4rare planerar, undervisar, genomf\u00f6r och efterarbetar. N\u00e5got annat kringarbete finns det i stort sett inte.<\/p>\n<p><strong>Utveckling<\/strong><br \/>\nEn annan f\u00f6rdel \u00e4r att alla l\u00e4rare p\u00e5 SFI arbetar med samma \u00e4mne, svenska som andraspr\u00e5k.<br \/>\n\u2013 Det inneb\u00e4r att du kan prata pedagogik och elever med alla dina kollegor, vilket \u00e4r en fantastisk f\u00f6rm\u00e5n.<br \/>\nAtt alla har samma \u00e4mne underl\u00e4ttar \u00e4ven den strukturerade fortbildning som l\u00e4rarkollegiet p\u00e5 SFI f\u00e5r ta del av.<br \/>\n\u2013 Det ing\u00e5r i paketet att kommer du hit m\u00e5ste du forts\u00e4tta att utvecklas. F\u00f6rutom de \u00f6vergripande kompetensutvecklingsinsatserna sker fortbildning genom vardagsst\u00f6d och olika former av kollegialt l\u00e4rande.<br \/>\nEn utmaning f\u00f6r l\u00e4rarna \u00e4r att en del av eleverna, p\u00e5 grund av bristande eller helt saknad tidigare skolg\u00e5ng, \u00e4r os\u00e4kra p\u00e5 sin f\u00f6rm\u00e5ga.<br \/>\n\u2013 D\u00e4rf\u00f6r arbetar vi i stor utstr\u00e4ckning formativt. Det g\u00f6r att vi f\u00e5r snabba resultat och kan se om undervisningen fungerar. Om inte, kan vi snabbt st\u00e4lla om och pr\u00f6va n\u00e5got annat.<\/p>\n<p><strong>Meningsfullt<\/strong><br \/>\nGymnasie- och vuxenutbildningsf\u00f6rvaltningen inom Malm\u00f6 stad genomf\u00f6r regelbundna medarbetarenk\u00e4ter. SFI-l\u00e4rarna ligger i topp n\u00e4r det kommer till upplevelsen av meningsfullhet i arbetet.<br \/>\n\u2013 Vi har \u00e4ven den l\u00e4gsta upplevda stressniv\u00e5n av alla l\u00e4rare i staden. Att jobba h\u00e4r inneb\u00e4r i korthet att man vet varf\u00f6r man g\u00e5r till jobbet. Det, i kombination med att f\u00e5 \u00e4gna sin dag \u00e5t en l\u00e4rares k\u00e4rnuppdrag, undervisning, g\u00f6r SFI till en fantastiskt bra arbetsplats.<br \/>\nTill h\u00f6sten v\u00e4ntar ytterligare en stor utmaning f\u00f6r verksamheten. De i dagsl\u00e4get privata SFI-utbildningarna i Malm\u00f6 ska tas \u00f6ver av staden vilket inneb\u00e4r att dagens elevantal p\u00e5 2 700 \u00f6kar till 4 500.<br \/>\n\u2013 Det blir en omst\u00e4llning, men vi kommer att klara \u00e4ven den och forts\u00e4tter p\u00e5 den inslagna v\u00e4gen. Siktet \u00e4r inst\u00e4llt p\u00e5 att bli b\u00e4st p\u00e5 SFI i hela Sverige, fastsl\u00e5r Yerk Liver\u00f6d.<\/p>\n<div class=\"faktaruta-title\">Komvux Malm\u00f6 S\u00f6derv\u00e4rn<\/div><div class=\"faktaruta\">Komvux Malm\u00f6 S\u00f6derv\u00e4rn \u00e4r en central del av vuxenutbildningen i Malm\u00f6. H\u00e4r finns n\u00e4rmare 3 000 elever som studerar inom olika skolformer:<br \/>\n&#8211; Svenska f\u00f6r invandrare \u2013 SFI<br \/>\n&#8211; Grundl\u00e4ggande vuxenutbildning<br \/>\n&#8211; Gymnasial vuxenutbildning<br \/>\n&#8211; S\u00e4rskild utbildning f\u00f6r vuxna<\/p>\n<p>Malm\u00f6 stad<br \/>\nGymnasie- och vuxenutbildningsf\u00f6rvaltningen<br \/>\n205 80 Malm\u00f6<br \/>\nTel: 040-34 30 34<br \/>\n<strong><a href=\"http:\/\/www.malmo.se\" title=\"Malm\u00f6 stad textlink\" rel=\"noopener noreferrer\" target=\"_blank\">www.malmo.se<\/a><\/strong><\/p>\n<p><a href=\"https:\/\/malmo.se\/\" title=\"Malm\u00f6 stad logotype\" rel=\"noopener noreferrer\" target=\"_blank\"><img loading=\"lazy\" decoding=\"async\" src=\"http:\/\/lararkarriar.se\/gymnasieskola\/wp-content\/uploads\/2018\/04\/malmo_stad_logga_farg-250x335.png\" alt=\"\" width=\"150\" height=\"180\" class=\"alignnone size-large wp-image-5894\" \/><\/a><br \/>\n<\/div>\n","protected":false},"excerpt":{"rendered":"<p>\u2013 Hos oss beh\u00f6ver l\u00e4rarna inte byta jobb eftersom jobbet byter sig sj\u00e4lvt. Verksamheten \u00e4r&#8230;<\/p>\n","protected":false},"author":2,"featured_media":5886,"comment_status":"closed","ping_status":"open","sticky":false,"template":"","format":"standard","meta":{"_acf_changed":false,"_monsterinsights_skip_tracking":false,"_monsterinsights_sitenote_active":false,"_monsterinsights_sitenote_note":"","_monsterinsights_sitenote_category":0,"footnotes":""},"categories":[7],"tags":[87,137,138,173,174],"class_list":["post-5885","post","type-post","status-publish","format-standard","has-post-thumbnail","hentry","category-presentation","tag-gymnasie","tag-komvux","tag-komvux-malmo","tag-malmo","tag-malmo-stad"],"acf":[],"yoast_head":"<!-- This site is optimized with the Yoast SEO plugin v27.3 - https:\/\/yoast.com\/product\/yoast-seo-wordpress\/ -->\n<title>Komvux Malm\u00f6 S\u00f6derv\u00e4rn \u2013 en plats d\u00e4r l\u00e4rarna trivs - Framtidens karri\u00e4r gymnasiel\u00e4rare<\/title>\n<meta name=\"robots\" content=\"index, follow, max-snippet:-1, max-image-preview:large, max-video-preview:-1\" \/>\n<link rel=\"canonical\" href=\"https:\/\/lararkarriar.se\/gymnasieskola\/2018\/04\/25\/komvux-malmo-sodervarn-en-plats-dar-lararna-trivs\/\" \/>\n<meta property=\"og:locale\" content=\"sv_SE\" \/>\n<meta property=\"og:type\" content=\"article\" \/>\n<meta property=\"og:title\" content=\"Komvux Malm\u00f6 S\u00f6derv\u00e4rn \u2013 en plats d\u00e4r l\u00e4rarna trivs - Framtidens karri\u00e4r gymnasiel\u00e4rare\" \/>\n<meta property=\"og:description\" content=\"\u2013 Hos oss beh\u00f6ver l\u00e4rarna inte byta jobb eftersom jobbet byter sig sj\u00e4lvt. Verksamheten \u00e4r...\" \/>\n<meta property=\"og:url\" content=\"https:\/\/lararkarriar.se\/gymnasieskola\/2018\/04\/25\/komvux-malmo-sodervarn-en-plats-dar-lararna-trivs\/\" \/>\n<meta property=\"og:site_name\" content=\"Framtidens karri\u00e4r gymnasiel\u00e4rare\" \/>\n<meta property=\"article:published_time\" content=\"2018-04-25T11:48:46+00:00\" \/>\n<meta property=\"og:image\" content=\"https:\/\/lararkarriar.se\/gymnasieskola\/wp-content\/uploads\/sites\/10\/2018\/04\/malmo-img-9422.jpg\" \/>\n\t<meta property=\"og:image:width\" content=\"1000\" \/>\n\t<meta property=\"og:image:height\" content=\"638\" \/>\n\t<meta property=\"og:image:type\" content=\"image\/jpeg\" \/>\n<meta name=\"author\" content=\"viktorwallen\" \/>\n<meta name=\"twitter:card\" content=\"summary_large_image\" \/>\n<meta name=\"twitter:label1\" content=\"Skriven av\" \/>\n\t<meta name=\"twitter:data1\" content=\"viktorwallen\" \/>\n\t<meta name=\"twitter:label2\" content=\"Ber\u00e4knad l\u00e4stid\" \/>\n\t<meta name=\"twitter:data2\" content=\"4 minuter\" \/>\n<script type=\"application\/ld+json\" class=\"yoast-schema-graph\">{\"@context\":\"https:\\\/\\\/schema.org\",\"@graph\":[{\"@type\":\"Article\",\"@id\":\"https:\\\/\\\/lararkarriar.se\\\/gymnasieskola\\\/2018\\\/04\\\/25\\\/komvux-malmo-sodervarn-en-plats-dar-lararna-trivs\\\/#article\",\"isPartOf\":{\"@id\":\"https:\\\/\\\/lararkarriar.se\\\/gymnasieskola\\\/2018\\\/04\\\/25\\\/komvux-malmo-sodervarn-en-plats-dar-lararna-trivs\\\/\"},\"author\":{\"name\":\"viktorwallen\",\"@id\":\"https:\\\/\\\/lararkarriar.se\\\/gymnasieskola\\\/#\\\/schema\\\/person\\\/2a13a849ec7646386c2211f59afe3083\"},\"headline\":\"Komvux Malm\u00f6 S\u00f6derv\u00e4rn \u2013 en plats d\u00e4r l\u00e4rarna trivs\",\"datePublished\":\"2018-04-25T11:48:46+00:00\",\"mainEntityOfPage\":{\"@id\":\"https:\\\/\\\/lararkarriar.se\\\/gymnasieskola\\\/2018\\\/04\\\/25\\\/komvux-malmo-sodervarn-en-plats-dar-lararna-trivs\\\/\"},\"wordCount\":801,\"image\":{\"@id\":\"https:\\\/\\\/lararkarriar.se\\\/gymnasieskola\\\/2018\\\/04\\\/25\\\/komvux-malmo-sodervarn-en-plats-dar-lararna-trivs\\\/#primaryimage\"},\"thumbnailUrl\":\"https:\\\/\\\/lararkarriar.se\\\/gymnasieskola\\\/wp-content\\\/uploads\\\/sites\\\/10\\\/2018\\\/04\\\/malmo-img-9422.jpg\",\"keywords\":[\"Gymnasie\",\"Komvux\",\"Komvux malm\u00f6\",\"Malm\u00f6\",\"Malm\u00f6 stad\"],\"articleSection\":[\"Presentation\"],\"inLanguage\":\"sv-SE\"},{\"@type\":\"WebPage\",\"@id\":\"https:\\\/\\\/lararkarriar.se\\\/gymnasieskola\\\/2018\\\/04\\\/25\\\/komvux-malmo-sodervarn-en-plats-dar-lararna-trivs\\\/\",\"url\":\"https:\\\/\\\/lararkarriar.se\\\/gymnasieskola\\\/2018\\\/04\\\/25\\\/komvux-malmo-sodervarn-en-plats-dar-lararna-trivs\\\/\",\"name\":\"Komvux Malm\u00f6 S\u00f6derv\u00e4rn \u2013 en plats d\u00e4r l\u00e4rarna trivs - Framtidens karri\u00e4r gymnasiel\u00e4rare\",\"isPartOf\":{\"@id\":\"https:\\\/\\\/lararkarriar.se\\\/gymnasieskola\\\/#website\"},\"primaryImageOfPage\":{\"@id\":\"https:\\\/\\\/lararkarriar.se\\\/gymnasieskola\\\/2018\\\/04\\\/25\\\/komvux-malmo-sodervarn-en-plats-dar-lararna-trivs\\\/#primaryimage\"},\"image\":{\"@id\":\"https:\\\/\\\/lararkarriar.se\\\/gymnasieskola\\\/2018\\\/04\\\/25\\\/komvux-malmo-sodervarn-en-plats-dar-lararna-trivs\\\/#primaryimage\"},\"thumbnailUrl\":\"https:\\\/\\\/lararkarriar.se\\\/gymnasieskola\\\/wp-content\\\/uploads\\\/sites\\\/10\\\/2018\\\/04\\\/malmo-img-9422.jpg\",\"datePublished\":\"2018-04-25T11:48:46+00:00\",\"author\":{\"@id\":\"https:\\\/\\\/lararkarriar.se\\\/gymnasieskola\\\/#\\\/schema\\\/person\\\/2a13a849ec7646386c2211f59afe3083\"},\"breadcrumb\":{\"@id\":\"https:\\\/\\\/lararkarriar.se\\\/gymnasieskola\\\/2018\\\/04\\\/25\\\/komvux-malmo-sodervarn-en-plats-dar-lararna-trivs\\\/#breadcrumb\"},\"inLanguage\":\"sv-SE\",\"potentialAction\":[{\"@type\":\"ReadAction\",\"target\":[\"https:\\\/\\\/lararkarriar.se\\\/gymnasieskola\\\/2018\\\/04\\\/25\\\/komvux-malmo-sodervarn-en-plats-dar-lararna-trivs\\\/\"]}]},{\"@type\":\"ImageObject\",\"inLanguage\":\"sv-SE\",\"@id\":\"https:\\\/\\\/lararkarriar.se\\\/gymnasieskola\\\/2018\\\/04\\\/25\\\/komvux-malmo-sodervarn-en-plats-dar-lararna-trivs\\\/#primaryimage\",\"url\":\"https:\\\/\\\/lararkarriar.se\\\/gymnasieskola\\\/wp-content\\\/uploads\\\/sites\\\/10\\\/2018\\\/04\\\/malmo-img-9422.jpg\",\"contentUrl\":\"https:\\\/\\\/lararkarriar.se\\\/gymnasieskola\\\/wp-content\\\/uploads\\\/sites\\\/10\\\/2018\\\/04\\\/malmo-img-9422.jpg\",\"width\":1000,\"height\":638,\"caption\":\"Yerk Liver\u00f6d, rektor f\u00f6r SFI p\u00e5 Komvux Malm\u00f6 S\u00f6derv\u00e4rn. Foto: Caroline L Jacobsen\"},{\"@type\":\"BreadcrumbList\",\"@id\":\"https:\\\/\\\/lararkarriar.se\\\/gymnasieskola\\\/2018\\\/04\\\/25\\\/komvux-malmo-sodervarn-en-plats-dar-lararna-trivs\\\/#breadcrumb\",\"itemListElement\":[{\"@type\":\"ListItem\",\"position\":1,\"name\":\"Home\",\"item\":\"https:\\\/\\\/lararkarriar.se\\\/gymnasieskola\\\/\"},{\"@type\":\"ListItem\",\"position\":2,\"name\":\"Komvux Malm\u00f6 S\u00f6derv\u00e4rn \u2013 en plats d\u00e4r l\u00e4rarna trivs\"}]},{\"@type\":\"WebSite\",\"@id\":\"https:\\\/\\\/lararkarriar.se\\\/gymnasieskola\\\/#website\",\"url\":\"https:\\\/\\\/lararkarriar.se\\\/gymnasieskola\\\/\",\"name\":\"Framtidens karri\u00e4r gymnasiel\u00e4rare\",\"description\":\"Just another NMDashboard.se Sites site\",\"potentialAction\":[{\"@type\":\"SearchAction\",\"target\":{\"@type\":\"EntryPoint\",\"urlTemplate\":\"https:\\\/\\\/lararkarriar.se\\\/gymnasieskola\\\/?s={search_term_string}\"},\"query-input\":{\"@type\":\"PropertyValueSpecification\",\"valueRequired\":true,\"valueName\":\"search_term_string\"}}],\"inLanguage\":\"sv-SE\"},{\"@type\":\"Person\",\"@id\":\"https:\\\/\\\/lararkarriar.se\\\/gymnasieskola\\\/#\\\/schema\\\/person\\\/2a13a849ec7646386c2211f59afe3083\",\"name\":\"viktorwallen\",\"image\":{\"@type\":\"ImageObject\",\"inLanguage\":\"sv-SE\",\"@id\":\"https:\\\/\\\/secure.gravatar.com\\\/avatar\\\/701701bd36169636031933997c8c6b954f2f635bbb7cd4802e4a007f9c9f4e59?s=96&d=mm&r=g\",\"url\":\"https:\\\/\\\/secure.gravatar.com\\\/avatar\\\/701701bd36169636031933997c8c6b954f2f635bbb7cd4802e4a007f9c9f4e59?s=96&d=mm&r=g\",\"contentUrl\":\"https:\\\/\\\/secure.gravatar.com\\\/avatar\\\/701701bd36169636031933997c8c6b954f2f635bbb7cd4802e4a007f9c9f4e59?s=96&d=mm&r=g\",\"caption\":\"viktorwallen\"},\"url\":\"https:\\\/\\\/lararkarriar.se\\\/gymnasieskola\\\/author\\\/viktorwallen\\\/\"}]}<\/script>\n<!-- \/ Yoast SEO plugin. -->","yoast_head_json":{"title":"Komvux Malm\u00f6 S\u00f6derv\u00e4rn \u2013 en plats d\u00e4r l\u00e4rarna trivs - Framtidens karri\u00e4r gymnasiel\u00e4rare","robots":{"index":"index","follow":"follow","max-snippet":"max-snippet:-1","max-image-preview":"max-image-preview:large","max-video-preview":"max-video-preview:-1"},"canonical":"https:\/\/lararkarriar.se\/gymnasieskola\/2018\/04\/25\/komvux-malmo-sodervarn-en-plats-dar-lararna-trivs\/","og_locale":"sv_SE","og_type":"article","og_title":"Komvux Malm\u00f6 S\u00f6derv\u00e4rn \u2013 en plats d\u00e4r l\u00e4rarna trivs - Framtidens karri\u00e4r gymnasiel\u00e4rare","og_description":"\u2013 Hos oss beh\u00f6ver l\u00e4rarna inte byta jobb eftersom jobbet byter sig sj\u00e4lvt. Verksamheten \u00e4r...","og_url":"https:\/\/lararkarriar.se\/gymnasieskola\/2018\/04\/25\/komvux-malmo-sodervarn-en-plats-dar-lararna-trivs\/","og_site_name":"Framtidens karri\u00e4r gymnasiel\u00e4rare","article_published_time":"2018-04-25T11:48:46+00:00","og_image":[{"width":1000,"height":638,"url":"https:\/\/lararkarriar.se\/gymnasieskola\/wp-content\/uploads\/sites\/10\/2018\/04\/malmo-img-9422.jpg","type":"image\/jpeg"}],"author":"viktorwallen","twitter_card":"summary_large_image","twitter_misc":{"Skriven av":"viktorwallen","Ber\u00e4knad l\u00e4stid":"4 minuter"},"schema":{"@context":"https:\/\/schema.org","@graph":[{"@type":"Article","@id":"https:\/\/lararkarriar.se\/gymnasieskola\/2018\/04\/25\/komvux-malmo-sodervarn-en-plats-dar-lararna-trivs\/#article","isPartOf":{"@id":"https:\/\/lararkarriar.se\/gymnasieskola\/2018\/04\/25\/komvux-malmo-sodervarn-en-plats-dar-lararna-trivs\/"},"author":{"name":"viktorwallen","@id":"https:\/\/lararkarriar.se\/gymnasieskola\/#\/schema\/person\/2a13a849ec7646386c2211f59afe3083"},"headline":"Komvux Malm\u00f6 S\u00f6derv\u00e4rn \u2013 en plats d\u00e4r l\u00e4rarna trivs","datePublished":"2018-04-25T11:48:46+00:00","mainEntityOfPage":{"@id":"https:\/\/lararkarriar.se\/gymnasieskola\/2018\/04\/25\/komvux-malmo-sodervarn-en-plats-dar-lararna-trivs\/"},"wordCount":801,"image":{"@id":"https:\/\/lararkarriar.se\/gymnasieskola\/2018\/04\/25\/komvux-malmo-sodervarn-en-plats-dar-lararna-trivs\/#primaryimage"},"thumbnailUrl":"https:\/\/lararkarriar.se\/gymnasieskola\/wp-content\/uploads\/sites\/10\/2018\/04\/malmo-img-9422.jpg","keywords":["Gymnasie","Komvux","Komvux malm\u00f6","Malm\u00f6","Malm\u00f6 stad"],"articleSection":["Presentation"],"inLanguage":"sv-SE"},{"@type":"WebPage","@id":"https:\/\/lararkarriar.se\/gymnasieskola\/2018\/04\/25\/komvux-malmo-sodervarn-en-plats-dar-lararna-trivs\/","url":"https:\/\/lararkarriar.se\/gymnasieskola\/2018\/04\/25\/komvux-malmo-sodervarn-en-plats-dar-lararna-trivs\/","name":"Komvux Malm\u00f6 S\u00f6derv\u00e4rn \u2013 en plats d\u00e4r l\u00e4rarna trivs - Framtidens karri\u00e4r gymnasiel\u00e4rare","isPartOf":{"@id":"https:\/\/lararkarriar.se\/gymnasieskola\/#website"},"primaryImageOfPage":{"@id":"https:\/\/lararkarriar.se\/gymnasieskola\/2018\/04\/25\/komvux-malmo-sodervarn-en-plats-dar-lararna-trivs\/#primaryimage"},"image":{"@id":"https:\/\/lararkarriar.se\/gymnasieskola\/2018\/04\/25\/komvux-malmo-sodervarn-en-plats-dar-lararna-trivs\/#primaryimage"},"thumbnailUrl":"https:\/\/lararkarriar.se\/gymnasieskola\/wp-content\/uploads\/sites\/10\/2018\/04\/malmo-img-9422.jpg","datePublished":"2018-04-25T11:48:46+00:00","author":{"@id":"https:\/\/lararkarriar.se\/gymnasieskola\/#\/schema\/person\/2a13a849ec7646386c2211f59afe3083"},"breadcrumb":{"@id":"https:\/\/lararkarriar.se\/gymnasieskola\/2018\/04\/25\/komvux-malmo-sodervarn-en-plats-dar-lararna-trivs\/#breadcrumb"},"inLanguage":"sv-SE","potentialAction":[{"@type":"ReadAction","target":["https:\/\/lararkarriar.se\/gymnasieskola\/2018\/04\/25\/komvux-malmo-sodervarn-en-plats-dar-lararna-trivs\/"]}]},{"@type":"ImageObject","inLanguage":"sv-SE","@id":"https:\/\/lararkarriar.se\/gymnasieskola\/2018\/04\/25\/komvux-malmo-sodervarn-en-plats-dar-lararna-trivs\/#primaryimage","url":"https:\/\/lararkarriar.se\/gymnasieskola\/wp-content\/uploads\/sites\/10\/2018\/04\/malmo-img-9422.jpg","contentUrl":"https:\/\/lararkarriar.se\/gymnasieskola\/wp-content\/uploads\/sites\/10\/2018\/04\/malmo-img-9422.jpg","width":1000,"height":638,"caption":"Yerk Liver\u00f6d, rektor f\u00f6r SFI p\u00e5 Komvux Malm\u00f6 S\u00f6derv\u00e4rn. Foto: Caroline L Jacobsen"},{"@type":"BreadcrumbList","@id":"https:\/\/lararkarriar.se\/gymnasieskola\/2018\/04\/25\/komvux-malmo-sodervarn-en-plats-dar-lararna-trivs\/#breadcrumb","itemListElement":[{"@type":"ListItem","position":1,"name":"Home","item":"https:\/\/lararkarriar.se\/gymnasieskola\/"},{"@type":"ListItem","position":2,"name":"Komvux Malm\u00f6 S\u00f6derv\u00e4rn \u2013 en plats d\u00e4r l\u00e4rarna trivs"}]},{"@type":"WebSite","@id":"https:\/\/lararkarriar.se\/gymnasieskola\/#website","url":"https:\/\/lararkarriar.se\/gymnasieskola\/","name":"Framtidens karri\u00e4r gymnasiel\u00e4rare","description":"Just another NMDashboard.se Sites site","potentialAction":[{"@type":"SearchAction","target":{"@type":"EntryPoint","urlTemplate":"https:\/\/lararkarriar.se\/gymnasieskola\/?s={search_term_string}"},"query-input":{"@type":"PropertyValueSpecification","valueRequired":true,"valueName":"search_term_string"}}],"inLanguage":"sv-SE"},{"@type":"Person","@id":"https:\/\/lararkarriar.se\/gymnasieskola\/#\/schema\/person\/2a13a849ec7646386c2211f59afe3083","name":"viktorwallen","image":{"@type":"ImageObject","inLanguage":"sv-SE","@id":"https:\/\/secure.gravatar.com\/avatar\/701701bd36169636031933997c8c6b954f2f635bbb7cd4802e4a007f9c9f4e59?s=96&d=mm&r=g","url":"https:\/\/secure.gravatar.com\/avatar\/701701bd36169636031933997c8c6b954f2f635bbb7cd4802e4a007f9c9f4e59?s=96&d=mm&r=g","contentUrl":"https:\/\/secure.gravatar.com\/avatar\/701701bd36169636031933997c8c6b954f2f635bbb7cd4802e4a007f9c9f4e59?s=96&d=mm&r=g","caption":"viktorwallen"},"url":"https:\/\/lararkarriar.se\/gymnasieskola\/author\/viktorwallen\/"}]}},"_links":{"self":[{"href":"https:\/\/lararkarriar.se\/gymnasieskola\/wp-json\/wp\/v2\/posts\/5885","targetHints":{"allow":["GET"]}}],"collection":[{"href":"https:\/\/lararkarriar.se\/gymnasieskola\/wp-json\/wp\/v2\/posts"}],"about":[{"href":"https:\/\/lararkarriar.se\/gymnasieskola\/wp-json\/wp\/v2\/types\/post"}],"author":[{"embeddable":true,"href":"https:\/\/lararkarriar.se\/gymnasieskola\/wp-json\/wp\/v2\/users\/2"}],"replies":[{"embeddable":true,"href":"https:\/\/lararkarriar.se\/gymnasieskola\/wp-json\/wp\/v2\/comments?post=5885"}],"version-history":[{"count":0,"href":"https:\/\/lararkarriar.se\/gymnasieskola\/wp-json\/wp\/v2\/posts\/5885\/revisions"}],"wp:featuredmedia":[{"embeddable":true,"href":"https:\/\/lararkarriar.se\/gymnasieskola\/wp-json\/wp\/v2\/media\/5886"}],"wp:attachment":[{"href":"https:\/\/lararkarriar.se\/gymnasieskola\/wp-json\/wp\/v2\/media?parent=5885"}],"wp:term":[{"taxonomy":"category","embeddable":true,"href":"https:\/\/lararkarriar.se\/gymnasieskola\/wp-json\/wp\/v2\/categories?post=5885"},{"taxonomy":"post_tag","embeddable":true,"href":"https:\/\/lararkarriar.se\/gymnasieskola\/wp-json\/wp\/v2\/tags?post=5885"}],"curies":[{"name":"wp","href":"https:\/\/api.w.org\/{rel}","templated":true}]}}