{"id":5928,"date":"2018-04-25T15:21:02","date_gmt":"2018-04-25T13:21:02","guid":{"rendered":"http:\/\/lararkarriar.se\/gymnasieskola\/?p=5928"},"modified":"2018-04-25T15:21:02","modified_gmt":"2018-04-25T13:21:02","slug":"i-stockholms-stad-satsar-man-pa-gymnasiet","status":"publish","type":"post","link":"https:\/\/lararkarriar.se\/gymnasieskola\/2018\/04\/25\/i-stockholms-stad-satsar-man-pa-gymnasiet\/","title":{"rendered":"I Stockholms stad satsar man p\u00e5 gymnasiet"},"content":{"rendered":"<figure id=\"attachment_5930\" aria-describedby=\"caption-attachment-5930\" style=\"width: 1000px\" class=\"wp-caption alignnone\"><img loading=\"lazy\" decoding=\"async\" src=\"https:\/\/lararkarriar.se\/gymnasieskola\/wp-content\/uploads\/sites\/10\/2018\/04\/sthlm-gym-y5a6328.jpg\" alt=\"Annica Tengbom \u00d6d\u00e9n, rektor p\u00e5 Anna Whitlocks gymnasium, Thomas Lejdemalm, rektor p\u00e5 P A Fogelstr\u00f6ms gymnasium och Stina Arvas, f\u00f6rstel\u00e4rare p\u00e5 Anna Whitlocks gymnasium. Foto: Gonzalo Irigoyen\" width=\"1000\" height=\"667\" class=\"size-full wp-image-5930\" srcset=\"https:\/\/lararkarriar.se\/gymnasieskola\/wp-content\/uploads\/sites\/10\/2018\/04\/sthlm-gym-y5a6328.jpg 1000w, https:\/\/lararkarriar.se\/gymnasieskola\/wp-content\/uploads\/sites\/10\/2018\/04\/sthlm-gym-y5a6328-300x200.jpg 300w, https:\/\/lararkarriar.se\/gymnasieskola\/wp-content\/uploads\/sites\/10\/2018\/04\/sthlm-gym-y5a6328-768x512.jpg 768w, https:\/\/lararkarriar.se\/gymnasieskola\/wp-content\/uploads\/sites\/10\/2018\/04\/sthlm-gym-y5a6328-240x160.jpg 240w, https:\/\/lararkarriar.se\/gymnasieskola\/wp-content\/uploads\/sites\/10\/2018\/04\/sthlm-gym-y5a6328-526x351.jpg 526w, https:\/\/lararkarriar.se\/gymnasieskola\/wp-content\/uploads\/sites\/10\/2018\/04\/sthlm-gym-y5a6328-720x480.jpg 720w, https:\/\/lararkarriar.se\/gymnasieskola\/wp-content\/uploads\/sites\/10\/2018\/04\/sthlm-gym-y5a6328-960x640.jpg 960w\" sizes=\"auto, (max-width: 1000px) 100vw, 1000px\" \/><figcaption id=\"caption-attachment-5930\" class=\"wp-caption-text\">Annica Tengbom \u00d6d\u00e9n, rektor p\u00e5 Anna Whitlocks gymnasium, Thomas Lejdemalm, rektor p\u00e5 P A Fogelstr\u00f6ms gymnasium och Stina Arvas, f\u00f6rstel\u00e4rare p\u00e5 Anna Whitlocks gymnasium. Foto: Gonzalo Irigoyen<\/figcaption><\/figure>\n<p><strong>Vill du vara med och bygga framtidens gymnasieskola i Stockholms stad? H\u00e4r finns n\u00e5gra av Sveriges mest sp\u00e4nnande l\u00e4rarjobb och det sker flera stora satsningar. Snart sl\u00e5s portarna upp f\u00f6r splitternya Anna Whitlocks gymnasium. Samtidigt g\u00e5r P A Fogelstr\u00f6ms gymnasium in i sitt andra \u00e5r i anrika, nyrenoverade lokaler.<\/strong><\/p>\n<p>I augusti v\u00e4lkomnar Anna Whitlocks gymnasium sina f\u00f6rsta 700 elever i L\u00e4nsstyrelsens gamla lokaler mitt p\u00e5 Kungsholmen. Den st\u00e5tliga byggnaden, som just nu genomg\u00e5r en total ombyggnad f\u00f6r sitt nya \u00e4ndam\u00e5l, kommer att husera cirka 2 400 elever n\u00e4r skolan \u00e4r helt utbyggd. Gymnasiet blir d\u00e4rmed ett av Sveriges st\u00f6rsta.<br \/>\n\u2013 Det \u00e4r en fantastisk chans att f\u00e5 vara med och bygga upp en skola fr\u00e5n starten. Stockholms stad satsar verkligen p\u00e5 sina gymnasieskolor och det \u00e4r v\u00e4ldigt roligt, s\u00e4ger rektor Annica Tengbom \u00d6d\u00e9n, som n\u00e4rmast kommer fr\u00e5n en rektorstj\u00e4nst p\u00e5 Kungsholmens gymnasium.<br \/>\nAnna Whitlocks gymnasium erbjuder fem h\u00f6gskolef\u00f6rberedande program och elva olika inriktningar. Stor tonvikt l\u00e4ggs p\u00e5 life science och design, som \u00e5terkommer som profil och inriktning i flera av programmen. Ledorden f\u00f6r undervisningen \u00e4r bildning och innovation f\u00f6r en h\u00e5llbar framtid och skolan samarbetar med flera universitet och h\u00f6gskolor.<br \/>\n\u2013 Vi vill ge eleverna kompetens, lust och mod att p\u00e5verka samh\u00e4llsutvecklingen. V\u00e5ra l\u00e4rare kommer att vara med och p\u00e5verka hur vi utformar undervisningen och vi ser att det finns ett oerh\u00f6rt stort intresse f\u00f6r att jobba h\u00e4r. Vi hade ocks\u00e5 flest f\u00f6rstahandss\u00f6kande elever av alla gymnasier i Stockholms l\u00e4n. Det visar att \u00e4ven elever lockas av m\u00f6jligheten att bygga nytt och vara med och skapa skolkultur, s\u00e4ger Annica.<br \/>\nStina Arvas, som idag arbetar p\u00e5 S\u00f6dra Latins gymnasium, tilltr\u00e4der en tj\u00e4nst som f\u00f6rstel\u00e4rare i design, bild och form och hon ser fram emot utmaningen. Hon \u00e4r formgivare i botten och uppt\u00e4ckte l\u00e4raryrket av en slump under ett vikariat f\u00f6r ett 20-tal \u00e5r sedan. Som f\u00f6rstel\u00e4rare kommer Stina att jobba brett med elever p\u00e5 olika program och hon m\u00e4rker att m\u00e5nga ungdomar \u00e4r intresserade av att integrera design med de traditionella teoretiska programmen.<br \/>\n\u2013 Detta \u00e4r n\u00e5got som m\u00e5nga unga efterfr\u00e5gar och i synnerhet med det fokus vi har p\u00e5 h\u00e5llbarhet. Att som l\u00e4rare f\u00e5 vara delaktig fr\u00e5n b\u00f6rjan, frig\u00f6ra sig fr\u00e5n gamla strukturer och skapa en ny, kreativ milj\u00f6 \u00e4r sp\u00e4nnande, s\u00e4ger hon.<\/p>\n<p><strong>Skola p\u00e5 anrika Stigberget<\/strong><br \/>\nEn annan gymnasiesatsning i Stockholms stad \u00e4r P A Fogelstr\u00f6ms gymnasium som tog emot sin f\u00f6rsta \u00e5rskull f\u00f6rra l\u00e4s\u00e5ret. Lagom till terminsstarten i augusti flyttar skolan in i helt nyrenoverade lokaler p\u00e5 Stigberget p\u00e5 S\u00f6dermalm, i en byggnad som anv\u00e4nts som skola sedan 1916. P A Fogelstr\u00f6ms gymnasium kommer att ha totalt 670 elever p\u00e5 de naturvetenskapliga och ekonomiska programmen n\u00e4r det \u00e4r helt utbyggt. Skolan har en tydlig h\u00f6gskolef\u00f6rberedande karakt\u00e4r.<br \/>\n\u2013 P A Fogelstr\u00f6ms gymnasium renodlar det akademiska och har starkt fokus p\u00e5 \u00e4mneskompetens och samarbete mellan olika team. Det \u00e4r avskalat och v\u00e4ldigt tydligt vad som \u00e4r obligatoriskt och vad som \u00e4r valfritt, s\u00e4ger rektor Thomas Lejdemalm, som tidigare arbetade som rektor f\u00f6r Bernadottegymnasiet. Ocks\u00e5 han lyfter fram hur sp\u00e4nnande det \u00e4r att f\u00e5 vara med och starta en helt ny verksamhet.<br \/>\n\u2013 Vi har lyckats rekrytera enormt duktiga l\u00e4rare och har h\u00f6g niv\u00e5 p\u00e5 undervisningen. Nu bygger vi vidare p\u00e5 erfarenheterna fr\u00e5n v\u00e5rt f\u00f6rsta \u00e5r.<\/p>\n<p><strong>Attraktiv arbetsplats<\/strong><br \/>\nRekryteringen inf\u00f6r h\u00f6sten \u00e4r nu klar p\u00e5 b\u00e5da gymnasierna och det stora antalet h\u00f6gkvalificerade s\u00f6kande vittnar om att s\u00e5v\u00e4l skolorna i sig som Stockholms stad \u00e4r attraktiva arbetsplatser.<br \/>\nI kraft av sin storlek och m\u00e5ngfald kan Stockholms stad erbjuda en exceptionellt bred palett av jobb f\u00f6r l\u00e4rare samtidigt som det finns en trygghet och stabilitet som ger arbetsro. Konkurrenskraftiga l\u00f6ner, ett v\u00e4letablerat kompetensutvecklingsprogram, bra st\u00f6dfunktioner, tj\u00e4nstepensioner och friskv\u00e5rd \u00e4r sj\u00e4lvklara inslag. Annica, Stina och Thomas vill framh\u00e5lla Stockholms stad som arbetsgivare f\u00f6r l\u00e4rare, alldeles oavsett vilken skola man arbetar p\u00e5. Alla tre \u00e4r exempel p\u00e5 de m\u00e5nga olika karri\u00e4rm\u00f6jligheterna och r\u00f6rligheten som finns i staden:<br \/>\n\u2013 H\u00e4r finns det s\u00e5 m\u00e5nga sp\u00e4nnande jobb, oavsett var och hur man vill arbeta. Stockholms stad \u00e4r en dynamisk arbetsplats f\u00f6r l\u00e4rare, d\u00e4r det h\u00e4nder mycket och d\u00e4r man verkligen kan utvecklas i den karri\u00e4r man v\u00e4ljer.<\/p>\n<div class=\"faktaruta-title\">Stockholms stad, gymnasieverksamheten<\/div><div class=\"faktaruta\">Som gymnasiel\u00e4rare i Stockholms stad har du m\u00f6jlighet att utvecklas i din pedagogiska roll och g\u00f6ra karri\u00e4r inom l\u00e4raryrket. Du f\u00e5r tillg\u00e5ng till kompetensutveckling, n\u00e4tverk och seminarier. Du kan bli VFU-handledare, utvecklingsl\u00e4rare, f\u00f6rstel\u00e4rare, lektor och forskare. Du f\u00e5r ocks\u00e5 m\u00f6jlighet att r\u00f6ra dig inom en stor organisation, Stockholms stad har 27 gymnasieskolor och cirka 140 grundskolor. D\u00e4rmed f\u00e5r du som l\u00e4rare tillg\u00e5ng till en bred skara skolor med olika pedagogiska inriktningar och en m\u00e5ngfald av pedagogisk utveckling. Alla l\u00e4rare i Stockholms stad har ocks\u00e5 tillg\u00e5ng till aktuell forskning och senaste nytt inom utbildningsfr\u00e5gor.<\/p>\n<p><strong>Stockholms stad, Utbildningsf\u00f6rvaltningen<\/strong><br \/>\nHantverkargatan 3 A<br \/>\n104 22 Stockholm<br \/>\nTel: 08-508 330 00<br \/>\n<strong><a href=\"http:\/\/www.stockholm.se\" title=\"Stockholm stad textlink\" rel=\"noopener noreferrer\" target=\"_blank\">www.stockholm.se<\/a><\/strong><\/p>\n<p><a href=\"http:\/\/www.stockholm.se\" title=\"Stockholm stad logotype\" rel=\"noopener noreferrer\" target=\"_blank\"><img loading=\"lazy\" decoding=\"async\" src=\"http:\/\/lararkarriar.se\/gymnasieskola\/wp-content\/uploads\/2018\/04\/sthlm_logotyp_svart_cmyk-1-530x181.png\" alt=\"\" width=\"332\" height=\"113\" class=\"alignnone size-large wp-image-5936\" \/><\/a><br \/>\n<\/div>\n","protected":false},"excerpt":{"rendered":"<p>Vill du vara med och bygga framtidens gymnasieskola i Stockholms stad? H\u00e4r finns n\u00e5gra av&#8230;<\/p>\n","protected":false},"author":2,"featured_media":5930,"comment_status":"closed","ping_status":"open","sticky":false,"template":"","format":"standard","meta":{"_acf_changed":false,"_monsterinsights_skip_tracking":false,"_monsterinsights_sitenote_active":false,"_monsterinsights_sitenote_note":"","_monsterinsights_sitenote_category":0,"footnotes":""},"categories":[7],"tags":[15,29,65,87,89,153,254,285],"class_list":["post-5928","post","type-post","status-publish","format-standard","has-post-thumbnail","hentry","category-presentation","tag-anna-whitlocks","tag-attraktiv-arbetsplats","tag-fogelstroms-gymnasium","tag-gymnasie","tag-gymnasielarare","tag-lararjobb","tag-stockholm-stad","tag-utbildningsforvaltningen"],"acf":[],"yoast_head":"<!-- This site is optimized with the Yoast SEO plugin v27.3 - https:\/\/yoast.com\/product\/yoast-seo-wordpress\/ -->\n<title>I Stockholms stad satsar man p\u00e5 gymnasiet - Framtidens karri\u00e4r gymnasiel\u00e4rare<\/title>\n<meta name=\"robots\" content=\"index, follow, max-snippet:-1, max-image-preview:large, max-video-preview:-1\" \/>\n<link rel=\"canonical\" href=\"https:\/\/lararkarriar.se\/gymnasieskola\/2018\/04\/25\/i-stockholms-stad-satsar-man-pa-gymnasiet\/\" \/>\n<meta property=\"og:locale\" content=\"sv_SE\" \/>\n<meta property=\"og:type\" content=\"article\" \/>\n<meta property=\"og:title\" content=\"I Stockholms stad satsar man p\u00e5 gymnasiet - Framtidens karri\u00e4r gymnasiel\u00e4rare\" \/>\n<meta property=\"og:description\" content=\"Vill du vara med och bygga framtidens gymnasieskola i Stockholms stad? H\u00e4r finns n\u00e5gra av...\" \/>\n<meta property=\"og:url\" content=\"https:\/\/lararkarriar.se\/gymnasieskola\/2018\/04\/25\/i-stockholms-stad-satsar-man-pa-gymnasiet\/\" \/>\n<meta property=\"og:site_name\" content=\"Framtidens karri\u00e4r gymnasiel\u00e4rare\" \/>\n<meta property=\"article:published_time\" content=\"2018-04-25T13:21:02+00:00\" \/>\n<meta property=\"og:image\" content=\"https:\/\/lararkarriar.se\/gymnasieskola\/wp-content\/uploads\/sites\/10\/2018\/04\/sthlm-gym-y5a6328.jpg\" \/>\n\t<meta property=\"og:image:width\" content=\"1000\" \/>\n\t<meta property=\"og:image:height\" content=\"667\" \/>\n\t<meta property=\"og:image:type\" content=\"image\/jpeg\" \/>\n<meta name=\"author\" content=\"viktorwallen\" \/>\n<meta name=\"twitter:card\" content=\"summary_large_image\" \/>\n<meta name=\"twitter:label1\" content=\"Skriven av\" \/>\n\t<meta name=\"twitter:data1\" content=\"viktorwallen\" \/>\n\t<meta name=\"twitter:label2\" content=\"Ber\u00e4knad l\u00e4stid\" \/>\n\t<meta name=\"twitter:data2\" content=\"5 minuter\" \/>\n<script type=\"application\/ld+json\" class=\"yoast-schema-graph\">{\"@context\":\"https:\\\/\\\/schema.org\",\"@graph\":[{\"@type\":\"Article\",\"@id\":\"https:\\\/\\\/lararkarriar.se\\\/gymnasieskola\\\/2018\\\/04\\\/25\\\/i-stockholms-stad-satsar-man-pa-gymnasiet\\\/#article\",\"isPartOf\":{\"@id\":\"https:\\\/\\\/lararkarriar.se\\\/gymnasieskola\\\/2018\\\/04\\\/25\\\/i-stockholms-stad-satsar-man-pa-gymnasiet\\\/\"},\"author\":{\"name\":\"viktorwallen\",\"@id\":\"https:\\\/\\\/lararkarriar.se\\\/gymnasieskola\\\/#\\\/schema\\\/person\\\/2a13a849ec7646386c2211f59afe3083\"},\"headline\":\"I Stockholms stad satsar man p\u00e5 gymnasiet\",\"datePublished\":\"2018-04-25T13:21:02+00:00\",\"mainEntityOfPage\":{\"@id\":\"https:\\\/\\\/lararkarriar.se\\\/gymnasieskola\\\/2018\\\/04\\\/25\\\/i-stockholms-stad-satsar-man-pa-gymnasiet\\\/\"},\"wordCount\":968,\"image\":{\"@id\":\"https:\\\/\\\/lararkarriar.se\\\/gymnasieskola\\\/2018\\\/04\\\/25\\\/i-stockholms-stad-satsar-man-pa-gymnasiet\\\/#primaryimage\"},\"thumbnailUrl\":\"https:\\\/\\\/lararkarriar.se\\\/gymnasieskola\\\/wp-content\\\/uploads\\\/sites\\\/10\\\/2018\\\/04\\\/sthlm-gym-y5a6328.jpg\",\"keywords\":[\"Anna Whitlocks\",\"Attraktiv arbetsplats\",\"Fogelstr\u00f6ms gymnasium\",\"Gymnasie\",\"Gymnasiel\u00e4rare\",\"L\u00e4rarjobb\",\"Stockholm stad\",\"Utbildningsf\u00f6rvaltningen\"],\"articleSection\":[\"Presentation\"],\"inLanguage\":\"sv-SE\"},{\"@type\":\"WebPage\",\"@id\":\"https:\\\/\\\/lararkarriar.se\\\/gymnasieskola\\\/2018\\\/04\\\/25\\\/i-stockholms-stad-satsar-man-pa-gymnasiet\\\/\",\"url\":\"https:\\\/\\\/lararkarriar.se\\\/gymnasieskola\\\/2018\\\/04\\\/25\\\/i-stockholms-stad-satsar-man-pa-gymnasiet\\\/\",\"name\":\"I Stockholms stad satsar man p\u00e5 gymnasiet - Framtidens karri\u00e4r gymnasiel\u00e4rare\",\"isPartOf\":{\"@id\":\"https:\\\/\\\/lararkarriar.se\\\/gymnasieskola\\\/#website\"},\"primaryImageOfPage\":{\"@id\":\"https:\\\/\\\/lararkarriar.se\\\/gymnasieskola\\\/2018\\\/04\\\/25\\\/i-stockholms-stad-satsar-man-pa-gymnasiet\\\/#primaryimage\"},\"image\":{\"@id\":\"https:\\\/\\\/lararkarriar.se\\\/gymnasieskola\\\/2018\\\/04\\\/25\\\/i-stockholms-stad-satsar-man-pa-gymnasiet\\\/#primaryimage\"},\"thumbnailUrl\":\"https:\\\/\\\/lararkarriar.se\\\/gymnasieskola\\\/wp-content\\\/uploads\\\/sites\\\/10\\\/2018\\\/04\\\/sthlm-gym-y5a6328.jpg\",\"datePublished\":\"2018-04-25T13:21:02+00:00\",\"author\":{\"@id\":\"https:\\\/\\\/lararkarriar.se\\\/gymnasieskola\\\/#\\\/schema\\\/person\\\/2a13a849ec7646386c2211f59afe3083\"},\"breadcrumb\":{\"@id\":\"https:\\\/\\\/lararkarriar.se\\\/gymnasieskola\\\/2018\\\/04\\\/25\\\/i-stockholms-stad-satsar-man-pa-gymnasiet\\\/#breadcrumb\"},\"inLanguage\":\"sv-SE\",\"potentialAction\":[{\"@type\":\"ReadAction\",\"target\":[\"https:\\\/\\\/lararkarriar.se\\\/gymnasieskola\\\/2018\\\/04\\\/25\\\/i-stockholms-stad-satsar-man-pa-gymnasiet\\\/\"]}]},{\"@type\":\"ImageObject\",\"inLanguage\":\"sv-SE\",\"@id\":\"https:\\\/\\\/lararkarriar.se\\\/gymnasieskola\\\/2018\\\/04\\\/25\\\/i-stockholms-stad-satsar-man-pa-gymnasiet\\\/#primaryimage\",\"url\":\"https:\\\/\\\/lararkarriar.se\\\/gymnasieskola\\\/wp-content\\\/uploads\\\/sites\\\/10\\\/2018\\\/04\\\/sthlm-gym-y5a6328.jpg\",\"contentUrl\":\"https:\\\/\\\/lararkarriar.se\\\/gymnasieskola\\\/wp-content\\\/uploads\\\/sites\\\/10\\\/2018\\\/04\\\/sthlm-gym-y5a6328.jpg\",\"width\":1000,\"height\":667,\"caption\":\"Annica Tengbom \u00d6d\u00e9n, rektor p\u00e5 Anna Whitlocks gymnasium, Thomas Lejdemalm, rektor p\u00e5 P A Fogelstr\u00f6ms gymnasium och Stina Arvas, f\u00f6rstel\u00e4rare p\u00e5 Anna Whitlocks gymnasium. Foto: Gonzalo Irigoyen\"},{\"@type\":\"BreadcrumbList\",\"@id\":\"https:\\\/\\\/lararkarriar.se\\\/gymnasieskola\\\/2018\\\/04\\\/25\\\/i-stockholms-stad-satsar-man-pa-gymnasiet\\\/#breadcrumb\",\"itemListElement\":[{\"@type\":\"ListItem\",\"position\":1,\"name\":\"Home\",\"item\":\"https:\\\/\\\/lararkarriar.se\\\/gymnasieskola\\\/\"},{\"@type\":\"ListItem\",\"position\":2,\"name\":\"I Stockholms stad satsar man p\u00e5 gymnasiet\"}]},{\"@type\":\"WebSite\",\"@id\":\"https:\\\/\\\/lararkarriar.se\\\/gymnasieskola\\\/#website\",\"url\":\"https:\\\/\\\/lararkarriar.se\\\/gymnasieskola\\\/\",\"name\":\"Framtidens karri\u00e4r gymnasiel\u00e4rare\",\"description\":\"Just another NMDashboard.se Sites site\",\"potentialAction\":[{\"@type\":\"SearchAction\",\"target\":{\"@type\":\"EntryPoint\",\"urlTemplate\":\"https:\\\/\\\/lararkarriar.se\\\/gymnasieskola\\\/?s={search_term_string}\"},\"query-input\":{\"@type\":\"PropertyValueSpecification\",\"valueRequired\":true,\"valueName\":\"search_term_string\"}}],\"inLanguage\":\"sv-SE\"},{\"@type\":\"Person\",\"@id\":\"https:\\\/\\\/lararkarriar.se\\\/gymnasieskola\\\/#\\\/schema\\\/person\\\/2a13a849ec7646386c2211f59afe3083\",\"name\":\"viktorwallen\",\"image\":{\"@type\":\"ImageObject\",\"inLanguage\":\"sv-SE\",\"@id\":\"https:\\\/\\\/secure.gravatar.com\\\/avatar\\\/701701bd36169636031933997c8c6b954f2f635bbb7cd4802e4a007f9c9f4e59?s=96&d=mm&r=g\",\"url\":\"https:\\\/\\\/secure.gravatar.com\\\/avatar\\\/701701bd36169636031933997c8c6b954f2f635bbb7cd4802e4a007f9c9f4e59?s=96&d=mm&r=g\",\"contentUrl\":\"https:\\\/\\\/secure.gravatar.com\\\/avatar\\\/701701bd36169636031933997c8c6b954f2f635bbb7cd4802e4a007f9c9f4e59?s=96&d=mm&r=g\",\"caption\":\"viktorwallen\"},\"url\":\"https:\\\/\\\/lararkarriar.se\\\/gymnasieskola\\\/author\\\/viktorwallen\\\/\"}]}<\/script>\n<!-- \/ Yoast SEO plugin. -->","yoast_head_json":{"title":"I Stockholms stad satsar man p\u00e5 gymnasiet - Framtidens karri\u00e4r gymnasiel\u00e4rare","robots":{"index":"index","follow":"follow","max-snippet":"max-snippet:-1","max-image-preview":"max-image-preview:large","max-video-preview":"max-video-preview:-1"},"canonical":"https:\/\/lararkarriar.se\/gymnasieskola\/2018\/04\/25\/i-stockholms-stad-satsar-man-pa-gymnasiet\/","og_locale":"sv_SE","og_type":"article","og_title":"I Stockholms stad satsar man p\u00e5 gymnasiet - Framtidens karri\u00e4r gymnasiel\u00e4rare","og_description":"Vill du vara med och bygga framtidens gymnasieskola i Stockholms stad? H\u00e4r finns n\u00e5gra av...","og_url":"https:\/\/lararkarriar.se\/gymnasieskola\/2018\/04\/25\/i-stockholms-stad-satsar-man-pa-gymnasiet\/","og_site_name":"Framtidens karri\u00e4r gymnasiel\u00e4rare","article_published_time":"2018-04-25T13:21:02+00:00","og_image":[{"width":1000,"height":667,"url":"https:\/\/lararkarriar.se\/gymnasieskola\/wp-content\/uploads\/sites\/10\/2018\/04\/sthlm-gym-y5a6328.jpg","type":"image\/jpeg"}],"author":"viktorwallen","twitter_card":"summary_large_image","twitter_misc":{"Skriven av":"viktorwallen","Ber\u00e4knad l\u00e4stid":"5 minuter"},"schema":{"@context":"https:\/\/schema.org","@graph":[{"@type":"Article","@id":"https:\/\/lararkarriar.se\/gymnasieskola\/2018\/04\/25\/i-stockholms-stad-satsar-man-pa-gymnasiet\/#article","isPartOf":{"@id":"https:\/\/lararkarriar.se\/gymnasieskola\/2018\/04\/25\/i-stockholms-stad-satsar-man-pa-gymnasiet\/"},"author":{"name":"viktorwallen","@id":"https:\/\/lararkarriar.se\/gymnasieskola\/#\/schema\/person\/2a13a849ec7646386c2211f59afe3083"},"headline":"I Stockholms stad satsar man p\u00e5 gymnasiet","datePublished":"2018-04-25T13:21:02+00:00","mainEntityOfPage":{"@id":"https:\/\/lararkarriar.se\/gymnasieskola\/2018\/04\/25\/i-stockholms-stad-satsar-man-pa-gymnasiet\/"},"wordCount":968,"image":{"@id":"https:\/\/lararkarriar.se\/gymnasieskola\/2018\/04\/25\/i-stockholms-stad-satsar-man-pa-gymnasiet\/#primaryimage"},"thumbnailUrl":"https:\/\/lararkarriar.se\/gymnasieskola\/wp-content\/uploads\/sites\/10\/2018\/04\/sthlm-gym-y5a6328.jpg","keywords":["Anna Whitlocks","Attraktiv arbetsplats","Fogelstr\u00f6ms gymnasium","Gymnasie","Gymnasiel\u00e4rare","L\u00e4rarjobb","Stockholm stad","Utbildningsf\u00f6rvaltningen"],"articleSection":["Presentation"],"inLanguage":"sv-SE"},{"@type":"WebPage","@id":"https:\/\/lararkarriar.se\/gymnasieskola\/2018\/04\/25\/i-stockholms-stad-satsar-man-pa-gymnasiet\/","url":"https:\/\/lararkarriar.se\/gymnasieskola\/2018\/04\/25\/i-stockholms-stad-satsar-man-pa-gymnasiet\/","name":"I Stockholms stad satsar man p\u00e5 gymnasiet - Framtidens karri\u00e4r gymnasiel\u00e4rare","isPartOf":{"@id":"https:\/\/lararkarriar.se\/gymnasieskola\/#website"},"primaryImageOfPage":{"@id":"https:\/\/lararkarriar.se\/gymnasieskola\/2018\/04\/25\/i-stockholms-stad-satsar-man-pa-gymnasiet\/#primaryimage"},"image":{"@id":"https:\/\/lararkarriar.se\/gymnasieskola\/2018\/04\/25\/i-stockholms-stad-satsar-man-pa-gymnasiet\/#primaryimage"},"thumbnailUrl":"https:\/\/lararkarriar.se\/gymnasieskola\/wp-content\/uploads\/sites\/10\/2018\/04\/sthlm-gym-y5a6328.jpg","datePublished":"2018-04-25T13:21:02+00:00","author":{"@id":"https:\/\/lararkarriar.se\/gymnasieskola\/#\/schema\/person\/2a13a849ec7646386c2211f59afe3083"},"breadcrumb":{"@id":"https:\/\/lararkarriar.se\/gymnasieskola\/2018\/04\/25\/i-stockholms-stad-satsar-man-pa-gymnasiet\/#breadcrumb"},"inLanguage":"sv-SE","potentialAction":[{"@type":"ReadAction","target":["https:\/\/lararkarriar.se\/gymnasieskola\/2018\/04\/25\/i-stockholms-stad-satsar-man-pa-gymnasiet\/"]}]},{"@type":"ImageObject","inLanguage":"sv-SE","@id":"https:\/\/lararkarriar.se\/gymnasieskola\/2018\/04\/25\/i-stockholms-stad-satsar-man-pa-gymnasiet\/#primaryimage","url":"https:\/\/lararkarriar.se\/gymnasieskola\/wp-content\/uploads\/sites\/10\/2018\/04\/sthlm-gym-y5a6328.jpg","contentUrl":"https:\/\/lararkarriar.se\/gymnasieskola\/wp-content\/uploads\/sites\/10\/2018\/04\/sthlm-gym-y5a6328.jpg","width":1000,"height":667,"caption":"Annica Tengbom \u00d6d\u00e9n, rektor p\u00e5 Anna Whitlocks gymnasium, Thomas Lejdemalm, rektor p\u00e5 P A Fogelstr\u00f6ms gymnasium och Stina Arvas, f\u00f6rstel\u00e4rare p\u00e5 Anna Whitlocks gymnasium. Foto: Gonzalo Irigoyen"},{"@type":"BreadcrumbList","@id":"https:\/\/lararkarriar.se\/gymnasieskola\/2018\/04\/25\/i-stockholms-stad-satsar-man-pa-gymnasiet\/#breadcrumb","itemListElement":[{"@type":"ListItem","position":1,"name":"Home","item":"https:\/\/lararkarriar.se\/gymnasieskola\/"},{"@type":"ListItem","position":2,"name":"I Stockholms stad satsar man p\u00e5 gymnasiet"}]},{"@type":"WebSite","@id":"https:\/\/lararkarriar.se\/gymnasieskola\/#website","url":"https:\/\/lararkarriar.se\/gymnasieskola\/","name":"Framtidens karri\u00e4r gymnasiel\u00e4rare","description":"Just another NMDashboard.se Sites site","potentialAction":[{"@type":"SearchAction","target":{"@type":"EntryPoint","urlTemplate":"https:\/\/lararkarriar.se\/gymnasieskola\/?s={search_term_string}"},"query-input":{"@type":"PropertyValueSpecification","valueRequired":true,"valueName":"search_term_string"}}],"inLanguage":"sv-SE"},{"@type":"Person","@id":"https:\/\/lararkarriar.se\/gymnasieskola\/#\/schema\/person\/2a13a849ec7646386c2211f59afe3083","name":"viktorwallen","image":{"@type":"ImageObject","inLanguage":"sv-SE","@id":"https:\/\/secure.gravatar.com\/avatar\/701701bd36169636031933997c8c6b954f2f635bbb7cd4802e4a007f9c9f4e59?s=96&d=mm&r=g","url":"https:\/\/secure.gravatar.com\/avatar\/701701bd36169636031933997c8c6b954f2f635bbb7cd4802e4a007f9c9f4e59?s=96&d=mm&r=g","contentUrl":"https:\/\/secure.gravatar.com\/avatar\/701701bd36169636031933997c8c6b954f2f635bbb7cd4802e4a007f9c9f4e59?s=96&d=mm&r=g","caption":"viktorwallen"},"url":"https:\/\/lararkarriar.se\/gymnasieskola\/author\/viktorwallen\/"}]}},"_links":{"self":[{"href":"https:\/\/lararkarriar.se\/gymnasieskola\/wp-json\/wp\/v2\/posts\/5928","targetHints":{"allow":["GET"]}}],"collection":[{"href":"https:\/\/lararkarriar.se\/gymnasieskola\/wp-json\/wp\/v2\/posts"}],"about":[{"href":"https:\/\/lararkarriar.se\/gymnasieskola\/wp-json\/wp\/v2\/types\/post"}],"author":[{"embeddable":true,"href":"https:\/\/lararkarriar.se\/gymnasieskola\/wp-json\/wp\/v2\/users\/2"}],"replies":[{"embeddable":true,"href":"https:\/\/lararkarriar.se\/gymnasieskola\/wp-json\/wp\/v2\/comments?post=5928"}],"version-history":[{"count":0,"href":"https:\/\/lararkarriar.se\/gymnasieskola\/wp-json\/wp\/v2\/posts\/5928\/revisions"}],"wp:featuredmedia":[{"embeddable":true,"href":"https:\/\/lararkarriar.se\/gymnasieskola\/wp-json\/wp\/v2\/media\/5930"}],"wp:attachment":[{"href":"https:\/\/lararkarriar.se\/gymnasieskola\/wp-json\/wp\/v2\/media?parent=5928"}],"wp:term":[{"taxonomy":"category","embeddable":true,"href":"https:\/\/lararkarriar.se\/gymnasieskola\/wp-json\/wp\/v2\/categories?post=5928"},{"taxonomy":"post_tag","embeddable":true,"href":"https:\/\/lararkarriar.se\/gymnasieskola\/wp-json\/wp\/v2\/tags?post=5928"}],"curies":[{"name":"wp","href":"https:\/\/api.w.org\/{rel}","templated":true}]}}