{"id":5963,"date":"2018-04-25T12:30:46","date_gmt":"2018-04-25T10:30:46","guid":{"rendered":"http:\/\/lararkarriar.se\/gymnasieskola\/?p=5963"},"modified":"2018-04-25T12:30:46","modified_gmt":"2018-04-25T10:30:46","slug":"sa-hjalper-du-elever-med-talradsla","status":"publish","type":"post","link":"https:\/\/lararkarriar.se\/gymnasieskola\/2018\/04\/25\/sa-hjalper-du-elever-med-talradsla\/","title":{"rendered":"S\u00e5 hj\u00e4lper du elever med talr\u00e4dsla"},"content":{"rendered":"<figure id=\"attachment_5964\" aria-describedby=\"caption-attachment-5964\" style=\"width: 1000px\" class=\"wp-caption alignnone\"><img loading=\"lazy\" decoding=\"async\" class=\"size-full wp-image-5964\" src=\"https:\/\/lararkarriar.se\/gymnasieskola\/wp-content\/uploads\/sites\/10\/2018\/04\/talradsla-daniel-sandin.jpg\" alt=\"Gymnasiel\u00e4raren Daniel Sandin h\u00e5ller en s\u00e4rskild retorikkurs f\u00f6r talr\u00e4dda elever och \u00e4r f\u00f6rv\u00e5nad \u00f6ver att fler skolor inte f\u00e5ngar upp det behovet.\" width=\"1000\" height=\"696\" srcset=\"https:\/\/lararkarriar.se\/gymnasieskola\/wp-content\/uploads\/sites\/10\/2018\/04\/talradsla-daniel-sandin.jpg 1000w, https:\/\/lararkarriar.se\/gymnasieskola\/wp-content\/uploads\/sites\/10\/2018\/04\/talradsla-daniel-sandin-300x209.jpg 300w, https:\/\/lararkarriar.se\/gymnasieskola\/wp-content\/uploads\/sites\/10\/2018\/04\/talradsla-daniel-sandin-768x535.jpg 768w, https:\/\/lararkarriar.se\/gymnasieskola\/wp-content\/uploads\/sites\/10\/2018\/04\/talradsla-daniel-sandin-230x160.jpg 230w, https:\/\/lararkarriar.se\/gymnasieskola\/wp-content\/uploads\/sites\/10\/2018\/04\/talradsla-daniel-sandin-526x366.jpg 526w, https:\/\/lararkarriar.se\/gymnasieskola\/wp-content\/uploads\/sites\/10\/2018\/04\/talradsla-daniel-sandin-720x501.jpg 720w, https:\/\/lararkarriar.se\/gymnasieskola\/wp-content\/uploads\/sites\/10\/2018\/04\/talradsla-daniel-sandin-960x668.jpg 960w\" sizes=\"auto, (max-width: 1000px) 100vw, 1000px\" \/><figcaption id=\"caption-attachment-5964\" class=\"wp-caption-text\">Gymnasiel\u00e4raren Daniel Sandin h\u00e5ller en s\u00e4rskild retorikkurs f\u00f6r talr\u00e4dda elever och \u00e4r f\u00f6rv\u00e5nad \u00f6ver att fler skolor inte f\u00e5ngar upp det behovet.<\/figcaption><\/figure>\n<p><strong>M\u00e5nga l\u00e4rare m\u00f6ter elever som \u00e4r r\u00e4dda f\u00f6r att prata i klassrummet. Gymnasiel\u00e4raren Daniel Sandin utkom f\u00f6rra \u00e5ret med en bok p\u00e5 temat och brinner f\u00f6r att fler ska kunna g\u00f6ra sina r\u00f6ster h\u00f6rda. H\u00e4r \u00e4r hans b\u00e4sta tips p\u00e5 hur du kan hj\u00e4lpa eleverna.<\/strong><\/p>\n<p>Daniel Sandin \u00e4r sedan 15 \u00e5r tillbaka gymnasiel\u00e4rare i svenska, historia och religionskunskap. Hans bok \u201dTalr\u00e4dsla i skolan\u201d g\u00e5r igenom konkreta \u00f6vningar att g\u00f6ra med talr\u00e4dda elever samt ber\u00e4ttar om fenomenet.<br \/>\n\u2013 Det \u00e4r inte sj\u00e4lvklart att man k\u00e4nner igen de h\u00e4r eleverna. M\u00e5nga tror till exempel att talr\u00e4dda elever \u00e4r blyga och tillbakadragna men s\u00e5 beh\u00f6ver det inte alls vara.<br \/>\nDaniel Sandin tycker att det b\u00e4sta s\u00e4ttet att hj\u00e4lpa talr\u00e4dda elever p\u00e5 \u00e4r att erbjuda m\u00f6jlighet att systematiskt arbeta med problemet, exempelvis genom specialkurser. Han sj\u00e4lv h\u00e5ller en retorikkurs f\u00f6r talr\u00e4dda.<br \/>\n\u2013 Det viktiga \u00e4r att avs\u00e4tta tid s\u00e5 att talr\u00e4dda elever kan f\u00e5 tr\u00e4na med andra elever som k\u00e4nner likadant. Det fungerar ypperligt. Men tyv\u00e4rr finns inte de m\u00f6jligheterna p\u00e5 m\u00e5nga skolor.<\/p>\n<p><strong>Slippa undan \u2013 en bj\u00f6rntj\u00e4nst<\/strong><br \/>\nDet finns \u00e4nd\u00e5 mycket man som l\u00e4rare kan g\u00f6ra f\u00f6r att hj\u00e4lpa eleverna. Ett f\u00f6rsta steg \u00e4r att prata om talr\u00e4dsla.<br \/>\n\u2013 Sedan handlar det om att inte l\u00e5ta dem slippa undan. Det \u00e4r viktigt. Vi vill hj\u00e4lpa dem och det tar sig ibland uttryck i bj\u00f6rntj\u00e4nster, att de slipper sin redovisning eller bara beh\u00f6ver g\u00f6ra den inf\u00f6r l\u00e4raren. P\u00e5 sikt blir det ett misslyckande som bekr\u00e4ftar f\u00f6r eleven att man inte klarar detta, och det sker ingen utveckling.<br \/>\nExempelvis kan eleven f\u00e5 h\u00e5lla sin redovisning inf\u00f6r l\u00e4rare och n\u00e5gra f\u00e5 kamrater i b\u00f6rjan av en lektion, och igen i slutet men d\u00e5 inf\u00f6r en st\u00f6rre grupp.<br \/>\n\u2013 Man f\u00e5r vara lite finurlig och till exempel s\u00e4ga att man bara kommer att ta h\u00e4nsyn till den g\u00e5ngen som det g\u00e5r b\u00e4st n\u00e4r man s\u00e4tter betyg, det brukar elever nappa p\u00e5. Men i sj\u00e4lva verket handlar det om att f\u00e5 dem att tr\u00e4na, s\u00e4ger Daniel Sandin.<\/p>\n<p><strong>\u00d6vning det centrala<\/strong><br \/>\nEtt annat s\u00e4tt \u00e4r att l\u00e5ta eleven spela in redovisningen hemma och ha som en slags backup att visa l\u00e4raren ifall redovisningen i klassrummet inte skulle g\u00e5 bra.<br \/>\nMen nyckeln \u00e4r allts\u00e5 \u00f6vning, mer \u00f6vning och \u00e4nnu mer \u00f6vning.<br \/>\n\u2013 Det \u00e4r klart att det \u00e4r tidskr\u00e4vande om man till exempel l\u00e5ter eleven redovisa flera g\u00e5nger. Men det tar kanske 5\u201310 minuter extra och det tycker jag att man kan l\u00e4gga. Alla elevers individuella behov tar tid och just talr\u00e4dsla \u00e4r ett problem som vi alldeles f\u00f6r ofta blundar f\u00f6r.<\/p>\n","protected":false},"excerpt":{"rendered":"<p>M\u00e5nga l\u00e4rare m\u00f6ter elever som \u00e4r r\u00e4dda f\u00f6r att prata i klassrummet. Gymnasiel\u00e4raren Daniel Sandin&#8230;<\/p>\n","protected":false},"author":3,"featured_media":5964,"comment_status":"closed","ping_status":"open","sticky":false,"template":"","format":"standard","meta":{"_acf_changed":false,"_monsterinsights_skip_tracking":false,"_monsterinsights_sitenote_active":false,"_monsterinsights_sitenote_note":"","_monsterinsights_sitenote_category":0,"footnotes":""},"categories":[1],"tags":[40,101,244,265,266,272],"class_list":["post-5963","post","type-post","status-publish","format-standard","has-post-thumbnail","hentry","category-artikel","tag-bok","tag-hjalp","tag-specialkurser","tag-talradsla","tag-talradsla-i-skolan","tag-traning"],"acf":[],"yoast_head":"<!-- This site is optimized with the Yoast SEO plugin v27.3 - https:\/\/yoast.com\/product\/yoast-seo-wordpress\/ -->\n<title>S\u00e5 hj\u00e4lper du elever med talr\u00e4dsla - Framtidens karri\u00e4r gymnasiel\u00e4rare<\/title>\n<meta name=\"robots\" content=\"index, follow, max-snippet:-1, max-image-preview:large, max-video-preview:-1\" \/>\n<link rel=\"canonical\" href=\"https:\/\/lararkarriar.se\/gymnasieskola\/2018\/04\/25\/sa-hjalper-du-elever-med-talradsla\/\" \/>\n<meta property=\"og:locale\" content=\"sv_SE\" \/>\n<meta property=\"og:type\" content=\"article\" \/>\n<meta property=\"og:title\" content=\"S\u00e5 hj\u00e4lper du elever med talr\u00e4dsla - Framtidens karri\u00e4r gymnasiel\u00e4rare\" \/>\n<meta property=\"og:description\" content=\"M\u00e5nga l\u00e4rare m\u00f6ter elever som \u00e4r r\u00e4dda f\u00f6r att prata i klassrummet. Gymnasiel\u00e4raren Daniel Sandin...\" \/>\n<meta property=\"og:url\" content=\"https:\/\/lararkarriar.se\/gymnasieskola\/2018\/04\/25\/sa-hjalper-du-elever-med-talradsla\/\" \/>\n<meta property=\"og:site_name\" content=\"Framtidens karri\u00e4r gymnasiel\u00e4rare\" \/>\n<meta property=\"article:published_time\" content=\"2018-04-25T10:30:46+00:00\" \/>\n<meta property=\"og:image\" content=\"https:\/\/lararkarriar.se\/gymnasieskola\/wp-content\/uploads\/sites\/10\/2018\/04\/talradsla-daniel-sandin.jpg\" \/>\n\t<meta property=\"og:image:width\" content=\"1000\" \/>\n\t<meta property=\"og:image:height\" content=\"696\" \/>\n\t<meta property=\"og:image:type\" content=\"image\/jpeg\" \/>\n<meta name=\"author\" content=\"stellanstal\" \/>\n<meta name=\"twitter:card\" content=\"summary_large_image\" \/>\n<meta name=\"twitter:label1\" content=\"Skriven av\" \/>\n\t<meta name=\"twitter:data1\" content=\"stellanstal\" \/>\n\t<meta name=\"twitter:label2\" content=\"Ber\u00e4knad l\u00e4stid\" \/>\n\t<meta name=\"twitter:data2\" content=\"3 minuter\" \/>\n<script type=\"application\/ld+json\" class=\"yoast-schema-graph\">{\"@context\":\"https:\\\/\\\/schema.org\",\"@graph\":[{\"@type\":\"Article\",\"@id\":\"https:\\\/\\\/lararkarriar.se\\\/gymnasieskola\\\/2018\\\/04\\\/25\\\/sa-hjalper-du-elever-med-talradsla\\\/#article\",\"isPartOf\":{\"@id\":\"https:\\\/\\\/lararkarriar.se\\\/gymnasieskola\\\/2018\\\/04\\\/25\\\/sa-hjalper-du-elever-med-talradsla\\\/\"},\"author\":{\"name\":\"stellanstal\",\"@id\":\"https:\\\/\\\/lararkarriar.se\\\/gymnasieskola\\\/#\\\/schema\\\/person\\\/c8a43eb855191e573b73ecf8987a3b99\"},\"headline\":\"S\u00e5 hj\u00e4lper du elever med talr\u00e4dsla\",\"datePublished\":\"2018-04-25T10:30:46+00:00\",\"mainEntityOfPage\":{\"@id\":\"https:\\\/\\\/lararkarriar.se\\\/gymnasieskola\\\/2018\\\/04\\\/25\\\/sa-hjalper-du-elever-med-talradsla\\\/\"},\"wordCount\":547,\"image\":{\"@id\":\"https:\\\/\\\/lararkarriar.se\\\/gymnasieskola\\\/2018\\\/04\\\/25\\\/sa-hjalper-du-elever-med-talradsla\\\/#primaryimage\"},\"thumbnailUrl\":\"https:\\\/\\\/lararkarriar.se\\\/gymnasieskola\\\/wp-content\\\/uploads\\\/sites\\\/10\\\/2018\\\/04\\\/talradsla-daniel-sandin.jpg\",\"keywords\":[\"Bok\",\"Hj\u00e4lp\",\"Specialkurser\",\"Talr\u00e4dsla\",\"Talr\u00e4dsla i skolan\",\"Tr\u00e4ning\"],\"articleSection\":[\"Artikel\"],\"inLanguage\":\"sv-SE\"},{\"@type\":\"WebPage\",\"@id\":\"https:\\\/\\\/lararkarriar.se\\\/gymnasieskola\\\/2018\\\/04\\\/25\\\/sa-hjalper-du-elever-med-talradsla\\\/\",\"url\":\"https:\\\/\\\/lararkarriar.se\\\/gymnasieskola\\\/2018\\\/04\\\/25\\\/sa-hjalper-du-elever-med-talradsla\\\/\",\"name\":\"S\u00e5 hj\u00e4lper du elever med talr\u00e4dsla - Framtidens karri\u00e4r gymnasiel\u00e4rare\",\"isPartOf\":{\"@id\":\"https:\\\/\\\/lararkarriar.se\\\/gymnasieskola\\\/#website\"},\"primaryImageOfPage\":{\"@id\":\"https:\\\/\\\/lararkarriar.se\\\/gymnasieskola\\\/2018\\\/04\\\/25\\\/sa-hjalper-du-elever-med-talradsla\\\/#primaryimage\"},\"image\":{\"@id\":\"https:\\\/\\\/lararkarriar.se\\\/gymnasieskola\\\/2018\\\/04\\\/25\\\/sa-hjalper-du-elever-med-talradsla\\\/#primaryimage\"},\"thumbnailUrl\":\"https:\\\/\\\/lararkarriar.se\\\/gymnasieskola\\\/wp-content\\\/uploads\\\/sites\\\/10\\\/2018\\\/04\\\/talradsla-daniel-sandin.jpg\",\"datePublished\":\"2018-04-25T10:30:46+00:00\",\"author\":{\"@id\":\"https:\\\/\\\/lararkarriar.se\\\/gymnasieskola\\\/#\\\/schema\\\/person\\\/c8a43eb855191e573b73ecf8987a3b99\"},\"breadcrumb\":{\"@id\":\"https:\\\/\\\/lararkarriar.se\\\/gymnasieskola\\\/2018\\\/04\\\/25\\\/sa-hjalper-du-elever-med-talradsla\\\/#breadcrumb\"},\"inLanguage\":\"sv-SE\",\"potentialAction\":[{\"@type\":\"ReadAction\",\"target\":[\"https:\\\/\\\/lararkarriar.se\\\/gymnasieskola\\\/2018\\\/04\\\/25\\\/sa-hjalper-du-elever-med-talradsla\\\/\"]}]},{\"@type\":\"ImageObject\",\"inLanguage\":\"sv-SE\",\"@id\":\"https:\\\/\\\/lararkarriar.se\\\/gymnasieskola\\\/2018\\\/04\\\/25\\\/sa-hjalper-du-elever-med-talradsla\\\/#primaryimage\",\"url\":\"https:\\\/\\\/lararkarriar.se\\\/gymnasieskola\\\/wp-content\\\/uploads\\\/sites\\\/10\\\/2018\\\/04\\\/talradsla-daniel-sandin.jpg\",\"contentUrl\":\"https:\\\/\\\/lararkarriar.se\\\/gymnasieskola\\\/wp-content\\\/uploads\\\/sites\\\/10\\\/2018\\\/04\\\/talradsla-daniel-sandin.jpg\",\"width\":1000,\"height\":696,\"caption\":\"Gymnasiel\u00e4raren Daniel Sandin h\u00e5ller en s\u00e4rskild retorikkurs f\u00f6r talr\u00e4dda elever och \u00e4r f\u00f6rv\u00e5nad \u00f6ver att fler skolor inte f\u00e5ngar upp det behovet.\"},{\"@type\":\"BreadcrumbList\",\"@id\":\"https:\\\/\\\/lararkarriar.se\\\/gymnasieskola\\\/2018\\\/04\\\/25\\\/sa-hjalper-du-elever-med-talradsla\\\/#breadcrumb\",\"itemListElement\":[{\"@type\":\"ListItem\",\"position\":1,\"name\":\"Home\",\"item\":\"https:\\\/\\\/lararkarriar.se\\\/gymnasieskola\\\/\"},{\"@type\":\"ListItem\",\"position\":2,\"name\":\"S\u00e5 hj\u00e4lper du elever med talr\u00e4dsla\"}]},{\"@type\":\"WebSite\",\"@id\":\"https:\\\/\\\/lararkarriar.se\\\/gymnasieskola\\\/#website\",\"url\":\"https:\\\/\\\/lararkarriar.se\\\/gymnasieskola\\\/\",\"name\":\"Framtidens karri\u00e4r gymnasiel\u00e4rare\",\"description\":\"Just another NMDashboard.se Sites site\",\"potentialAction\":[{\"@type\":\"SearchAction\",\"target\":{\"@type\":\"EntryPoint\",\"urlTemplate\":\"https:\\\/\\\/lararkarriar.se\\\/gymnasieskola\\\/?s={search_term_string}\"},\"query-input\":{\"@type\":\"PropertyValueSpecification\",\"valueRequired\":true,\"valueName\":\"search_term_string\"}}],\"inLanguage\":\"sv-SE\"},{\"@type\":\"Person\",\"@id\":\"https:\\\/\\\/lararkarriar.se\\\/gymnasieskola\\\/#\\\/schema\\\/person\\\/c8a43eb855191e573b73ecf8987a3b99\",\"name\":\"stellanstal\",\"image\":{\"@type\":\"ImageObject\",\"inLanguage\":\"sv-SE\",\"@id\":\"https:\\\/\\\/secure.gravatar.com\\\/avatar\\\/cd330fa6bb17f598124b2068ee0b189e4fe0987a50af9d53b78410836060d0c9?s=96&d=mm&r=g\",\"url\":\"https:\\\/\\\/secure.gravatar.com\\\/avatar\\\/cd330fa6bb17f598124b2068ee0b189e4fe0987a50af9d53b78410836060d0c9?s=96&d=mm&r=g\",\"contentUrl\":\"https:\\\/\\\/secure.gravatar.com\\\/avatar\\\/cd330fa6bb17f598124b2068ee0b189e4fe0987a50af9d53b78410836060d0c9?s=96&d=mm&r=g\",\"caption\":\"stellanstal\"},\"url\":\"https:\\\/\\\/lararkarriar.se\\\/gymnasieskola\\\/author\\\/stellanstal\\\/\"}]}<\/script>\n<!-- \/ Yoast SEO plugin. -->","yoast_head_json":{"title":"S\u00e5 hj\u00e4lper du elever med talr\u00e4dsla - Framtidens karri\u00e4r gymnasiel\u00e4rare","robots":{"index":"index","follow":"follow","max-snippet":"max-snippet:-1","max-image-preview":"max-image-preview:large","max-video-preview":"max-video-preview:-1"},"canonical":"https:\/\/lararkarriar.se\/gymnasieskola\/2018\/04\/25\/sa-hjalper-du-elever-med-talradsla\/","og_locale":"sv_SE","og_type":"article","og_title":"S\u00e5 hj\u00e4lper du elever med talr\u00e4dsla - Framtidens karri\u00e4r gymnasiel\u00e4rare","og_description":"M\u00e5nga l\u00e4rare m\u00f6ter elever som \u00e4r r\u00e4dda f\u00f6r att prata i klassrummet. Gymnasiel\u00e4raren Daniel Sandin...","og_url":"https:\/\/lararkarriar.se\/gymnasieskola\/2018\/04\/25\/sa-hjalper-du-elever-med-talradsla\/","og_site_name":"Framtidens karri\u00e4r gymnasiel\u00e4rare","article_published_time":"2018-04-25T10:30:46+00:00","og_image":[{"width":1000,"height":696,"url":"https:\/\/lararkarriar.se\/gymnasieskola\/wp-content\/uploads\/sites\/10\/2018\/04\/talradsla-daniel-sandin.jpg","type":"image\/jpeg"}],"author":"stellanstal","twitter_card":"summary_large_image","twitter_misc":{"Skriven av":"stellanstal","Ber\u00e4knad l\u00e4stid":"3 minuter"},"schema":{"@context":"https:\/\/schema.org","@graph":[{"@type":"Article","@id":"https:\/\/lararkarriar.se\/gymnasieskola\/2018\/04\/25\/sa-hjalper-du-elever-med-talradsla\/#article","isPartOf":{"@id":"https:\/\/lararkarriar.se\/gymnasieskola\/2018\/04\/25\/sa-hjalper-du-elever-med-talradsla\/"},"author":{"name":"stellanstal","@id":"https:\/\/lararkarriar.se\/gymnasieskola\/#\/schema\/person\/c8a43eb855191e573b73ecf8987a3b99"},"headline":"S\u00e5 hj\u00e4lper du elever med talr\u00e4dsla","datePublished":"2018-04-25T10:30:46+00:00","mainEntityOfPage":{"@id":"https:\/\/lararkarriar.se\/gymnasieskola\/2018\/04\/25\/sa-hjalper-du-elever-med-talradsla\/"},"wordCount":547,"image":{"@id":"https:\/\/lararkarriar.se\/gymnasieskola\/2018\/04\/25\/sa-hjalper-du-elever-med-talradsla\/#primaryimage"},"thumbnailUrl":"https:\/\/lararkarriar.se\/gymnasieskola\/wp-content\/uploads\/sites\/10\/2018\/04\/talradsla-daniel-sandin.jpg","keywords":["Bok","Hj\u00e4lp","Specialkurser","Talr\u00e4dsla","Talr\u00e4dsla i skolan","Tr\u00e4ning"],"articleSection":["Artikel"],"inLanguage":"sv-SE"},{"@type":"WebPage","@id":"https:\/\/lararkarriar.se\/gymnasieskola\/2018\/04\/25\/sa-hjalper-du-elever-med-talradsla\/","url":"https:\/\/lararkarriar.se\/gymnasieskola\/2018\/04\/25\/sa-hjalper-du-elever-med-talradsla\/","name":"S\u00e5 hj\u00e4lper du elever med talr\u00e4dsla - Framtidens karri\u00e4r gymnasiel\u00e4rare","isPartOf":{"@id":"https:\/\/lararkarriar.se\/gymnasieskola\/#website"},"primaryImageOfPage":{"@id":"https:\/\/lararkarriar.se\/gymnasieskola\/2018\/04\/25\/sa-hjalper-du-elever-med-talradsla\/#primaryimage"},"image":{"@id":"https:\/\/lararkarriar.se\/gymnasieskola\/2018\/04\/25\/sa-hjalper-du-elever-med-talradsla\/#primaryimage"},"thumbnailUrl":"https:\/\/lararkarriar.se\/gymnasieskola\/wp-content\/uploads\/sites\/10\/2018\/04\/talradsla-daniel-sandin.jpg","datePublished":"2018-04-25T10:30:46+00:00","author":{"@id":"https:\/\/lararkarriar.se\/gymnasieskola\/#\/schema\/person\/c8a43eb855191e573b73ecf8987a3b99"},"breadcrumb":{"@id":"https:\/\/lararkarriar.se\/gymnasieskola\/2018\/04\/25\/sa-hjalper-du-elever-med-talradsla\/#breadcrumb"},"inLanguage":"sv-SE","potentialAction":[{"@type":"ReadAction","target":["https:\/\/lararkarriar.se\/gymnasieskola\/2018\/04\/25\/sa-hjalper-du-elever-med-talradsla\/"]}]},{"@type":"ImageObject","inLanguage":"sv-SE","@id":"https:\/\/lararkarriar.se\/gymnasieskola\/2018\/04\/25\/sa-hjalper-du-elever-med-talradsla\/#primaryimage","url":"https:\/\/lararkarriar.se\/gymnasieskola\/wp-content\/uploads\/sites\/10\/2018\/04\/talradsla-daniel-sandin.jpg","contentUrl":"https:\/\/lararkarriar.se\/gymnasieskola\/wp-content\/uploads\/sites\/10\/2018\/04\/talradsla-daniel-sandin.jpg","width":1000,"height":696,"caption":"Gymnasiel\u00e4raren Daniel Sandin h\u00e5ller en s\u00e4rskild retorikkurs f\u00f6r talr\u00e4dda elever och \u00e4r f\u00f6rv\u00e5nad \u00f6ver att fler skolor inte f\u00e5ngar upp det behovet."},{"@type":"BreadcrumbList","@id":"https:\/\/lararkarriar.se\/gymnasieskola\/2018\/04\/25\/sa-hjalper-du-elever-med-talradsla\/#breadcrumb","itemListElement":[{"@type":"ListItem","position":1,"name":"Home","item":"https:\/\/lararkarriar.se\/gymnasieskola\/"},{"@type":"ListItem","position":2,"name":"S\u00e5 hj\u00e4lper du elever med talr\u00e4dsla"}]},{"@type":"WebSite","@id":"https:\/\/lararkarriar.se\/gymnasieskola\/#website","url":"https:\/\/lararkarriar.se\/gymnasieskola\/","name":"Framtidens karri\u00e4r gymnasiel\u00e4rare","description":"Just another NMDashboard.se Sites site","potentialAction":[{"@type":"SearchAction","target":{"@type":"EntryPoint","urlTemplate":"https:\/\/lararkarriar.se\/gymnasieskola\/?s={search_term_string}"},"query-input":{"@type":"PropertyValueSpecification","valueRequired":true,"valueName":"search_term_string"}}],"inLanguage":"sv-SE"},{"@type":"Person","@id":"https:\/\/lararkarriar.se\/gymnasieskola\/#\/schema\/person\/c8a43eb855191e573b73ecf8987a3b99","name":"stellanstal","image":{"@type":"ImageObject","inLanguage":"sv-SE","@id":"https:\/\/secure.gravatar.com\/avatar\/cd330fa6bb17f598124b2068ee0b189e4fe0987a50af9d53b78410836060d0c9?s=96&d=mm&r=g","url":"https:\/\/secure.gravatar.com\/avatar\/cd330fa6bb17f598124b2068ee0b189e4fe0987a50af9d53b78410836060d0c9?s=96&d=mm&r=g","contentUrl":"https:\/\/secure.gravatar.com\/avatar\/cd330fa6bb17f598124b2068ee0b189e4fe0987a50af9d53b78410836060d0c9?s=96&d=mm&r=g","caption":"stellanstal"},"url":"https:\/\/lararkarriar.se\/gymnasieskola\/author\/stellanstal\/"}]}},"_links":{"self":[{"href":"https:\/\/lararkarriar.se\/gymnasieskola\/wp-json\/wp\/v2\/posts\/5963","targetHints":{"allow":["GET"]}}],"collection":[{"href":"https:\/\/lararkarriar.se\/gymnasieskola\/wp-json\/wp\/v2\/posts"}],"about":[{"href":"https:\/\/lararkarriar.se\/gymnasieskola\/wp-json\/wp\/v2\/types\/post"}],"author":[{"embeddable":true,"href":"https:\/\/lararkarriar.se\/gymnasieskola\/wp-json\/wp\/v2\/users\/3"}],"replies":[{"embeddable":true,"href":"https:\/\/lararkarriar.se\/gymnasieskola\/wp-json\/wp\/v2\/comments?post=5963"}],"version-history":[{"count":0,"href":"https:\/\/lararkarriar.se\/gymnasieskola\/wp-json\/wp\/v2\/posts\/5963\/revisions"}],"wp:featuredmedia":[{"embeddable":true,"href":"https:\/\/lararkarriar.se\/gymnasieskola\/wp-json\/wp\/v2\/media\/5964"}],"wp:attachment":[{"href":"https:\/\/lararkarriar.se\/gymnasieskola\/wp-json\/wp\/v2\/media?parent=5963"}],"wp:term":[{"taxonomy":"category","embeddable":true,"href":"https:\/\/lararkarriar.se\/gymnasieskola\/wp-json\/wp\/v2\/categories?post=5963"},{"taxonomy":"post_tag","embeddable":true,"href":"https:\/\/lararkarriar.se\/gymnasieskola\/wp-json\/wp\/v2\/tags?post=5963"}],"curies":[{"name":"wp","href":"https:\/\/api.w.org\/{rel}","templated":true}]}}