{"id":5971,"date":"2018-04-25T12:36:04","date_gmt":"2018-04-25T10:36:04","guid":{"rendered":"http:\/\/lararkarriar.se\/gymnasieskola\/?p=5971"},"modified":"2018-04-25T12:36:04","modified_gmt":"2018-04-25T10:36:04","slug":"sa-gynnas-larare-av-kommunsamarbete","status":"publish","type":"post","link":"https:\/\/lararkarriar.se\/gymnasieskola\/2018\/04\/25\/sa-gynnas-larare-av-kommunsamarbete\/","title":{"rendered":"S\u00e5 gynnas l\u00e4rare av kommunsamarbete"},"content":{"rendered":"<figure id=\"attachment_5972\" aria-describedby=\"caption-attachment-5972\" style=\"width: 1000px\" class=\"wp-caption alignnone\"><img loading=\"lazy\" decoding=\"async\" class=\"size-full wp-image-5972\" src=\"https:\/\/lararkarriar.se\/gymnasieskola\/wp-content\/uploads\/sites\/10\/2018\/04\/forbund2-180412-1-134.jpg\" alt=\"Thomas Winqvist, chef \u00f6ver H\u00e4lsinglands Utbildningsf\u00f6rbund. Foto: Johan L\u00f6f\" width=\"1000\" height=\"696\" srcset=\"https:\/\/lararkarriar.se\/gymnasieskola\/wp-content\/uploads\/sites\/10\/2018\/04\/forbund2-180412-1-134.jpg 1000w, https:\/\/lararkarriar.se\/gymnasieskola\/wp-content\/uploads\/sites\/10\/2018\/04\/forbund2-180412-1-134-300x209.jpg 300w, https:\/\/lararkarriar.se\/gymnasieskola\/wp-content\/uploads\/sites\/10\/2018\/04\/forbund2-180412-1-134-768x535.jpg 768w, https:\/\/lararkarriar.se\/gymnasieskola\/wp-content\/uploads\/sites\/10\/2018\/04\/forbund2-180412-1-134-230x160.jpg 230w, https:\/\/lararkarriar.se\/gymnasieskola\/wp-content\/uploads\/sites\/10\/2018\/04\/forbund2-180412-1-134-526x366.jpg 526w, https:\/\/lararkarriar.se\/gymnasieskola\/wp-content\/uploads\/sites\/10\/2018\/04\/forbund2-180412-1-134-720x501.jpg 720w, https:\/\/lararkarriar.se\/gymnasieskola\/wp-content\/uploads\/sites\/10\/2018\/04\/forbund2-180412-1-134-960x668.jpg 960w\" sizes=\"auto, (max-width: 1000px) 100vw, 1000px\" \/><figcaption id=\"caption-attachment-5972\" class=\"wp-caption-text\">Thomas Winqvist, chef \u00f6ver H\u00e4lsinglands Utbildningsf\u00f6rbund. Foto: Johan L\u00f6f<\/figcaption><\/figure>\n<p><strong>Genom att tre kommuner i H\u00e4lsingland bildat ett gemensamt utbildningsf\u00f6rbund har l\u00e4rarna f\u00e5tt ett bredare kollegialt n\u00e4tverk och st\u00f6rre karri\u00e4rm\u00f6jligheter.<\/strong><\/p>\n<p>F\u00f6r att kunna erbjuda utbildningar med bredd och kvalitet i ett samh\u00e4lle kr\u00e4vs resurser. Som liten kommun \u00e4r det en tuff uppgift att klara av. Det var mot den bakgrunden som Bolln\u00e4s, Nordanstig och S\u00f6derhamns kommuner \u00e5r 2015 gick ihop och bildade ett gemensamt utbildningsf\u00f6rbund. Samarbetet har bidragit till ett st\u00f6rre utbud av utbildningar f\u00f6r inv\u00e5narna och har samtidigt bidragit till ett uppsving f\u00f6r l\u00e4rarna.<br \/>\nF\u00f6rr kunde en l\u00e4rare vara ensam i sin yrkesroll i den egna kommunen. Nu \u00f6ppnas m\u00f6jligheten att enkelt n\u00e4tverka med kollegor som undervisar i samma \u00e4mne som en sj\u00e4lv, p\u00e5 en annan skola men inom samma f\u00f6rbund.<br \/>\n\u2013 Fr\u00e5n ledningens sida kan vi \u00e4ven g\u00f6ra mer riktade utbildningssatsningar. N\u00e5gra spr\u00e5kl\u00e4rare ska exempelvis gemensamt \u00e5ka i v\u00e4g p\u00e5 utlandsresa f\u00f6r fortbildning under v\u00e5ren, s\u00e4ger Thomas Winqvist, chef \u00f6ver H\u00e4lsinglands Utbildningsf\u00f6rbund.<\/p>\n<p><strong>Lett till \u00f6kad r\u00f6rlighet<\/strong><br \/>\nTack vare kommunsamverkan har karri\u00e4rm\u00f6jligheterna f\u00f6r l\u00e4rare \u00f6kat eftersom en och samma arbetsgivare kan erbjuda s\u00e5 m\u00e5nga olika typer av tj\u00e4nster inom utbildningsomr\u00e5det. Under samma tak ing\u00e5r f\u00f6rutom gymnasieskolorna \u00e4ven vuxenutbildningar, yrkesh\u00f6gskola och distansstudier p\u00e5 h\u00f6gskola och universitet. Dessutom finns en avdelning f\u00f6r forskning. Alla drar nytta av varandras verksamheter i h\u00f6gre utstr\u00e4ckning sedan den organisatoriska hopslagningen genomf\u00f6rdes.<br \/>\nBildandet av H\u00e4lsinglands Utbildningsf\u00f6rbund har ocks\u00e5 gett en st\u00f6rre pondus i ett vidare perspektiv.<br \/>\n\u2013 H\u00e4lsingland har tidigare inte varit s\u00e5 starkt varum\u00e4rke som exempelvis Dalarna. Vi har varit lite dolda trots att vi finns bara tv\u00e5 timmar fr\u00e5n huvudstaden. Nu m\u00e4rker vi att v\u00e5r attraktionskraft \u00f6kar. Det g\u00f6r det l\u00e4ttare f\u00f6r oss att b\u00e5de beh\u00e5lla personal och locka till oss ny. Den h\u00e4r typen av kommunsamarbeten \u00e4r helt i tiden, s\u00e4ger Thomas Winqvist.<\/p>\n","protected":false},"excerpt":{"rendered":"<p>Genom att tre kommuner i H\u00e4lsingland bildat ett gemensamt utbildningsf\u00f6rbund har l\u00e4rarna f\u00e5tt ett bredare&#8230;<\/p>\n","protected":false},"author":3,"featured_media":5972,"comment_status":"closed","ping_status":"open","sticky":false,"template":"","format":"standard","meta":{"_acf_changed":false,"_monsterinsights_skip_tracking":false,"_monsterinsights_sitenote_active":false,"_monsterinsights_sitenote_note":"","_monsterinsights_sitenote_category":0,"footnotes":""},"categories":[1],"tags":[41,95,96,130,145,190,221,242],"class_list":["post-5971","post","type-post","status-publish","format-standard","has-post-thumbnail","hentry","category-artikel","tag-bollnas","tag-halsingland","tag-halsinglands-utbildningsforbund","tag-karriaralternativ","tag-kvalitet","tag-nordanstig","tag-samarbete","tag-soderhamn"],"acf":[],"yoast_head":"<!-- This site is optimized with the Yoast SEO plugin v27.3 - https:\/\/yoast.com\/product\/yoast-seo-wordpress\/ -->\n<title>S\u00e5 gynnas l\u00e4rare av kommunsamarbete - Framtidens karri\u00e4r gymnasiel\u00e4rare<\/title>\n<meta name=\"robots\" content=\"index, follow, max-snippet:-1, max-image-preview:large, max-video-preview:-1\" \/>\n<link rel=\"canonical\" href=\"https:\/\/lararkarriar.se\/gymnasieskola\/2018\/04\/25\/sa-gynnas-larare-av-kommunsamarbete\/\" \/>\n<meta property=\"og:locale\" content=\"sv_SE\" \/>\n<meta property=\"og:type\" content=\"article\" \/>\n<meta property=\"og:title\" content=\"S\u00e5 gynnas l\u00e4rare av kommunsamarbete - Framtidens karri\u00e4r gymnasiel\u00e4rare\" \/>\n<meta property=\"og:description\" content=\"Genom att tre kommuner i H\u00e4lsingland bildat ett gemensamt utbildningsf\u00f6rbund har l\u00e4rarna f\u00e5tt ett bredare...\" \/>\n<meta property=\"og:url\" content=\"https:\/\/lararkarriar.se\/gymnasieskola\/2018\/04\/25\/sa-gynnas-larare-av-kommunsamarbete\/\" \/>\n<meta property=\"og:site_name\" content=\"Framtidens karri\u00e4r gymnasiel\u00e4rare\" \/>\n<meta property=\"article:published_time\" content=\"2018-04-25T10:36:04+00:00\" \/>\n<meta property=\"og:image\" content=\"https:\/\/lararkarriar.se\/gymnasieskola\/wp-content\/uploads\/sites\/10\/2018\/04\/forbund2-180412-1-134.jpg\" \/>\n\t<meta property=\"og:image:width\" content=\"1000\" \/>\n\t<meta property=\"og:image:height\" content=\"696\" \/>\n\t<meta property=\"og:image:type\" content=\"image\/jpeg\" \/>\n<meta name=\"author\" content=\"stellanstal\" \/>\n<meta name=\"twitter:card\" content=\"summary_large_image\" \/>\n<meta name=\"twitter:label1\" content=\"Skriven av\" \/>\n\t<meta name=\"twitter:data1\" content=\"stellanstal\" \/>\n\t<meta name=\"twitter:label2\" content=\"Ber\u00e4knad l\u00e4stid\" \/>\n\t<meta name=\"twitter:data2\" content=\"2 minuter\" \/>\n<script type=\"application\/ld+json\" class=\"yoast-schema-graph\">{\"@context\":\"https:\\\/\\\/schema.org\",\"@graph\":[{\"@type\":\"Article\",\"@id\":\"https:\\\/\\\/lararkarriar.se\\\/gymnasieskola\\\/2018\\\/04\\\/25\\\/sa-gynnas-larare-av-kommunsamarbete\\\/#article\",\"isPartOf\":{\"@id\":\"https:\\\/\\\/lararkarriar.se\\\/gymnasieskola\\\/2018\\\/04\\\/25\\\/sa-gynnas-larare-av-kommunsamarbete\\\/\"},\"author\":{\"name\":\"stellanstal\",\"@id\":\"https:\\\/\\\/lararkarriar.se\\\/gymnasieskola\\\/#\\\/schema\\\/person\\\/c8a43eb855191e573b73ecf8987a3b99\"},\"headline\":\"S\u00e5 gynnas l\u00e4rare av kommunsamarbete\",\"datePublished\":\"2018-04-25T10:36:04+00:00\",\"mainEntityOfPage\":{\"@id\":\"https:\\\/\\\/lararkarriar.se\\\/gymnasieskola\\\/2018\\\/04\\\/25\\\/sa-gynnas-larare-av-kommunsamarbete\\\/\"},\"wordCount\":379,\"image\":{\"@id\":\"https:\\\/\\\/lararkarriar.se\\\/gymnasieskola\\\/2018\\\/04\\\/25\\\/sa-gynnas-larare-av-kommunsamarbete\\\/#primaryimage\"},\"thumbnailUrl\":\"https:\\\/\\\/lararkarriar.se\\\/gymnasieskola\\\/wp-content\\\/uploads\\\/sites\\\/10\\\/2018\\\/04\\\/forbund2-180412-1-134.jpg\",\"keywords\":[\"Bolln\u00e4s\",\"H\u00e4lsingland\",\"H\u00e4lsinglands Utbildningsf\u00f6rbund\",\"Karri\u00e4ralternativ\",\"Kvalitet\",\"Nordanstig\",\"Samarbete\",\"S\u00f6derhamn\"],\"articleSection\":[\"Artikel\"],\"inLanguage\":\"sv-SE\"},{\"@type\":\"WebPage\",\"@id\":\"https:\\\/\\\/lararkarriar.se\\\/gymnasieskola\\\/2018\\\/04\\\/25\\\/sa-gynnas-larare-av-kommunsamarbete\\\/\",\"url\":\"https:\\\/\\\/lararkarriar.se\\\/gymnasieskola\\\/2018\\\/04\\\/25\\\/sa-gynnas-larare-av-kommunsamarbete\\\/\",\"name\":\"S\u00e5 gynnas l\u00e4rare av kommunsamarbete - Framtidens karri\u00e4r gymnasiel\u00e4rare\",\"isPartOf\":{\"@id\":\"https:\\\/\\\/lararkarriar.se\\\/gymnasieskola\\\/#website\"},\"primaryImageOfPage\":{\"@id\":\"https:\\\/\\\/lararkarriar.se\\\/gymnasieskola\\\/2018\\\/04\\\/25\\\/sa-gynnas-larare-av-kommunsamarbete\\\/#primaryimage\"},\"image\":{\"@id\":\"https:\\\/\\\/lararkarriar.se\\\/gymnasieskola\\\/2018\\\/04\\\/25\\\/sa-gynnas-larare-av-kommunsamarbete\\\/#primaryimage\"},\"thumbnailUrl\":\"https:\\\/\\\/lararkarriar.se\\\/gymnasieskola\\\/wp-content\\\/uploads\\\/sites\\\/10\\\/2018\\\/04\\\/forbund2-180412-1-134.jpg\",\"datePublished\":\"2018-04-25T10:36:04+00:00\",\"author\":{\"@id\":\"https:\\\/\\\/lararkarriar.se\\\/gymnasieskola\\\/#\\\/schema\\\/person\\\/c8a43eb855191e573b73ecf8987a3b99\"},\"breadcrumb\":{\"@id\":\"https:\\\/\\\/lararkarriar.se\\\/gymnasieskola\\\/2018\\\/04\\\/25\\\/sa-gynnas-larare-av-kommunsamarbete\\\/#breadcrumb\"},\"inLanguage\":\"sv-SE\",\"potentialAction\":[{\"@type\":\"ReadAction\",\"target\":[\"https:\\\/\\\/lararkarriar.se\\\/gymnasieskola\\\/2018\\\/04\\\/25\\\/sa-gynnas-larare-av-kommunsamarbete\\\/\"]}]},{\"@type\":\"ImageObject\",\"inLanguage\":\"sv-SE\",\"@id\":\"https:\\\/\\\/lararkarriar.se\\\/gymnasieskola\\\/2018\\\/04\\\/25\\\/sa-gynnas-larare-av-kommunsamarbete\\\/#primaryimage\",\"url\":\"https:\\\/\\\/lararkarriar.se\\\/gymnasieskola\\\/wp-content\\\/uploads\\\/sites\\\/10\\\/2018\\\/04\\\/forbund2-180412-1-134.jpg\",\"contentUrl\":\"https:\\\/\\\/lararkarriar.se\\\/gymnasieskola\\\/wp-content\\\/uploads\\\/sites\\\/10\\\/2018\\\/04\\\/forbund2-180412-1-134.jpg\",\"width\":1000,\"height\":696,\"caption\":\"Thomas Winqvist, chef \u00f6ver H\u00e4lsinglands Utbildningsf\u00f6rbund. Foto: Johan L\u00f6f\"},{\"@type\":\"BreadcrumbList\",\"@id\":\"https:\\\/\\\/lararkarriar.se\\\/gymnasieskola\\\/2018\\\/04\\\/25\\\/sa-gynnas-larare-av-kommunsamarbete\\\/#breadcrumb\",\"itemListElement\":[{\"@type\":\"ListItem\",\"position\":1,\"name\":\"Home\",\"item\":\"https:\\\/\\\/lararkarriar.se\\\/gymnasieskola\\\/\"},{\"@type\":\"ListItem\",\"position\":2,\"name\":\"S\u00e5 gynnas l\u00e4rare av kommunsamarbete\"}]},{\"@type\":\"WebSite\",\"@id\":\"https:\\\/\\\/lararkarriar.se\\\/gymnasieskola\\\/#website\",\"url\":\"https:\\\/\\\/lararkarriar.se\\\/gymnasieskola\\\/\",\"name\":\"Framtidens karri\u00e4r gymnasiel\u00e4rare\",\"description\":\"Just another NMDashboard.se Sites site\",\"potentialAction\":[{\"@type\":\"SearchAction\",\"target\":{\"@type\":\"EntryPoint\",\"urlTemplate\":\"https:\\\/\\\/lararkarriar.se\\\/gymnasieskola\\\/?s={search_term_string}\"},\"query-input\":{\"@type\":\"PropertyValueSpecification\",\"valueRequired\":true,\"valueName\":\"search_term_string\"}}],\"inLanguage\":\"sv-SE\"},{\"@type\":\"Person\",\"@id\":\"https:\\\/\\\/lararkarriar.se\\\/gymnasieskola\\\/#\\\/schema\\\/person\\\/c8a43eb855191e573b73ecf8987a3b99\",\"name\":\"stellanstal\",\"image\":{\"@type\":\"ImageObject\",\"inLanguage\":\"sv-SE\",\"@id\":\"https:\\\/\\\/secure.gravatar.com\\\/avatar\\\/cd330fa6bb17f598124b2068ee0b189e4fe0987a50af9d53b78410836060d0c9?s=96&d=mm&r=g\",\"url\":\"https:\\\/\\\/secure.gravatar.com\\\/avatar\\\/cd330fa6bb17f598124b2068ee0b189e4fe0987a50af9d53b78410836060d0c9?s=96&d=mm&r=g\",\"contentUrl\":\"https:\\\/\\\/secure.gravatar.com\\\/avatar\\\/cd330fa6bb17f598124b2068ee0b189e4fe0987a50af9d53b78410836060d0c9?s=96&d=mm&r=g\",\"caption\":\"stellanstal\"},\"url\":\"https:\\\/\\\/lararkarriar.se\\\/gymnasieskola\\\/author\\\/stellanstal\\\/\"}]}<\/script>\n<!-- \/ Yoast SEO plugin. -->","yoast_head_json":{"title":"S\u00e5 gynnas l\u00e4rare av kommunsamarbete - Framtidens karri\u00e4r gymnasiel\u00e4rare","robots":{"index":"index","follow":"follow","max-snippet":"max-snippet:-1","max-image-preview":"max-image-preview:large","max-video-preview":"max-video-preview:-1"},"canonical":"https:\/\/lararkarriar.se\/gymnasieskola\/2018\/04\/25\/sa-gynnas-larare-av-kommunsamarbete\/","og_locale":"sv_SE","og_type":"article","og_title":"S\u00e5 gynnas l\u00e4rare av kommunsamarbete - Framtidens karri\u00e4r gymnasiel\u00e4rare","og_description":"Genom att tre kommuner i H\u00e4lsingland bildat ett gemensamt utbildningsf\u00f6rbund har l\u00e4rarna f\u00e5tt ett bredare...","og_url":"https:\/\/lararkarriar.se\/gymnasieskola\/2018\/04\/25\/sa-gynnas-larare-av-kommunsamarbete\/","og_site_name":"Framtidens karri\u00e4r gymnasiel\u00e4rare","article_published_time":"2018-04-25T10:36:04+00:00","og_image":[{"width":1000,"height":696,"url":"https:\/\/lararkarriar.se\/gymnasieskola\/wp-content\/uploads\/sites\/10\/2018\/04\/forbund2-180412-1-134.jpg","type":"image\/jpeg"}],"author":"stellanstal","twitter_card":"summary_large_image","twitter_misc":{"Skriven av":"stellanstal","Ber\u00e4knad l\u00e4stid":"2 minuter"},"schema":{"@context":"https:\/\/schema.org","@graph":[{"@type":"Article","@id":"https:\/\/lararkarriar.se\/gymnasieskola\/2018\/04\/25\/sa-gynnas-larare-av-kommunsamarbete\/#article","isPartOf":{"@id":"https:\/\/lararkarriar.se\/gymnasieskola\/2018\/04\/25\/sa-gynnas-larare-av-kommunsamarbete\/"},"author":{"name":"stellanstal","@id":"https:\/\/lararkarriar.se\/gymnasieskola\/#\/schema\/person\/c8a43eb855191e573b73ecf8987a3b99"},"headline":"S\u00e5 gynnas l\u00e4rare av kommunsamarbete","datePublished":"2018-04-25T10:36:04+00:00","mainEntityOfPage":{"@id":"https:\/\/lararkarriar.se\/gymnasieskola\/2018\/04\/25\/sa-gynnas-larare-av-kommunsamarbete\/"},"wordCount":379,"image":{"@id":"https:\/\/lararkarriar.se\/gymnasieskola\/2018\/04\/25\/sa-gynnas-larare-av-kommunsamarbete\/#primaryimage"},"thumbnailUrl":"https:\/\/lararkarriar.se\/gymnasieskola\/wp-content\/uploads\/sites\/10\/2018\/04\/forbund2-180412-1-134.jpg","keywords":["Bolln\u00e4s","H\u00e4lsingland","H\u00e4lsinglands Utbildningsf\u00f6rbund","Karri\u00e4ralternativ","Kvalitet","Nordanstig","Samarbete","S\u00f6derhamn"],"articleSection":["Artikel"],"inLanguage":"sv-SE"},{"@type":"WebPage","@id":"https:\/\/lararkarriar.se\/gymnasieskola\/2018\/04\/25\/sa-gynnas-larare-av-kommunsamarbete\/","url":"https:\/\/lararkarriar.se\/gymnasieskola\/2018\/04\/25\/sa-gynnas-larare-av-kommunsamarbete\/","name":"S\u00e5 gynnas l\u00e4rare av kommunsamarbete - Framtidens karri\u00e4r gymnasiel\u00e4rare","isPartOf":{"@id":"https:\/\/lararkarriar.se\/gymnasieskola\/#website"},"primaryImageOfPage":{"@id":"https:\/\/lararkarriar.se\/gymnasieskola\/2018\/04\/25\/sa-gynnas-larare-av-kommunsamarbete\/#primaryimage"},"image":{"@id":"https:\/\/lararkarriar.se\/gymnasieskola\/2018\/04\/25\/sa-gynnas-larare-av-kommunsamarbete\/#primaryimage"},"thumbnailUrl":"https:\/\/lararkarriar.se\/gymnasieskola\/wp-content\/uploads\/sites\/10\/2018\/04\/forbund2-180412-1-134.jpg","datePublished":"2018-04-25T10:36:04+00:00","author":{"@id":"https:\/\/lararkarriar.se\/gymnasieskola\/#\/schema\/person\/c8a43eb855191e573b73ecf8987a3b99"},"breadcrumb":{"@id":"https:\/\/lararkarriar.se\/gymnasieskola\/2018\/04\/25\/sa-gynnas-larare-av-kommunsamarbete\/#breadcrumb"},"inLanguage":"sv-SE","potentialAction":[{"@type":"ReadAction","target":["https:\/\/lararkarriar.se\/gymnasieskola\/2018\/04\/25\/sa-gynnas-larare-av-kommunsamarbete\/"]}]},{"@type":"ImageObject","inLanguage":"sv-SE","@id":"https:\/\/lararkarriar.se\/gymnasieskola\/2018\/04\/25\/sa-gynnas-larare-av-kommunsamarbete\/#primaryimage","url":"https:\/\/lararkarriar.se\/gymnasieskola\/wp-content\/uploads\/sites\/10\/2018\/04\/forbund2-180412-1-134.jpg","contentUrl":"https:\/\/lararkarriar.se\/gymnasieskola\/wp-content\/uploads\/sites\/10\/2018\/04\/forbund2-180412-1-134.jpg","width":1000,"height":696,"caption":"Thomas Winqvist, chef \u00f6ver H\u00e4lsinglands Utbildningsf\u00f6rbund. Foto: Johan L\u00f6f"},{"@type":"BreadcrumbList","@id":"https:\/\/lararkarriar.se\/gymnasieskola\/2018\/04\/25\/sa-gynnas-larare-av-kommunsamarbete\/#breadcrumb","itemListElement":[{"@type":"ListItem","position":1,"name":"Home","item":"https:\/\/lararkarriar.se\/gymnasieskola\/"},{"@type":"ListItem","position":2,"name":"S\u00e5 gynnas l\u00e4rare av kommunsamarbete"}]},{"@type":"WebSite","@id":"https:\/\/lararkarriar.se\/gymnasieskola\/#website","url":"https:\/\/lararkarriar.se\/gymnasieskola\/","name":"Framtidens karri\u00e4r gymnasiel\u00e4rare","description":"Just another NMDashboard.se Sites site","potentialAction":[{"@type":"SearchAction","target":{"@type":"EntryPoint","urlTemplate":"https:\/\/lararkarriar.se\/gymnasieskola\/?s={search_term_string}"},"query-input":{"@type":"PropertyValueSpecification","valueRequired":true,"valueName":"search_term_string"}}],"inLanguage":"sv-SE"},{"@type":"Person","@id":"https:\/\/lararkarriar.se\/gymnasieskola\/#\/schema\/person\/c8a43eb855191e573b73ecf8987a3b99","name":"stellanstal","image":{"@type":"ImageObject","inLanguage":"sv-SE","@id":"https:\/\/secure.gravatar.com\/avatar\/cd330fa6bb17f598124b2068ee0b189e4fe0987a50af9d53b78410836060d0c9?s=96&d=mm&r=g","url":"https:\/\/secure.gravatar.com\/avatar\/cd330fa6bb17f598124b2068ee0b189e4fe0987a50af9d53b78410836060d0c9?s=96&d=mm&r=g","contentUrl":"https:\/\/secure.gravatar.com\/avatar\/cd330fa6bb17f598124b2068ee0b189e4fe0987a50af9d53b78410836060d0c9?s=96&d=mm&r=g","caption":"stellanstal"},"url":"https:\/\/lararkarriar.se\/gymnasieskola\/author\/stellanstal\/"}]}},"_links":{"self":[{"href":"https:\/\/lararkarriar.se\/gymnasieskola\/wp-json\/wp\/v2\/posts\/5971","targetHints":{"allow":["GET"]}}],"collection":[{"href":"https:\/\/lararkarriar.se\/gymnasieskola\/wp-json\/wp\/v2\/posts"}],"about":[{"href":"https:\/\/lararkarriar.se\/gymnasieskola\/wp-json\/wp\/v2\/types\/post"}],"author":[{"embeddable":true,"href":"https:\/\/lararkarriar.se\/gymnasieskola\/wp-json\/wp\/v2\/users\/3"}],"replies":[{"embeddable":true,"href":"https:\/\/lararkarriar.se\/gymnasieskola\/wp-json\/wp\/v2\/comments?post=5971"}],"version-history":[{"count":0,"href":"https:\/\/lararkarriar.se\/gymnasieskola\/wp-json\/wp\/v2\/posts\/5971\/revisions"}],"wp:featuredmedia":[{"embeddable":true,"href":"https:\/\/lararkarriar.se\/gymnasieskola\/wp-json\/wp\/v2\/media\/5972"}],"wp:attachment":[{"href":"https:\/\/lararkarriar.se\/gymnasieskola\/wp-json\/wp\/v2\/media?parent=5971"}],"wp:term":[{"taxonomy":"category","embeddable":true,"href":"https:\/\/lararkarriar.se\/gymnasieskola\/wp-json\/wp\/v2\/categories?post=5971"},{"taxonomy":"post_tag","embeddable":true,"href":"https:\/\/lararkarriar.se\/gymnasieskola\/wp-json\/wp\/v2\/tags?post=5971"}],"curies":[{"name":"wp","href":"https:\/\/api.w.org\/{rel}","templated":true}]}}