{"id":5999,"date":"2018-04-25T14:38:20","date_gmt":"2018-04-25T12:38:20","guid":{"rendered":"http:\/\/lararkarriar.se\/gymnasieskola\/?p=5999"},"modified":"2018-04-25T14:38:20","modified_gmt":"2018-04-25T12:38:20","slug":"larare-vill-att-elevhalsan-ska-vara-mer-narvarande-i-klassrummet","status":"publish","type":"post","link":"https:\/\/lararkarriar.se\/gymnasieskola\/2018\/04\/25\/larare-vill-att-elevhalsan-ska-vara-mer-narvarande-i-klassrummet\/","title":{"rendered":"L\u00e4rare vill att elevh\u00e4lsan ska vara mer n\u00e4rvarande i klassrummet"},"content":{"rendered":"<figure id=\"attachment_6001\" aria-describedby=\"caption-attachment-6001\" style=\"width: 150px\" class=\"wp-caption alignright\"><img loading=\"lazy\" decoding=\"async\" class=\"size-medium wp-image-6001\" src=\"http:\/\/lararkarriar.se\/gymnasieskola\/wp-content\/uploads\/2018\/04\/elevhalsa_maja-250x375.jpg\" alt=\"Maja Johansson Gaimer, l\u00e4rare p\u00e5 Sjukhusskolan vid Link\u00f6pings universitetssjukhus.\" width=\"150\" height=\"225\" \/><figcaption id=\"caption-attachment-6001\" class=\"wp-caption-text\">Maja Johansson Gaimer, l\u00e4rare p\u00e5 Sjukhusskolan vid Link\u00f6pings universitetssjukhus.<\/figcaption><\/figure>\n<p><strong>Det finns en stor potential till en n\u00e4rmare samverkan mellan l\u00e4rare och elevh\u00e4lsa. L\u00e4rarna efterlyser mer konkret st\u00f6d i klassrummet fr\u00e5n exempelvis skolkuratorer, psykologer och skolsk\u00f6terskor enligt en studie fr\u00e5n Link\u00f6pings universitet.<\/strong><\/p>\n<p>L\u00e4rare efterlyser hj\u00e4lp fr\u00e5n elevh\u00e4lsan med m\u00f6jlighet till samtalsst\u00f6d, avlastning med pedagogiska kartl\u00e4ggningar och hj\u00e4lp med att uppr\u00e4tta, f\u00f6lja upp och utv\u00e4rdera \u00e5tg\u00e4rdsprogram som elevh\u00e4lsan senare ska anv\u00e4nda sig av. Det visar studien som Maja Johansson Gaimer, l\u00e4rare p\u00e5 Sjukhusskolan vid Link\u00f6pings universitetssjukhus och Susanne Kreitz-Sandberg, lektor i pedagogik, genomf\u00f6rt.<br \/>\nL\u00e4rarna vill ha fler f\u00f6rslag p\u00e5 l\u00f6sningar och metoder som kan till\u00e4mpas i klassrummet i sin kontakt med elevh\u00e4lsan. Studien visar att skolor som har en elevh\u00e4lsofunktion som \u00e4r samlad p\u00e5 skolan ofta upplever att samverkan mellan l\u00e4rare och elevh\u00e4lsa fungerar bra. Men n\u00e4r skolsk\u00f6terska, psykolog och andra professioner bara \u00e4r p\u00e5 skolan en eller tv\u00e5 dagar i veckan f\u00f6rsv\u00e5ras samverkansm\u00f6jligheterna.<\/p>\n<p><strong>\u00d6ver professionsgr\u00e4nserna<\/strong><br \/>\n\u2013 I elevh\u00e4lsans uppdrag ing\u00e5r ju att arbeta f\u00f6rebyggande, men n\u00e4r en psykolog, skolsk\u00f6terska eller kurator ansvarar f\u00f6r tusen elever f\u00f6rdelade p\u00e5 tre eller fyra skolor s\u00e4ger det sig sj\u00e4lvt att det teambaserade och f\u00f6rebyggande elevh\u00e4lsoarbetet \u00e4r sv\u00e5rt att hinna med. Samtidigt stavas l\u00f6sningen inte enbart ut\u00f6kade resurser till elevh\u00e4lsan. En genuin samarbetsvilja \u00f6ver professionsgr\u00e4nserna \u00e4r minst lika viktig, s\u00e4ger Maja Johansson Gaimer.<br \/>\n\u2013 Elevh\u00e4lsan beh\u00f6ver komma ut i klassrummen f\u00f6r att f\u00e5 en bild av hur f\u00f6ruts\u00e4ttningarna ser ut d\u00e4r. M\u00e5nga av elevh\u00e4lsans \u00e5tg\u00e4rder och st\u00f6dinsatser utg\u00e5r exempelvis fr\u00e5n individniv\u00e5, men l\u00e4rare jobbar n\u00e4stan alltid med elever p\u00e5 gruppniv\u00e5. L\u00e4rarna beh\u00f6ver ta ett st\u00f6rre ansvar i att kommunicera vilket st\u00f6d de beh\u00f6ver fr\u00e5n elevh\u00e4lsans sida, s\u00e4ger Maja Johansson Gaimer.<\/p>\n<p><strong>Efterlyser b\u00e4ttre uppf\u00f6ljning<\/strong><br \/>\nL\u00e4rarna som deltog i studien uppgav att det var sv\u00e5rt att f\u00e5 snabb \u00e5terkoppling fr\u00e5n elevh\u00e4lsan eller att \u00e5terkopplingen glappade. L\u00e4rarna \u00f6nskade att uppf\u00f6ljningen, det vill s\u00e4ga utv\u00e4rdering av genomf\u00f6rda \u00e5tg\u00e4rder samt planering av eventuella framtida st\u00f6dinsatser, fungerade b\u00e4ttre.<br \/>\n\u2013 Med god samverkan mellan l\u00e4rare och elevh\u00e4lsa blir det l\u00e4ttare att s\u00e5 tidigt som m\u00f6jligt ta tag i och b\u00f6rja arbeta med elever som \u00e4r hemmasittare, har drabbats av psykisk oh\u00e4lsa eller har s\u00e4rskilda behov, s\u00e4ger Maja Johansson Gaimer.<\/p>\n","protected":false},"excerpt":{"rendered":"<p>Det finns en stor potential till en n\u00e4rmare samverkan mellan l\u00e4rare och elevh\u00e4lsa. L\u00e4rarna efterlyser&#8230;<\/p>\n","protected":false},"author":3,"featured_media":6001,"comment_status":"closed","ping_status":"open","sticky":false,"template":"","format":"standard","meta":{"_acf_changed":false,"_monsterinsights_skip_tracking":false,"_monsterinsights_sitenote_active":false,"_monsterinsights_sitenote_note":"","_monsterinsights_sitenote_category":0,"footnotes":""},"categories":[1],"tags":[56,167,186,208,224,232,236],"class_list":["post-5999","post","type-post","status-publish","format-standard","has-post-thumbnail","hentry","category-artikel","tag-elevhalsa","tag-linkopings-universitetssjukhus","tag-narvaro","tag-psykolog","tag-samverkan","tag-skolkurator","tag-skolskoterska"],"acf":[],"yoast_head":"<!-- This site is optimized with the Yoast SEO plugin v27.3 - https:\/\/yoast.com\/product\/yoast-seo-wordpress\/ -->\n<title>L\u00e4rare vill att elevh\u00e4lsan ska vara mer n\u00e4rvarande i klassrummet - Framtidens karri\u00e4r gymnasiel\u00e4rare<\/title>\n<meta name=\"robots\" content=\"index, follow, max-snippet:-1, max-image-preview:large, max-video-preview:-1\" \/>\n<link rel=\"canonical\" href=\"https:\/\/lararkarriar.se\/gymnasieskola\/2018\/04\/25\/larare-vill-att-elevhalsan-ska-vara-mer-narvarande-i-klassrummet\/\" \/>\n<meta property=\"og:locale\" content=\"sv_SE\" \/>\n<meta property=\"og:type\" content=\"article\" \/>\n<meta property=\"og:title\" content=\"L\u00e4rare vill att elevh\u00e4lsan ska vara mer n\u00e4rvarande i klassrummet - Framtidens karri\u00e4r gymnasiel\u00e4rare\" \/>\n<meta property=\"og:description\" content=\"Det finns en stor potential till en n\u00e4rmare samverkan mellan l\u00e4rare och elevh\u00e4lsa. L\u00e4rarna efterlyser...\" \/>\n<meta property=\"og:url\" content=\"https:\/\/lararkarriar.se\/gymnasieskola\/2018\/04\/25\/larare-vill-att-elevhalsan-ska-vara-mer-narvarande-i-klassrummet\/\" \/>\n<meta property=\"og:site_name\" content=\"Framtidens karri\u00e4r gymnasiel\u00e4rare\" \/>\n<meta property=\"article:published_time\" content=\"2018-04-25T12:38:20+00:00\" \/>\n<meta property=\"og:image\" content=\"https:\/\/lararkarriar.se\/gymnasieskola\/wp-content\/uploads\/sites\/10\/2018\/04\/elevhalsa-maja.jpg\" \/>\n\t<meta property=\"og:image:width\" content=\"500\" \/>\n\t<meta property=\"og:image:height\" content=\"750\" \/>\n\t<meta property=\"og:image:type\" content=\"image\/jpeg\" \/>\n<meta name=\"author\" content=\"stellanstal\" \/>\n<meta name=\"twitter:card\" content=\"summary_large_image\" \/>\n<meta name=\"twitter:label1\" content=\"Skriven av\" \/>\n\t<meta name=\"twitter:data1\" content=\"stellanstal\" \/>\n\t<meta name=\"twitter:label2\" content=\"Ber\u00e4knad l\u00e4stid\" \/>\n\t<meta name=\"twitter:data2\" content=\"2 minuter\" \/>\n<script type=\"application\/ld+json\" class=\"yoast-schema-graph\">{\"@context\":\"https:\\\/\\\/schema.org\",\"@graph\":[{\"@type\":\"Article\",\"@id\":\"https:\\\/\\\/lararkarriar.se\\\/gymnasieskola\\\/2018\\\/04\\\/25\\\/larare-vill-att-elevhalsan-ska-vara-mer-narvarande-i-klassrummet\\\/#article\",\"isPartOf\":{\"@id\":\"https:\\\/\\\/lararkarriar.se\\\/gymnasieskola\\\/2018\\\/04\\\/25\\\/larare-vill-att-elevhalsan-ska-vara-mer-narvarande-i-klassrummet\\\/\"},\"author\":{\"name\":\"stellanstal\",\"@id\":\"https:\\\/\\\/lararkarriar.se\\\/gymnasieskola\\\/#\\\/schema\\\/person\\\/c8a43eb855191e573b73ecf8987a3b99\"},\"headline\":\"L\u00e4rare vill att elevh\u00e4lsan ska vara mer n\u00e4rvarande i klassrummet\",\"datePublished\":\"2018-04-25T12:38:20+00:00\",\"mainEntityOfPage\":{\"@id\":\"https:\\\/\\\/lararkarriar.se\\\/gymnasieskola\\\/2018\\\/04\\\/25\\\/larare-vill-att-elevhalsan-ska-vara-mer-narvarande-i-klassrummet\\\/\"},\"wordCount\":476,\"image\":{\"@id\":\"https:\\\/\\\/lararkarriar.se\\\/gymnasieskola\\\/2018\\\/04\\\/25\\\/larare-vill-att-elevhalsan-ska-vara-mer-narvarande-i-klassrummet\\\/#primaryimage\"},\"thumbnailUrl\":\"https:\\\/\\\/lararkarriar.se\\\/gymnasieskola\\\/wp-content\\\/uploads\\\/sites\\\/10\\\/2018\\\/04\\\/elevhalsa-maja.jpg\",\"keywords\":[\"Elevh\u00e4lsa\",\"Link\u00f6pings universitetssjukhus\",\"N\u00e4rvaro\",\"Psykolog\",\"Samverkan\",\"Skolkurator\",\"Skolsk\u00f6terska\"],\"articleSection\":[\"Artikel\"],\"inLanguage\":\"sv-SE\"},{\"@type\":\"WebPage\",\"@id\":\"https:\\\/\\\/lararkarriar.se\\\/gymnasieskola\\\/2018\\\/04\\\/25\\\/larare-vill-att-elevhalsan-ska-vara-mer-narvarande-i-klassrummet\\\/\",\"url\":\"https:\\\/\\\/lararkarriar.se\\\/gymnasieskola\\\/2018\\\/04\\\/25\\\/larare-vill-att-elevhalsan-ska-vara-mer-narvarande-i-klassrummet\\\/\",\"name\":\"L\u00e4rare vill att elevh\u00e4lsan ska vara mer n\u00e4rvarande i klassrummet - Framtidens karri\u00e4r gymnasiel\u00e4rare\",\"isPartOf\":{\"@id\":\"https:\\\/\\\/lararkarriar.se\\\/gymnasieskola\\\/#website\"},\"primaryImageOfPage\":{\"@id\":\"https:\\\/\\\/lararkarriar.se\\\/gymnasieskola\\\/2018\\\/04\\\/25\\\/larare-vill-att-elevhalsan-ska-vara-mer-narvarande-i-klassrummet\\\/#primaryimage\"},\"image\":{\"@id\":\"https:\\\/\\\/lararkarriar.se\\\/gymnasieskola\\\/2018\\\/04\\\/25\\\/larare-vill-att-elevhalsan-ska-vara-mer-narvarande-i-klassrummet\\\/#primaryimage\"},\"thumbnailUrl\":\"https:\\\/\\\/lararkarriar.se\\\/gymnasieskola\\\/wp-content\\\/uploads\\\/sites\\\/10\\\/2018\\\/04\\\/elevhalsa-maja.jpg\",\"datePublished\":\"2018-04-25T12:38:20+00:00\",\"author\":{\"@id\":\"https:\\\/\\\/lararkarriar.se\\\/gymnasieskola\\\/#\\\/schema\\\/person\\\/c8a43eb855191e573b73ecf8987a3b99\"},\"breadcrumb\":{\"@id\":\"https:\\\/\\\/lararkarriar.se\\\/gymnasieskola\\\/2018\\\/04\\\/25\\\/larare-vill-att-elevhalsan-ska-vara-mer-narvarande-i-klassrummet\\\/#breadcrumb\"},\"inLanguage\":\"sv-SE\",\"potentialAction\":[{\"@type\":\"ReadAction\",\"target\":[\"https:\\\/\\\/lararkarriar.se\\\/gymnasieskola\\\/2018\\\/04\\\/25\\\/larare-vill-att-elevhalsan-ska-vara-mer-narvarande-i-klassrummet\\\/\"]}]},{\"@type\":\"ImageObject\",\"inLanguage\":\"sv-SE\",\"@id\":\"https:\\\/\\\/lararkarriar.se\\\/gymnasieskola\\\/2018\\\/04\\\/25\\\/larare-vill-att-elevhalsan-ska-vara-mer-narvarande-i-klassrummet\\\/#primaryimage\",\"url\":\"https:\\\/\\\/lararkarriar.se\\\/gymnasieskola\\\/wp-content\\\/uploads\\\/sites\\\/10\\\/2018\\\/04\\\/elevhalsa-maja.jpg\",\"contentUrl\":\"https:\\\/\\\/lararkarriar.se\\\/gymnasieskola\\\/wp-content\\\/uploads\\\/sites\\\/10\\\/2018\\\/04\\\/elevhalsa-maja.jpg\",\"width\":500,\"height\":750,\"caption\":\"Maja Johansson Gaimer, l\u00e4rare p\u00e5 Sjukhusskolan vid Link\u00f6pings universitetssjukhus.\"},{\"@type\":\"BreadcrumbList\",\"@id\":\"https:\\\/\\\/lararkarriar.se\\\/gymnasieskola\\\/2018\\\/04\\\/25\\\/larare-vill-att-elevhalsan-ska-vara-mer-narvarande-i-klassrummet\\\/#breadcrumb\",\"itemListElement\":[{\"@type\":\"ListItem\",\"position\":1,\"name\":\"Home\",\"item\":\"https:\\\/\\\/lararkarriar.se\\\/gymnasieskola\\\/\"},{\"@type\":\"ListItem\",\"position\":2,\"name\":\"L\u00e4rare vill att elevh\u00e4lsan ska vara mer n\u00e4rvarande i klassrummet\"}]},{\"@type\":\"WebSite\",\"@id\":\"https:\\\/\\\/lararkarriar.se\\\/gymnasieskola\\\/#website\",\"url\":\"https:\\\/\\\/lararkarriar.se\\\/gymnasieskola\\\/\",\"name\":\"Framtidens karri\u00e4r gymnasiel\u00e4rare\",\"description\":\"Just another NMDashboard.se Sites site\",\"potentialAction\":[{\"@type\":\"SearchAction\",\"target\":{\"@type\":\"EntryPoint\",\"urlTemplate\":\"https:\\\/\\\/lararkarriar.se\\\/gymnasieskola\\\/?s={search_term_string}\"},\"query-input\":{\"@type\":\"PropertyValueSpecification\",\"valueRequired\":true,\"valueName\":\"search_term_string\"}}],\"inLanguage\":\"sv-SE\"},{\"@type\":\"Person\",\"@id\":\"https:\\\/\\\/lararkarriar.se\\\/gymnasieskola\\\/#\\\/schema\\\/person\\\/c8a43eb855191e573b73ecf8987a3b99\",\"name\":\"stellanstal\",\"image\":{\"@type\":\"ImageObject\",\"inLanguage\":\"sv-SE\",\"@id\":\"https:\\\/\\\/secure.gravatar.com\\\/avatar\\\/cd330fa6bb17f598124b2068ee0b189e4fe0987a50af9d53b78410836060d0c9?s=96&d=mm&r=g\",\"url\":\"https:\\\/\\\/secure.gravatar.com\\\/avatar\\\/cd330fa6bb17f598124b2068ee0b189e4fe0987a50af9d53b78410836060d0c9?s=96&d=mm&r=g\",\"contentUrl\":\"https:\\\/\\\/secure.gravatar.com\\\/avatar\\\/cd330fa6bb17f598124b2068ee0b189e4fe0987a50af9d53b78410836060d0c9?s=96&d=mm&r=g\",\"caption\":\"stellanstal\"},\"url\":\"https:\\\/\\\/lararkarriar.se\\\/gymnasieskola\\\/author\\\/stellanstal\\\/\"}]}<\/script>\n<!-- \/ Yoast SEO plugin. -->","yoast_head_json":{"title":"L\u00e4rare vill att elevh\u00e4lsan ska vara mer n\u00e4rvarande i klassrummet - Framtidens karri\u00e4r gymnasiel\u00e4rare","robots":{"index":"index","follow":"follow","max-snippet":"max-snippet:-1","max-image-preview":"max-image-preview:large","max-video-preview":"max-video-preview:-1"},"canonical":"https:\/\/lararkarriar.se\/gymnasieskola\/2018\/04\/25\/larare-vill-att-elevhalsan-ska-vara-mer-narvarande-i-klassrummet\/","og_locale":"sv_SE","og_type":"article","og_title":"L\u00e4rare vill att elevh\u00e4lsan ska vara mer n\u00e4rvarande i klassrummet - Framtidens karri\u00e4r gymnasiel\u00e4rare","og_description":"Det finns en stor potential till en n\u00e4rmare samverkan mellan l\u00e4rare och elevh\u00e4lsa. L\u00e4rarna efterlyser...","og_url":"https:\/\/lararkarriar.se\/gymnasieskola\/2018\/04\/25\/larare-vill-att-elevhalsan-ska-vara-mer-narvarande-i-klassrummet\/","og_site_name":"Framtidens karri\u00e4r gymnasiel\u00e4rare","article_published_time":"2018-04-25T12:38:20+00:00","og_image":[{"width":500,"height":750,"url":"https:\/\/lararkarriar.se\/gymnasieskola\/wp-content\/uploads\/sites\/10\/2018\/04\/elevhalsa-maja.jpg","type":"image\/jpeg"}],"author":"stellanstal","twitter_card":"summary_large_image","twitter_misc":{"Skriven av":"stellanstal","Ber\u00e4knad l\u00e4stid":"2 minuter"},"schema":{"@context":"https:\/\/schema.org","@graph":[{"@type":"Article","@id":"https:\/\/lararkarriar.se\/gymnasieskola\/2018\/04\/25\/larare-vill-att-elevhalsan-ska-vara-mer-narvarande-i-klassrummet\/#article","isPartOf":{"@id":"https:\/\/lararkarriar.se\/gymnasieskola\/2018\/04\/25\/larare-vill-att-elevhalsan-ska-vara-mer-narvarande-i-klassrummet\/"},"author":{"name":"stellanstal","@id":"https:\/\/lararkarriar.se\/gymnasieskola\/#\/schema\/person\/c8a43eb855191e573b73ecf8987a3b99"},"headline":"L\u00e4rare vill att elevh\u00e4lsan ska vara mer n\u00e4rvarande i klassrummet","datePublished":"2018-04-25T12:38:20+00:00","mainEntityOfPage":{"@id":"https:\/\/lararkarriar.se\/gymnasieskola\/2018\/04\/25\/larare-vill-att-elevhalsan-ska-vara-mer-narvarande-i-klassrummet\/"},"wordCount":476,"image":{"@id":"https:\/\/lararkarriar.se\/gymnasieskola\/2018\/04\/25\/larare-vill-att-elevhalsan-ska-vara-mer-narvarande-i-klassrummet\/#primaryimage"},"thumbnailUrl":"https:\/\/lararkarriar.se\/gymnasieskola\/wp-content\/uploads\/sites\/10\/2018\/04\/elevhalsa-maja.jpg","keywords":["Elevh\u00e4lsa","Link\u00f6pings universitetssjukhus","N\u00e4rvaro","Psykolog","Samverkan","Skolkurator","Skolsk\u00f6terska"],"articleSection":["Artikel"],"inLanguage":"sv-SE"},{"@type":"WebPage","@id":"https:\/\/lararkarriar.se\/gymnasieskola\/2018\/04\/25\/larare-vill-att-elevhalsan-ska-vara-mer-narvarande-i-klassrummet\/","url":"https:\/\/lararkarriar.se\/gymnasieskola\/2018\/04\/25\/larare-vill-att-elevhalsan-ska-vara-mer-narvarande-i-klassrummet\/","name":"L\u00e4rare vill att elevh\u00e4lsan ska vara mer n\u00e4rvarande i klassrummet - Framtidens karri\u00e4r gymnasiel\u00e4rare","isPartOf":{"@id":"https:\/\/lararkarriar.se\/gymnasieskola\/#website"},"primaryImageOfPage":{"@id":"https:\/\/lararkarriar.se\/gymnasieskola\/2018\/04\/25\/larare-vill-att-elevhalsan-ska-vara-mer-narvarande-i-klassrummet\/#primaryimage"},"image":{"@id":"https:\/\/lararkarriar.se\/gymnasieskola\/2018\/04\/25\/larare-vill-att-elevhalsan-ska-vara-mer-narvarande-i-klassrummet\/#primaryimage"},"thumbnailUrl":"https:\/\/lararkarriar.se\/gymnasieskola\/wp-content\/uploads\/sites\/10\/2018\/04\/elevhalsa-maja.jpg","datePublished":"2018-04-25T12:38:20+00:00","author":{"@id":"https:\/\/lararkarriar.se\/gymnasieskola\/#\/schema\/person\/c8a43eb855191e573b73ecf8987a3b99"},"breadcrumb":{"@id":"https:\/\/lararkarriar.se\/gymnasieskola\/2018\/04\/25\/larare-vill-att-elevhalsan-ska-vara-mer-narvarande-i-klassrummet\/#breadcrumb"},"inLanguage":"sv-SE","potentialAction":[{"@type":"ReadAction","target":["https:\/\/lararkarriar.se\/gymnasieskola\/2018\/04\/25\/larare-vill-att-elevhalsan-ska-vara-mer-narvarande-i-klassrummet\/"]}]},{"@type":"ImageObject","inLanguage":"sv-SE","@id":"https:\/\/lararkarriar.se\/gymnasieskola\/2018\/04\/25\/larare-vill-att-elevhalsan-ska-vara-mer-narvarande-i-klassrummet\/#primaryimage","url":"https:\/\/lararkarriar.se\/gymnasieskola\/wp-content\/uploads\/sites\/10\/2018\/04\/elevhalsa-maja.jpg","contentUrl":"https:\/\/lararkarriar.se\/gymnasieskola\/wp-content\/uploads\/sites\/10\/2018\/04\/elevhalsa-maja.jpg","width":500,"height":750,"caption":"Maja Johansson Gaimer, l\u00e4rare p\u00e5 Sjukhusskolan vid Link\u00f6pings universitetssjukhus."},{"@type":"BreadcrumbList","@id":"https:\/\/lararkarriar.se\/gymnasieskola\/2018\/04\/25\/larare-vill-att-elevhalsan-ska-vara-mer-narvarande-i-klassrummet\/#breadcrumb","itemListElement":[{"@type":"ListItem","position":1,"name":"Home","item":"https:\/\/lararkarriar.se\/gymnasieskola\/"},{"@type":"ListItem","position":2,"name":"L\u00e4rare vill att elevh\u00e4lsan ska vara mer n\u00e4rvarande i klassrummet"}]},{"@type":"WebSite","@id":"https:\/\/lararkarriar.se\/gymnasieskola\/#website","url":"https:\/\/lararkarriar.se\/gymnasieskola\/","name":"Framtidens karri\u00e4r gymnasiel\u00e4rare","description":"Just another NMDashboard.se Sites site","potentialAction":[{"@type":"SearchAction","target":{"@type":"EntryPoint","urlTemplate":"https:\/\/lararkarriar.se\/gymnasieskola\/?s={search_term_string}"},"query-input":{"@type":"PropertyValueSpecification","valueRequired":true,"valueName":"search_term_string"}}],"inLanguage":"sv-SE"},{"@type":"Person","@id":"https:\/\/lararkarriar.se\/gymnasieskola\/#\/schema\/person\/c8a43eb855191e573b73ecf8987a3b99","name":"stellanstal","image":{"@type":"ImageObject","inLanguage":"sv-SE","@id":"https:\/\/secure.gravatar.com\/avatar\/cd330fa6bb17f598124b2068ee0b189e4fe0987a50af9d53b78410836060d0c9?s=96&d=mm&r=g","url":"https:\/\/secure.gravatar.com\/avatar\/cd330fa6bb17f598124b2068ee0b189e4fe0987a50af9d53b78410836060d0c9?s=96&d=mm&r=g","contentUrl":"https:\/\/secure.gravatar.com\/avatar\/cd330fa6bb17f598124b2068ee0b189e4fe0987a50af9d53b78410836060d0c9?s=96&d=mm&r=g","caption":"stellanstal"},"url":"https:\/\/lararkarriar.se\/gymnasieskola\/author\/stellanstal\/"}]}},"_links":{"self":[{"href":"https:\/\/lararkarriar.se\/gymnasieskola\/wp-json\/wp\/v2\/posts\/5999","targetHints":{"allow":["GET"]}}],"collection":[{"href":"https:\/\/lararkarriar.se\/gymnasieskola\/wp-json\/wp\/v2\/posts"}],"about":[{"href":"https:\/\/lararkarriar.se\/gymnasieskola\/wp-json\/wp\/v2\/types\/post"}],"author":[{"embeddable":true,"href":"https:\/\/lararkarriar.se\/gymnasieskola\/wp-json\/wp\/v2\/users\/3"}],"replies":[{"embeddable":true,"href":"https:\/\/lararkarriar.se\/gymnasieskola\/wp-json\/wp\/v2\/comments?post=5999"}],"version-history":[{"count":0,"href":"https:\/\/lararkarriar.se\/gymnasieskola\/wp-json\/wp\/v2\/posts\/5999\/revisions"}],"wp:featuredmedia":[{"embeddable":true,"href":"https:\/\/lararkarriar.se\/gymnasieskola\/wp-json\/wp\/v2\/media\/6001"}],"wp:attachment":[{"href":"https:\/\/lararkarriar.se\/gymnasieskola\/wp-json\/wp\/v2\/media?parent=5999"}],"wp:term":[{"taxonomy":"category","embeddable":true,"href":"https:\/\/lararkarriar.se\/gymnasieskola\/wp-json\/wp\/v2\/categories?post=5999"},{"taxonomy":"post_tag","embeddable":true,"href":"https:\/\/lararkarriar.se\/gymnasieskola\/wp-json\/wp\/v2\/tags?post=5999"}],"curies":[{"name":"wp","href":"https:\/\/api.w.org\/{rel}","templated":true}]}}