{"id":6004,"date":"2018-04-25T14:43:57","date_gmt":"2018-04-25T12:43:57","guid":{"rendered":"http:\/\/lararkarriar.se\/gymnasieskola\/?p=6004"},"modified":"2018-04-25T14:43:57","modified_gmt":"2018-04-25T12:43:57","slug":"sa-ska-dromarbetsgivaren-vara","status":"publish","type":"post","link":"https:\/\/lararkarriar.se\/gymnasieskola\/2018\/04\/25\/sa-ska-dromarbetsgivaren-vara\/","title":{"rendered":"S\u00e5 ska dr\u00f6marbetsgivaren vara"},"content":{"rendered":"<figure id=\"attachment_6005\" aria-describedby=\"caption-attachment-6005\" style=\"width: 1000px\" class=\"wp-caption alignnone\"><img loading=\"lazy\" decoding=\"async\" class=\"size-full wp-image-6005\" src=\"https:\/\/lararkarriar.se\/gymnasieskola\/wp-content\/uploads\/sites\/10\/2018\/04\/attraktiva-bild2.jpg\" alt=\"Mattias Olsson, gymnasiechef i Kristianstad. Foto: Privat\" width=\"1000\" height=\"716\" srcset=\"https:\/\/lararkarriar.se\/gymnasieskola\/wp-content\/uploads\/sites\/10\/2018\/04\/attraktiva-bild2.jpg 1000w, https:\/\/lararkarriar.se\/gymnasieskola\/wp-content\/uploads\/sites\/10\/2018\/04\/attraktiva-bild2-300x215.jpg 300w, https:\/\/lararkarriar.se\/gymnasieskola\/wp-content\/uploads\/sites\/10\/2018\/04\/attraktiva-bild2-768x550.jpg 768w, https:\/\/lararkarriar.se\/gymnasieskola\/wp-content\/uploads\/sites\/10\/2018\/04\/attraktiva-bild2-223x160.jpg 223w, https:\/\/lararkarriar.se\/gymnasieskola\/wp-content\/uploads\/sites\/10\/2018\/04\/attraktiva-bild2-526x377.jpg 526w, https:\/\/lararkarriar.se\/gymnasieskola\/wp-content\/uploads\/sites\/10\/2018\/04\/attraktiva-bild2-720x516.jpg 720w, https:\/\/lararkarriar.se\/gymnasieskola\/wp-content\/uploads\/sites\/10\/2018\/04\/attraktiva-bild2-960x687.jpg 960w\" sizes=\"auto, (max-width: 1000px) 100vw, 1000px\" \/><figcaption id=\"caption-attachment-6005\" class=\"wp-caption-text\">Mattias Olsson, gymnasiechef i Kristianstad. Foto: Privat<\/figcaption><\/figure>\n<p><strong>Arbetsgivare som erbjuder en bra l\u00f6n och som fokuserar p\u00e5 gott ledarskap \u00e4r mest popul\u00e4ra i gymnasiel\u00e4rares \u00f6gon. Tidningen Framtidens Karri\u00e4r \u2013 Gymnasiel\u00e4rare h\u00f6r med en av landets gymnasiechefer hur man kan tillm\u00f6tesg\u00e5 de \u00f6nskem\u00e5len. <\/strong><\/p>\n<p>Bra l\u00f6n och god l\u00f6neutveckling toppar listan \u00f6ver de faktorer som gymnasiel\u00e4rare tycker k\u00e4nnetecknar en attraktiv arbetsgivare. Det visar en unders\u00f6kning som tidningen Framtidens Karri\u00e4r \u2013 Gymnasiel\u00e4rare l\u00e5tit g\u00f6ra bland ett slumpvist urval av gymnasiel\u00e4rare. Mattias Olsson, gymnasiechef i Kristianstad, \u00e4r inte \u00f6verraskad \u00f6ver resultatet.<br \/>\n\u2013 Det \u00e4r sj\u00e4lvklart att gymnasiel\u00e4rare vill och ska f\u00e5 betalt f\u00f6r sitt viktiga och komplexa uppdrag. I j\u00e4mf\u00f6relse med andra yrken och branscher i samh\u00e4llet tycker jag att l\u00f6nerna borde h\u00f6jas ytterligare \u00e4ven om utvecklingen varit f\u00f6rh\u00e5llandevis god p\u00e5 sistone.<\/p>\n<p><strong>Bra l\u00f6neniv\u00e5<\/strong><br \/>\nI Kristianstad har man lyckats h\u00e5lla l\u00f6neniv\u00e5n bland l\u00e4rare p\u00e5 en bra niv\u00e5. Mattias Olsson ser \u00e4ven positivt p\u00e5 m\u00f6jligheten att inom skolans v\u00e4rld kunna premiera s\u00e4rskilda uppdrag eller engagemang med ekonomiska medel. Han menar att den \u00f6kade l\u00f6nespridningen inom l\u00e4rark\u00e5ren varit av godo p\u00e5 s\u00e5 s\u00e4tt att l\u00f6nen numera b\u00e4ttre speglar individuella arbetsinsatser. Att ett bra jobb m\u00e4rks i l\u00f6nekuvertet.<br \/>\n\u00c4ven bra ledarskap \u00e4r en faktor som gymnasiel\u00e4rare v\u00e4rdes\u00e4tter h\u00f6gt hos en arbetsgivare. \u00c5tta av tio av de som besvarat enk\u00e4ten anger att det \u00e4r viktigt. Mattias Olsson har full f\u00f6rst\u00e5else f\u00f6r det. F\u00f6r l\u00e4rare \u00e4r det framf\u00f6r allt rektorn man har i \u00e5tanke, tror han. Det pedagogiska ledarskapet har kommit mer och mer i fokus i takt med att f\u00f6rv\u00e4ntningarna p\u00e5 skolan och l\u00e4raruppdraget f\u00f6r\u00e4ndrats med tiden.<br \/>\n\u2013 H\u00e4r har vi inom f\u00f6rvaltningen en viktig roll f\u00f6r att se till s\u00e5 att rektorerna f\u00e5r utrymme f\u00f6r att leda och st\u00f6dja l\u00e4rarna. Det handlar inte bara om att rekrytera de b\u00e4sta skolledarna utan \u00e4ven att skapa en bra organisation. \u00c4ven den mest kompetenta rektorn g\u00f6r mycket liten nytta om hen inte f\u00e5r de r\u00e4tta f\u00f6ruts\u00e4ttningarna f\u00f6r att verkligen \u00e4gna sig \u00e5t sin viktiga uppgift som pedagogisk ledare, s\u00e4ger Mattias Olsson.<\/p>\n<div class=\"faktaruta2-title\">Vilka av f\u00f6ljande faktorer k\u00e4nnetecknar en attraktiv arbetsgivare inom gymnasieskolan?<\/div><div class=\"faktaruta2\"><img loading=\"lazy\" decoding=\"async\" class=\"alignnone size-full wp-image-6006\" src=\"https:\/\/lararkarriar.se\/gymnasieskola\/wp-content\/uploads\/sites\/10\/2018\/04\/attraktiva-graf.png\" alt=\"\" width=\"1000\" height=\"663\" srcset=\"https:\/\/lararkarriar.se\/gymnasieskola\/wp-content\/uploads\/sites\/10\/2018\/04\/attraktiva-graf.png 1000w, https:\/\/lararkarriar.se\/gymnasieskola\/wp-content\/uploads\/sites\/10\/2018\/04\/attraktiva-graf-300x199.png 300w, https:\/\/lararkarriar.se\/gymnasieskola\/wp-content\/uploads\/sites\/10\/2018\/04\/attraktiva-graf-768x509.png 768w, https:\/\/lararkarriar.se\/gymnasieskola\/wp-content\/uploads\/sites\/10\/2018\/04\/attraktiva-graf-241x160.png 241w, https:\/\/lararkarriar.se\/gymnasieskola\/wp-content\/uploads\/sites\/10\/2018\/04\/attraktiva-graf-526x349.png 526w, https:\/\/lararkarriar.se\/gymnasieskola\/wp-content\/uploads\/sites\/10\/2018\/04\/attraktiva-graf-720x477.png 720w, https:\/\/lararkarriar.se\/gymnasieskola\/wp-content\/uploads\/sites\/10\/2018\/04\/attraktiva-graf-960x636.png 960w\" sizes=\"auto, (max-width: 1000px) 100vw, 1000px\" \/><br \/>\n<strong>1<\/strong> Bra l\u00f6n\/l\u00f6neutveckling<br \/>\n<strong>2<\/strong> Bra ledarskap<br \/>\n<strong>3<\/strong> Bra team\/arbetskamrater<br \/>\n<strong>4<\/strong> M\u00f6jlighet att p\u00e5verka din arbetssituation<br \/>\n<strong>5<\/strong> Bra psykisk arbetsmilj\u00f6 (minskad stress, mental press etc.)<br \/>\n<strong>6<\/strong> Att kunna \u00e4gna sig mer \u00e5t undervisning<br \/>\n<strong>7<\/strong> Bra fysisk arbetsmilj\u00f6 (lokaler, ljudniv\u00e5, luft)<br \/>\n<strong>8<\/strong> Flexibel och mindre reglerad arbetstid<br \/>\n<strong>9<\/strong> Mindre administration<br \/>\n<strong>10<\/strong> Motiverade\/intresserade elever<br \/>\n<strong>11<\/strong> Mindre klasser<br \/>\n<strong>12<\/strong> Bra karri\u00e4r- och utvecklings\u00adm\u00f6jligheter<br \/>\n<strong>13<\/strong> F\u00f6renklad dokumentation<br \/>\n<strong>14<\/strong> Annat<\/div>\n","protected":false},"excerpt":{"rendered":"<p>Arbetsgivare som erbjuder en bra l\u00f6n och som fokuserar p\u00e5 gott ledarskap \u00e4r mest popul\u00e4ra&#8230;<\/p>\n","protected":false},"author":3,"featured_media":6005,"comment_status":"closed","ping_status":"open","sticky":false,"template":"","format":"standard","meta":{"_acf_changed":false,"_monsterinsights_skip_tracking":false,"_monsterinsights_sitenote_active":false,"_monsterinsights_sitenote_note":"","_monsterinsights_sitenote_category":0,"footnotes":""},"categories":[1],"tags":[18,27,28,29,140,277],"class_list":["post-6004","post","type-post","status-publish","format-standard","has-post-thumbnail","hentry","category-artikel","tag-arbetsgivare","tag-attraktiv","tag-attraktiv-arbetsgivare","tag-attraktiv-arbetsplats","tag-kristianstad","tag-undersokning"],"acf":[],"yoast_head":"<!-- This site is optimized with the Yoast SEO plugin v27.3 - https:\/\/yoast.com\/product\/yoast-seo-wordpress\/ -->\n<title>S\u00e5 ska dr\u00f6marbetsgivaren vara - Framtidens karri\u00e4r gymnasiel\u00e4rare<\/title>\n<meta name=\"robots\" content=\"index, follow, max-snippet:-1, max-image-preview:large, max-video-preview:-1\" \/>\n<link rel=\"canonical\" href=\"https:\/\/lararkarriar.se\/gymnasieskola\/2018\/04\/25\/sa-ska-dromarbetsgivaren-vara\/\" \/>\n<meta property=\"og:locale\" content=\"sv_SE\" \/>\n<meta property=\"og:type\" content=\"article\" \/>\n<meta property=\"og:title\" content=\"S\u00e5 ska dr\u00f6marbetsgivaren vara - Framtidens karri\u00e4r gymnasiel\u00e4rare\" \/>\n<meta property=\"og:description\" content=\"Arbetsgivare som erbjuder en bra l\u00f6n och som fokuserar p\u00e5 gott ledarskap \u00e4r mest popul\u00e4ra...\" \/>\n<meta property=\"og:url\" content=\"https:\/\/lararkarriar.se\/gymnasieskola\/2018\/04\/25\/sa-ska-dromarbetsgivaren-vara\/\" \/>\n<meta property=\"og:site_name\" content=\"Framtidens karri\u00e4r gymnasiel\u00e4rare\" \/>\n<meta property=\"article:published_time\" content=\"2018-04-25T12:43:57+00:00\" \/>\n<meta property=\"og:image\" content=\"https:\/\/lararkarriar.se\/gymnasieskola\/wp-content\/uploads\/sites\/10\/2018\/04\/attraktiva-bild2.jpg\" \/>\n\t<meta property=\"og:image:width\" content=\"1000\" \/>\n\t<meta property=\"og:image:height\" content=\"716\" \/>\n\t<meta property=\"og:image:type\" content=\"image\/jpeg\" \/>\n<meta name=\"author\" content=\"stellanstal\" \/>\n<meta name=\"twitter:card\" content=\"summary_large_image\" \/>\n<meta name=\"twitter:label1\" content=\"Skriven av\" \/>\n\t<meta name=\"twitter:data1\" content=\"stellanstal\" \/>\n\t<meta name=\"twitter:label2\" content=\"Ber\u00e4knad l\u00e4stid\" \/>\n\t<meta name=\"twitter:data2\" content=\"2 minuter\" \/>\n<script type=\"application\/ld+json\" class=\"yoast-schema-graph\">{\"@context\":\"https:\\\/\\\/schema.org\",\"@graph\":[{\"@type\":\"Article\",\"@id\":\"https:\\\/\\\/lararkarriar.se\\\/gymnasieskola\\\/2018\\\/04\\\/25\\\/sa-ska-dromarbetsgivaren-vara\\\/#article\",\"isPartOf\":{\"@id\":\"https:\\\/\\\/lararkarriar.se\\\/gymnasieskola\\\/2018\\\/04\\\/25\\\/sa-ska-dromarbetsgivaren-vara\\\/\"},\"author\":{\"name\":\"stellanstal\",\"@id\":\"https:\\\/\\\/lararkarriar.se\\\/gymnasieskola\\\/#\\\/schema\\\/person\\\/c8a43eb855191e573b73ecf8987a3b99\"},\"headline\":\"S\u00e5 ska dr\u00f6marbetsgivaren vara\",\"datePublished\":\"2018-04-25T12:43:57+00:00\",\"mainEntityOfPage\":{\"@id\":\"https:\\\/\\\/lararkarriar.se\\\/gymnasieskola\\\/2018\\\/04\\\/25\\\/sa-ska-dromarbetsgivaren-vara\\\/\"},\"wordCount\":490,\"image\":{\"@id\":\"https:\\\/\\\/lararkarriar.se\\\/gymnasieskola\\\/2018\\\/04\\\/25\\\/sa-ska-dromarbetsgivaren-vara\\\/#primaryimage\"},\"thumbnailUrl\":\"https:\\\/\\\/lararkarriar.se\\\/gymnasieskola\\\/wp-content\\\/uploads\\\/sites\\\/10\\\/2018\\\/04\\\/attraktiva-bild2.jpg\",\"keywords\":[\"Arbetsgivare\",\"Attraktiv\",\"Attraktiv arbetsgivare\",\"Attraktiv arbetsplats\",\"Kristianstad\",\"Unders\u00f6kning\"],\"articleSection\":[\"Artikel\"],\"inLanguage\":\"sv-SE\"},{\"@type\":\"WebPage\",\"@id\":\"https:\\\/\\\/lararkarriar.se\\\/gymnasieskola\\\/2018\\\/04\\\/25\\\/sa-ska-dromarbetsgivaren-vara\\\/\",\"url\":\"https:\\\/\\\/lararkarriar.se\\\/gymnasieskola\\\/2018\\\/04\\\/25\\\/sa-ska-dromarbetsgivaren-vara\\\/\",\"name\":\"S\u00e5 ska dr\u00f6marbetsgivaren vara - Framtidens karri\u00e4r gymnasiel\u00e4rare\",\"isPartOf\":{\"@id\":\"https:\\\/\\\/lararkarriar.se\\\/gymnasieskola\\\/#website\"},\"primaryImageOfPage\":{\"@id\":\"https:\\\/\\\/lararkarriar.se\\\/gymnasieskola\\\/2018\\\/04\\\/25\\\/sa-ska-dromarbetsgivaren-vara\\\/#primaryimage\"},\"image\":{\"@id\":\"https:\\\/\\\/lararkarriar.se\\\/gymnasieskola\\\/2018\\\/04\\\/25\\\/sa-ska-dromarbetsgivaren-vara\\\/#primaryimage\"},\"thumbnailUrl\":\"https:\\\/\\\/lararkarriar.se\\\/gymnasieskola\\\/wp-content\\\/uploads\\\/sites\\\/10\\\/2018\\\/04\\\/attraktiva-bild2.jpg\",\"datePublished\":\"2018-04-25T12:43:57+00:00\",\"author\":{\"@id\":\"https:\\\/\\\/lararkarriar.se\\\/gymnasieskola\\\/#\\\/schema\\\/person\\\/c8a43eb855191e573b73ecf8987a3b99\"},\"breadcrumb\":{\"@id\":\"https:\\\/\\\/lararkarriar.se\\\/gymnasieskola\\\/2018\\\/04\\\/25\\\/sa-ska-dromarbetsgivaren-vara\\\/#breadcrumb\"},\"inLanguage\":\"sv-SE\",\"potentialAction\":[{\"@type\":\"ReadAction\",\"target\":[\"https:\\\/\\\/lararkarriar.se\\\/gymnasieskola\\\/2018\\\/04\\\/25\\\/sa-ska-dromarbetsgivaren-vara\\\/\"]}]},{\"@type\":\"ImageObject\",\"inLanguage\":\"sv-SE\",\"@id\":\"https:\\\/\\\/lararkarriar.se\\\/gymnasieskola\\\/2018\\\/04\\\/25\\\/sa-ska-dromarbetsgivaren-vara\\\/#primaryimage\",\"url\":\"https:\\\/\\\/lararkarriar.se\\\/gymnasieskola\\\/wp-content\\\/uploads\\\/sites\\\/10\\\/2018\\\/04\\\/attraktiva-bild2.jpg\",\"contentUrl\":\"https:\\\/\\\/lararkarriar.se\\\/gymnasieskola\\\/wp-content\\\/uploads\\\/sites\\\/10\\\/2018\\\/04\\\/attraktiva-bild2.jpg\",\"width\":1000,\"height\":716,\"caption\":\"Mattias Olsson, gymnasiechef i Kristianstad. Foto: Privat\"},{\"@type\":\"BreadcrumbList\",\"@id\":\"https:\\\/\\\/lararkarriar.se\\\/gymnasieskola\\\/2018\\\/04\\\/25\\\/sa-ska-dromarbetsgivaren-vara\\\/#breadcrumb\",\"itemListElement\":[{\"@type\":\"ListItem\",\"position\":1,\"name\":\"Home\",\"item\":\"https:\\\/\\\/lararkarriar.se\\\/gymnasieskola\\\/\"},{\"@type\":\"ListItem\",\"position\":2,\"name\":\"S\u00e5 ska dr\u00f6marbetsgivaren vara\"}]},{\"@type\":\"WebSite\",\"@id\":\"https:\\\/\\\/lararkarriar.se\\\/gymnasieskola\\\/#website\",\"url\":\"https:\\\/\\\/lararkarriar.se\\\/gymnasieskola\\\/\",\"name\":\"Framtidens karri\u00e4r gymnasiel\u00e4rare\",\"description\":\"Just another NMDashboard.se Sites site\",\"potentialAction\":[{\"@type\":\"SearchAction\",\"target\":{\"@type\":\"EntryPoint\",\"urlTemplate\":\"https:\\\/\\\/lararkarriar.se\\\/gymnasieskola\\\/?s={search_term_string}\"},\"query-input\":{\"@type\":\"PropertyValueSpecification\",\"valueRequired\":true,\"valueName\":\"search_term_string\"}}],\"inLanguage\":\"sv-SE\"},{\"@type\":\"Person\",\"@id\":\"https:\\\/\\\/lararkarriar.se\\\/gymnasieskola\\\/#\\\/schema\\\/person\\\/c8a43eb855191e573b73ecf8987a3b99\",\"name\":\"stellanstal\",\"image\":{\"@type\":\"ImageObject\",\"inLanguage\":\"sv-SE\",\"@id\":\"https:\\\/\\\/secure.gravatar.com\\\/avatar\\\/cd330fa6bb17f598124b2068ee0b189e4fe0987a50af9d53b78410836060d0c9?s=96&d=mm&r=g\",\"url\":\"https:\\\/\\\/secure.gravatar.com\\\/avatar\\\/cd330fa6bb17f598124b2068ee0b189e4fe0987a50af9d53b78410836060d0c9?s=96&d=mm&r=g\",\"contentUrl\":\"https:\\\/\\\/secure.gravatar.com\\\/avatar\\\/cd330fa6bb17f598124b2068ee0b189e4fe0987a50af9d53b78410836060d0c9?s=96&d=mm&r=g\",\"caption\":\"stellanstal\"},\"url\":\"https:\\\/\\\/lararkarriar.se\\\/gymnasieskola\\\/author\\\/stellanstal\\\/\"}]}<\/script>\n<!-- \/ Yoast SEO plugin. -->","yoast_head_json":{"title":"S\u00e5 ska dr\u00f6marbetsgivaren vara - Framtidens karri\u00e4r gymnasiel\u00e4rare","robots":{"index":"index","follow":"follow","max-snippet":"max-snippet:-1","max-image-preview":"max-image-preview:large","max-video-preview":"max-video-preview:-1"},"canonical":"https:\/\/lararkarriar.se\/gymnasieskola\/2018\/04\/25\/sa-ska-dromarbetsgivaren-vara\/","og_locale":"sv_SE","og_type":"article","og_title":"S\u00e5 ska dr\u00f6marbetsgivaren vara - Framtidens karri\u00e4r gymnasiel\u00e4rare","og_description":"Arbetsgivare som erbjuder en bra l\u00f6n och som fokuserar p\u00e5 gott ledarskap \u00e4r mest popul\u00e4ra...","og_url":"https:\/\/lararkarriar.se\/gymnasieskola\/2018\/04\/25\/sa-ska-dromarbetsgivaren-vara\/","og_site_name":"Framtidens karri\u00e4r gymnasiel\u00e4rare","article_published_time":"2018-04-25T12:43:57+00:00","og_image":[{"width":1000,"height":716,"url":"https:\/\/lararkarriar.se\/gymnasieskola\/wp-content\/uploads\/sites\/10\/2018\/04\/attraktiva-bild2.jpg","type":"image\/jpeg"}],"author":"stellanstal","twitter_card":"summary_large_image","twitter_misc":{"Skriven av":"stellanstal","Ber\u00e4knad l\u00e4stid":"2 minuter"},"schema":{"@context":"https:\/\/schema.org","@graph":[{"@type":"Article","@id":"https:\/\/lararkarriar.se\/gymnasieskola\/2018\/04\/25\/sa-ska-dromarbetsgivaren-vara\/#article","isPartOf":{"@id":"https:\/\/lararkarriar.se\/gymnasieskola\/2018\/04\/25\/sa-ska-dromarbetsgivaren-vara\/"},"author":{"name":"stellanstal","@id":"https:\/\/lararkarriar.se\/gymnasieskola\/#\/schema\/person\/c8a43eb855191e573b73ecf8987a3b99"},"headline":"S\u00e5 ska dr\u00f6marbetsgivaren vara","datePublished":"2018-04-25T12:43:57+00:00","mainEntityOfPage":{"@id":"https:\/\/lararkarriar.se\/gymnasieskola\/2018\/04\/25\/sa-ska-dromarbetsgivaren-vara\/"},"wordCount":490,"image":{"@id":"https:\/\/lararkarriar.se\/gymnasieskola\/2018\/04\/25\/sa-ska-dromarbetsgivaren-vara\/#primaryimage"},"thumbnailUrl":"https:\/\/lararkarriar.se\/gymnasieskola\/wp-content\/uploads\/sites\/10\/2018\/04\/attraktiva-bild2.jpg","keywords":["Arbetsgivare","Attraktiv","Attraktiv arbetsgivare","Attraktiv arbetsplats","Kristianstad","Unders\u00f6kning"],"articleSection":["Artikel"],"inLanguage":"sv-SE"},{"@type":"WebPage","@id":"https:\/\/lararkarriar.se\/gymnasieskola\/2018\/04\/25\/sa-ska-dromarbetsgivaren-vara\/","url":"https:\/\/lararkarriar.se\/gymnasieskola\/2018\/04\/25\/sa-ska-dromarbetsgivaren-vara\/","name":"S\u00e5 ska dr\u00f6marbetsgivaren vara - Framtidens karri\u00e4r gymnasiel\u00e4rare","isPartOf":{"@id":"https:\/\/lararkarriar.se\/gymnasieskola\/#website"},"primaryImageOfPage":{"@id":"https:\/\/lararkarriar.se\/gymnasieskola\/2018\/04\/25\/sa-ska-dromarbetsgivaren-vara\/#primaryimage"},"image":{"@id":"https:\/\/lararkarriar.se\/gymnasieskola\/2018\/04\/25\/sa-ska-dromarbetsgivaren-vara\/#primaryimage"},"thumbnailUrl":"https:\/\/lararkarriar.se\/gymnasieskola\/wp-content\/uploads\/sites\/10\/2018\/04\/attraktiva-bild2.jpg","datePublished":"2018-04-25T12:43:57+00:00","author":{"@id":"https:\/\/lararkarriar.se\/gymnasieskola\/#\/schema\/person\/c8a43eb855191e573b73ecf8987a3b99"},"breadcrumb":{"@id":"https:\/\/lararkarriar.se\/gymnasieskola\/2018\/04\/25\/sa-ska-dromarbetsgivaren-vara\/#breadcrumb"},"inLanguage":"sv-SE","potentialAction":[{"@type":"ReadAction","target":["https:\/\/lararkarriar.se\/gymnasieskola\/2018\/04\/25\/sa-ska-dromarbetsgivaren-vara\/"]}]},{"@type":"ImageObject","inLanguage":"sv-SE","@id":"https:\/\/lararkarriar.se\/gymnasieskola\/2018\/04\/25\/sa-ska-dromarbetsgivaren-vara\/#primaryimage","url":"https:\/\/lararkarriar.se\/gymnasieskola\/wp-content\/uploads\/sites\/10\/2018\/04\/attraktiva-bild2.jpg","contentUrl":"https:\/\/lararkarriar.se\/gymnasieskola\/wp-content\/uploads\/sites\/10\/2018\/04\/attraktiva-bild2.jpg","width":1000,"height":716,"caption":"Mattias Olsson, gymnasiechef i Kristianstad. Foto: Privat"},{"@type":"BreadcrumbList","@id":"https:\/\/lararkarriar.se\/gymnasieskola\/2018\/04\/25\/sa-ska-dromarbetsgivaren-vara\/#breadcrumb","itemListElement":[{"@type":"ListItem","position":1,"name":"Home","item":"https:\/\/lararkarriar.se\/gymnasieskola\/"},{"@type":"ListItem","position":2,"name":"S\u00e5 ska dr\u00f6marbetsgivaren vara"}]},{"@type":"WebSite","@id":"https:\/\/lararkarriar.se\/gymnasieskola\/#website","url":"https:\/\/lararkarriar.se\/gymnasieskola\/","name":"Framtidens karri\u00e4r gymnasiel\u00e4rare","description":"Just another NMDashboard.se Sites site","potentialAction":[{"@type":"SearchAction","target":{"@type":"EntryPoint","urlTemplate":"https:\/\/lararkarriar.se\/gymnasieskola\/?s={search_term_string}"},"query-input":{"@type":"PropertyValueSpecification","valueRequired":true,"valueName":"search_term_string"}}],"inLanguage":"sv-SE"},{"@type":"Person","@id":"https:\/\/lararkarriar.se\/gymnasieskola\/#\/schema\/person\/c8a43eb855191e573b73ecf8987a3b99","name":"stellanstal","image":{"@type":"ImageObject","inLanguage":"sv-SE","@id":"https:\/\/secure.gravatar.com\/avatar\/cd330fa6bb17f598124b2068ee0b189e4fe0987a50af9d53b78410836060d0c9?s=96&d=mm&r=g","url":"https:\/\/secure.gravatar.com\/avatar\/cd330fa6bb17f598124b2068ee0b189e4fe0987a50af9d53b78410836060d0c9?s=96&d=mm&r=g","contentUrl":"https:\/\/secure.gravatar.com\/avatar\/cd330fa6bb17f598124b2068ee0b189e4fe0987a50af9d53b78410836060d0c9?s=96&d=mm&r=g","caption":"stellanstal"},"url":"https:\/\/lararkarriar.se\/gymnasieskola\/author\/stellanstal\/"}]}},"_links":{"self":[{"href":"https:\/\/lararkarriar.se\/gymnasieskola\/wp-json\/wp\/v2\/posts\/6004","targetHints":{"allow":["GET"]}}],"collection":[{"href":"https:\/\/lararkarriar.se\/gymnasieskola\/wp-json\/wp\/v2\/posts"}],"about":[{"href":"https:\/\/lararkarriar.se\/gymnasieskola\/wp-json\/wp\/v2\/types\/post"}],"author":[{"embeddable":true,"href":"https:\/\/lararkarriar.se\/gymnasieskola\/wp-json\/wp\/v2\/users\/3"}],"replies":[{"embeddable":true,"href":"https:\/\/lararkarriar.se\/gymnasieskola\/wp-json\/wp\/v2\/comments?post=6004"}],"version-history":[{"count":0,"href":"https:\/\/lararkarriar.se\/gymnasieskola\/wp-json\/wp\/v2\/posts\/6004\/revisions"}],"wp:featuredmedia":[{"embeddable":true,"href":"https:\/\/lararkarriar.se\/gymnasieskola\/wp-json\/wp\/v2\/media\/6005"}],"wp:attachment":[{"href":"https:\/\/lararkarriar.se\/gymnasieskola\/wp-json\/wp\/v2\/media?parent=6004"}],"wp:term":[{"taxonomy":"category","embeddable":true,"href":"https:\/\/lararkarriar.se\/gymnasieskola\/wp-json\/wp\/v2\/categories?post=6004"},{"taxonomy":"post_tag","embeddable":true,"href":"https:\/\/lararkarriar.se\/gymnasieskola\/wp-json\/wp\/v2\/tags?post=6004"}],"curies":[{"name":"wp","href":"https:\/\/api.w.org\/{rel}","templated":true}]}}