{"id":6041,"date":"2018-04-25T15:22:42","date_gmt":"2018-04-25T13:22:42","guid":{"rendered":"http:\/\/lararkarriar.se\/gymnasieskola\/?p=6041"},"modified":"2018-04-25T15:22:42","modified_gmt":"2018-04-25T13:22:42","slug":"toppbetyg-till-arbetsgivare-som-erbjuder-bra-lon-och-ledarskap","status":"publish","type":"post","link":"https:\/\/lararkarriar.se\/gymnasieskola\/2018\/04\/25\/toppbetyg-till-arbetsgivare-som-erbjuder-bra-lon-och-ledarskap\/","title":{"rendered":"Toppbetyg till arbetsgivare som erbjuder bra l\u00f6n och ledarskap"},"content":{"rendered":"<figure id=\"attachment_6044\" aria-describedby=\"caption-attachment-6044\" style=\"width: 1000px\" class=\"wp-caption alignnone\"><img loading=\"lazy\" decoding=\"async\" class=\"size-full wp-image-6044\" src=\"https:\/\/lararkarriar.se\/gymnasieskola\/wp-content\/uploads\/sites\/10\/2018\/04\/moderaterna-l1100051.jpg\" alt=\"Erik Bengtzboe, talesperson i skolfr\u00e5gor f\u00f6r Nya Moderaterna. Foto: Fredrik Wennerlund\" width=\"1000\" height=\"688\" srcset=\"https:\/\/lararkarriar.se\/gymnasieskola\/wp-content\/uploads\/sites\/10\/2018\/04\/moderaterna-l1100051.jpg 1000w, https:\/\/lararkarriar.se\/gymnasieskola\/wp-content\/uploads\/sites\/10\/2018\/04\/moderaterna-l1100051-300x206.jpg 300w, https:\/\/lararkarriar.se\/gymnasieskola\/wp-content\/uploads\/sites\/10\/2018\/04\/moderaterna-l1100051-768x528.jpg 768w, https:\/\/lararkarriar.se\/gymnasieskola\/wp-content\/uploads\/sites\/10\/2018\/04\/moderaterna-l1100051-233x160.jpg 233w, https:\/\/lararkarriar.se\/gymnasieskola\/wp-content\/uploads\/sites\/10\/2018\/04\/moderaterna-l1100051-526x362.jpg 526w, https:\/\/lararkarriar.se\/gymnasieskola\/wp-content\/uploads\/sites\/10\/2018\/04\/moderaterna-l1100051-720x495.jpg 720w, https:\/\/lararkarriar.se\/gymnasieskola\/wp-content\/uploads\/sites\/10\/2018\/04\/moderaterna-l1100051-960x660.jpg 960w\" sizes=\"auto, (max-width: 1000px) 100vw, 1000px\" \/><figcaption id=\"caption-attachment-6044\" class=\"wp-caption-text\">Erik Bengtzboe, talesperson i skolfr\u00e5gor f\u00f6r Nya Moderaterna. Foto: Fredrik Wennerlund<\/figcaption><\/figure>\n<p><strong>Bra l\u00f6n och bra ledarskap \u00e4r de faktorer som fr\u00e4mst k\u00e4nnetecknar en bra arbetsgivare inom gymnasieskolan. Det visar en f\u00e4rsk unders\u00f6kning av Framtidens Karri\u00e4r \u2013 Gymnasiel\u00e4rare d\u00e4r hela 80 procent av de tillfr\u00e5gade l\u00e4rarna anger dessa faktorer som viktigast.<\/strong><\/p>\n<p>Enligt Erik Bengtzboe, Nya Moderaternas talesperson i skolfr\u00e5gor, \u00e4r resultatet i linje med partiets uppfattning.<br \/>\n\u2013 F\u00f6r oss \u00e4r det en sj\u00e4lvklarhet att skickliga och erfarna l\u00e4rare ska ha bra betalt. Vid sidan av l\u00f6nen ser vi ocks\u00e5 att l\u00e4rarnas arbetsmilj\u00f6 spelar en stor roll f\u00f6r l\u00e4raryrkets attraktivitet. L\u00e4rare ska arbeta med det som de \u00e4r utbildade f\u00f6r och med deras huvuduppdrag: undervisningen. H\u00e4r spelar ledarskapet p\u00e5 skolorna en viktig roll, i den meningen att ett gott ledarskap skapar f\u00f6ruts\u00e4ttningar f\u00f6r l\u00e4rare att fokusera p\u00e5 undervisningen, vare sig det handlar om kompetensutveckling, f\u00f6r- och efterarbete eller sj\u00e4lva undervisningen i klassrummet.<\/p>\n<p><strong>V\u00e5ld i skolan<\/strong><br \/>\nI unders\u00f6kningen uppger en tredjedel att de utsatts f\u00f6r v\u00e5ld i skolan, antingen av elever eller av anh\u00f6riga till elever. Erik Bengtzboe ser med oro p\u00e5 den utvecklingen.<br \/>\n\u2013 Skolan \u00e4r en del av v\u00e4rlden utanf\u00f6r, s\u00e5 n\u00e4r vi ser att v\u00e5ld och otrygghet breder ut sig sker det \u00e4ven i skolan. Att polisen och socialtj\u00e4nst f\u00e5r b\u00e4ttre resurser f\u00f6r att kunna g\u00f6ra sitt jobb \u00e4r d\u00e4rf\u00f6r viktigt. V\u00e5ld och kr\u00e4nkningar accepteras inte p\u00e5 n\u00e5gon annan arbetsplats och ska heller inte accepteras i skolan. Moderaterna har d\u00e4rf\u00f6r l\u00e4nge kr\u00e4vt en \u00f6versyn av skollagens kapitel som r\u00f6r trygghet och studiero i syfte att sk\u00e4rpa l\u00e4rarnas mandat att ingripa vid ordningssituationer. Ytterst \u00e4r det ocks\u00e5 s\u00e5 att om kameror och andra trygghets\u00e5tg\u00e4rder beh\u00f6ver s\u00e4ttas in s\u00e5 ska det ske. Vi \u00e4r ocks\u00e5 \u00f6ppna f\u00f6r att inf\u00f6ra ordningsomd\u00f6men i skolan.<\/p>\n<p><strong>Efterlyser dialog<\/strong><br \/>\n65 procent av l\u00e4rarna anser att politiska beslut som r\u00f6r gymnasieskolan inte \u00e4r verklighetsf\u00f6rankrade.<br \/>\n\u2013 Det \u00e4r en olycklig spricka mellan professionen och politiken som vi g\u00f6r v\u00e5rt b\u00e4sta f\u00f6r att \u00f6verbrygga. Bland annat av denna anledning prioriterar vi att bes\u00f6ka skolor och l\u00e4rare f\u00f6r att lyssna in kritik och synpunkter p\u00e5 olika f\u00f6rslag. Detta uppmanar vi ocks\u00e5 v\u00e5ra lokala f\u00f6retr\u00e4dare att g\u00f6ra. Vi har \u00e4ven en kontinuerlig dialog med de b\u00e5da l\u00e4rarfacken och tar del av deras remissvar. I grund och botten tror jag att vi l\u00e4nge har \u00f6verskattat politikens roll i skolan och underskattat l\u00e4rarnas, och det f\u00e5r konsekvenser d\u00e4r snabba f\u00f6r\u00e4ndringar sker med l\u00f6ften om stor f\u00f6r\u00e4ndring men med d\u00e5lig f\u00f6rankring i verksamheten som faktiskt ska leverera det.<\/p>\n<p><strong>Religi\u00f6sa friskolor<\/strong><br \/>\n81 procent s\u00e4ger sig vara emot religi\u00f6sa friskolor. Erik Bengtzboe \u00e4r inte f\u00f6rv\u00e5nad \u00f6ver resultatet.<br \/>\n\u2013 Det \u00e4r l\u00e4rare och rektorer, inte pr\u00e4ster och imamer, som ska styra undervisningen och skolan. Alla elever har r\u00e4tt till en skolg\u00e5ng som pr\u00e4glas av svenska v\u00e4rderingar om j\u00e4mst\u00e4lldhet och om alla m\u00e4nniskors lika v\u00e4rde. F\u00f6r att s\u00e4kerst\u00e4lla att religionen inte p\u00e5verkar undervisningen vill Moderaterna sk\u00e4rpa tillsynen och kontrollerna av dessa skolor. Vi vill ocks\u00e5 se en \u00e4ndring av skollagen f\u00f6r att s\u00e4tta stopp f\u00f6r en systematiserad och icke-pedagogiskt motiverad k\u00f6nsseparerad undervisning.<br \/>\n65 procent s\u00e4ger sig vara f\u00f6r \u00e4mnesbetyg, 35 procent f\u00f6r kursbetyg.<br \/>\n\u2013 Att g\u00e5 fr\u00e5n ett kurs- till ett \u00e4mnesbaserat gymnasium \u00e4r en mycket stor reform. Hela gymnasieskolans uppl\u00e4gg skulle beh\u00f6va g\u00f6ras om. D\u00e4rf\u00f6r \u00e4r det viktigt att vi f\u00f6rst utv\u00e4rderar nuvarande system och dess effekter innan vi g\u00f6r om det.<\/p>\n<p><strong>F\u00f6rstatligande<\/strong><br \/>\n92 procent s\u00e4ger sig vara f\u00f6r ett f\u00f6rstatligande av gymnasieskolan. H\u00e4r s\u00e4ger Erik Bengtzboe att Moderaterna vill se ett tydligare nationellt ansvar f\u00f6r att v\u00e4nda utvecklingen p\u00e5 de skolor som brister.<br \/>\n\u2013 Det handlar bland annat om att s\u00e4tta upp nationella kvalitetskrav som varje skola m\u00e5ste n\u00e5 upp till. De skolor som inte klarar av att m\u00f6ta kraven p\u00e5 exempelvis kunskapsresultat, trygghet och arbetsmilj\u00f6 ska omedelbart \u00e5l\u00e4ggas krav p\u00e5 att v\u00e4nda resultaten samt f\u00e5 st\u00f6d av staten i det arbetet. Om skolan \u00e4nd\u00e5 inte lyckas \u00e5tg\u00e4rda problemen ska staten ytterst kunna \u00f6verta driften av en skola under en \u00f6verg\u00e5ngsperiod och st\u00e4nga den om det kr\u00e4vs. Tillst\u00e5nd kan idag dras in f\u00f6r friskolor, men f\u00f6r kommunala skolor saknas den m\u00f6jligheten.<\/p>\n<div class=\"faktaruta2-title\">Anser du att religi\u00f6sa friskolor ska till\u00e5tas?<\/div><div class=\"faktaruta2\"><img loading=\"lazy\" decoding=\"async\" class=\"alignnone size-full wp-image-6042\" src=\"https:\/\/lararkarriar.se\/gymnasieskola\/wp-content\/uploads\/sites\/10\/2018\/04\/moderaterna-graf1.png\" alt=\"\" width=\"1000\" height=\"170\" srcset=\"https:\/\/lararkarriar.se\/gymnasieskola\/wp-content\/uploads\/sites\/10\/2018\/04\/moderaterna-graf1.png 1000w, https:\/\/lararkarriar.se\/gymnasieskola\/wp-content\/uploads\/sites\/10\/2018\/04\/moderaterna-graf1-300x51.png 300w, https:\/\/lararkarriar.se\/gymnasieskola\/wp-content\/uploads\/sites\/10\/2018\/04\/moderaterna-graf1-768x131.png 768w, https:\/\/lararkarriar.se\/gymnasieskola\/wp-content\/uploads\/sites\/10\/2018\/04\/moderaterna-graf1-941x160.png 941w, https:\/\/lararkarriar.se\/gymnasieskola\/wp-content\/uploads\/sites\/10\/2018\/04\/moderaterna-graf1-526x89.png 526w, https:\/\/lararkarriar.se\/gymnasieskola\/wp-content\/uploads\/sites\/10\/2018\/04\/moderaterna-graf1-720x122.png 720w, https:\/\/lararkarriar.se\/gymnasieskola\/wp-content\/uploads\/sites\/10\/2018\/04\/moderaterna-graf1-960x163.png 960w\" sizes=\"auto, (max-width: 1000px) 100vw, 1000px\" \/><br \/>\n<em>Unders\u00f6kningen genomf\u00f6rdes mot ett slumpm\u00e4ssigt urval av gymnasiel\u00e4rare i Sverige 14\u201320 mars 2018. Statistisk felmarginal 2,5\u20134 procentenheter.<\/em><\/div>\n<div class=\"faktaruta2-title\">\u00c4r de politiska besluten f\u00f6r gymnasieskolan verklighetsf\u00f6rankrade?<\/div><div class=\"faktaruta2\"><img loading=\"lazy\" decoding=\"async\" class=\"alignnone size-full wp-image-6043\" src=\"https:\/\/lararkarriar.se\/gymnasieskola\/wp-content\/uploads\/sites\/10\/2018\/04\/moderaterna-graf2.png\" alt=\"\" width=\"1000\" height=\"227\" srcset=\"https:\/\/lararkarriar.se\/gymnasieskola\/wp-content\/uploads\/sites\/10\/2018\/04\/moderaterna-graf2.png 1000w, https:\/\/lararkarriar.se\/gymnasieskola\/wp-content\/uploads\/sites\/10\/2018\/04\/moderaterna-graf2-300x68.png 300w, https:\/\/lararkarriar.se\/gymnasieskola\/wp-content\/uploads\/sites\/10\/2018\/04\/moderaterna-graf2-768x174.png 768w, https:\/\/lararkarriar.se\/gymnasieskola\/wp-content\/uploads\/sites\/10\/2018\/04\/moderaterna-graf2-705x160.png 705w, https:\/\/lararkarriar.se\/gymnasieskola\/wp-content\/uploads\/sites\/10\/2018\/04\/moderaterna-graf2-526x119.png 526w, https:\/\/lararkarriar.se\/gymnasieskola\/wp-content\/uploads\/sites\/10\/2018\/04\/moderaterna-graf2-720x163.png 720w, https:\/\/lararkarriar.se\/gymnasieskola\/wp-content\/uploads\/sites\/10\/2018\/04\/moderaterna-graf2-960x218.png 960w\" sizes=\"auto, (max-width: 1000px) 100vw, 1000px\" \/><br \/>\n<\/div>\n","protected":false},"excerpt":{"rendered":"<p>Bra l\u00f6n och bra ledarskap \u00e4r de faktorer som fr\u00e4mst k\u00e4nnetecknar en bra arbetsgivare inom&#8230;<\/p>\n","protected":false},"author":3,"featured_media":6044,"comment_status":"closed","ping_status":"open","sticky":false,"template":"","format":"standard","meta":{"_acf_changed":false,"_monsterinsights_skip_tracking":false,"_monsterinsights_sitenote_active":false,"_monsterinsights_sitenote_note":"","_monsterinsights_sitenote_category":0,"footnotes":""},"categories":[1],"tags":[28,35,73,104,192,203,213,277,290,296],"class_list":["post-6041","post","type-post","status-publish","format-standard","has-post-thumbnail","hentry","category-artikel","tag-attraktiv-arbetsgivare","tag-beslut","tag-forstatligande","tag-hot","tag-nya-moderaterna","tag-politik","tag-religiosa-friskolor","tag-undersokning","tag-vald","tag-verklighetsforankring"],"acf":[],"yoast_head":"<!-- This site is optimized with the Yoast SEO plugin v27.3 - https:\/\/yoast.com\/product\/yoast-seo-wordpress\/ -->\n<title>Toppbetyg till arbetsgivare som erbjuder bra l\u00f6n och ledarskap - Framtidens karri\u00e4r gymnasiel\u00e4rare<\/title>\n<meta name=\"robots\" content=\"index, follow, max-snippet:-1, max-image-preview:large, max-video-preview:-1\" \/>\n<link rel=\"canonical\" href=\"https:\/\/lararkarriar.se\/gymnasieskola\/2018\/04\/25\/toppbetyg-till-arbetsgivare-som-erbjuder-bra-lon-och-ledarskap\/\" \/>\n<meta property=\"og:locale\" content=\"sv_SE\" \/>\n<meta property=\"og:type\" content=\"article\" \/>\n<meta property=\"og:title\" content=\"Toppbetyg till arbetsgivare som erbjuder bra l\u00f6n och ledarskap - Framtidens karri\u00e4r gymnasiel\u00e4rare\" \/>\n<meta property=\"og:description\" content=\"Bra l\u00f6n och bra ledarskap \u00e4r de faktorer som fr\u00e4mst k\u00e4nnetecknar en bra arbetsgivare inom...\" \/>\n<meta property=\"og:url\" content=\"https:\/\/lararkarriar.se\/gymnasieskola\/2018\/04\/25\/toppbetyg-till-arbetsgivare-som-erbjuder-bra-lon-och-ledarskap\/\" \/>\n<meta property=\"og:site_name\" content=\"Framtidens karri\u00e4r gymnasiel\u00e4rare\" \/>\n<meta property=\"article:published_time\" content=\"2018-04-25T13:22:42+00:00\" \/>\n<meta property=\"og:image\" content=\"https:\/\/lararkarriar.se\/gymnasieskola\/wp-content\/uploads\/sites\/10\/2018\/04\/moderaterna-l1100051.jpg\" \/>\n\t<meta property=\"og:image:width\" content=\"1000\" \/>\n\t<meta property=\"og:image:height\" content=\"688\" \/>\n\t<meta property=\"og:image:type\" content=\"image\/jpeg\" \/>\n<meta name=\"author\" content=\"stellanstal\" \/>\n<meta name=\"twitter:card\" content=\"summary_large_image\" \/>\n<meta name=\"twitter:label1\" content=\"Skriven av\" \/>\n\t<meta name=\"twitter:data1\" content=\"stellanstal\" \/>\n\t<meta name=\"twitter:label2\" content=\"Ber\u00e4knad l\u00e4stid\" \/>\n\t<meta name=\"twitter:data2\" content=\"4 minuter\" \/>\n<script type=\"application\/ld+json\" class=\"yoast-schema-graph\">{\"@context\":\"https:\\\/\\\/schema.org\",\"@graph\":[{\"@type\":\"Article\",\"@id\":\"https:\\\/\\\/lararkarriar.se\\\/gymnasieskola\\\/2018\\\/04\\\/25\\\/toppbetyg-till-arbetsgivare-som-erbjuder-bra-lon-och-ledarskap\\\/#article\",\"isPartOf\":{\"@id\":\"https:\\\/\\\/lararkarriar.se\\\/gymnasieskola\\\/2018\\\/04\\\/25\\\/toppbetyg-till-arbetsgivare-som-erbjuder-bra-lon-och-ledarskap\\\/\"},\"author\":{\"name\":\"stellanstal\",\"@id\":\"https:\\\/\\\/lararkarriar.se\\\/gymnasieskola\\\/#\\\/schema\\\/person\\\/c8a43eb855191e573b73ecf8987a3b99\"},\"headline\":\"Toppbetyg till arbetsgivare som erbjuder bra l\u00f6n och ledarskap\",\"datePublished\":\"2018-04-25T13:22:42+00:00\",\"mainEntityOfPage\":{\"@id\":\"https:\\\/\\\/lararkarriar.se\\\/gymnasieskola\\\/2018\\\/04\\\/25\\\/toppbetyg-till-arbetsgivare-som-erbjuder-bra-lon-och-ledarskap\\\/\"},\"wordCount\":868,\"image\":{\"@id\":\"https:\\\/\\\/lararkarriar.se\\\/gymnasieskola\\\/2018\\\/04\\\/25\\\/toppbetyg-till-arbetsgivare-som-erbjuder-bra-lon-och-ledarskap\\\/#primaryimage\"},\"thumbnailUrl\":\"https:\\\/\\\/lararkarriar.se\\\/gymnasieskola\\\/wp-content\\\/uploads\\\/sites\\\/10\\\/2018\\\/04\\\/moderaterna-l1100051.jpg\",\"keywords\":[\"Attraktiv arbetsgivare\",\"Beslut\",\"F\u00f6rstatligande\",\"Hot\",\"Nya Moderaterna\",\"Politik\",\"Religi\u00f6sa friskolor\",\"Unders\u00f6kning\",\"V\u00e5ld\",\"Verklighetsf\u00f6rankring\"],\"articleSection\":[\"Artikel\"],\"inLanguage\":\"sv-SE\"},{\"@type\":\"WebPage\",\"@id\":\"https:\\\/\\\/lararkarriar.se\\\/gymnasieskola\\\/2018\\\/04\\\/25\\\/toppbetyg-till-arbetsgivare-som-erbjuder-bra-lon-och-ledarskap\\\/\",\"url\":\"https:\\\/\\\/lararkarriar.se\\\/gymnasieskola\\\/2018\\\/04\\\/25\\\/toppbetyg-till-arbetsgivare-som-erbjuder-bra-lon-och-ledarskap\\\/\",\"name\":\"Toppbetyg till arbetsgivare som erbjuder bra l\u00f6n och ledarskap - Framtidens karri\u00e4r gymnasiel\u00e4rare\",\"isPartOf\":{\"@id\":\"https:\\\/\\\/lararkarriar.se\\\/gymnasieskola\\\/#website\"},\"primaryImageOfPage\":{\"@id\":\"https:\\\/\\\/lararkarriar.se\\\/gymnasieskola\\\/2018\\\/04\\\/25\\\/toppbetyg-till-arbetsgivare-som-erbjuder-bra-lon-och-ledarskap\\\/#primaryimage\"},\"image\":{\"@id\":\"https:\\\/\\\/lararkarriar.se\\\/gymnasieskola\\\/2018\\\/04\\\/25\\\/toppbetyg-till-arbetsgivare-som-erbjuder-bra-lon-och-ledarskap\\\/#primaryimage\"},\"thumbnailUrl\":\"https:\\\/\\\/lararkarriar.se\\\/gymnasieskola\\\/wp-content\\\/uploads\\\/sites\\\/10\\\/2018\\\/04\\\/moderaterna-l1100051.jpg\",\"datePublished\":\"2018-04-25T13:22:42+00:00\",\"author\":{\"@id\":\"https:\\\/\\\/lararkarriar.se\\\/gymnasieskola\\\/#\\\/schema\\\/person\\\/c8a43eb855191e573b73ecf8987a3b99\"},\"breadcrumb\":{\"@id\":\"https:\\\/\\\/lararkarriar.se\\\/gymnasieskola\\\/2018\\\/04\\\/25\\\/toppbetyg-till-arbetsgivare-som-erbjuder-bra-lon-och-ledarskap\\\/#breadcrumb\"},\"inLanguage\":\"sv-SE\",\"potentialAction\":[{\"@type\":\"ReadAction\",\"target\":[\"https:\\\/\\\/lararkarriar.se\\\/gymnasieskola\\\/2018\\\/04\\\/25\\\/toppbetyg-till-arbetsgivare-som-erbjuder-bra-lon-och-ledarskap\\\/\"]}]},{\"@type\":\"ImageObject\",\"inLanguage\":\"sv-SE\",\"@id\":\"https:\\\/\\\/lararkarriar.se\\\/gymnasieskola\\\/2018\\\/04\\\/25\\\/toppbetyg-till-arbetsgivare-som-erbjuder-bra-lon-och-ledarskap\\\/#primaryimage\",\"url\":\"https:\\\/\\\/lararkarriar.se\\\/gymnasieskola\\\/wp-content\\\/uploads\\\/sites\\\/10\\\/2018\\\/04\\\/moderaterna-l1100051.jpg\",\"contentUrl\":\"https:\\\/\\\/lararkarriar.se\\\/gymnasieskola\\\/wp-content\\\/uploads\\\/sites\\\/10\\\/2018\\\/04\\\/moderaterna-l1100051.jpg\",\"width\":1000,\"height\":688,\"caption\":\"Erik Bengtzboe, talesperson i skolfr\u00e5gor f\u00f6r Nya Moderaterna. Foto: Fredrik Wennerlund\"},{\"@type\":\"BreadcrumbList\",\"@id\":\"https:\\\/\\\/lararkarriar.se\\\/gymnasieskola\\\/2018\\\/04\\\/25\\\/toppbetyg-till-arbetsgivare-som-erbjuder-bra-lon-och-ledarskap\\\/#breadcrumb\",\"itemListElement\":[{\"@type\":\"ListItem\",\"position\":1,\"name\":\"Home\",\"item\":\"https:\\\/\\\/lararkarriar.se\\\/gymnasieskola\\\/\"},{\"@type\":\"ListItem\",\"position\":2,\"name\":\"Toppbetyg till arbetsgivare som erbjuder bra l\u00f6n och ledarskap\"}]},{\"@type\":\"WebSite\",\"@id\":\"https:\\\/\\\/lararkarriar.se\\\/gymnasieskola\\\/#website\",\"url\":\"https:\\\/\\\/lararkarriar.se\\\/gymnasieskola\\\/\",\"name\":\"Framtidens karri\u00e4r gymnasiel\u00e4rare\",\"description\":\"Just another NMDashboard.se Sites site\",\"potentialAction\":[{\"@type\":\"SearchAction\",\"target\":{\"@type\":\"EntryPoint\",\"urlTemplate\":\"https:\\\/\\\/lararkarriar.se\\\/gymnasieskola\\\/?s={search_term_string}\"},\"query-input\":{\"@type\":\"PropertyValueSpecification\",\"valueRequired\":true,\"valueName\":\"search_term_string\"}}],\"inLanguage\":\"sv-SE\"},{\"@type\":\"Person\",\"@id\":\"https:\\\/\\\/lararkarriar.se\\\/gymnasieskola\\\/#\\\/schema\\\/person\\\/c8a43eb855191e573b73ecf8987a3b99\",\"name\":\"stellanstal\",\"image\":{\"@type\":\"ImageObject\",\"inLanguage\":\"sv-SE\",\"@id\":\"https:\\\/\\\/secure.gravatar.com\\\/avatar\\\/cd330fa6bb17f598124b2068ee0b189e4fe0987a50af9d53b78410836060d0c9?s=96&d=mm&r=g\",\"url\":\"https:\\\/\\\/secure.gravatar.com\\\/avatar\\\/cd330fa6bb17f598124b2068ee0b189e4fe0987a50af9d53b78410836060d0c9?s=96&d=mm&r=g\",\"contentUrl\":\"https:\\\/\\\/secure.gravatar.com\\\/avatar\\\/cd330fa6bb17f598124b2068ee0b189e4fe0987a50af9d53b78410836060d0c9?s=96&d=mm&r=g\",\"caption\":\"stellanstal\"},\"url\":\"https:\\\/\\\/lararkarriar.se\\\/gymnasieskola\\\/author\\\/stellanstal\\\/\"}]}<\/script>\n<!-- \/ Yoast SEO plugin. -->","yoast_head_json":{"title":"Toppbetyg till arbetsgivare som erbjuder bra l\u00f6n och ledarskap - Framtidens karri\u00e4r gymnasiel\u00e4rare","robots":{"index":"index","follow":"follow","max-snippet":"max-snippet:-1","max-image-preview":"max-image-preview:large","max-video-preview":"max-video-preview:-1"},"canonical":"https:\/\/lararkarriar.se\/gymnasieskola\/2018\/04\/25\/toppbetyg-till-arbetsgivare-som-erbjuder-bra-lon-och-ledarskap\/","og_locale":"sv_SE","og_type":"article","og_title":"Toppbetyg till arbetsgivare som erbjuder bra l\u00f6n och ledarskap - Framtidens karri\u00e4r gymnasiel\u00e4rare","og_description":"Bra l\u00f6n och bra ledarskap \u00e4r de faktorer som fr\u00e4mst k\u00e4nnetecknar en bra arbetsgivare inom...","og_url":"https:\/\/lararkarriar.se\/gymnasieskola\/2018\/04\/25\/toppbetyg-till-arbetsgivare-som-erbjuder-bra-lon-och-ledarskap\/","og_site_name":"Framtidens karri\u00e4r gymnasiel\u00e4rare","article_published_time":"2018-04-25T13:22:42+00:00","og_image":[{"width":1000,"height":688,"url":"https:\/\/lararkarriar.se\/gymnasieskola\/wp-content\/uploads\/sites\/10\/2018\/04\/moderaterna-l1100051.jpg","type":"image\/jpeg"}],"author":"stellanstal","twitter_card":"summary_large_image","twitter_misc":{"Skriven av":"stellanstal","Ber\u00e4knad l\u00e4stid":"4 minuter"},"schema":{"@context":"https:\/\/schema.org","@graph":[{"@type":"Article","@id":"https:\/\/lararkarriar.se\/gymnasieskola\/2018\/04\/25\/toppbetyg-till-arbetsgivare-som-erbjuder-bra-lon-och-ledarskap\/#article","isPartOf":{"@id":"https:\/\/lararkarriar.se\/gymnasieskola\/2018\/04\/25\/toppbetyg-till-arbetsgivare-som-erbjuder-bra-lon-och-ledarskap\/"},"author":{"name":"stellanstal","@id":"https:\/\/lararkarriar.se\/gymnasieskola\/#\/schema\/person\/c8a43eb855191e573b73ecf8987a3b99"},"headline":"Toppbetyg till arbetsgivare som erbjuder bra l\u00f6n och ledarskap","datePublished":"2018-04-25T13:22:42+00:00","mainEntityOfPage":{"@id":"https:\/\/lararkarriar.se\/gymnasieskola\/2018\/04\/25\/toppbetyg-till-arbetsgivare-som-erbjuder-bra-lon-och-ledarskap\/"},"wordCount":868,"image":{"@id":"https:\/\/lararkarriar.se\/gymnasieskola\/2018\/04\/25\/toppbetyg-till-arbetsgivare-som-erbjuder-bra-lon-och-ledarskap\/#primaryimage"},"thumbnailUrl":"https:\/\/lararkarriar.se\/gymnasieskola\/wp-content\/uploads\/sites\/10\/2018\/04\/moderaterna-l1100051.jpg","keywords":["Attraktiv arbetsgivare","Beslut","F\u00f6rstatligande","Hot","Nya Moderaterna","Politik","Religi\u00f6sa friskolor","Unders\u00f6kning","V\u00e5ld","Verklighetsf\u00f6rankring"],"articleSection":["Artikel"],"inLanguage":"sv-SE"},{"@type":"WebPage","@id":"https:\/\/lararkarriar.se\/gymnasieskola\/2018\/04\/25\/toppbetyg-till-arbetsgivare-som-erbjuder-bra-lon-och-ledarskap\/","url":"https:\/\/lararkarriar.se\/gymnasieskola\/2018\/04\/25\/toppbetyg-till-arbetsgivare-som-erbjuder-bra-lon-och-ledarskap\/","name":"Toppbetyg till arbetsgivare som erbjuder bra l\u00f6n och ledarskap - Framtidens karri\u00e4r gymnasiel\u00e4rare","isPartOf":{"@id":"https:\/\/lararkarriar.se\/gymnasieskola\/#website"},"primaryImageOfPage":{"@id":"https:\/\/lararkarriar.se\/gymnasieskola\/2018\/04\/25\/toppbetyg-till-arbetsgivare-som-erbjuder-bra-lon-och-ledarskap\/#primaryimage"},"image":{"@id":"https:\/\/lararkarriar.se\/gymnasieskola\/2018\/04\/25\/toppbetyg-till-arbetsgivare-som-erbjuder-bra-lon-och-ledarskap\/#primaryimage"},"thumbnailUrl":"https:\/\/lararkarriar.se\/gymnasieskola\/wp-content\/uploads\/sites\/10\/2018\/04\/moderaterna-l1100051.jpg","datePublished":"2018-04-25T13:22:42+00:00","author":{"@id":"https:\/\/lararkarriar.se\/gymnasieskola\/#\/schema\/person\/c8a43eb855191e573b73ecf8987a3b99"},"breadcrumb":{"@id":"https:\/\/lararkarriar.se\/gymnasieskola\/2018\/04\/25\/toppbetyg-till-arbetsgivare-som-erbjuder-bra-lon-och-ledarskap\/#breadcrumb"},"inLanguage":"sv-SE","potentialAction":[{"@type":"ReadAction","target":["https:\/\/lararkarriar.se\/gymnasieskola\/2018\/04\/25\/toppbetyg-till-arbetsgivare-som-erbjuder-bra-lon-och-ledarskap\/"]}]},{"@type":"ImageObject","inLanguage":"sv-SE","@id":"https:\/\/lararkarriar.se\/gymnasieskola\/2018\/04\/25\/toppbetyg-till-arbetsgivare-som-erbjuder-bra-lon-och-ledarskap\/#primaryimage","url":"https:\/\/lararkarriar.se\/gymnasieskola\/wp-content\/uploads\/sites\/10\/2018\/04\/moderaterna-l1100051.jpg","contentUrl":"https:\/\/lararkarriar.se\/gymnasieskola\/wp-content\/uploads\/sites\/10\/2018\/04\/moderaterna-l1100051.jpg","width":1000,"height":688,"caption":"Erik Bengtzboe, talesperson i skolfr\u00e5gor f\u00f6r Nya Moderaterna. Foto: Fredrik Wennerlund"},{"@type":"BreadcrumbList","@id":"https:\/\/lararkarriar.se\/gymnasieskola\/2018\/04\/25\/toppbetyg-till-arbetsgivare-som-erbjuder-bra-lon-och-ledarskap\/#breadcrumb","itemListElement":[{"@type":"ListItem","position":1,"name":"Home","item":"https:\/\/lararkarriar.se\/gymnasieskola\/"},{"@type":"ListItem","position":2,"name":"Toppbetyg till arbetsgivare som erbjuder bra l\u00f6n och ledarskap"}]},{"@type":"WebSite","@id":"https:\/\/lararkarriar.se\/gymnasieskola\/#website","url":"https:\/\/lararkarriar.se\/gymnasieskola\/","name":"Framtidens karri\u00e4r gymnasiel\u00e4rare","description":"Just another NMDashboard.se Sites site","potentialAction":[{"@type":"SearchAction","target":{"@type":"EntryPoint","urlTemplate":"https:\/\/lararkarriar.se\/gymnasieskola\/?s={search_term_string}"},"query-input":{"@type":"PropertyValueSpecification","valueRequired":true,"valueName":"search_term_string"}}],"inLanguage":"sv-SE"},{"@type":"Person","@id":"https:\/\/lararkarriar.se\/gymnasieskola\/#\/schema\/person\/c8a43eb855191e573b73ecf8987a3b99","name":"stellanstal","image":{"@type":"ImageObject","inLanguage":"sv-SE","@id":"https:\/\/secure.gravatar.com\/avatar\/cd330fa6bb17f598124b2068ee0b189e4fe0987a50af9d53b78410836060d0c9?s=96&d=mm&r=g","url":"https:\/\/secure.gravatar.com\/avatar\/cd330fa6bb17f598124b2068ee0b189e4fe0987a50af9d53b78410836060d0c9?s=96&d=mm&r=g","contentUrl":"https:\/\/secure.gravatar.com\/avatar\/cd330fa6bb17f598124b2068ee0b189e4fe0987a50af9d53b78410836060d0c9?s=96&d=mm&r=g","caption":"stellanstal"},"url":"https:\/\/lararkarriar.se\/gymnasieskola\/author\/stellanstal\/"}]}},"_links":{"self":[{"href":"https:\/\/lararkarriar.se\/gymnasieskola\/wp-json\/wp\/v2\/posts\/6041","targetHints":{"allow":["GET"]}}],"collection":[{"href":"https:\/\/lararkarriar.se\/gymnasieskola\/wp-json\/wp\/v2\/posts"}],"about":[{"href":"https:\/\/lararkarriar.se\/gymnasieskola\/wp-json\/wp\/v2\/types\/post"}],"author":[{"embeddable":true,"href":"https:\/\/lararkarriar.se\/gymnasieskola\/wp-json\/wp\/v2\/users\/3"}],"replies":[{"embeddable":true,"href":"https:\/\/lararkarriar.se\/gymnasieskola\/wp-json\/wp\/v2\/comments?post=6041"}],"version-history":[{"count":0,"href":"https:\/\/lararkarriar.se\/gymnasieskola\/wp-json\/wp\/v2\/posts\/6041\/revisions"}],"wp:featuredmedia":[{"embeddable":true,"href":"https:\/\/lararkarriar.se\/gymnasieskola\/wp-json\/wp\/v2\/media\/6044"}],"wp:attachment":[{"href":"https:\/\/lararkarriar.se\/gymnasieskola\/wp-json\/wp\/v2\/media?parent=6041"}],"wp:term":[{"taxonomy":"category","embeddable":true,"href":"https:\/\/lararkarriar.se\/gymnasieskola\/wp-json\/wp\/v2\/categories?post=6041"},{"taxonomy":"post_tag","embeddable":true,"href":"https:\/\/lararkarriar.se\/gymnasieskola\/wp-json\/wp\/v2\/tags?post=6041"}],"curies":[{"name":"wp","href":"https:\/\/api.w.org\/{rel}","templated":true}]}}