{"id":6170,"date":"2019-05-07T23:30:43","date_gmt":"2019-05-07T23:30:43","guid":{"rendered":"https:\/\/lararkarriar.se\/gymnasieskola\/?p=6170"},"modified":"2020-11-05T13:37:40","modified_gmt":"2020-11-05T13:37:40","slug":"framgangsrik-samverkan-pa-nosnasgymnasiet","status":"publish","type":"post","link":"https:\/\/lararkarriar.se\/gymnasieskola\/2019\/05\/07\/framgangsrik-samverkan-pa-nosnasgymnasiet\/","title":{"rendered":"Framg\u00e5ngsrik samverkan p\u00e5 N\u00f6sn\u00e4sgymnasiet"},"content":{"rendered":"\n<figure class=\"wp-block-image alignnone size-full wp-image-6172\"><img loading=\"lazy\" decoding=\"async\" width=\"1000\" height=\"648\" src=\"https:\/\/lararkarriar.se\/gymnasieskola\/wp-content\/uploads\/sites\/10\/2019\/05\/stenungsund-nosnas-19-highrez-1.jpg\" alt=\"Anders Johansson, UF-l\u00e4rare, Hanna Dahlberg K\u00e4lleskog, skolbibliotekarie och Ronnie Johansson, l\u00e4rare p\u00e5 Teknikcollege p\u00e5 N\u00f6sn\u00e4sgymnasiet. Foto: Anders Nicander\" class=\"wp-image-6172\" srcset=\"https:\/\/lararkarriar.se\/gymnasieskola\/wp-content\/uploads\/sites\/10\/2019\/05\/stenungsund-nosnas-19-highrez-1.jpg 1000w, https:\/\/lararkarriar.se\/gymnasieskola\/wp-content\/uploads\/sites\/10\/2019\/05\/stenungsund-nosnas-19-highrez-1-300x194.jpg 300w, https:\/\/lararkarriar.se\/gymnasieskola\/wp-content\/uploads\/sites\/10\/2019\/05\/stenungsund-nosnas-19-highrez-1-768x498.jpg 768w, https:\/\/lararkarriar.se\/gymnasieskola\/wp-content\/uploads\/sites\/10\/2019\/05\/stenungsund-nosnas-19-highrez-1-247x160.jpg 247w, https:\/\/lararkarriar.se\/gymnasieskola\/wp-content\/uploads\/sites\/10\/2019\/05\/stenungsund-nosnas-19-highrez-1-526x341.jpg 526w, https:\/\/lararkarriar.se\/gymnasieskola\/wp-content\/uploads\/sites\/10\/2019\/05\/stenungsund-nosnas-19-highrez-1-720x467.jpg 720w, https:\/\/lararkarriar.se\/gymnasieskola\/wp-content\/uploads\/sites\/10\/2019\/05\/stenungsund-nosnas-19-highrez-1-960x622.jpg 960w\" sizes=\"auto, (max-width: 1000px) 100vw, 1000px\" \/><figcaption>Anders Johansson, UF-l\u00e4rare, Hanna Dahlberg K\u00e4lleskog, skolbibliotekarie och Ronnie Johansson, l\u00e4rare p\u00e5 Teknikcollege p\u00e5 N\u00f6sn\u00e4sgymnasiet. Foto: Anders Nicander<\/figcaption><\/figure>\n\n\n\n<p><strong>P\u00e5 N\u00f6sn\u00e4sgymnasiet i Stenungsund r\u00e5der en utpr\u00e4glad samverkanskultur som genomsyrar hela verksamheten. Samverkanskulturen har bland annat resulterat i flera utm\u00e4rkelser f\u00f6r skolans arbete med Ung F\u00f6retagsamhet, ett lyckosamt och n\u00e4ra samarbete mellan skolbiblioteket och arbetslagen samt \u00e4mnes\u00f6verskridande projektarbeten.<\/strong><\/p>\n\n\n\n<p>\u2013 Sedan flera \u00e5r tillbaka har vi ett n\u00e4ra samarbete med skolans arbetslag. Vi har ofta en tydlig plan f\u00f6r n\u00e4r vi ska komma in i undervisningen och hur v\u00e5r samverkan kan bidra i olika kursmoment. Vi har bland annat haft ett n\u00e4ra samarbete med l\u00e4rarna i det \u00e4mnes\u00f6verskridande digitaliseringsprojekt som genomf\u00f6rts, s\u00e4ger Hanna Dahlberg K\u00e4lleskog, skolbibliotekarie p\u00e5 N\u00f6sn\u00e4sgymnasiet.<br>Framg\u00e5ngsfaktorn f\u00f6r s\u00e5v\u00e4l UF-satsningen som digitaliseringsprojekten och samverkan mellan arbetslag och skolbiblioteket \u00e4r att det finns strategiska beslut fr\u00e5n ledningsniv\u00e5 p\u00e5 att N\u00f6sn\u00e4sgymnasiet ska fokusera p\u00e5 dessa tre omr\u00e5den.<\/p>\n\n\n\n<p><strong>Temaarbete engagerar m\u00e5nga <\/strong><br>\u2013 Inom ramen f\u00f6r Teknikcollege f\u00e5r eleverna varje \u00e5r arbeta med ett digitaliseringstema. Vi har valt att genomf\u00f6ra det som ett externt projekt som inkluderar alla l\u00e4rare i n\u00e5gon form. F\u00f6rsta \u00e5ret var temat n\u00e4tverkss\u00e4kerhet, d\u00e4refter automation och robotar och \u00e5rets tema \u00e4r k\u00e4llkritik. D\u00e4r samarbetar vi bland annat med skolbibliotekarierna. Temat avslutas alltid med en stor m\u00e4ssa d\u00e4r eleverna f\u00e5r redovisa sitt arbete. Det h\u00e4r \u00e4r n\u00e5got av det roligaste jag gjort under min l\u00e4rarkarri\u00e4r, jag \u00e4r verkligen stolt \u00f6ver v\u00e5rt temaarbete, s\u00e4ger Ronnie Johansson, l\u00e4rare p\u00e5 Teknikcollege.<br>N\u00f6sn\u00e4sgymnasiet uts\u00e5gs 2019 till \u00e5rets Ung F\u00f6retagsamhetsskola.<br>\u2013 De senaste tre \u00e5ren har varit v\u00e4ldigt framg\u00e5ngsrika f\u00f6r oss i UF-sammanhang. Ju b\u00e4ttre det g\u00e5r, desto fler pratar om UF p\u00e5 skolan. Nyckeln till att det g\u00e5r s\u00e5 bra \u00e4r \u00e5terigen samverkan, vi har bland annat involverat svenskl\u00e4rare och bildl\u00e4rare i elevernas UF-arbete, s\u00e4ger Anders Johansson, UF-l\u00e4rare.<br>\u2013 En faktor som bidragit till att det g\u00e5r s\u00e5 bra f\u00f6r v\u00e5ra UF-elever \u00e4r att de har bra st\u00f6d i form av externa r\u00e5dgivare fr\u00e5n det lokala n\u00e4ringslivet. Vi har \u00e4ven blivit b\u00e4ttre p\u00e5 att st\u00f6dja UF-eleverna rent praktiskt, bland annat i form av en UF-verkstad. Med UF-undervisningen hj\u00e4lper vi eleverna att n\u00e5 s\u00e5v\u00e4l programm\u00e5l som examensm\u00e5l, s\u00e4ger Anders Johansson.<\/p>\n\n\n\n<p><strong>Kollegial samverkan<\/strong><br>Den \u00e4mnes\u00f6verskridande samverkanskulturen bidrar till att eleverna p\u00e5 N\u00f6sn\u00e4sgymnasiet inh\u00e4mtar nya kunskaper utifr\u00e5n ett st\u00f6rre sammanhang och dessutom f\u00e5r en r\u00f6d tr\u00e5d i sin utbildning.<br>\u2013 F\u00f6r oss l\u00e4rare \u00e4r det roligt och utvecklande att arbeta p\u00e5 en skola d\u00e4r \u00e4mneskunskapen inte \u00e4r stupr\u00f6rsbaserad, vilket g\u00f6r att vi verkligen f\u00e5r till en l\u00e5ngsiktig kollegial samverkan, s\u00e4ger Ronnie Johansson.<\/p>\n\n\n\n<p class=\"has-color-gray-01-background-color has-background\"><strong><a title=\"Stenungsunds kommun pres jobb ans\u00f6k\" href=\"https:\/\/www.stenungsund.se\/webbsidor\/huvudmeny\/naringslivarbete\/arbetapastenungsundskommun\/ledigajobb.4.4b22c65213204472ce18000137.html\" target=\"_blank\" rel=\"noopener noreferrer\">Klicka h\u00e4r f\u00f6r att hitta lediga tj\u00e4nster i Stenungsunds kommun<\/a><\/strong><\/p>\n\n\n\n<div class=\"wp-block-group faktaruta\"><div class=\"wp-block-group__inner-container is-layout-flow wp-block-group-is-layout-flow\">\n<h6 class=\"wp-block-heading\">Stenungsunds kommun<\/h6>\n\n\n\n<p>N\u00f6sn\u00e4sgymnasiet \u00e4r en kommunal gymnasieskola med cirka 1200 elever och 160 anst\u00e4llda. H\u00e4r finns ett stort utbildningsutbud, m\u00e5nga m\u00f6jligheter, kompetens och engagemang.<\/p>\n\n\n\n<p><strong>N\u00f6sn\u00e4sgymnasiet<\/strong><br>Gymnasiev\u00e4gen 2<br>444 47 Stenungsund<br>Tel: 0303-73 80 80<br><em><a title=\"Stenungsunds kommun mail\" href=\"mailto:expedition.nosnas@stenungsund.se\">expedition.nosnas@stenungsund.se<\/a><\/em><br><strong><a title=\"Stenungsunds kommun textlink\" href=\"https:\/\/www.stenungsund.se\/\" target=\"_blank\" rel=\"noopener noreferrer\">www.stenungsund.se<\/a><\/strong><br><br><a href=\"https:\/\/www.stenungsund.se\/\" title=\"Stenungsunds kommun logotype\" target=\"_blank\" rel=\"noreferrer noopener\"><img loading=\"lazy\" decoding=\"async\" width=\"150\" height=\"48\" class=\"wp-image-6171\" style=\"width: 150px;\" src=\"https:\/\/lararkarriar.se\/gymnasieskola\/wp-content\/uploads\/sites\/10\/2019\/05\/stenungsund-cmyk.png\" alt=\"\" srcset=\"https:\/\/lararkarriar.se\/gymnasieskola\/wp-content\/uploads\/sites\/10\/2019\/05\/stenungsund-cmyk.png 750w, https:\/\/lararkarriar.se\/gymnasieskola\/wp-content\/uploads\/sites\/10\/2019\/05\/stenungsund-cmyk-300x96.png 300w, https:\/\/lararkarriar.se\/gymnasieskola\/wp-content\/uploads\/sites\/10\/2019\/05\/stenungsund-cmyk-500x160.png 500w, https:\/\/lararkarriar.se\/gymnasieskola\/wp-content\/uploads\/sites\/10\/2019\/05\/stenungsund-cmyk-526x168.png 526w, https:\/\/lararkarriar.se\/gymnasieskola\/wp-content\/uploads\/sites\/10\/2019\/05\/stenungsund-cmyk-720x230.png 720w\" sizes=\"auto, (max-width: 150px) 100vw, 150px\" \/><\/a><\/p>\n<\/div><\/div>\n","protected":false},"excerpt":{"rendered":"<p>H\u00e4r r\u00e5der en utpr\u00e4glad samverkanskultur som genomsyrar hela verksamheten.<\/p>\n","protected":false},"author":2,"featured_media":6172,"comment_status":"closed","ping_status":"open","sticky":false,"template":"","format":"standard","meta":{"_acf_changed":false,"_monsterinsights_skip_tracking":false,"_monsterinsights_sitenote_active":false,"_monsterinsights_sitenote_note":"","_monsterinsights_sitenote_category":0,"footnotes":""},"categories":[7],"tags":[191,252,253],"class_list":["post-6170","post","type-post","status-publish","format-standard","has-post-thumbnail","hentry","category-presentation","tag-nosnasgymnasiet","tag-stenungsund","tag-stenungsunds-kommun"],"acf":[],"yoast_head":"<!-- This site is optimized with the Yoast SEO plugin v27.3 - https:\/\/yoast.com\/product\/yoast-seo-wordpress\/ -->\n<title>Framg\u00e5ngsrik samverkan p\u00e5 N\u00f6sn\u00e4sgymnasiet - Framtidens karri\u00e4r gymnasiel\u00e4rare<\/title>\n<meta name=\"robots\" content=\"index, follow, max-snippet:-1, max-image-preview:large, max-video-preview:-1\" \/>\n<link rel=\"canonical\" href=\"https:\/\/lararkarriar.se\/gymnasieskola\/2019\/05\/07\/framgangsrik-samverkan-pa-nosnasgymnasiet\/\" \/>\n<meta property=\"og:locale\" content=\"sv_SE\" \/>\n<meta property=\"og:type\" content=\"article\" \/>\n<meta property=\"og:title\" content=\"Framg\u00e5ngsrik samverkan p\u00e5 N\u00f6sn\u00e4sgymnasiet - Framtidens karri\u00e4r gymnasiel\u00e4rare\" \/>\n<meta property=\"og:description\" content=\"H\u00e4r r\u00e5der en utpr\u00e4glad samverkanskultur som genomsyrar hela verksamheten.\" \/>\n<meta property=\"og:url\" content=\"https:\/\/lararkarriar.se\/gymnasieskola\/2019\/05\/07\/framgangsrik-samverkan-pa-nosnasgymnasiet\/\" \/>\n<meta property=\"og:site_name\" content=\"Framtidens karri\u00e4r gymnasiel\u00e4rare\" \/>\n<meta property=\"article:published_time\" content=\"2019-05-07T23:30:43+00:00\" \/>\n<meta property=\"article:modified_time\" content=\"2020-11-05T13:37:40+00:00\" \/>\n<meta property=\"og:image\" content=\"https:\/\/lararkarriar.se\/gymnasieskola\/wp-content\/uploads\/sites\/10\/2019\/05\/stenungsund-nosnas-19-highrez-1.jpg\" \/>\n\t<meta property=\"og:image:width\" content=\"1000\" \/>\n\t<meta property=\"og:image:height\" content=\"648\" \/>\n\t<meta property=\"og:image:type\" content=\"image\/jpeg\" \/>\n<meta name=\"author\" content=\"viktorwallen\" \/>\n<meta name=\"twitter:card\" content=\"summary_large_image\" \/>\n<meta name=\"twitter:label1\" content=\"Skriven av\" \/>\n\t<meta name=\"twitter:data1\" content=\"viktorwallen\" \/>\n\t<meta name=\"twitter:label2\" content=\"Ber\u00e4knad l\u00e4stid\" \/>\n\t<meta name=\"twitter:data2\" content=\"3 minuter\" \/>\n<script type=\"application\/ld+json\" class=\"yoast-schema-graph\">{\"@context\":\"https:\\\/\\\/schema.org\",\"@graph\":[{\"@type\":\"Article\",\"@id\":\"https:\\\/\\\/lararkarriar.se\\\/gymnasieskola\\\/2019\\\/05\\\/07\\\/framgangsrik-samverkan-pa-nosnasgymnasiet\\\/#article\",\"isPartOf\":{\"@id\":\"https:\\\/\\\/lararkarriar.se\\\/gymnasieskola\\\/2019\\\/05\\\/07\\\/framgangsrik-samverkan-pa-nosnasgymnasiet\\\/\"},\"author\":{\"name\":\"viktorwallen\",\"@id\":\"https:\\\/\\\/lararkarriar.se\\\/gymnasieskola\\\/#\\\/schema\\\/person\\\/2a13a849ec7646386c2211f59afe3083\"},\"headline\":\"Framg\u00e5ngsrik samverkan p\u00e5 N\u00f6sn\u00e4sgymnasiet\",\"datePublished\":\"2019-05-07T23:30:43+00:00\",\"dateModified\":\"2020-11-05T13:37:40+00:00\",\"mainEntityOfPage\":{\"@id\":\"https:\\\/\\\/lararkarriar.se\\\/gymnasieskola\\\/2019\\\/05\\\/07\\\/framgangsrik-samverkan-pa-nosnasgymnasiet\\\/\"},\"wordCount\":571,\"image\":{\"@id\":\"https:\\\/\\\/lararkarriar.se\\\/gymnasieskola\\\/2019\\\/05\\\/07\\\/framgangsrik-samverkan-pa-nosnasgymnasiet\\\/#primaryimage\"},\"thumbnailUrl\":\"https:\\\/\\\/lararkarriar.se\\\/gymnasieskola\\\/wp-content\\\/uploads\\\/sites\\\/10\\\/2019\\\/05\\\/stenungsund-nosnas-19-highrez-1.jpg\",\"keywords\":[\"N\u00f6sn\u00e4sgymnasiet\",\"Stenungsund\",\"Stenungsunds kommun\"],\"articleSection\":[\"Presentation\"],\"inLanguage\":\"sv-SE\"},{\"@type\":\"WebPage\",\"@id\":\"https:\\\/\\\/lararkarriar.se\\\/gymnasieskola\\\/2019\\\/05\\\/07\\\/framgangsrik-samverkan-pa-nosnasgymnasiet\\\/\",\"url\":\"https:\\\/\\\/lararkarriar.se\\\/gymnasieskola\\\/2019\\\/05\\\/07\\\/framgangsrik-samverkan-pa-nosnasgymnasiet\\\/\",\"name\":\"Framg\u00e5ngsrik samverkan p\u00e5 N\u00f6sn\u00e4sgymnasiet - Framtidens karri\u00e4r gymnasiel\u00e4rare\",\"isPartOf\":{\"@id\":\"https:\\\/\\\/lararkarriar.se\\\/gymnasieskola\\\/#website\"},\"primaryImageOfPage\":{\"@id\":\"https:\\\/\\\/lararkarriar.se\\\/gymnasieskola\\\/2019\\\/05\\\/07\\\/framgangsrik-samverkan-pa-nosnasgymnasiet\\\/#primaryimage\"},\"image\":{\"@id\":\"https:\\\/\\\/lararkarriar.se\\\/gymnasieskola\\\/2019\\\/05\\\/07\\\/framgangsrik-samverkan-pa-nosnasgymnasiet\\\/#primaryimage\"},\"thumbnailUrl\":\"https:\\\/\\\/lararkarriar.se\\\/gymnasieskola\\\/wp-content\\\/uploads\\\/sites\\\/10\\\/2019\\\/05\\\/stenungsund-nosnas-19-highrez-1.jpg\",\"datePublished\":\"2019-05-07T23:30:43+00:00\",\"dateModified\":\"2020-11-05T13:37:40+00:00\",\"author\":{\"@id\":\"https:\\\/\\\/lararkarriar.se\\\/gymnasieskola\\\/#\\\/schema\\\/person\\\/2a13a849ec7646386c2211f59afe3083\"},\"breadcrumb\":{\"@id\":\"https:\\\/\\\/lararkarriar.se\\\/gymnasieskola\\\/2019\\\/05\\\/07\\\/framgangsrik-samverkan-pa-nosnasgymnasiet\\\/#breadcrumb\"},\"inLanguage\":\"sv-SE\",\"potentialAction\":[{\"@type\":\"ReadAction\",\"target\":[\"https:\\\/\\\/lararkarriar.se\\\/gymnasieskola\\\/2019\\\/05\\\/07\\\/framgangsrik-samverkan-pa-nosnasgymnasiet\\\/\"]}]},{\"@type\":\"ImageObject\",\"inLanguage\":\"sv-SE\",\"@id\":\"https:\\\/\\\/lararkarriar.se\\\/gymnasieskola\\\/2019\\\/05\\\/07\\\/framgangsrik-samverkan-pa-nosnasgymnasiet\\\/#primaryimage\",\"url\":\"https:\\\/\\\/lararkarriar.se\\\/gymnasieskola\\\/wp-content\\\/uploads\\\/sites\\\/10\\\/2019\\\/05\\\/stenungsund-nosnas-19-highrez-1.jpg\",\"contentUrl\":\"https:\\\/\\\/lararkarriar.se\\\/gymnasieskola\\\/wp-content\\\/uploads\\\/sites\\\/10\\\/2019\\\/05\\\/stenungsund-nosnas-19-highrez-1.jpg\",\"width\":1000,\"height\":648,\"caption\":\"Anders Johansson, UF-l\u00e4rare, Hanna Dahlberg K\u00e4lleskog, skolbibliotekarie och Ronnie Johansson, l\u00e4rare p\u00e5 Teknikcollege p\u00e5 N\u00f6sn\u00e4sgymnasiet. Foto: Anders Nicander\"},{\"@type\":\"BreadcrumbList\",\"@id\":\"https:\\\/\\\/lararkarriar.se\\\/gymnasieskola\\\/2019\\\/05\\\/07\\\/framgangsrik-samverkan-pa-nosnasgymnasiet\\\/#breadcrumb\",\"itemListElement\":[{\"@type\":\"ListItem\",\"position\":1,\"name\":\"Home\",\"item\":\"https:\\\/\\\/lararkarriar.se\\\/gymnasieskola\\\/\"},{\"@type\":\"ListItem\",\"position\":2,\"name\":\"Framg\u00e5ngsrik samverkan p\u00e5 N\u00f6sn\u00e4sgymnasiet\"}]},{\"@type\":\"WebSite\",\"@id\":\"https:\\\/\\\/lararkarriar.se\\\/gymnasieskola\\\/#website\",\"url\":\"https:\\\/\\\/lararkarriar.se\\\/gymnasieskola\\\/\",\"name\":\"Framtidens karri\u00e4r gymnasiel\u00e4rare\",\"description\":\"Just another NMDashboard.se Sites site\",\"potentialAction\":[{\"@type\":\"SearchAction\",\"target\":{\"@type\":\"EntryPoint\",\"urlTemplate\":\"https:\\\/\\\/lararkarriar.se\\\/gymnasieskola\\\/?s={search_term_string}\"},\"query-input\":{\"@type\":\"PropertyValueSpecification\",\"valueRequired\":true,\"valueName\":\"search_term_string\"}}],\"inLanguage\":\"sv-SE\"},{\"@type\":\"Person\",\"@id\":\"https:\\\/\\\/lararkarriar.se\\\/gymnasieskola\\\/#\\\/schema\\\/person\\\/2a13a849ec7646386c2211f59afe3083\",\"name\":\"viktorwallen\",\"image\":{\"@type\":\"ImageObject\",\"inLanguage\":\"sv-SE\",\"@id\":\"https:\\\/\\\/secure.gravatar.com\\\/avatar\\\/701701bd36169636031933997c8c6b954f2f635bbb7cd4802e4a007f9c9f4e59?s=96&d=mm&r=g\",\"url\":\"https:\\\/\\\/secure.gravatar.com\\\/avatar\\\/701701bd36169636031933997c8c6b954f2f635bbb7cd4802e4a007f9c9f4e59?s=96&d=mm&r=g\",\"contentUrl\":\"https:\\\/\\\/secure.gravatar.com\\\/avatar\\\/701701bd36169636031933997c8c6b954f2f635bbb7cd4802e4a007f9c9f4e59?s=96&d=mm&r=g\",\"caption\":\"viktorwallen\"},\"url\":\"https:\\\/\\\/lararkarriar.se\\\/gymnasieskola\\\/author\\\/viktorwallen\\\/\"}]}<\/script>\n<!-- \/ Yoast SEO plugin. -->","yoast_head_json":{"title":"Framg\u00e5ngsrik samverkan p\u00e5 N\u00f6sn\u00e4sgymnasiet - Framtidens karri\u00e4r gymnasiel\u00e4rare","robots":{"index":"index","follow":"follow","max-snippet":"max-snippet:-1","max-image-preview":"max-image-preview:large","max-video-preview":"max-video-preview:-1"},"canonical":"https:\/\/lararkarriar.se\/gymnasieskola\/2019\/05\/07\/framgangsrik-samverkan-pa-nosnasgymnasiet\/","og_locale":"sv_SE","og_type":"article","og_title":"Framg\u00e5ngsrik samverkan p\u00e5 N\u00f6sn\u00e4sgymnasiet - Framtidens karri\u00e4r gymnasiel\u00e4rare","og_description":"H\u00e4r r\u00e5der en utpr\u00e4glad samverkanskultur som genomsyrar hela verksamheten.","og_url":"https:\/\/lararkarriar.se\/gymnasieskola\/2019\/05\/07\/framgangsrik-samverkan-pa-nosnasgymnasiet\/","og_site_name":"Framtidens karri\u00e4r gymnasiel\u00e4rare","article_published_time":"2019-05-07T23:30:43+00:00","article_modified_time":"2020-11-05T13:37:40+00:00","og_image":[{"width":1000,"height":648,"url":"https:\/\/lararkarriar.se\/gymnasieskola\/wp-content\/uploads\/sites\/10\/2019\/05\/stenungsund-nosnas-19-highrez-1.jpg","type":"image\/jpeg"}],"author":"viktorwallen","twitter_card":"summary_large_image","twitter_misc":{"Skriven av":"viktorwallen","Ber\u00e4knad l\u00e4stid":"3 minuter"},"schema":{"@context":"https:\/\/schema.org","@graph":[{"@type":"Article","@id":"https:\/\/lararkarriar.se\/gymnasieskola\/2019\/05\/07\/framgangsrik-samverkan-pa-nosnasgymnasiet\/#article","isPartOf":{"@id":"https:\/\/lararkarriar.se\/gymnasieskola\/2019\/05\/07\/framgangsrik-samverkan-pa-nosnasgymnasiet\/"},"author":{"name":"viktorwallen","@id":"https:\/\/lararkarriar.se\/gymnasieskola\/#\/schema\/person\/2a13a849ec7646386c2211f59afe3083"},"headline":"Framg\u00e5ngsrik samverkan p\u00e5 N\u00f6sn\u00e4sgymnasiet","datePublished":"2019-05-07T23:30:43+00:00","dateModified":"2020-11-05T13:37:40+00:00","mainEntityOfPage":{"@id":"https:\/\/lararkarriar.se\/gymnasieskola\/2019\/05\/07\/framgangsrik-samverkan-pa-nosnasgymnasiet\/"},"wordCount":571,"image":{"@id":"https:\/\/lararkarriar.se\/gymnasieskola\/2019\/05\/07\/framgangsrik-samverkan-pa-nosnasgymnasiet\/#primaryimage"},"thumbnailUrl":"https:\/\/lararkarriar.se\/gymnasieskola\/wp-content\/uploads\/sites\/10\/2019\/05\/stenungsund-nosnas-19-highrez-1.jpg","keywords":["N\u00f6sn\u00e4sgymnasiet","Stenungsund","Stenungsunds kommun"],"articleSection":["Presentation"],"inLanguage":"sv-SE"},{"@type":"WebPage","@id":"https:\/\/lararkarriar.se\/gymnasieskola\/2019\/05\/07\/framgangsrik-samverkan-pa-nosnasgymnasiet\/","url":"https:\/\/lararkarriar.se\/gymnasieskola\/2019\/05\/07\/framgangsrik-samverkan-pa-nosnasgymnasiet\/","name":"Framg\u00e5ngsrik samverkan p\u00e5 N\u00f6sn\u00e4sgymnasiet - Framtidens karri\u00e4r gymnasiel\u00e4rare","isPartOf":{"@id":"https:\/\/lararkarriar.se\/gymnasieskola\/#website"},"primaryImageOfPage":{"@id":"https:\/\/lararkarriar.se\/gymnasieskola\/2019\/05\/07\/framgangsrik-samverkan-pa-nosnasgymnasiet\/#primaryimage"},"image":{"@id":"https:\/\/lararkarriar.se\/gymnasieskola\/2019\/05\/07\/framgangsrik-samverkan-pa-nosnasgymnasiet\/#primaryimage"},"thumbnailUrl":"https:\/\/lararkarriar.se\/gymnasieskola\/wp-content\/uploads\/sites\/10\/2019\/05\/stenungsund-nosnas-19-highrez-1.jpg","datePublished":"2019-05-07T23:30:43+00:00","dateModified":"2020-11-05T13:37:40+00:00","author":{"@id":"https:\/\/lararkarriar.se\/gymnasieskola\/#\/schema\/person\/2a13a849ec7646386c2211f59afe3083"},"breadcrumb":{"@id":"https:\/\/lararkarriar.se\/gymnasieskola\/2019\/05\/07\/framgangsrik-samverkan-pa-nosnasgymnasiet\/#breadcrumb"},"inLanguage":"sv-SE","potentialAction":[{"@type":"ReadAction","target":["https:\/\/lararkarriar.se\/gymnasieskola\/2019\/05\/07\/framgangsrik-samverkan-pa-nosnasgymnasiet\/"]}]},{"@type":"ImageObject","inLanguage":"sv-SE","@id":"https:\/\/lararkarriar.se\/gymnasieskola\/2019\/05\/07\/framgangsrik-samverkan-pa-nosnasgymnasiet\/#primaryimage","url":"https:\/\/lararkarriar.se\/gymnasieskola\/wp-content\/uploads\/sites\/10\/2019\/05\/stenungsund-nosnas-19-highrez-1.jpg","contentUrl":"https:\/\/lararkarriar.se\/gymnasieskola\/wp-content\/uploads\/sites\/10\/2019\/05\/stenungsund-nosnas-19-highrez-1.jpg","width":1000,"height":648,"caption":"Anders Johansson, UF-l\u00e4rare, Hanna Dahlberg K\u00e4lleskog, skolbibliotekarie och Ronnie Johansson, l\u00e4rare p\u00e5 Teknikcollege p\u00e5 N\u00f6sn\u00e4sgymnasiet. Foto: Anders Nicander"},{"@type":"BreadcrumbList","@id":"https:\/\/lararkarriar.se\/gymnasieskola\/2019\/05\/07\/framgangsrik-samverkan-pa-nosnasgymnasiet\/#breadcrumb","itemListElement":[{"@type":"ListItem","position":1,"name":"Home","item":"https:\/\/lararkarriar.se\/gymnasieskola\/"},{"@type":"ListItem","position":2,"name":"Framg\u00e5ngsrik samverkan p\u00e5 N\u00f6sn\u00e4sgymnasiet"}]},{"@type":"WebSite","@id":"https:\/\/lararkarriar.se\/gymnasieskola\/#website","url":"https:\/\/lararkarriar.se\/gymnasieskola\/","name":"Framtidens karri\u00e4r gymnasiel\u00e4rare","description":"Just another NMDashboard.se Sites site","potentialAction":[{"@type":"SearchAction","target":{"@type":"EntryPoint","urlTemplate":"https:\/\/lararkarriar.se\/gymnasieskola\/?s={search_term_string}"},"query-input":{"@type":"PropertyValueSpecification","valueRequired":true,"valueName":"search_term_string"}}],"inLanguage":"sv-SE"},{"@type":"Person","@id":"https:\/\/lararkarriar.se\/gymnasieskola\/#\/schema\/person\/2a13a849ec7646386c2211f59afe3083","name":"viktorwallen","image":{"@type":"ImageObject","inLanguage":"sv-SE","@id":"https:\/\/secure.gravatar.com\/avatar\/701701bd36169636031933997c8c6b954f2f635bbb7cd4802e4a007f9c9f4e59?s=96&d=mm&r=g","url":"https:\/\/secure.gravatar.com\/avatar\/701701bd36169636031933997c8c6b954f2f635bbb7cd4802e4a007f9c9f4e59?s=96&d=mm&r=g","contentUrl":"https:\/\/secure.gravatar.com\/avatar\/701701bd36169636031933997c8c6b954f2f635bbb7cd4802e4a007f9c9f4e59?s=96&d=mm&r=g","caption":"viktorwallen"},"url":"https:\/\/lararkarriar.se\/gymnasieskola\/author\/viktorwallen\/"}]}},"_links":{"self":[{"href":"https:\/\/lararkarriar.se\/gymnasieskola\/wp-json\/wp\/v2\/posts\/6170","targetHints":{"allow":["GET"]}}],"collection":[{"href":"https:\/\/lararkarriar.se\/gymnasieskola\/wp-json\/wp\/v2\/posts"}],"about":[{"href":"https:\/\/lararkarriar.se\/gymnasieskola\/wp-json\/wp\/v2\/types\/post"}],"author":[{"embeddable":true,"href":"https:\/\/lararkarriar.se\/gymnasieskola\/wp-json\/wp\/v2\/users\/2"}],"replies":[{"embeddable":true,"href":"https:\/\/lararkarriar.se\/gymnasieskola\/wp-json\/wp\/v2\/comments?post=6170"}],"version-history":[{"count":5,"href":"https:\/\/lararkarriar.se\/gymnasieskola\/wp-json\/wp\/v2\/posts\/6170\/revisions"}],"predecessor-version":[{"id":6367,"href":"https:\/\/lararkarriar.se\/gymnasieskola\/wp-json\/wp\/v2\/posts\/6170\/revisions\/6367"}],"wp:featuredmedia":[{"embeddable":true,"href":"https:\/\/lararkarriar.se\/gymnasieskola\/wp-json\/wp\/v2\/media\/6172"}],"wp:attachment":[{"href":"https:\/\/lararkarriar.se\/gymnasieskola\/wp-json\/wp\/v2\/media?parent=6170"}],"wp:term":[{"taxonomy":"category","embeddable":true,"href":"https:\/\/lararkarriar.se\/gymnasieskola\/wp-json\/wp\/v2\/categories?post=6170"},{"taxonomy":"post_tag","embeddable":true,"href":"https:\/\/lararkarriar.se\/gymnasieskola\/wp-json\/wp\/v2\/tags?post=6170"}],"curies":[{"name":"wp","href":"https:\/\/api.w.org\/{rel}","templated":true}]}}