{"id":6180,"date":"2019-05-07T23:28:11","date_gmt":"2019-05-07T23:28:11","guid":{"rendered":"https:\/\/lararkarriar.se\/gymnasieskola\/?p=6180"},"modified":"2020-11-05T13:42:08","modified_gmt":"2020-11-05T13:42:08","slug":"samarbete-och-kvalitet-i-kristianstad","status":"publish","type":"post","link":"https:\/\/lararkarriar.se\/gymnasieskola\/2019\/05\/07\/samarbete-och-kvalitet-i-kristianstad\/","title":{"rendered":"Samarbete och kvalitet i Kristianstad"},"content":{"rendered":"\n<figure class=\"wp-block-image alignnone size-full wp-image-6181\"><img loading=\"lazy\" decoding=\"async\" width=\"1000\" height=\"668\" src=\"https:\/\/lararkarriar.se\/gymnasieskola\/wp-content\/uploads\/sites\/10\/2019\/05\/kristianstad-framtidenskarriar-gymnasielarare-2.jpg\" alt=\"Tony Ivarsson och Annika L\u00f6fgren, rektorer p\u00e5 Christian 4:s gymnasium i Kristianstad. Foto: Daniel Larsson\" class=\"wp-image-6181\" srcset=\"https:\/\/lararkarriar.se\/gymnasieskola\/wp-content\/uploads\/sites\/10\/2019\/05\/kristianstad-framtidenskarriar-gymnasielarare-2.jpg 1000w, https:\/\/lararkarriar.se\/gymnasieskola\/wp-content\/uploads\/sites\/10\/2019\/05\/kristianstad-framtidenskarriar-gymnasielarare-2-300x200.jpg 300w, https:\/\/lararkarriar.se\/gymnasieskola\/wp-content\/uploads\/sites\/10\/2019\/05\/kristianstad-framtidenskarriar-gymnasielarare-2-768x513.jpg 768w, https:\/\/lararkarriar.se\/gymnasieskola\/wp-content\/uploads\/sites\/10\/2019\/05\/kristianstad-framtidenskarriar-gymnasielarare-2-240x160.jpg 240w, https:\/\/lararkarriar.se\/gymnasieskola\/wp-content\/uploads\/sites\/10\/2019\/05\/kristianstad-framtidenskarriar-gymnasielarare-2-526x351.jpg 526w, https:\/\/lararkarriar.se\/gymnasieskola\/wp-content\/uploads\/sites\/10\/2019\/05\/kristianstad-framtidenskarriar-gymnasielarare-2-720x481.jpg 720w, https:\/\/lararkarriar.se\/gymnasieskola\/wp-content\/uploads\/sites\/10\/2019\/05\/kristianstad-framtidenskarriar-gymnasielarare-2-960x641.jpg 960w\" sizes=\"auto, (max-width: 1000px) 100vw, 1000px\" \/><figcaption>Tony Ivarsson och Annika L\u00f6fgren, rektorer p\u00e5 Christian 4:s gymnasium i Kristianstad. Foto: Daniel Larsson<\/figcaption><\/figure>\n\n\n\n<p><strong>I \u00f6ver 20 \u00e5r har Christian 4:s gymnasium i Kristianstad lockat elever och l\u00e4rare med sin kreativa och samarbetsinriktade skolmilj\u00f6. Idag sker nya, sp\u00e4nnande satsningar, b\u00e5de h\u00e4r och inom skolan generellt i hela kommunen.<\/strong><\/p>\n\n\n\n<p>Christian 4:s gymnasium, eller kort och gott C4, har sedan starten i mitten av 90-talet haft estetisk profil. Under detta l\u00e4s\u00e5r har de befintliga inriktningarna p\u00e5 Estetiska programmet: Bild och formgivning, Estetik och media, Musik samt Teater kompletterats med spetsutbildning i musik i samverkan med Musikh\u00f6gskolan i Malm\u00f6. Dessutom har det tillkommit tv\u00e5 helt nya program: Handels- och administrationsprogrammet samt Hotell- och turismprogrammet.<br>\u2013 Vi skapar en st\u00f6rre bredd genom att erbjuda yrkesf\u00f6rberedande program vid sidan av de h\u00f6gskolef\u00f6rberedande programmen. Det \u00e4r ett s\u00e4tt att m\u00f6ta behovet av fler gymnasieplatser nu n\u00e4r elevkullarna v\u00e4xer. Att expandera C4 \u00e4r en viktig del av visionen f\u00f6r de kommunala skolorna, ber\u00e4ttar Annika L\u00f6fgren, som \u00e4r en av gymnasiets tv\u00e5 rektorer och har ansvar f\u00f6r de nya programmen.<\/p>\n\n\n\n<p><strong>Nya program i h\u00f6st<\/strong><br>I h\u00f6st blir utbudet p\u00e5 C4 \u00e4nnu bredare, n\u00e4r de Naturvetenskapliga och Samh\u00e4llsvetenskapliga programmen med estetisk profil drar ig\u00e5ng. Till att b\u00f6rja med blir det tv\u00e5 sm\u00e5 klasser med 15 elever vardera och elevantalet kommer sedan att ut\u00f6kas successivt.<br>De nya programmen kommer \u00e4ven att erbjuda estetiska \u00e4mnen, handel eller turism som individuella val och blir p\u00e5 s\u00e5 s\u00e4tt v\u00e4lintegrerade i C4:s \u00f6vriga verksamhet. Det blir kommunens f\u00f6rsta satsning p\u00e5 SA- och NA-program med estetisk profil. Annika L\u00f6fgren och hennes kollega Tony Ivarsson, som \u00e4r rektor f\u00f6r Estetiska programmet p\u00e5 C4, ser framf\u00f6r sig hur de olika programmen kommer att samverka och skapa nya impulser p\u00e5 skolan.<br>\u2013 C4 har en l\u00e5ng tradition av samarbete \u00f6ver program- och \u00e4mnesgr\u00e4nserna. Det \u00e4r en av de stora f\u00f6rdelarna h\u00e4r, att man tar tillvara alla chanser som finns f\u00f6r att samverka med varandra och t\u00e4nka nytt tillsammans. L\u00e4rarna jobbar ofta gemensamt i olika typer av \u00e4mnes\u00f6verskridande projekt, d\u00e4r de olika \u00e4mneskompetenserna berikar varandra. Det \u00e4r ett s\u00e4tt att undervisa och utnyttja varandras kompetens som f\u00f6der nya id\u00e9er och som b\u00e5de l\u00e4rare och elever uppskattar mycket, s\u00e4ger Tony Ivarsson.<br>Annika h\u00e5ller med och till\u00e4gger:<br>\u2013 Vi tummar inte p\u00e5 kvaliteten p\u00e5 n\u00e5got av programmen. De har sin specifika inriktning, men det kollektiva l\u00e4randet h\u00f6jer allas kompetens och \u00e4r v\u00e4ldigt inspirerande. Dessutom avlastas l\u00e4rarna p\u00e5 ett positivt s\u00e4tt n\u00e4r de kan arbeta tillsammans.<\/p>\n\n\n\n<p><strong>Kraftsamling f\u00f6r skolan<\/strong><br>I Kristianstad kommun p\u00e5b\u00f6rjas nu en kraftsamling f\u00f6r samtliga kommunala skolor p\u00e5 s\u00e5v\u00e4l grundskole- som gymnasieniv\u00e5 f\u00f6r att m\u00f6ta dagens och framtidens utmaningar. Inte minst st\u00e5r digitalisering och det systematiska kvalitetsarbetet i fokus. Bland annat kommer satsningen \u201dFramg\u00e5ngsrik undervisning\u201d som tar ett samlat grepp f\u00f6r att h\u00f6ja elevernas m\u00e5luppfyllelse och \u00f6ka likv\u00e4rdigheten i skolan. Satsningen \u00e4r bred och utg\u00e5r fr\u00e5n de enskilda skolornas identifierade behov.<br>\u2013 Det h\u00e4nder v\u00e4ldigt mycket i skolorna i Kristianstads kommun just nu. Vi f\u00e5r stark st\u00f6ttning av huvudmannen och det systematiska kvalitetsarbetet \u00e4r verkligen i fokus i s\u00e5v\u00e4l grundskolan som gymnasiet och integrerat i allt vi g\u00f6r. En viktig fr\u00e5ga \u00e4r att l\u00e4rare ska ha en rimlig arbetsbelastning, s\u00e4ger Annika.<\/p>\n\n\n\n<p><strong>Popul\u00e4r skola<\/strong><br>Christian 4:s gymnasium \u00e4r en popul\u00e4r skola, b\u00e5de att arbeta p\u00e5 och bland eleverna. M\u00e5nga ungdomar reser fr\u00e5n andra kommuner f\u00f6r att g\u00e5 h\u00e4r och n\u00e4r C4 rekryterar \u00e4r intresset bland l\u00e4rare stort. Den kreativa andan, det \u00f6ppna klimatet och starka gemenskapen mellan personal och elever uppskattas. D\u00e4rf\u00f6r har C4 haft l\u00e4tt att hitta h\u00f6gkvalificerade l\u00e4rare, som i sin tur g\u00f6r skolan \u00e4nnu mer attraktiv. Annika och Tony ser nu fram emot att forts\u00e4tta att utveckla skolan och v\u00e4lkomna nya kullar till befintliga och kommande program.<br>\u2013 Med sitt ut\u00f6kade programutbud blir C4 ocks\u00e5 en god representant f\u00f6r Kristianstads kommun, som har ett v\u00e4ldigt rikt kulturliv och l\u00e5nga anor som handelsplats. Kristianstad \u00e4r dessutom centrum f\u00f6r turism i hela norra Sk\u00e5ne, s\u00e4ger Tony.<br>\u2013 Kultur, handel och turism \u00e4r det som knyter ihop v\u00e5ra program och genom sitt s\u00e4tt att interagera med samh\u00e4llet i stort blir nu undervisningen p\u00e5 C4 \u00e4nnu mer relevant och sp\u00e4nnande.<\/p>\n\n\n\n<p class=\"has-color-gray-01-background-color has-background\"><strong><a title=\"Kristianstads kommun pres jobb ans\u00f6k\" href=\"https:\/\/www.kristianstad.se\/sv\/naringsliv-och-arbete\/jobb_och_praktik\/lediga-jobb\/?category=gymnasie_vuxenutbildning\" target=\"_blank\" rel=\"noopener noreferrer\">H\u00e4r hittar du alla v\u00e5ra lediga jobb. Vill du vara med och g\u00f6ra skillnad?<\/a><\/strong><\/p>\n\n\n\n<div class=\"wp-block-group faktaruta\"><div class=\"wp-block-group__inner-container is-layout-flow wp-block-group-is-layout-flow\">\n<h6 class=\"wp-block-heading\">Kristianstads kommun<\/h6>\n\n\n\n<p>I Kristianstad kommun finns fem kommunala gymnasieskolor som erbjuder de flesta nationella program och inriktningar. Gymnasieskolorna samarbetar med h\u00f6gskolor och universitet i bland annat Kristianstad, Lund och Malm\u00f6, samt med s\u00e5v\u00e4l det lokala som det nationella n\u00e4ringslivet. I kommunen sker nu en stor satsning p\u00e5 skolan med fokus p\u00e5 det systematiska kvalitetsarbetet. H\u00e4r finns m\u00e5nga sp\u00e4nnande karri\u00e4rm\u00f6jligheter f\u00f6r dig som \u00e4r l\u00e4rare!<\/p>\n\n\n\n<p>L\u00e4s mer p\u00e5: <strong><a title=\"Kristianstads kommun textlink\" href=\"https:\/\/www.kristianstad.se\/\" target=\"_blank\" rel=\"noopener noreferrer\">www.kristianstad.se<\/a><\/strong><br><br><a href=\"https:\/\/www.kristianstad.se\/\" title=\"Kristianstads kommun logotype\" target=\"_blank\" rel=\"noreferrer noopener\"><img loading=\"lazy\" decoding=\"async\" width=\"200\" height=\"64\" class=\"wp-image-6182\" style=\"width: 200px;\" src=\"https:\/\/lararkarriar.se\/gymnasieskola\/wp-content\/uploads\/sites\/10\/2019\/05\/kristianstad-logo-cmyk.png\" alt=\"\" srcset=\"https:\/\/lararkarriar.se\/gymnasieskola\/wp-content\/uploads\/sites\/10\/2019\/05\/kristianstad-logo-cmyk.png 750w, https:\/\/lararkarriar.se\/gymnasieskola\/wp-content\/uploads\/sites\/10\/2019\/05\/kristianstad-logo-cmyk-300x96.png 300w, https:\/\/lararkarriar.se\/gymnasieskola\/wp-content\/uploads\/sites\/10\/2019\/05\/kristianstad-logo-cmyk-502x160.png 502w, https:\/\/lararkarriar.se\/gymnasieskola\/wp-content\/uploads\/sites\/10\/2019\/05\/kristianstad-logo-cmyk-526x168.png 526w, https:\/\/lararkarriar.se\/gymnasieskola\/wp-content\/uploads\/sites\/10\/2019\/05\/kristianstad-logo-cmyk-720x229.png 720w\" sizes=\"auto, (max-width: 200px) 100vw, 200px\" \/><\/a><\/p>\n<\/div><\/div>\n","protected":false},"excerpt":{"rendered":"<p>Idag sker nya, sp\u00e4nnande satsningar, b\u00e5de h\u00e4r och inom skolan generellt i hela kommunen.<\/p>\n","protected":false},"author":2,"featured_media":6181,"comment_status":"closed","ping_status":"open","sticky":false,"template":"","format":"standard","meta":{"_acf_changed":false,"_monsterinsights_skip_tracking":false,"_monsterinsights_sitenote_active":false,"_monsterinsights_sitenote_note":"","_monsterinsights_sitenote_category":0,"footnotes":""},"categories":[7],"tags":[140,141,189,223,235],"class_list":["post-6180","post","type-post","status-publish","format-standard","has-post-thumbnail","hentry","category-presentation","tag-kristianstad","tag-kristianstads-kommun","tag-naturvetenskap","tag-samhallsvetenskap","tag-skolmiljo"],"acf":[],"yoast_head":"<!-- This site is optimized with the Yoast SEO plugin v27.3 - https:\/\/yoast.com\/product\/yoast-seo-wordpress\/ -->\n<title>Samarbete och kvalitet i Kristianstad - Framtidens karri\u00e4r gymnasiel\u00e4rare<\/title>\n<meta name=\"robots\" content=\"index, follow, max-snippet:-1, max-image-preview:large, max-video-preview:-1\" \/>\n<link rel=\"canonical\" href=\"https:\/\/lararkarriar.se\/gymnasieskola\/2019\/05\/07\/samarbete-och-kvalitet-i-kristianstad\/\" \/>\n<meta property=\"og:locale\" content=\"sv_SE\" \/>\n<meta property=\"og:type\" content=\"article\" \/>\n<meta property=\"og:title\" content=\"Samarbete och kvalitet i Kristianstad - Framtidens karri\u00e4r gymnasiel\u00e4rare\" \/>\n<meta property=\"og:description\" content=\"Idag sker nya, sp\u00e4nnande satsningar, b\u00e5de h\u00e4r och inom skolan generellt i hela kommunen.\" \/>\n<meta property=\"og:url\" content=\"https:\/\/lararkarriar.se\/gymnasieskola\/2019\/05\/07\/samarbete-och-kvalitet-i-kristianstad\/\" \/>\n<meta property=\"og:site_name\" content=\"Framtidens karri\u00e4r gymnasiel\u00e4rare\" \/>\n<meta property=\"article:published_time\" content=\"2019-05-07T23:28:11+00:00\" \/>\n<meta property=\"article:modified_time\" content=\"2020-11-05T13:42:08+00:00\" \/>\n<meta property=\"og:image\" content=\"https:\/\/lararkarriar.se\/gymnasieskola\/wp-content\/uploads\/sites\/10\/2019\/05\/kristianstad-framtidenskarriar-gymnasielarare-2.jpg\" \/>\n\t<meta property=\"og:image:width\" content=\"1000\" \/>\n\t<meta property=\"og:image:height\" content=\"668\" \/>\n\t<meta property=\"og:image:type\" content=\"image\/jpeg\" \/>\n<meta name=\"author\" content=\"viktorwallen\" \/>\n<meta name=\"twitter:card\" content=\"summary_large_image\" \/>\n<meta name=\"twitter:label1\" content=\"Skriven av\" \/>\n\t<meta name=\"twitter:data1\" content=\"viktorwallen\" \/>\n\t<meta name=\"twitter:label2\" content=\"Ber\u00e4knad l\u00e4stid\" \/>\n\t<meta name=\"twitter:data2\" content=\"4 minuter\" \/>\n<script type=\"application\/ld+json\" class=\"yoast-schema-graph\">{\"@context\":\"https:\\\/\\\/schema.org\",\"@graph\":[{\"@type\":\"Article\",\"@id\":\"https:\\\/\\\/lararkarriar.se\\\/gymnasieskola\\\/2019\\\/05\\\/07\\\/samarbete-och-kvalitet-i-kristianstad\\\/#article\",\"isPartOf\":{\"@id\":\"https:\\\/\\\/lararkarriar.se\\\/gymnasieskola\\\/2019\\\/05\\\/07\\\/samarbete-och-kvalitet-i-kristianstad\\\/\"},\"author\":{\"name\":\"viktorwallen\",\"@id\":\"https:\\\/\\\/lararkarriar.se\\\/gymnasieskola\\\/#\\\/schema\\\/person\\\/2a13a849ec7646386c2211f59afe3083\"},\"headline\":\"Samarbete och kvalitet i Kristianstad\",\"datePublished\":\"2019-05-07T23:28:11+00:00\",\"dateModified\":\"2020-11-05T13:42:08+00:00\",\"mainEntityOfPage\":{\"@id\":\"https:\\\/\\\/lararkarriar.se\\\/gymnasieskola\\\/2019\\\/05\\\/07\\\/samarbete-och-kvalitet-i-kristianstad\\\/\"},\"wordCount\":888,\"image\":{\"@id\":\"https:\\\/\\\/lararkarriar.se\\\/gymnasieskola\\\/2019\\\/05\\\/07\\\/samarbete-och-kvalitet-i-kristianstad\\\/#primaryimage\"},\"thumbnailUrl\":\"https:\\\/\\\/lararkarriar.se\\\/gymnasieskola\\\/wp-content\\\/uploads\\\/sites\\\/10\\\/2019\\\/05\\\/kristianstad-framtidenskarriar-gymnasielarare-2.jpg\",\"keywords\":[\"Kristianstad\",\"Kristianstads kommun\",\"Naturvetenskap\",\"Samh\u00e4llsvetenskap\",\"Skolmilj\u00f6\"],\"articleSection\":[\"Presentation\"],\"inLanguage\":\"sv-SE\"},{\"@type\":\"WebPage\",\"@id\":\"https:\\\/\\\/lararkarriar.se\\\/gymnasieskola\\\/2019\\\/05\\\/07\\\/samarbete-och-kvalitet-i-kristianstad\\\/\",\"url\":\"https:\\\/\\\/lararkarriar.se\\\/gymnasieskola\\\/2019\\\/05\\\/07\\\/samarbete-och-kvalitet-i-kristianstad\\\/\",\"name\":\"Samarbete och kvalitet i Kristianstad - Framtidens karri\u00e4r gymnasiel\u00e4rare\",\"isPartOf\":{\"@id\":\"https:\\\/\\\/lararkarriar.se\\\/gymnasieskola\\\/#website\"},\"primaryImageOfPage\":{\"@id\":\"https:\\\/\\\/lararkarriar.se\\\/gymnasieskola\\\/2019\\\/05\\\/07\\\/samarbete-och-kvalitet-i-kristianstad\\\/#primaryimage\"},\"image\":{\"@id\":\"https:\\\/\\\/lararkarriar.se\\\/gymnasieskola\\\/2019\\\/05\\\/07\\\/samarbete-och-kvalitet-i-kristianstad\\\/#primaryimage\"},\"thumbnailUrl\":\"https:\\\/\\\/lararkarriar.se\\\/gymnasieskola\\\/wp-content\\\/uploads\\\/sites\\\/10\\\/2019\\\/05\\\/kristianstad-framtidenskarriar-gymnasielarare-2.jpg\",\"datePublished\":\"2019-05-07T23:28:11+00:00\",\"dateModified\":\"2020-11-05T13:42:08+00:00\",\"author\":{\"@id\":\"https:\\\/\\\/lararkarriar.se\\\/gymnasieskola\\\/#\\\/schema\\\/person\\\/2a13a849ec7646386c2211f59afe3083\"},\"breadcrumb\":{\"@id\":\"https:\\\/\\\/lararkarriar.se\\\/gymnasieskola\\\/2019\\\/05\\\/07\\\/samarbete-och-kvalitet-i-kristianstad\\\/#breadcrumb\"},\"inLanguage\":\"sv-SE\",\"potentialAction\":[{\"@type\":\"ReadAction\",\"target\":[\"https:\\\/\\\/lararkarriar.se\\\/gymnasieskola\\\/2019\\\/05\\\/07\\\/samarbete-och-kvalitet-i-kristianstad\\\/\"]}]},{\"@type\":\"ImageObject\",\"inLanguage\":\"sv-SE\",\"@id\":\"https:\\\/\\\/lararkarriar.se\\\/gymnasieskola\\\/2019\\\/05\\\/07\\\/samarbete-och-kvalitet-i-kristianstad\\\/#primaryimage\",\"url\":\"https:\\\/\\\/lararkarriar.se\\\/gymnasieskola\\\/wp-content\\\/uploads\\\/sites\\\/10\\\/2019\\\/05\\\/kristianstad-framtidenskarriar-gymnasielarare-2.jpg\",\"contentUrl\":\"https:\\\/\\\/lararkarriar.se\\\/gymnasieskola\\\/wp-content\\\/uploads\\\/sites\\\/10\\\/2019\\\/05\\\/kristianstad-framtidenskarriar-gymnasielarare-2.jpg\",\"width\":1000,\"height\":668,\"caption\":\"Tony Ivarsson och Annika L\u00f6fgren, rektorer p\u00e5 Christian 4:s gymnasium i Kristianstad. Foto: Daniel Larsson\"},{\"@type\":\"BreadcrumbList\",\"@id\":\"https:\\\/\\\/lararkarriar.se\\\/gymnasieskola\\\/2019\\\/05\\\/07\\\/samarbete-och-kvalitet-i-kristianstad\\\/#breadcrumb\",\"itemListElement\":[{\"@type\":\"ListItem\",\"position\":1,\"name\":\"Home\",\"item\":\"https:\\\/\\\/lararkarriar.se\\\/gymnasieskola\\\/\"},{\"@type\":\"ListItem\",\"position\":2,\"name\":\"Samarbete och kvalitet i Kristianstad\"}]},{\"@type\":\"WebSite\",\"@id\":\"https:\\\/\\\/lararkarriar.se\\\/gymnasieskola\\\/#website\",\"url\":\"https:\\\/\\\/lararkarriar.se\\\/gymnasieskola\\\/\",\"name\":\"Framtidens karri\u00e4r gymnasiel\u00e4rare\",\"description\":\"Just another NMDashboard.se Sites site\",\"potentialAction\":[{\"@type\":\"SearchAction\",\"target\":{\"@type\":\"EntryPoint\",\"urlTemplate\":\"https:\\\/\\\/lararkarriar.se\\\/gymnasieskola\\\/?s={search_term_string}\"},\"query-input\":{\"@type\":\"PropertyValueSpecification\",\"valueRequired\":true,\"valueName\":\"search_term_string\"}}],\"inLanguage\":\"sv-SE\"},{\"@type\":\"Person\",\"@id\":\"https:\\\/\\\/lararkarriar.se\\\/gymnasieskola\\\/#\\\/schema\\\/person\\\/2a13a849ec7646386c2211f59afe3083\",\"name\":\"viktorwallen\",\"image\":{\"@type\":\"ImageObject\",\"inLanguage\":\"sv-SE\",\"@id\":\"https:\\\/\\\/secure.gravatar.com\\\/avatar\\\/701701bd36169636031933997c8c6b954f2f635bbb7cd4802e4a007f9c9f4e59?s=96&d=mm&r=g\",\"url\":\"https:\\\/\\\/secure.gravatar.com\\\/avatar\\\/701701bd36169636031933997c8c6b954f2f635bbb7cd4802e4a007f9c9f4e59?s=96&d=mm&r=g\",\"contentUrl\":\"https:\\\/\\\/secure.gravatar.com\\\/avatar\\\/701701bd36169636031933997c8c6b954f2f635bbb7cd4802e4a007f9c9f4e59?s=96&d=mm&r=g\",\"caption\":\"viktorwallen\"},\"url\":\"https:\\\/\\\/lararkarriar.se\\\/gymnasieskola\\\/author\\\/viktorwallen\\\/\"}]}<\/script>\n<!-- \/ Yoast SEO plugin. -->","yoast_head_json":{"title":"Samarbete och kvalitet i Kristianstad - Framtidens karri\u00e4r gymnasiel\u00e4rare","robots":{"index":"index","follow":"follow","max-snippet":"max-snippet:-1","max-image-preview":"max-image-preview:large","max-video-preview":"max-video-preview:-1"},"canonical":"https:\/\/lararkarriar.se\/gymnasieskola\/2019\/05\/07\/samarbete-och-kvalitet-i-kristianstad\/","og_locale":"sv_SE","og_type":"article","og_title":"Samarbete och kvalitet i Kristianstad - Framtidens karri\u00e4r gymnasiel\u00e4rare","og_description":"Idag sker nya, sp\u00e4nnande satsningar, b\u00e5de h\u00e4r och inom skolan generellt i hela kommunen.","og_url":"https:\/\/lararkarriar.se\/gymnasieskola\/2019\/05\/07\/samarbete-och-kvalitet-i-kristianstad\/","og_site_name":"Framtidens karri\u00e4r gymnasiel\u00e4rare","article_published_time":"2019-05-07T23:28:11+00:00","article_modified_time":"2020-11-05T13:42:08+00:00","og_image":[{"width":1000,"height":668,"url":"https:\/\/lararkarriar.se\/gymnasieskola\/wp-content\/uploads\/sites\/10\/2019\/05\/kristianstad-framtidenskarriar-gymnasielarare-2.jpg","type":"image\/jpeg"}],"author":"viktorwallen","twitter_card":"summary_large_image","twitter_misc":{"Skriven av":"viktorwallen","Ber\u00e4knad l\u00e4stid":"4 minuter"},"schema":{"@context":"https:\/\/schema.org","@graph":[{"@type":"Article","@id":"https:\/\/lararkarriar.se\/gymnasieskola\/2019\/05\/07\/samarbete-och-kvalitet-i-kristianstad\/#article","isPartOf":{"@id":"https:\/\/lararkarriar.se\/gymnasieskola\/2019\/05\/07\/samarbete-och-kvalitet-i-kristianstad\/"},"author":{"name":"viktorwallen","@id":"https:\/\/lararkarriar.se\/gymnasieskola\/#\/schema\/person\/2a13a849ec7646386c2211f59afe3083"},"headline":"Samarbete och kvalitet i Kristianstad","datePublished":"2019-05-07T23:28:11+00:00","dateModified":"2020-11-05T13:42:08+00:00","mainEntityOfPage":{"@id":"https:\/\/lararkarriar.se\/gymnasieskola\/2019\/05\/07\/samarbete-och-kvalitet-i-kristianstad\/"},"wordCount":888,"image":{"@id":"https:\/\/lararkarriar.se\/gymnasieskola\/2019\/05\/07\/samarbete-och-kvalitet-i-kristianstad\/#primaryimage"},"thumbnailUrl":"https:\/\/lararkarriar.se\/gymnasieskola\/wp-content\/uploads\/sites\/10\/2019\/05\/kristianstad-framtidenskarriar-gymnasielarare-2.jpg","keywords":["Kristianstad","Kristianstads kommun","Naturvetenskap","Samh\u00e4llsvetenskap","Skolmilj\u00f6"],"articleSection":["Presentation"],"inLanguage":"sv-SE"},{"@type":"WebPage","@id":"https:\/\/lararkarriar.se\/gymnasieskola\/2019\/05\/07\/samarbete-och-kvalitet-i-kristianstad\/","url":"https:\/\/lararkarriar.se\/gymnasieskola\/2019\/05\/07\/samarbete-och-kvalitet-i-kristianstad\/","name":"Samarbete och kvalitet i Kristianstad - Framtidens karri\u00e4r gymnasiel\u00e4rare","isPartOf":{"@id":"https:\/\/lararkarriar.se\/gymnasieskola\/#website"},"primaryImageOfPage":{"@id":"https:\/\/lararkarriar.se\/gymnasieskola\/2019\/05\/07\/samarbete-och-kvalitet-i-kristianstad\/#primaryimage"},"image":{"@id":"https:\/\/lararkarriar.se\/gymnasieskola\/2019\/05\/07\/samarbete-och-kvalitet-i-kristianstad\/#primaryimage"},"thumbnailUrl":"https:\/\/lararkarriar.se\/gymnasieskola\/wp-content\/uploads\/sites\/10\/2019\/05\/kristianstad-framtidenskarriar-gymnasielarare-2.jpg","datePublished":"2019-05-07T23:28:11+00:00","dateModified":"2020-11-05T13:42:08+00:00","author":{"@id":"https:\/\/lararkarriar.se\/gymnasieskola\/#\/schema\/person\/2a13a849ec7646386c2211f59afe3083"},"breadcrumb":{"@id":"https:\/\/lararkarriar.se\/gymnasieskola\/2019\/05\/07\/samarbete-och-kvalitet-i-kristianstad\/#breadcrumb"},"inLanguage":"sv-SE","potentialAction":[{"@type":"ReadAction","target":["https:\/\/lararkarriar.se\/gymnasieskola\/2019\/05\/07\/samarbete-och-kvalitet-i-kristianstad\/"]}]},{"@type":"ImageObject","inLanguage":"sv-SE","@id":"https:\/\/lararkarriar.se\/gymnasieskola\/2019\/05\/07\/samarbete-och-kvalitet-i-kristianstad\/#primaryimage","url":"https:\/\/lararkarriar.se\/gymnasieskola\/wp-content\/uploads\/sites\/10\/2019\/05\/kristianstad-framtidenskarriar-gymnasielarare-2.jpg","contentUrl":"https:\/\/lararkarriar.se\/gymnasieskola\/wp-content\/uploads\/sites\/10\/2019\/05\/kristianstad-framtidenskarriar-gymnasielarare-2.jpg","width":1000,"height":668,"caption":"Tony Ivarsson och Annika L\u00f6fgren, rektorer p\u00e5 Christian 4:s gymnasium i Kristianstad. Foto: Daniel Larsson"},{"@type":"BreadcrumbList","@id":"https:\/\/lararkarriar.se\/gymnasieskola\/2019\/05\/07\/samarbete-och-kvalitet-i-kristianstad\/#breadcrumb","itemListElement":[{"@type":"ListItem","position":1,"name":"Home","item":"https:\/\/lararkarriar.se\/gymnasieskola\/"},{"@type":"ListItem","position":2,"name":"Samarbete och kvalitet i Kristianstad"}]},{"@type":"WebSite","@id":"https:\/\/lararkarriar.se\/gymnasieskola\/#website","url":"https:\/\/lararkarriar.se\/gymnasieskola\/","name":"Framtidens karri\u00e4r gymnasiel\u00e4rare","description":"Just another NMDashboard.se Sites site","potentialAction":[{"@type":"SearchAction","target":{"@type":"EntryPoint","urlTemplate":"https:\/\/lararkarriar.se\/gymnasieskola\/?s={search_term_string}"},"query-input":{"@type":"PropertyValueSpecification","valueRequired":true,"valueName":"search_term_string"}}],"inLanguage":"sv-SE"},{"@type":"Person","@id":"https:\/\/lararkarriar.se\/gymnasieskola\/#\/schema\/person\/2a13a849ec7646386c2211f59afe3083","name":"viktorwallen","image":{"@type":"ImageObject","inLanguage":"sv-SE","@id":"https:\/\/secure.gravatar.com\/avatar\/701701bd36169636031933997c8c6b954f2f635bbb7cd4802e4a007f9c9f4e59?s=96&d=mm&r=g","url":"https:\/\/secure.gravatar.com\/avatar\/701701bd36169636031933997c8c6b954f2f635bbb7cd4802e4a007f9c9f4e59?s=96&d=mm&r=g","contentUrl":"https:\/\/secure.gravatar.com\/avatar\/701701bd36169636031933997c8c6b954f2f635bbb7cd4802e4a007f9c9f4e59?s=96&d=mm&r=g","caption":"viktorwallen"},"url":"https:\/\/lararkarriar.se\/gymnasieskola\/author\/viktorwallen\/"}]}},"_links":{"self":[{"href":"https:\/\/lararkarriar.se\/gymnasieskola\/wp-json\/wp\/v2\/posts\/6180","targetHints":{"allow":["GET"]}}],"collection":[{"href":"https:\/\/lararkarriar.se\/gymnasieskola\/wp-json\/wp\/v2\/posts"}],"about":[{"href":"https:\/\/lararkarriar.se\/gymnasieskola\/wp-json\/wp\/v2\/types\/post"}],"author":[{"embeddable":true,"href":"https:\/\/lararkarriar.se\/gymnasieskola\/wp-json\/wp\/v2\/users\/2"}],"replies":[{"embeddable":true,"href":"https:\/\/lararkarriar.se\/gymnasieskola\/wp-json\/wp\/v2\/comments?post=6180"}],"version-history":[{"count":3,"href":"https:\/\/lararkarriar.se\/gymnasieskola\/wp-json\/wp\/v2\/posts\/6180\/revisions"}],"predecessor-version":[{"id":6371,"href":"https:\/\/lararkarriar.se\/gymnasieskola\/wp-json\/wp\/v2\/posts\/6180\/revisions\/6371"}],"wp:featuredmedia":[{"embeddable":true,"href":"https:\/\/lararkarriar.se\/gymnasieskola\/wp-json\/wp\/v2\/media\/6181"}],"wp:attachment":[{"href":"https:\/\/lararkarriar.se\/gymnasieskola\/wp-json\/wp\/v2\/media?parent=6180"}],"wp:term":[{"taxonomy":"category","embeddable":true,"href":"https:\/\/lararkarriar.se\/gymnasieskola\/wp-json\/wp\/v2\/categories?post=6180"},{"taxonomy":"post_tag","embeddable":true,"href":"https:\/\/lararkarriar.se\/gymnasieskola\/wp-json\/wp\/v2\/tags?post=6180"}],"curies":[{"name":"wp","href":"https:\/\/api.w.org\/{rel}","templated":true}]}}