{"id":6224,"date":"2019-05-07T16:23:03","date_gmt":"2019-05-07T16:23:03","guid":{"rendered":"https:\/\/lararkarriar.se\/gymnasieskola\/?p=6224"},"modified":"2020-11-05T19:16:23","modified_gmt":"2020-11-05T19:16:23","slug":"manga-gymnasielarare-kan-tanka-sig-att-arbeta-pa-mindre-orter","status":"publish","type":"post","link":"https:\/\/lararkarriar.se\/gymnasieskola\/2019\/05\/07\/manga-gymnasielarare-kan-tanka-sig-att-arbeta-pa-mindre-orter\/","title":{"rendered":"M\u00e5nga gymnasiel\u00e4rare kan t\u00e4nka sig att arbeta p\u00e5 mindre orter"},"content":{"rendered":"\n<figure class=\"wp-block-image alignnone size-full wp-image-6227\"><img loading=\"lazy\" decoding=\"async\" width=\"750\" height=\"542\" src=\"https:\/\/lararkarriar.se\/gymnasieskola\/wp-content\/uploads\/sites\/10\/2019\/05\/mindreort.jpg\" alt=\"Anders Eriksson, verksamhetschef f\u00f6r gymnasieskolan och vuxenutbildningen i Vimmerby.\" class=\"wp-image-6227\" srcset=\"https:\/\/lararkarriar.se\/gymnasieskola\/wp-content\/uploads\/sites\/10\/2019\/05\/mindreort.jpg 750w, https:\/\/lararkarriar.se\/gymnasieskola\/wp-content\/uploads\/sites\/10\/2019\/05\/mindreort-300x217.jpg 300w, https:\/\/lararkarriar.se\/gymnasieskola\/wp-content\/uploads\/sites\/10\/2019\/05\/mindreort-221x160.jpg 221w, https:\/\/lararkarriar.se\/gymnasieskola\/wp-content\/uploads\/sites\/10\/2019\/05\/mindreort-526x380.jpg 526w, https:\/\/lararkarriar.se\/gymnasieskola\/wp-content\/uploads\/sites\/10\/2019\/05\/mindreort-720x520.jpg 720w\" sizes=\"auto, (max-width: 750px) 100vw, 750px\" \/><figcaption>Anders Eriksson, verksamhetschef f\u00f6r gymnasieskolan och vuxenutbildningen i Vimmerby.<\/figcaption><\/figure>\n\n\n\n<p><strong>Att arbeta som gymnasiel\u00e4rare p\u00e5 en mindre ort har m\u00e5nga f\u00f6rdelar, bland annat att man ofta undervisar f\u00e4rre elever och d\u00e4rmed f\u00e5r en m\u00f6jlighet att f\u00f6rdjupa relationen med dem. M\u00e5nga gymnasiel\u00e4rare uppskattar ocks\u00e5 den h\u00f6ga livskvalitet som m\u00e5nga mindre orter kan erbjuda.<\/strong><\/p>\n\n\n\n<p>83 procent av gymnasiel\u00e4rarna kan t\u00e4nka sig att arbeta p\u00e5 en mindre ort, enligt Framtidens Karri\u00e4r \u2013 Gymnasiel\u00e4rares unders\u00f6kning. Bra l\u00f6n, rimlig arbetsbelastning och m\u00f6jlighet att p\u00e5verka sin arbetssituation \u00e4r de faktorer som fr\u00e4mst kan \u00f6ka intresset f\u00f6r arbete p\u00e5 en mindre ort, enligt unders\u00f6kningen.<br>\u2013 Unders\u00f6kningsresultatet \u00e4r gl\u00e4djande, men jag hade nog f\u00f6rest\u00e4llt mig att andelen gymnasiel\u00e4rare som kan t\u00e4nka sig att arbeta p\u00e5 en mindre ort skulle vara n\u00e5got h\u00f6gre. Den som \u00e4r uppvuxen i en st\u00f6rre stad kanske inte vill flytta till en mindre ort f\u00f6r att man \u00e4ven forts\u00e4ttningsvis vill ha tillg\u00e5ng till storstadens utbud, men f\u00f6r m\u00e5nga andra gymnasiel\u00e4rare \u00e4r nog en mindre ort ett intressant alternativ, s\u00e4ger Anders Eriksson, verksamhetschef f\u00f6r gymnasieskolan och vuxenutbildningen i Vimmerby kommun.<\/p>\n\n\n\n<p><strong>Positivt \u00f6verraskade<\/strong><br>Hans erfarenhet \u00e4r att gymnasiel\u00e4rare som v\u00e4ljer att s\u00f6ka sig till mindre orter ofta blir positivt \u00f6verraskade och trivs v\u00e4ldigt bra med att vara verksam i ett mindre sammanhang. P\u00e5 mindre gymnasieskolor \u00e4r beslutsv\u00e4garna ofta kortare, m\u00f6jligheterna att p\u00e5verka sin arbetssituation m\u00e5nga och sammanh\u00e5llningen i arbetslaget god.<br>\u2013 Just m\u00f6jligheten att sj\u00e4lv forma sitt arbete, att k\u00e4nna eller \u00e5tminstone k\u00e4nna till namnet p\u00e5 alla sina kollegor och att kunna etablera en f\u00f6rdjupad professionell relation med eleverna \u00e4r faktorer som talar f\u00f6r den mindre ortens. P\u00e5 en mindre ort slipper man ofta l\u00e5nga pendlingstider till och fr\u00e5n jobbet eftersom avst\u00e5nden \u00e4r sm\u00e5. N\u00e4rheten till naturen, en bra uppv\u00e4xtmilj\u00f6 f\u00f6r barn och ett rikt f\u00f6reningsliv \u00e4r andra faktorer som g\u00f6r att m\u00e5nga gymnasiel\u00e4rare trivs p\u00e5 mindre orter, s\u00e4ger Anders Eriksson.<\/p>\n\n\n\n<p><strong>Sammansvetsade arbetslag<\/strong><br>Han framh\u00e5ller att gymnasieskolorna p\u00e5 mindre orter ofta kan erbjuda lika m\u00e5nga karri\u00e4rutvecklingsm\u00f6jligheter som skolor p\u00e5 st\u00f6rre orter.<br>\u2013 En anledning till att man ofta har mer inflytande \u00f6ver sin vardag, arbetssituation och hela skolans verksamhet p\u00e5 en mindre ort \u00e4r att avst\u00e5ndet mellan skolledare och l\u00e4rare \u00e4r litet. Det \u00e4r i allm\u00e4nhet l\u00e4tt att f\u00e5 kontakt med skolledaren och framf\u00f6ra sina synpunkter och \u00f6nskem\u00e5l. \u00c4ven i arbetslagen \u00e4r det l\u00e4tt att g\u00f6ra sin r\u00f6st h\u00f6rd eftersom de m\u00e5nga g\u00e5nger \u00e4r sammansvetsade och sm\u00e5skaliga, s\u00e4ger Anders Eriksson.<\/p>\n\n\n\n<div class=\"wp-block-group faktaruta has-color-white-01-background-color has-background\"><div class=\"wp-block-group__inner-container is-layout-flow wp-block-group-is-layout-flow\">\n<h5 class=\"wp-block-heading\">Kan du som gymnasiel\u00e4rare t\u00e4nka dig att arbeta p\u00e5 en mindre ort i Sverige? (f\u00e4rre \u00e4n cirka 25&nbsp;000 inv\u00e5nare)<\/h5>\n\n\n\n<div class=\"wp-block-image\"><figure class=\"aligncenter size-large\"><img loading=\"lazy\" decoding=\"async\" width=\"1000\" height=\"170\" src=\"https:\/\/lararkarriar.se\/gymnasieskola\/wp-content\/uploads\/sites\/10\/2019\/05\/mindreort-graf1.png\" alt=\"\" class=\"wp-image-6225\" srcset=\"https:\/\/lararkarriar.se\/gymnasieskola\/wp-content\/uploads\/sites\/10\/2019\/05\/mindreort-graf1.png 1000w, https:\/\/lararkarriar.se\/gymnasieskola\/wp-content\/uploads\/sites\/10\/2019\/05\/mindreort-graf1-300x51.png 300w, https:\/\/lararkarriar.se\/gymnasieskola\/wp-content\/uploads\/sites\/10\/2019\/05\/mindreort-graf1-768x131.png 768w, https:\/\/lararkarriar.se\/gymnasieskola\/wp-content\/uploads\/sites\/10\/2019\/05\/mindreort-graf1-941x160.png 941w, https:\/\/lararkarriar.se\/gymnasieskola\/wp-content\/uploads\/sites\/10\/2019\/05\/mindreort-graf1-526x89.png 526w, https:\/\/lararkarriar.se\/gymnasieskola\/wp-content\/uploads\/sites\/10\/2019\/05\/mindreort-graf1-720x122.png 720w, https:\/\/lararkarriar.se\/gymnasieskola\/wp-content\/uploads\/sites\/10\/2019\/05\/mindreort-graf1-960x163.png 960w\" sizes=\"auto, (max-width: 1000px) 100vw, 1000px\" \/><\/figure><\/div>\n<\/div><\/div>\n\n\n\n<div class=\"wp-block-group faktaruta has-color-white-01-background-color has-background\"><div class=\"wp-block-group__inner-container is-layout-flow wp-block-group-is-layout-flow\">\n<h5 class=\"wp-block-heading\">Vilka av f\u00f6ljande faktorer anser du \u00f6kar intresset f\u00f6r att arbeta inom gymnasieskolan p\u00e5 en mindre ort?<\/h5>\n\n\n\n<figure class=\"wp-block-image size-large\"><img loading=\"lazy\" decoding=\"async\" width=\"1000\" height=\"680\" src=\"https:\/\/lararkarriar.se\/gymnasieskola\/wp-content\/uploads\/sites\/10\/2019\/05\/mindreort-graf2.png\" alt=\"\" class=\"wp-image-6226\" srcset=\"https:\/\/lararkarriar.se\/gymnasieskola\/wp-content\/uploads\/sites\/10\/2019\/05\/mindreort-graf2.png 1000w, https:\/\/lararkarriar.se\/gymnasieskola\/wp-content\/uploads\/sites\/10\/2019\/05\/mindreort-graf2-300x204.png 300w, https:\/\/lararkarriar.se\/gymnasieskola\/wp-content\/uploads\/sites\/10\/2019\/05\/mindreort-graf2-768x522.png 768w, https:\/\/lararkarriar.se\/gymnasieskola\/wp-content\/uploads\/sites\/10\/2019\/05\/mindreort-graf2-235x160.png 235w, https:\/\/lararkarriar.se\/gymnasieskola\/wp-content\/uploads\/sites\/10\/2019\/05\/mindreort-graf2-526x358.png 526w, https:\/\/lararkarriar.se\/gymnasieskola\/wp-content\/uploads\/sites\/10\/2019\/05\/mindreort-graf2-720x490.png 720w, https:\/\/lararkarriar.se\/gymnasieskola\/wp-content\/uploads\/sites\/10\/2019\/05\/mindreort-graf2-960x653.png 960w\" sizes=\"auto, (max-width: 1000px) 100vw, 1000px\" \/><\/figure>\n\n\n\n<p><strong>1. <\/strong>Bra l\u00f6n<br><strong>2. <\/strong>Rimlig arbetsbelastning<br><strong>3. <\/strong>M\u00f6jlighet att p\u00e5verka din arbetssituation<br><strong>4. <\/strong>Bra team\/arbetskamrater<br><strong>5. <\/strong>Bra och n\u00e4ra ledarskap<br><strong>6. <\/strong>Bra arbetsmilj\u00f6<br><strong>7. <\/strong>Arbetsplats n\u00e4ra hemmet<br><strong>8. <\/strong>Mindre klasser<br><strong>9. <\/strong>N\u00e4rhet till natur och fritidsaktiviteter<br><strong>10. <\/strong>M\u00f6jlighet till vidareutveckling<br><strong>11. <\/strong>L\u00e5g personaloms\u00e4ttning<br><strong>12. <\/strong>Bra introduktion f\u00f6r nyanst\u00e4llda<br><strong>13. <\/strong>Annat<\/p>\n<\/div><\/div>\n\n\n\n<div class=\"wp-block-group faktaruta has-color-white-01-background-color has-background\"><div class=\"wp-block-group__inner-container is-layout-flow wp-block-group-is-layout-flow\">\n<h6 class=\"wp-block-heading\">Om unders\u00f6kningen<\/h6>\n\n\n\n<p>Unders\u00f6kningen genomf\u00f6rdes mot ett slumpm\u00e4ssigt urval av gymnasiel\u00e4rare i Sverige 9\u201315 april 2019. Statistisk felmarginal 2,5\u20134 procentenheter.<\/p>\n<\/div><\/div>\n","protected":false},"excerpt":{"rendered":"<p>Att arbeta som gymnasiel\u00e4rare p\u00e5 en mindre ort har m\u00e5nga f\u00f6rdelar.<\/p>\n","protected":false},"author":2,"featured_media":6227,"comment_status":"closed","ping_status":"open","sticky":false,"template":"","format":"standard","meta":{"_acf_changed":false,"_monsterinsights_skip_tracking":false,"_monsterinsights_sitenote_active":false,"_monsterinsights_sitenote_note":"","_monsterinsights_sitenote_category":0,"footnotes":""},"categories":[1],"tags":[17,20,68,168,179,185,188,277],"class_list":["post-6224","post","type-post","status-publish","format-standard","has-post-thumbnail","hentry","category-artikel","tag-arbetsbelastning","tag-arbetsmiljo","tag-fordelar","tag-lon","tag-mindre-ort","tag-nara-ledarskap","tag-natur","tag-undersokning"],"acf":[],"yoast_head":"<!-- This site is optimized with the Yoast SEO plugin v27.3 - https:\/\/yoast.com\/product\/yoast-seo-wordpress\/ -->\n<title>M\u00e5nga gymnasiel\u00e4rare kan t\u00e4nka sig att arbeta p\u00e5 mindre orter - Framtidens karri\u00e4r gymnasiel\u00e4rare<\/title>\n<meta name=\"robots\" content=\"index, follow, max-snippet:-1, max-image-preview:large, max-video-preview:-1\" \/>\n<link rel=\"canonical\" href=\"https:\/\/lararkarriar.se\/gymnasieskola\/2019\/05\/07\/manga-gymnasielarare-kan-tanka-sig-att-arbeta-pa-mindre-orter\/\" \/>\n<meta property=\"og:locale\" content=\"sv_SE\" \/>\n<meta property=\"og:type\" content=\"article\" \/>\n<meta property=\"og:title\" content=\"M\u00e5nga gymnasiel\u00e4rare kan t\u00e4nka sig att arbeta p\u00e5 mindre orter - Framtidens karri\u00e4r gymnasiel\u00e4rare\" \/>\n<meta property=\"og:description\" content=\"Att arbeta som gymnasiel\u00e4rare p\u00e5 en mindre ort har m\u00e5nga f\u00f6rdelar.\" \/>\n<meta property=\"og:url\" content=\"https:\/\/lararkarriar.se\/gymnasieskola\/2019\/05\/07\/manga-gymnasielarare-kan-tanka-sig-att-arbeta-pa-mindre-orter\/\" \/>\n<meta property=\"og:site_name\" content=\"Framtidens karri\u00e4r gymnasiel\u00e4rare\" \/>\n<meta property=\"article:published_time\" content=\"2019-05-07T16:23:03+00:00\" \/>\n<meta property=\"article:modified_time\" content=\"2020-11-05T19:16:23+00:00\" \/>\n<meta property=\"og:image\" content=\"https:\/\/lararkarriar.se\/gymnasieskola\/wp-content\/uploads\/sites\/10\/2019\/05\/mindreort.jpg\" \/>\n\t<meta property=\"og:image:width\" content=\"750\" \/>\n\t<meta property=\"og:image:height\" content=\"542\" \/>\n\t<meta property=\"og:image:type\" content=\"image\/jpeg\" \/>\n<meta name=\"author\" content=\"viktorwallen\" \/>\n<meta name=\"twitter:card\" content=\"summary_large_image\" \/>\n<meta name=\"twitter:label1\" content=\"Skriven av\" \/>\n\t<meta name=\"twitter:data1\" content=\"viktorwallen\" \/>\n\t<meta name=\"twitter:label2\" content=\"Ber\u00e4knad l\u00e4stid\" \/>\n\t<meta name=\"twitter:data2\" content=\"3 minuter\" \/>\n<script type=\"application\/ld+json\" class=\"yoast-schema-graph\">{\"@context\":\"https:\\\/\\\/schema.org\",\"@graph\":[{\"@type\":\"Article\",\"@id\":\"https:\\\/\\\/lararkarriar.se\\\/gymnasieskola\\\/2019\\\/05\\\/07\\\/manga-gymnasielarare-kan-tanka-sig-att-arbeta-pa-mindre-orter\\\/#article\",\"isPartOf\":{\"@id\":\"https:\\\/\\\/lararkarriar.se\\\/gymnasieskola\\\/2019\\\/05\\\/07\\\/manga-gymnasielarare-kan-tanka-sig-att-arbeta-pa-mindre-orter\\\/\"},\"author\":{\"name\":\"viktorwallen\",\"@id\":\"https:\\\/\\\/lararkarriar.se\\\/gymnasieskola\\\/#\\\/schema\\\/person\\\/2a13a849ec7646386c2211f59afe3083\"},\"headline\":\"M\u00e5nga gymnasiel\u00e4rare kan t\u00e4nka sig att arbeta p\u00e5 mindre orter\",\"datePublished\":\"2019-05-07T16:23:03+00:00\",\"dateModified\":\"2020-11-05T19:16:23+00:00\",\"mainEntityOfPage\":{\"@id\":\"https:\\\/\\\/lararkarriar.se\\\/gymnasieskola\\\/2019\\\/05\\\/07\\\/manga-gymnasielarare-kan-tanka-sig-att-arbeta-pa-mindre-orter\\\/\"},\"wordCount\":599,\"image\":{\"@id\":\"https:\\\/\\\/lararkarriar.se\\\/gymnasieskola\\\/2019\\\/05\\\/07\\\/manga-gymnasielarare-kan-tanka-sig-att-arbeta-pa-mindre-orter\\\/#primaryimage\"},\"thumbnailUrl\":\"https:\\\/\\\/lararkarriar.se\\\/gymnasieskola\\\/wp-content\\\/uploads\\\/sites\\\/10\\\/2019\\\/05\\\/mindreort.jpg\",\"keywords\":[\"Arbetsbelastning\",\"Arbetsmilj\u00f6\",\"F\u00f6rdelar\",\"L\u00f6n\",\"Mindre ort\",\"N\u00e4ra ledarskap\",\"Natur\",\"Unders\u00f6kning\"],\"articleSection\":[\"Artikel\"],\"inLanguage\":\"sv-SE\"},{\"@type\":\"WebPage\",\"@id\":\"https:\\\/\\\/lararkarriar.se\\\/gymnasieskola\\\/2019\\\/05\\\/07\\\/manga-gymnasielarare-kan-tanka-sig-att-arbeta-pa-mindre-orter\\\/\",\"url\":\"https:\\\/\\\/lararkarriar.se\\\/gymnasieskola\\\/2019\\\/05\\\/07\\\/manga-gymnasielarare-kan-tanka-sig-att-arbeta-pa-mindre-orter\\\/\",\"name\":\"M\u00e5nga gymnasiel\u00e4rare kan t\u00e4nka sig att arbeta p\u00e5 mindre orter - Framtidens karri\u00e4r gymnasiel\u00e4rare\",\"isPartOf\":{\"@id\":\"https:\\\/\\\/lararkarriar.se\\\/gymnasieskola\\\/#website\"},\"primaryImageOfPage\":{\"@id\":\"https:\\\/\\\/lararkarriar.se\\\/gymnasieskola\\\/2019\\\/05\\\/07\\\/manga-gymnasielarare-kan-tanka-sig-att-arbeta-pa-mindre-orter\\\/#primaryimage\"},\"image\":{\"@id\":\"https:\\\/\\\/lararkarriar.se\\\/gymnasieskola\\\/2019\\\/05\\\/07\\\/manga-gymnasielarare-kan-tanka-sig-att-arbeta-pa-mindre-orter\\\/#primaryimage\"},\"thumbnailUrl\":\"https:\\\/\\\/lararkarriar.se\\\/gymnasieskola\\\/wp-content\\\/uploads\\\/sites\\\/10\\\/2019\\\/05\\\/mindreort.jpg\",\"datePublished\":\"2019-05-07T16:23:03+00:00\",\"dateModified\":\"2020-11-05T19:16:23+00:00\",\"author\":{\"@id\":\"https:\\\/\\\/lararkarriar.se\\\/gymnasieskola\\\/#\\\/schema\\\/person\\\/2a13a849ec7646386c2211f59afe3083\"},\"breadcrumb\":{\"@id\":\"https:\\\/\\\/lararkarriar.se\\\/gymnasieskola\\\/2019\\\/05\\\/07\\\/manga-gymnasielarare-kan-tanka-sig-att-arbeta-pa-mindre-orter\\\/#breadcrumb\"},\"inLanguage\":\"sv-SE\",\"potentialAction\":[{\"@type\":\"ReadAction\",\"target\":[\"https:\\\/\\\/lararkarriar.se\\\/gymnasieskola\\\/2019\\\/05\\\/07\\\/manga-gymnasielarare-kan-tanka-sig-att-arbeta-pa-mindre-orter\\\/\"]}]},{\"@type\":\"ImageObject\",\"inLanguage\":\"sv-SE\",\"@id\":\"https:\\\/\\\/lararkarriar.se\\\/gymnasieskola\\\/2019\\\/05\\\/07\\\/manga-gymnasielarare-kan-tanka-sig-att-arbeta-pa-mindre-orter\\\/#primaryimage\",\"url\":\"https:\\\/\\\/lararkarriar.se\\\/gymnasieskola\\\/wp-content\\\/uploads\\\/sites\\\/10\\\/2019\\\/05\\\/mindreort.jpg\",\"contentUrl\":\"https:\\\/\\\/lararkarriar.se\\\/gymnasieskola\\\/wp-content\\\/uploads\\\/sites\\\/10\\\/2019\\\/05\\\/mindreort.jpg\",\"width\":750,\"height\":542,\"caption\":\"Anders Eriksson, verksamhetschef f\u00f6r gymnasieskolan och vuxenutbildningen i Vimmerby.\"},{\"@type\":\"BreadcrumbList\",\"@id\":\"https:\\\/\\\/lararkarriar.se\\\/gymnasieskola\\\/2019\\\/05\\\/07\\\/manga-gymnasielarare-kan-tanka-sig-att-arbeta-pa-mindre-orter\\\/#breadcrumb\",\"itemListElement\":[{\"@type\":\"ListItem\",\"position\":1,\"name\":\"Home\",\"item\":\"https:\\\/\\\/lararkarriar.se\\\/gymnasieskola\\\/\"},{\"@type\":\"ListItem\",\"position\":2,\"name\":\"M\u00e5nga gymnasiel\u00e4rare kan t\u00e4nka sig att arbeta p\u00e5 mindre orter\"}]},{\"@type\":\"WebSite\",\"@id\":\"https:\\\/\\\/lararkarriar.se\\\/gymnasieskola\\\/#website\",\"url\":\"https:\\\/\\\/lararkarriar.se\\\/gymnasieskola\\\/\",\"name\":\"Framtidens karri\u00e4r gymnasiel\u00e4rare\",\"description\":\"Just another NMDashboard.se Sites site\",\"potentialAction\":[{\"@type\":\"SearchAction\",\"target\":{\"@type\":\"EntryPoint\",\"urlTemplate\":\"https:\\\/\\\/lararkarriar.se\\\/gymnasieskola\\\/?s={search_term_string}\"},\"query-input\":{\"@type\":\"PropertyValueSpecification\",\"valueRequired\":true,\"valueName\":\"search_term_string\"}}],\"inLanguage\":\"sv-SE\"},{\"@type\":\"Person\",\"@id\":\"https:\\\/\\\/lararkarriar.se\\\/gymnasieskola\\\/#\\\/schema\\\/person\\\/2a13a849ec7646386c2211f59afe3083\",\"name\":\"viktorwallen\",\"image\":{\"@type\":\"ImageObject\",\"inLanguage\":\"sv-SE\",\"@id\":\"https:\\\/\\\/secure.gravatar.com\\\/avatar\\\/701701bd36169636031933997c8c6b954f2f635bbb7cd4802e4a007f9c9f4e59?s=96&d=mm&r=g\",\"url\":\"https:\\\/\\\/secure.gravatar.com\\\/avatar\\\/701701bd36169636031933997c8c6b954f2f635bbb7cd4802e4a007f9c9f4e59?s=96&d=mm&r=g\",\"contentUrl\":\"https:\\\/\\\/secure.gravatar.com\\\/avatar\\\/701701bd36169636031933997c8c6b954f2f635bbb7cd4802e4a007f9c9f4e59?s=96&d=mm&r=g\",\"caption\":\"viktorwallen\"},\"url\":\"https:\\\/\\\/lararkarriar.se\\\/gymnasieskola\\\/author\\\/viktorwallen\\\/\"}]}<\/script>\n<!-- \/ Yoast SEO plugin. -->","yoast_head_json":{"title":"M\u00e5nga gymnasiel\u00e4rare kan t\u00e4nka sig att arbeta p\u00e5 mindre orter - Framtidens karri\u00e4r gymnasiel\u00e4rare","robots":{"index":"index","follow":"follow","max-snippet":"max-snippet:-1","max-image-preview":"max-image-preview:large","max-video-preview":"max-video-preview:-1"},"canonical":"https:\/\/lararkarriar.se\/gymnasieskola\/2019\/05\/07\/manga-gymnasielarare-kan-tanka-sig-att-arbeta-pa-mindre-orter\/","og_locale":"sv_SE","og_type":"article","og_title":"M\u00e5nga gymnasiel\u00e4rare kan t\u00e4nka sig att arbeta p\u00e5 mindre orter - Framtidens karri\u00e4r gymnasiel\u00e4rare","og_description":"Att arbeta som gymnasiel\u00e4rare p\u00e5 en mindre ort har m\u00e5nga f\u00f6rdelar.","og_url":"https:\/\/lararkarriar.se\/gymnasieskola\/2019\/05\/07\/manga-gymnasielarare-kan-tanka-sig-att-arbeta-pa-mindre-orter\/","og_site_name":"Framtidens karri\u00e4r gymnasiel\u00e4rare","article_published_time":"2019-05-07T16:23:03+00:00","article_modified_time":"2020-11-05T19:16:23+00:00","og_image":[{"width":750,"height":542,"url":"https:\/\/lararkarriar.se\/gymnasieskola\/wp-content\/uploads\/sites\/10\/2019\/05\/mindreort.jpg","type":"image\/jpeg"}],"author":"viktorwallen","twitter_card":"summary_large_image","twitter_misc":{"Skriven av":"viktorwallen","Ber\u00e4knad l\u00e4stid":"3 minuter"},"schema":{"@context":"https:\/\/schema.org","@graph":[{"@type":"Article","@id":"https:\/\/lararkarriar.se\/gymnasieskola\/2019\/05\/07\/manga-gymnasielarare-kan-tanka-sig-att-arbeta-pa-mindre-orter\/#article","isPartOf":{"@id":"https:\/\/lararkarriar.se\/gymnasieskola\/2019\/05\/07\/manga-gymnasielarare-kan-tanka-sig-att-arbeta-pa-mindre-orter\/"},"author":{"name":"viktorwallen","@id":"https:\/\/lararkarriar.se\/gymnasieskola\/#\/schema\/person\/2a13a849ec7646386c2211f59afe3083"},"headline":"M\u00e5nga gymnasiel\u00e4rare kan t\u00e4nka sig att arbeta p\u00e5 mindre orter","datePublished":"2019-05-07T16:23:03+00:00","dateModified":"2020-11-05T19:16:23+00:00","mainEntityOfPage":{"@id":"https:\/\/lararkarriar.se\/gymnasieskola\/2019\/05\/07\/manga-gymnasielarare-kan-tanka-sig-att-arbeta-pa-mindre-orter\/"},"wordCount":599,"image":{"@id":"https:\/\/lararkarriar.se\/gymnasieskola\/2019\/05\/07\/manga-gymnasielarare-kan-tanka-sig-att-arbeta-pa-mindre-orter\/#primaryimage"},"thumbnailUrl":"https:\/\/lararkarriar.se\/gymnasieskola\/wp-content\/uploads\/sites\/10\/2019\/05\/mindreort.jpg","keywords":["Arbetsbelastning","Arbetsmilj\u00f6","F\u00f6rdelar","L\u00f6n","Mindre ort","N\u00e4ra ledarskap","Natur","Unders\u00f6kning"],"articleSection":["Artikel"],"inLanguage":"sv-SE"},{"@type":"WebPage","@id":"https:\/\/lararkarriar.se\/gymnasieskola\/2019\/05\/07\/manga-gymnasielarare-kan-tanka-sig-att-arbeta-pa-mindre-orter\/","url":"https:\/\/lararkarriar.se\/gymnasieskola\/2019\/05\/07\/manga-gymnasielarare-kan-tanka-sig-att-arbeta-pa-mindre-orter\/","name":"M\u00e5nga gymnasiel\u00e4rare kan t\u00e4nka sig att arbeta p\u00e5 mindre orter - Framtidens karri\u00e4r gymnasiel\u00e4rare","isPartOf":{"@id":"https:\/\/lararkarriar.se\/gymnasieskola\/#website"},"primaryImageOfPage":{"@id":"https:\/\/lararkarriar.se\/gymnasieskola\/2019\/05\/07\/manga-gymnasielarare-kan-tanka-sig-att-arbeta-pa-mindre-orter\/#primaryimage"},"image":{"@id":"https:\/\/lararkarriar.se\/gymnasieskola\/2019\/05\/07\/manga-gymnasielarare-kan-tanka-sig-att-arbeta-pa-mindre-orter\/#primaryimage"},"thumbnailUrl":"https:\/\/lararkarriar.se\/gymnasieskola\/wp-content\/uploads\/sites\/10\/2019\/05\/mindreort.jpg","datePublished":"2019-05-07T16:23:03+00:00","dateModified":"2020-11-05T19:16:23+00:00","author":{"@id":"https:\/\/lararkarriar.se\/gymnasieskola\/#\/schema\/person\/2a13a849ec7646386c2211f59afe3083"},"breadcrumb":{"@id":"https:\/\/lararkarriar.se\/gymnasieskola\/2019\/05\/07\/manga-gymnasielarare-kan-tanka-sig-att-arbeta-pa-mindre-orter\/#breadcrumb"},"inLanguage":"sv-SE","potentialAction":[{"@type":"ReadAction","target":["https:\/\/lararkarriar.se\/gymnasieskola\/2019\/05\/07\/manga-gymnasielarare-kan-tanka-sig-att-arbeta-pa-mindre-orter\/"]}]},{"@type":"ImageObject","inLanguage":"sv-SE","@id":"https:\/\/lararkarriar.se\/gymnasieskola\/2019\/05\/07\/manga-gymnasielarare-kan-tanka-sig-att-arbeta-pa-mindre-orter\/#primaryimage","url":"https:\/\/lararkarriar.se\/gymnasieskola\/wp-content\/uploads\/sites\/10\/2019\/05\/mindreort.jpg","contentUrl":"https:\/\/lararkarriar.se\/gymnasieskola\/wp-content\/uploads\/sites\/10\/2019\/05\/mindreort.jpg","width":750,"height":542,"caption":"Anders Eriksson, verksamhetschef f\u00f6r gymnasieskolan och vuxenutbildningen i Vimmerby."},{"@type":"BreadcrumbList","@id":"https:\/\/lararkarriar.se\/gymnasieskola\/2019\/05\/07\/manga-gymnasielarare-kan-tanka-sig-att-arbeta-pa-mindre-orter\/#breadcrumb","itemListElement":[{"@type":"ListItem","position":1,"name":"Home","item":"https:\/\/lararkarriar.se\/gymnasieskola\/"},{"@type":"ListItem","position":2,"name":"M\u00e5nga gymnasiel\u00e4rare kan t\u00e4nka sig att arbeta p\u00e5 mindre orter"}]},{"@type":"WebSite","@id":"https:\/\/lararkarriar.se\/gymnasieskola\/#website","url":"https:\/\/lararkarriar.se\/gymnasieskola\/","name":"Framtidens karri\u00e4r gymnasiel\u00e4rare","description":"Just another NMDashboard.se Sites site","potentialAction":[{"@type":"SearchAction","target":{"@type":"EntryPoint","urlTemplate":"https:\/\/lararkarriar.se\/gymnasieskola\/?s={search_term_string}"},"query-input":{"@type":"PropertyValueSpecification","valueRequired":true,"valueName":"search_term_string"}}],"inLanguage":"sv-SE"},{"@type":"Person","@id":"https:\/\/lararkarriar.se\/gymnasieskola\/#\/schema\/person\/2a13a849ec7646386c2211f59afe3083","name":"viktorwallen","image":{"@type":"ImageObject","inLanguage":"sv-SE","@id":"https:\/\/secure.gravatar.com\/avatar\/701701bd36169636031933997c8c6b954f2f635bbb7cd4802e4a007f9c9f4e59?s=96&d=mm&r=g","url":"https:\/\/secure.gravatar.com\/avatar\/701701bd36169636031933997c8c6b954f2f635bbb7cd4802e4a007f9c9f4e59?s=96&d=mm&r=g","contentUrl":"https:\/\/secure.gravatar.com\/avatar\/701701bd36169636031933997c8c6b954f2f635bbb7cd4802e4a007f9c9f4e59?s=96&d=mm&r=g","caption":"viktorwallen"},"url":"https:\/\/lararkarriar.se\/gymnasieskola\/author\/viktorwallen\/"}]}},"_links":{"self":[{"href":"https:\/\/lararkarriar.se\/gymnasieskola\/wp-json\/wp\/v2\/posts\/6224","targetHints":{"allow":["GET"]}}],"collection":[{"href":"https:\/\/lararkarriar.se\/gymnasieskola\/wp-json\/wp\/v2\/posts"}],"about":[{"href":"https:\/\/lararkarriar.se\/gymnasieskola\/wp-json\/wp\/v2\/types\/post"}],"author":[{"embeddable":true,"href":"https:\/\/lararkarriar.se\/gymnasieskola\/wp-json\/wp\/v2\/users\/2"}],"replies":[{"embeddable":true,"href":"https:\/\/lararkarriar.se\/gymnasieskola\/wp-json\/wp\/v2\/comments?post=6224"}],"version-history":[{"count":5,"href":"https:\/\/lararkarriar.se\/gymnasieskola\/wp-json\/wp\/v2\/posts\/6224\/revisions"}],"predecessor-version":[{"id":6424,"href":"https:\/\/lararkarriar.se\/gymnasieskola\/wp-json\/wp\/v2\/posts\/6224\/revisions\/6424"}],"wp:featuredmedia":[{"embeddable":true,"href":"https:\/\/lararkarriar.se\/gymnasieskola\/wp-json\/wp\/v2\/media\/6227"}],"wp:attachment":[{"href":"https:\/\/lararkarriar.se\/gymnasieskola\/wp-json\/wp\/v2\/media?parent=6224"}],"wp:term":[{"taxonomy":"category","embeddable":true,"href":"https:\/\/lararkarriar.se\/gymnasieskola\/wp-json\/wp\/v2\/categories?post=6224"},{"taxonomy":"post_tag","embeddable":true,"href":"https:\/\/lararkarriar.se\/gymnasieskola\/wp-json\/wp\/v2\/tags?post=6224"}],"curies":[{"name":"wp","href":"https:\/\/api.w.org\/{rel}","templated":true}]}}