{"id":6258,"date":"2019-05-07T23:27:16","date_gmt":"2019-05-07T23:27:16","guid":{"rendered":"https:\/\/lararkarriar.se\/gymnasieskola\/?p=6258"},"modified":"2020-11-05T13:47:31","modified_gmt":"2020-11-05T13:47:31","slug":"lararna-stannar-ett-kvitto-att-lita-pa","status":"publish","type":"post","link":"https:\/\/lararkarriar.se\/gymnasieskola\/2019\/05\/07\/lararna-stannar-ett-kvitto-att-lita-pa\/","title":{"rendered":"L\u00e4rarna stannar \u2013 ett kvitto att lita p\u00e5"},"content":{"rendered":"\n<figure class=\"wp-block-image alignnone size-full wp-image-6259\"><img loading=\"lazy\" decoding=\"async\" width=\"1000\" height=\"689\" src=\"https:\/\/lararkarriar.se\/gymnasieskola\/wp-content\/uploads\/sites\/10\/2019\/05\/academedia-jens-eriksson-kreativa-gymnasiet-4.jpg\" alt=\"Jens Eriksson, chef f\u00f6r AcadeMedias gymnasiesegment. Foto: Johan Marklund\" class=\"wp-image-6259\" srcset=\"https:\/\/lararkarriar.se\/gymnasieskola\/wp-content\/uploads\/sites\/10\/2019\/05\/academedia-jens-eriksson-kreativa-gymnasiet-4.jpg 1000w, https:\/\/lararkarriar.se\/gymnasieskola\/wp-content\/uploads\/sites\/10\/2019\/05\/academedia-jens-eriksson-kreativa-gymnasiet-4-300x207.jpg 300w, https:\/\/lararkarriar.se\/gymnasieskola\/wp-content\/uploads\/sites\/10\/2019\/05\/academedia-jens-eriksson-kreativa-gymnasiet-4-768x529.jpg 768w, https:\/\/lararkarriar.se\/gymnasieskola\/wp-content\/uploads\/sites\/10\/2019\/05\/academedia-jens-eriksson-kreativa-gymnasiet-4-232x160.jpg 232w, https:\/\/lararkarriar.se\/gymnasieskola\/wp-content\/uploads\/sites\/10\/2019\/05\/academedia-jens-eriksson-kreativa-gymnasiet-4-526x362.jpg 526w, https:\/\/lararkarriar.se\/gymnasieskola\/wp-content\/uploads\/sites\/10\/2019\/05\/academedia-jens-eriksson-kreativa-gymnasiet-4-720x496.jpg 720w, https:\/\/lararkarriar.se\/gymnasieskola\/wp-content\/uploads\/sites\/10\/2019\/05\/academedia-jens-eriksson-kreativa-gymnasiet-4-960x661.jpg 960w\" sizes=\"auto, (max-width: 1000px) 100vw, 1000px\" \/><figcaption>Jens Eriksson, chef f\u00f6r AcadeMedias gymnasiesegment. Foto: Johan Marklund<\/figcaption><\/figure>\n\n\n\n<p><strong>Som norra Europas st\u00f6rsta privata utbildningsf\u00f6retag har AcadeMedia ett stort ansvar att bidra till den svenska skolans utveckling. Det menar Jens Eriksson, chef f\u00f6r AcadeMedias gymnasiesegment. Systematiskt kvalitetsarbete och en \u00f6ppen dialog med andra akt\u00f6rer \u00e4r viktiga redskap i arbetet.<\/strong><\/p>\n\n\n\n<p>AcadeMedia \u00e4r verksamt inom f\u00f6rskola, grundskola, gymnasieskola och vuxenutbildning i Sverige, Norge och Tyskland. F\u00f6retaget driver 141 gymnasieskolor spridda \u00f6ver hela landet, med sammanlagt \u00f6ver 132&nbsp;000 elever.<br>\u2013 Det finns m\u00e5nga f\u00f6rdelar med v\u00e5r storlek. Vi har resurser att arbeta l\u00e5ngsiktigt och uth\u00e5lligt och ett brett dataunderlag f\u00f6r att s\u00e4kerst\u00e4lla kvaliteten. Med storleken f\u00f6ljer ocks\u00e5 ett samh\u00e4llsansvar. D\u00e4rf\u00f6r arbetar vi v\u00e4ldigt transparent och i st\u00e4ndig dialog med andra akt\u00f6rer, b\u00e5de offentliga och privata. Vi bidrar med allt fr\u00e5n statistik och f\u00f6rfinade m\u00e4tmetoder till att ta emot ett stort antal l\u00e4rarstudenter fr\u00e5n universitet och h\u00f6gskolor, s\u00e4ger Jens Eriksson.<\/p>\n\n\n\n<p><strong>L\u00e4ra av varandra<\/strong><br>Det systematiska kvalitetsarbetet \u00e4r i st\u00e4ndigt fokus p\u00e5 AcadeMedia. Viktiga delar \u00e4r att j\u00e4mf\u00f6ra olika enheters elevresultat och utifr\u00e5n dessa se vad som fungerar i praktiken, och att inspireras av goda exempel.<br>\u2013 Det kollegiala l\u00e4randet \u00e4r en stor del av v\u00e5rt kvalitetsarbete. Vi har 3&nbsp;500 medarbetare i gymnasieskolan och tack vare det kan vi f\u00e5nga upp impulser fr\u00e5n m\u00e5nga olika h\u00e5ll, hitta och sprida goda exempel, och skapa en positiv utveckling f\u00f6r hela koncernen, s\u00e4ger Jens Eriksson.<br>En del i gymnasiets gemensamma strategier \u00e4r N\u00e4rvarolyftet, en systematisk modell som erbjuder st\u00f6d till huvudm\u00e4n och skolor. Projektet ska p\u00e5 ett strukturerat s\u00e4tt m\u00e4ta elevernas fr\u00e5nvaro och analysera vilka framg\u00e5ngsfaktorer som finns p\u00e5 skolor d\u00e4r n\u00e4rvaron \u00e4r h\u00f6g.<br>\u2013 Skolan \u00e4r en komplex verksamhet, men en sak \u00e4r uppenbar \u2013 eleverna m\u00e5ste delta i undervisningen f\u00f6r att l\u00e4ra sig n\u00e5got. Ett problem i Sverige \u00e4r att fr\u00e5nvaron \u00f6kar. Inom ramen f\u00f6r N\u00e4rvarolyftet processleds v\u00e5ra skolor i att etablera en systematisk n\u00e4rvarokultur. Vi b\u00f6rjar med ett makroperspektiv och samlar in data och aktuell kunskap och kokar sedan ner detta till detaljniv\u00e5, d\u00e4r vi lyfter framg\u00e5ngsexempel. Det kan i vissa fall r\u00f6ra sig om s\u00e5 enkla \u00e5tg\u00e4rder som nya morgonrutiner med korridorcoacher och frukost p\u00e5 skolan eller s\u00e4ttet eleverna ska sjukanm\u00e4la sig, s\u00e4ger Jens Eriksson.<\/p>\n\n\n\n<blockquote class=\"wp-block-quote is-layout-flow wp-block-quote-is-layout-flow\"><p>&#8221;Som ett modernt utbildningsf\u00f6retag g\u00f6r vi v\u00e5rt yttersta f\u00f6r att medarbetarna ska trivas och vilja stanna kvar&#8221;<\/p><\/blockquote>\n\n\n\n<p><strong>Attraherar kompetens<\/strong><br>En stor utmaning f\u00f6r den svenska skolan \u00e4r kompetensf\u00f6rs\u00f6rjningen. Sektorn pr\u00e4glas av en h\u00f6g personaloms\u00e4ttning och enligt SKL beh\u00f6vs 187&nbsp;000 nya l\u00e4rare fram till 2031. Jens Eriksson framh\u00e5ller att kompetensutveckling, starka professionella n\u00e4tverk och tydliga karri\u00e4rv\u00e4gar f\u00f6r l\u00e4rare med bland annat chefs- och mentorprogram \u00e4r viktiga inslag f\u00f6r att attrahera och beh\u00e5lla personal. I kraft av sin storlek kan AcadeMedia ocks\u00e5 erbjuda alternativa jobb inom koncernen f\u00f6r den som vill pr\u00f6va n\u00e5got nytt.<br>\u2013 Som ett modernt utbildningsf\u00f6retag g\u00f6r vi v\u00e5rt yttersta f\u00f6r att medarbetarna ska trivas och vilja stanna kvar, fast kanske i en annan funktion eller p\u00e5 en annan skola. Vi har lyckats f\u00e5 ner personaloms\u00e4ttningen, nu flyttar medarbetarna i st\u00f6rre utstr\u00e4ckning inom koncernen ist\u00e4llet.<br>Digitalisering \u00e4r ocks\u00e5 avg\u00f6rande f\u00f6r att l\u00f6sa kompetensf\u00f6rs\u00f6rjningen, menar Jens Eriksson. Han betonar att det inte handlar om att ers\u00e4tta l\u00e4rare med laptops, utan att effektivisera exempelvis administration s\u00e5 att resurser kan l\u00e4ggas p\u00e5 undervisningen ist\u00e4llet. Digitala verktyg i undervisningen kan ge eleverna nya perspektiv och hj\u00e4lper ofta eleverna att oms\u00e4tta id\u00e9er i text och bild.<br>\u2013 Digitalisering ger ocks\u00e5 m\u00f6jlighet till h\u00f6gkvalitativ fj\u00e4rrundervisning i smala \u00e4mnen som endast ett f\u00e5tal elever vill l\u00e4sa eller d\u00e4r det r\u00e5der l\u00e4rarbrist. Det ger fantastiska m\u00f6jligheter att st\u00e4rka utbildningen och \u00f6ka valfriheten. Det g\u00e4ller att utnyttja digitalisering klokt.<\/p>\n\n\n\n<p><strong>Harvard p\u00e5 svensk mark?<\/strong><br>Jens Eriksson framh\u00e5ller att friskole\u00adsektorn har bidragit till en st\u00f6rre m\u00e5ngfald och att nyt\u00e4nkande \u00e4r en del av friskolornas arv.<br>\u2013 M\u00e5nga friskolor grundades f\u00f6r att fylla ett speciellt behov och har verkligen vitaliserat skolsektorn. Tyv\u00e4rr har debatten ibland varit f\u00f6renklad och politiserad. Friskolor utg\u00f6r 20 procent av gymnasierna i Sverige och det \u00e4r orimligt att de ibland f\u00e5r b\u00e4ra hela ansvaret f\u00f6r de fallande resultaten. Jag hoppas att detta syns\u00e4tt \u00e4r p\u00e5 v\u00e4g att \u00e4ndras och att v\u00e5rt viktiga bidrag synligg\u00f6rs. Idag \u00e4r systemet ofta till friskolornas nackdel och det finns mycket kvar att g\u00f6ra f\u00f6r att skapa likv\u00e4rdiga villkor mellan kommunala skolor och friskolor.<br>Inf\u00f6r framtiden vill Jens Eriksson g\u00e4rna se ett \u00f6kat internationellt samarbete.<br>\u2013 N\u00e4sta steg \u00e4r att Sverige blir en del av den internationella utbildningsv\u00e4rlden. Skolsverige \u00e4r ganska slutet och utl\u00e4ndska akt\u00f6rer skulle kunna bidra p\u00e5 ett v\u00e4ldigt positivt s\u00e4tt. T\u00e4nk vad sp\u00e4nnande om Harvard eller MIT slog upp portarna i Sverige!<\/p>\n\n\n\n<div class=\"wp-block-group has-color-gray-01-background-color has-background\"><div class=\"wp-block-group__inner-container is-layout-flow wp-block-group-is-layout-flow\">\n<h6 class=\"wp-block-heading\">AcadeMedia<\/h6>\n\n\n\n<p><strong>Idag har AcadeMedia totalt 141 gymnasieskolor fr\u00e5n Ystad till Lule\u00e5 under f\u00f6ljande namn:<\/strong><\/p>\n\n\n\n<p>\u2022 Designgymnasiet<br>\u2022 Didaktus<br>\u2022 Drottning Blankas Gymnasieskola<br>\u2022 Framtidsgymnasiet<br>\u2022 Hagstr\u00f6mska Gymnasiet<br>\u2022 Hermods Gymnasium<br>\u2022 Internationella hotell- och restaurangskolan<br>\u2022 Klara Teoretiska Gymnasium<br>\u2022 LBS Kreativa Gymnasiet<br>\u2022 NTI Gymnasiet<br>\u2022 Plusgymnasiet<br>\u2022 Praktiska Gymnasiet<br>\u2022 ProCivitas Privata Gymnasium<br>\u2022 Rytmus Musikgymnasium<\/p>\n<\/div><\/div>\n","protected":false},"excerpt":{"rendered":"<p>Som norra Europas st\u00f6rsta privata utbildningsf\u00f6retag har vi ett stort ansvar att bidra till den svenska skolans utveckling.<\/p>\n","protected":false},"author":2,"featured_media":6259,"comment_status":"closed","ping_status":"open","sticky":false,"template":"","format":"standard","meta":{"_acf_changed":false,"_monsterinsights_skip_tracking":false,"_monsterinsights_sitenote_active":false,"_monsterinsights_sitenote_note":"","_monsterinsights_sitenote_category":0,"footnotes":""},"categories":[1],"tags":[10,53,54,81,134,145],"class_list":["post-6258","post","type-post","status-publish","format-standard","has-post-thumbnail","hentry","category-artikel","tag-academedia","tag-digitala-verktyg","tag-digitalisering","tag-friskola","tag-kompetens","tag-kvalitet"],"acf":[],"yoast_head":"<!-- This site is optimized with the Yoast SEO plugin v27.3 - https:\/\/yoast.com\/product\/yoast-seo-wordpress\/ -->\n<title>L\u00e4rarna stannar \u2013 ett kvitto att lita p\u00e5 - Framtidens karri\u00e4r gymnasiel\u00e4rare<\/title>\n<meta name=\"robots\" content=\"index, follow, max-snippet:-1, max-image-preview:large, max-video-preview:-1\" \/>\n<link rel=\"canonical\" href=\"https:\/\/lararkarriar.se\/gymnasieskola\/2019\/05\/07\/lararna-stannar-ett-kvitto-att-lita-pa\/\" \/>\n<meta property=\"og:locale\" content=\"sv_SE\" \/>\n<meta property=\"og:type\" content=\"article\" \/>\n<meta property=\"og:title\" content=\"L\u00e4rarna stannar \u2013 ett kvitto att lita p\u00e5 - Framtidens karri\u00e4r gymnasiel\u00e4rare\" \/>\n<meta property=\"og:description\" content=\"Som norra Europas st\u00f6rsta privata utbildningsf\u00f6retag har vi ett stort ansvar att bidra till den svenska skolans utveckling.\" \/>\n<meta property=\"og:url\" content=\"https:\/\/lararkarriar.se\/gymnasieskola\/2019\/05\/07\/lararna-stannar-ett-kvitto-att-lita-pa\/\" \/>\n<meta property=\"og:site_name\" content=\"Framtidens karri\u00e4r gymnasiel\u00e4rare\" \/>\n<meta property=\"article:published_time\" content=\"2019-05-07T23:27:16+00:00\" \/>\n<meta property=\"article:modified_time\" content=\"2020-11-05T13:47:31+00:00\" \/>\n<meta property=\"og:image\" content=\"https:\/\/lararkarriar.se\/gymnasieskola\/wp-content\/uploads\/sites\/10\/2019\/05\/academedia-jens-eriksson-kreativa-gymnasiet-4.jpg\" \/>\n\t<meta property=\"og:image:width\" content=\"1000\" \/>\n\t<meta property=\"og:image:height\" content=\"689\" \/>\n\t<meta property=\"og:image:type\" content=\"image\/jpeg\" \/>\n<meta name=\"author\" content=\"viktorwallen\" \/>\n<meta name=\"twitter:card\" content=\"summary_large_image\" \/>\n<meta name=\"twitter:label1\" content=\"Skriven av\" \/>\n\t<meta name=\"twitter:data1\" content=\"viktorwallen\" \/>\n\t<meta name=\"twitter:label2\" content=\"Ber\u00e4knad l\u00e4stid\" \/>\n\t<meta name=\"twitter:data2\" content=\"5 minuter\" \/>\n<script type=\"application\/ld+json\" class=\"yoast-schema-graph\">{\"@context\":\"https:\\\/\\\/schema.org\",\"@graph\":[{\"@type\":\"Article\",\"@id\":\"https:\\\/\\\/lararkarriar.se\\\/gymnasieskola\\\/2019\\\/05\\\/07\\\/lararna-stannar-ett-kvitto-att-lita-pa\\\/#article\",\"isPartOf\":{\"@id\":\"https:\\\/\\\/lararkarriar.se\\\/gymnasieskola\\\/2019\\\/05\\\/07\\\/lararna-stannar-ett-kvitto-att-lita-pa\\\/\"},\"author\":{\"name\":\"viktorwallen\",\"@id\":\"https:\\\/\\\/lararkarriar.se\\\/gymnasieskola\\\/#\\\/schema\\\/person\\\/2a13a849ec7646386c2211f59afe3083\"},\"headline\":\"L\u00e4rarna stannar \u2013 ett kvitto att lita p\u00e5\",\"datePublished\":\"2019-05-07T23:27:16+00:00\",\"dateModified\":\"2020-11-05T13:47:31+00:00\",\"mainEntityOfPage\":{\"@id\":\"https:\\\/\\\/lararkarriar.se\\\/gymnasieskola\\\/2019\\\/05\\\/07\\\/lararna-stannar-ett-kvitto-att-lita-pa\\\/\"},\"wordCount\":950,\"image\":{\"@id\":\"https:\\\/\\\/lararkarriar.se\\\/gymnasieskola\\\/2019\\\/05\\\/07\\\/lararna-stannar-ett-kvitto-att-lita-pa\\\/#primaryimage\"},\"thumbnailUrl\":\"https:\\\/\\\/lararkarriar.se\\\/gymnasieskola\\\/wp-content\\\/uploads\\\/sites\\\/10\\\/2019\\\/05\\\/academedia-jens-eriksson-kreativa-gymnasiet-4.jpg\",\"keywords\":[\"AcadeMedia\",\"Digitala verktyg\",\"Digitalisering\",\"Friskola\",\"Kompetens\",\"Kvalitet\"],\"articleSection\":[\"Artikel\"],\"inLanguage\":\"sv-SE\"},{\"@type\":\"WebPage\",\"@id\":\"https:\\\/\\\/lararkarriar.se\\\/gymnasieskola\\\/2019\\\/05\\\/07\\\/lararna-stannar-ett-kvitto-att-lita-pa\\\/\",\"url\":\"https:\\\/\\\/lararkarriar.se\\\/gymnasieskola\\\/2019\\\/05\\\/07\\\/lararna-stannar-ett-kvitto-att-lita-pa\\\/\",\"name\":\"L\u00e4rarna stannar \u2013 ett kvitto att lita p\u00e5 - Framtidens karri\u00e4r gymnasiel\u00e4rare\",\"isPartOf\":{\"@id\":\"https:\\\/\\\/lararkarriar.se\\\/gymnasieskola\\\/#website\"},\"primaryImageOfPage\":{\"@id\":\"https:\\\/\\\/lararkarriar.se\\\/gymnasieskola\\\/2019\\\/05\\\/07\\\/lararna-stannar-ett-kvitto-att-lita-pa\\\/#primaryimage\"},\"image\":{\"@id\":\"https:\\\/\\\/lararkarriar.se\\\/gymnasieskola\\\/2019\\\/05\\\/07\\\/lararna-stannar-ett-kvitto-att-lita-pa\\\/#primaryimage\"},\"thumbnailUrl\":\"https:\\\/\\\/lararkarriar.se\\\/gymnasieskola\\\/wp-content\\\/uploads\\\/sites\\\/10\\\/2019\\\/05\\\/academedia-jens-eriksson-kreativa-gymnasiet-4.jpg\",\"datePublished\":\"2019-05-07T23:27:16+00:00\",\"dateModified\":\"2020-11-05T13:47:31+00:00\",\"author\":{\"@id\":\"https:\\\/\\\/lararkarriar.se\\\/gymnasieskola\\\/#\\\/schema\\\/person\\\/2a13a849ec7646386c2211f59afe3083\"},\"breadcrumb\":{\"@id\":\"https:\\\/\\\/lararkarriar.se\\\/gymnasieskola\\\/2019\\\/05\\\/07\\\/lararna-stannar-ett-kvitto-att-lita-pa\\\/#breadcrumb\"},\"inLanguage\":\"sv-SE\",\"potentialAction\":[{\"@type\":\"ReadAction\",\"target\":[\"https:\\\/\\\/lararkarriar.se\\\/gymnasieskola\\\/2019\\\/05\\\/07\\\/lararna-stannar-ett-kvitto-att-lita-pa\\\/\"]}]},{\"@type\":\"ImageObject\",\"inLanguage\":\"sv-SE\",\"@id\":\"https:\\\/\\\/lararkarriar.se\\\/gymnasieskola\\\/2019\\\/05\\\/07\\\/lararna-stannar-ett-kvitto-att-lita-pa\\\/#primaryimage\",\"url\":\"https:\\\/\\\/lararkarriar.se\\\/gymnasieskola\\\/wp-content\\\/uploads\\\/sites\\\/10\\\/2019\\\/05\\\/academedia-jens-eriksson-kreativa-gymnasiet-4.jpg\",\"contentUrl\":\"https:\\\/\\\/lararkarriar.se\\\/gymnasieskola\\\/wp-content\\\/uploads\\\/sites\\\/10\\\/2019\\\/05\\\/academedia-jens-eriksson-kreativa-gymnasiet-4.jpg\",\"width\":1000,\"height\":689,\"caption\":\"Jens Eriksson, chef f\u00f6r AcadeMedias gymnasiesegment. Foto: Johan Marklund\"},{\"@type\":\"BreadcrumbList\",\"@id\":\"https:\\\/\\\/lararkarriar.se\\\/gymnasieskola\\\/2019\\\/05\\\/07\\\/lararna-stannar-ett-kvitto-att-lita-pa\\\/#breadcrumb\",\"itemListElement\":[{\"@type\":\"ListItem\",\"position\":1,\"name\":\"Home\",\"item\":\"https:\\\/\\\/lararkarriar.se\\\/gymnasieskola\\\/\"},{\"@type\":\"ListItem\",\"position\":2,\"name\":\"L\u00e4rarna stannar \u2013 ett kvitto att lita p\u00e5\"}]},{\"@type\":\"WebSite\",\"@id\":\"https:\\\/\\\/lararkarriar.se\\\/gymnasieskola\\\/#website\",\"url\":\"https:\\\/\\\/lararkarriar.se\\\/gymnasieskola\\\/\",\"name\":\"Framtidens karri\u00e4r gymnasiel\u00e4rare\",\"description\":\"Just another NMDashboard.se Sites site\",\"potentialAction\":[{\"@type\":\"SearchAction\",\"target\":{\"@type\":\"EntryPoint\",\"urlTemplate\":\"https:\\\/\\\/lararkarriar.se\\\/gymnasieskola\\\/?s={search_term_string}\"},\"query-input\":{\"@type\":\"PropertyValueSpecification\",\"valueRequired\":true,\"valueName\":\"search_term_string\"}}],\"inLanguage\":\"sv-SE\"},{\"@type\":\"Person\",\"@id\":\"https:\\\/\\\/lararkarriar.se\\\/gymnasieskola\\\/#\\\/schema\\\/person\\\/2a13a849ec7646386c2211f59afe3083\",\"name\":\"viktorwallen\",\"image\":{\"@type\":\"ImageObject\",\"inLanguage\":\"sv-SE\",\"@id\":\"https:\\\/\\\/secure.gravatar.com\\\/avatar\\\/701701bd36169636031933997c8c6b954f2f635bbb7cd4802e4a007f9c9f4e59?s=96&d=mm&r=g\",\"url\":\"https:\\\/\\\/secure.gravatar.com\\\/avatar\\\/701701bd36169636031933997c8c6b954f2f635bbb7cd4802e4a007f9c9f4e59?s=96&d=mm&r=g\",\"contentUrl\":\"https:\\\/\\\/secure.gravatar.com\\\/avatar\\\/701701bd36169636031933997c8c6b954f2f635bbb7cd4802e4a007f9c9f4e59?s=96&d=mm&r=g\",\"caption\":\"viktorwallen\"},\"url\":\"https:\\\/\\\/lararkarriar.se\\\/gymnasieskola\\\/author\\\/viktorwallen\\\/\"}]}<\/script>\n<!-- \/ Yoast SEO plugin. -->","yoast_head_json":{"title":"L\u00e4rarna stannar \u2013 ett kvitto att lita p\u00e5 - Framtidens karri\u00e4r gymnasiel\u00e4rare","robots":{"index":"index","follow":"follow","max-snippet":"max-snippet:-1","max-image-preview":"max-image-preview:large","max-video-preview":"max-video-preview:-1"},"canonical":"https:\/\/lararkarriar.se\/gymnasieskola\/2019\/05\/07\/lararna-stannar-ett-kvitto-att-lita-pa\/","og_locale":"sv_SE","og_type":"article","og_title":"L\u00e4rarna stannar \u2013 ett kvitto att lita p\u00e5 - Framtidens karri\u00e4r gymnasiel\u00e4rare","og_description":"Som norra Europas st\u00f6rsta privata utbildningsf\u00f6retag har vi ett stort ansvar att bidra till den svenska skolans utveckling.","og_url":"https:\/\/lararkarriar.se\/gymnasieskola\/2019\/05\/07\/lararna-stannar-ett-kvitto-att-lita-pa\/","og_site_name":"Framtidens karri\u00e4r gymnasiel\u00e4rare","article_published_time":"2019-05-07T23:27:16+00:00","article_modified_time":"2020-11-05T13:47:31+00:00","og_image":[{"width":1000,"height":689,"url":"https:\/\/lararkarriar.se\/gymnasieskola\/wp-content\/uploads\/sites\/10\/2019\/05\/academedia-jens-eriksson-kreativa-gymnasiet-4.jpg","type":"image\/jpeg"}],"author":"viktorwallen","twitter_card":"summary_large_image","twitter_misc":{"Skriven av":"viktorwallen","Ber\u00e4knad l\u00e4stid":"5 minuter"},"schema":{"@context":"https:\/\/schema.org","@graph":[{"@type":"Article","@id":"https:\/\/lararkarriar.se\/gymnasieskola\/2019\/05\/07\/lararna-stannar-ett-kvitto-att-lita-pa\/#article","isPartOf":{"@id":"https:\/\/lararkarriar.se\/gymnasieskola\/2019\/05\/07\/lararna-stannar-ett-kvitto-att-lita-pa\/"},"author":{"name":"viktorwallen","@id":"https:\/\/lararkarriar.se\/gymnasieskola\/#\/schema\/person\/2a13a849ec7646386c2211f59afe3083"},"headline":"L\u00e4rarna stannar \u2013 ett kvitto att lita p\u00e5","datePublished":"2019-05-07T23:27:16+00:00","dateModified":"2020-11-05T13:47:31+00:00","mainEntityOfPage":{"@id":"https:\/\/lararkarriar.se\/gymnasieskola\/2019\/05\/07\/lararna-stannar-ett-kvitto-att-lita-pa\/"},"wordCount":950,"image":{"@id":"https:\/\/lararkarriar.se\/gymnasieskola\/2019\/05\/07\/lararna-stannar-ett-kvitto-att-lita-pa\/#primaryimage"},"thumbnailUrl":"https:\/\/lararkarriar.se\/gymnasieskola\/wp-content\/uploads\/sites\/10\/2019\/05\/academedia-jens-eriksson-kreativa-gymnasiet-4.jpg","keywords":["AcadeMedia","Digitala verktyg","Digitalisering","Friskola","Kompetens","Kvalitet"],"articleSection":["Artikel"],"inLanguage":"sv-SE"},{"@type":"WebPage","@id":"https:\/\/lararkarriar.se\/gymnasieskola\/2019\/05\/07\/lararna-stannar-ett-kvitto-att-lita-pa\/","url":"https:\/\/lararkarriar.se\/gymnasieskola\/2019\/05\/07\/lararna-stannar-ett-kvitto-att-lita-pa\/","name":"L\u00e4rarna stannar \u2013 ett kvitto att lita p\u00e5 - Framtidens karri\u00e4r gymnasiel\u00e4rare","isPartOf":{"@id":"https:\/\/lararkarriar.se\/gymnasieskola\/#website"},"primaryImageOfPage":{"@id":"https:\/\/lararkarriar.se\/gymnasieskola\/2019\/05\/07\/lararna-stannar-ett-kvitto-att-lita-pa\/#primaryimage"},"image":{"@id":"https:\/\/lararkarriar.se\/gymnasieskola\/2019\/05\/07\/lararna-stannar-ett-kvitto-att-lita-pa\/#primaryimage"},"thumbnailUrl":"https:\/\/lararkarriar.se\/gymnasieskola\/wp-content\/uploads\/sites\/10\/2019\/05\/academedia-jens-eriksson-kreativa-gymnasiet-4.jpg","datePublished":"2019-05-07T23:27:16+00:00","dateModified":"2020-11-05T13:47:31+00:00","author":{"@id":"https:\/\/lararkarriar.se\/gymnasieskola\/#\/schema\/person\/2a13a849ec7646386c2211f59afe3083"},"breadcrumb":{"@id":"https:\/\/lararkarriar.se\/gymnasieskola\/2019\/05\/07\/lararna-stannar-ett-kvitto-att-lita-pa\/#breadcrumb"},"inLanguage":"sv-SE","potentialAction":[{"@type":"ReadAction","target":["https:\/\/lararkarriar.se\/gymnasieskola\/2019\/05\/07\/lararna-stannar-ett-kvitto-att-lita-pa\/"]}]},{"@type":"ImageObject","inLanguage":"sv-SE","@id":"https:\/\/lararkarriar.se\/gymnasieskola\/2019\/05\/07\/lararna-stannar-ett-kvitto-att-lita-pa\/#primaryimage","url":"https:\/\/lararkarriar.se\/gymnasieskola\/wp-content\/uploads\/sites\/10\/2019\/05\/academedia-jens-eriksson-kreativa-gymnasiet-4.jpg","contentUrl":"https:\/\/lararkarriar.se\/gymnasieskola\/wp-content\/uploads\/sites\/10\/2019\/05\/academedia-jens-eriksson-kreativa-gymnasiet-4.jpg","width":1000,"height":689,"caption":"Jens Eriksson, chef f\u00f6r AcadeMedias gymnasiesegment. Foto: Johan Marklund"},{"@type":"BreadcrumbList","@id":"https:\/\/lararkarriar.se\/gymnasieskola\/2019\/05\/07\/lararna-stannar-ett-kvitto-att-lita-pa\/#breadcrumb","itemListElement":[{"@type":"ListItem","position":1,"name":"Home","item":"https:\/\/lararkarriar.se\/gymnasieskola\/"},{"@type":"ListItem","position":2,"name":"L\u00e4rarna stannar \u2013 ett kvitto att lita p\u00e5"}]},{"@type":"WebSite","@id":"https:\/\/lararkarriar.se\/gymnasieskola\/#website","url":"https:\/\/lararkarriar.se\/gymnasieskola\/","name":"Framtidens karri\u00e4r gymnasiel\u00e4rare","description":"Just another NMDashboard.se Sites site","potentialAction":[{"@type":"SearchAction","target":{"@type":"EntryPoint","urlTemplate":"https:\/\/lararkarriar.se\/gymnasieskola\/?s={search_term_string}"},"query-input":{"@type":"PropertyValueSpecification","valueRequired":true,"valueName":"search_term_string"}}],"inLanguage":"sv-SE"},{"@type":"Person","@id":"https:\/\/lararkarriar.se\/gymnasieskola\/#\/schema\/person\/2a13a849ec7646386c2211f59afe3083","name":"viktorwallen","image":{"@type":"ImageObject","inLanguage":"sv-SE","@id":"https:\/\/secure.gravatar.com\/avatar\/701701bd36169636031933997c8c6b954f2f635bbb7cd4802e4a007f9c9f4e59?s=96&d=mm&r=g","url":"https:\/\/secure.gravatar.com\/avatar\/701701bd36169636031933997c8c6b954f2f635bbb7cd4802e4a007f9c9f4e59?s=96&d=mm&r=g","contentUrl":"https:\/\/secure.gravatar.com\/avatar\/701701bd36169636031933997c8c6b954f2f635bbb7cd4802e4a007f9c9f4e59?s=96&d=mm&r=g","caption":"viktorwallen"},"url":"https:\/\/lararkarriar.se\/gymnasieskola\/author\/viktorwallen\/"}]}},"_links":{"self":[{"href":"https:\/\/lararkarriar.se\/gymnasieskola\/wp-json\/wp\/v2\/posts\/6258","targetHints":{"allow":["GET"]}}],"collection":[{"href":"https:\/\/lararkarriar.se\/gymnasieskola\/wp-json\/wp\/v2\/posts"}],"about":[{"href":"https:\/\/lararkarriar.se\/gymnasieskola\/wp-json\/wp\/v2\/types\/post"}],"author":[{"embeddable":true,"href":"https:\/\/lararkarriar.se\/gymnasieskola\/wp-json\/wp\/v2\/users\/2"}],"replies":[{"embeddable":true,"href":"https:\/\/lararkarriar.se\/gymnasieskola\/wp-json\/wp\/v2\/comments?post=6258"}],"version-history":[{"count":3,"href":"https:\/\/lararkarriar.se\/gymnasieskola\/wp-json\/wp\/v2\/posts\/6258\/revisions"}],"predecessor-version":[{"id":6377,"href":"https:\/\/lararkarriar.se\/gymnasieskola\/wp-json\/wp\/v2\/posts\/6258\/revisions\/6377"}],"wp:featuredmedia":[{"embeddable":true,"href":"https:\/\/lararkarriar.se\/gymnasieskola\/wp-json\/wp\/v2\/media\/6259"}],"wp:attachment":[{"href":"https:\/\/lararkarriar.se\/gymnasieskola\/wp-json\/wp\/v2\/media?parent=6258"}],"wp:term":[{"taxonomy":"category","embeddable":true,"href":"https:\/\/lararkarriar.se\/gymnasieskola\/wp-json\/wp\/v2\/categories?post=6258"},{"taxonomy":"post_tag","embeddable":true,"href":"https:\/\/lararkarriar.se\/gymnasieskola\/wp-json\/wp\/v2\/tags?post=6258"}],"curies":[{"name":"wp","href":"https:\/\/api.w.org\/{rel}","templated":true}]}}