{"id":6262,"date":"2019-05-07T23:29:33","date_gmt":"2019-05-07T23:29:33","guid":{"rendered":"https:\/\/lararkarriar.se\/gymnasieskola\/?p=6262"},"modified":"2020-11-05T18:45:51","modified_gmt":"2020-11-05T18:45:51","slug":"viktigt-att-ligga-steget-fore","status":"publish","type":"post","link":"https:\/\/lararkarriar.se\/gymnasieskola\/2019\/05\/07\/viktigt-att-ligga-steget-fore\/","title":{"rendered":"Viktigt att ligga steget f\u00f6re"},"content":{"rendered":"\n<figure class=\"wp-block-image alignnone size-full wp-image-6263\"><img loading=\"lazy\" decoding=\"async\" width=\"1000\" height=\"650\" src=\"https:\/\/lararkarriar.se\/gymnasieskola\/wp-content\/uploads\/sites\/10\/2019\/05\/forbund2-180412-1-134.jpg\" alt=\"Thomas Winqvist, chef f\u00f6r H\u00e4lsinglands Utbildningsf\u00f6rbund. Foto: Johan L\u00f6f\" class=\"wp-image-6263\" srcset=\"https:\/\/lararkarriar.se\/gymnasieskola\/wp-content\/uploads\/sites\/10\/2019\/05\/forbund2-180412-1-134.jpg 1000w, https:\/\/lararkarriar.se\/gymnasieskola\/wp-content\/uploads\/sites\/10\/2019\/05\/forbund2-180412-1-134-300x195.jpg 300w, https:\/\/lararkarriar.se\/gymnasieskola\/wp-content\/uploads\/sites\/10\/2019\/05\/forbund2-180412-1-134-768x499.jpg 768w, https:\/\/lararkarriar.se\/gymnasieskola\/wp-content\/uploads\/sites\/10\/2019\/05\/forbund2-180412-1-134-246x160.jpg 246w, https:\/\/lararkarriar.se\/gymnasieskola\/wp-content\/uploads\/sites\/10\/2019\/05\/forbund2-180412-1-134-526x342.jpg 526w, https:\/\/lararkarriar.se\/gymnasieskola\/wp-content\/uploads\/sites\/10\/2019\/05\/forbund2-180412-1-134-720x468.jpg 720w, https:\/\/lararkarriar.se\/gymnasieskola\/wp-content\/uploads\/sites\/10\/2019\/05\/forbund2-180412-1-134-960x624.jpg 960w\" sizes=\"auto, (max-width: 1000px) 100vw, 1000px\" \/><figcaption>Thomas Winqvist, chef f\u00f6r H\u00e4lsinglands Utbildningsf\u00f6rbund. Foto: Johan L\u00f6f<\/figcaption><\/figure>\n\n\n\n<p><strong>\u2013 Samarbete \u00e4r A och O f\u00f6r att s\u00e4kra regionens kompetensf\u00f6rs\u00f6rjning. Det s\u00e4ger Thomas Winqvist, chef f\u00f6r H\u00e4lsinglands Utbildningsf\u00f6rbund, d\u00e4r kompetensm\u00e4klarnas t\u00e4ta kontakter med n\u00e4ringslivet hj\u00e4lper f\u00f6rbundets utbildningssamordnare att ligga steget f\u00f6re.<\/strong><\/p>\n\n\n\n<p>I H\u00e4lsingland finns ett dynamiskt n\u00e4ringsliv med sp\u00e4nnande verksamheter d\u00e4r m\u00e5nga st\u00e5r inf\u00f6r b\u00e5de expansion och generationsskiften, s\u00e5 h\u00e4r finns goda m\u00f6jligheter f\u00f6r framtida jobb. Med det f\u00f6ljer \u00e4ven utmaningar, inte minst f\u00f6r H\u00e4lsinglands Utbildningsf\u00f6rbund.<br>\u2013 En av v\u00e5ra st\u00f6rsta utmaningar \u00e4r den framtida kompetensf\u00f6rs\u00f6rjningen. Det handlar om att f\u00e5 fram utbildningsplatser som m\u00f6ter det omgivande samh\u00e4llets behov, men \u00e4ven om att g\u00f6ra v\u00e5ra utbildningar attraktiva, s\u00e4ger Thomas Winqvist.<br>F\u00f6r att klara det arbetar utbildningsf\u00f6rbundet p\u00e5 bred front med olika insatser.<br>\u2013 N\u00e4r det g\u00e4ller gymnasieskolan har vi bland annat programr\u00e5d. D\u00e4r tr\u00e4ffar skolans f\u00f6retr\u00e4dare representanter fr\u00e5n n\u00e4ringslivet f\u00f6r att se till att vi tillhandah\u00e5ller utbildningar som i n\u00e4sta steg leder till jobb. En viktig del i arbetet \u00e4r att politikerna \u00e4r med p\u00e5 t\u00e5get och f\u00e5r f\u00f6rstahandsinformation, b\u00e5de om hur l\u00e4get ser ut och hur vi m\u00f6ter situationen.<\/p>\n\n\n\n<blockquote class=\"wp-block-quote is-layout-flow wp-block-quote-is-layout-flow\"><p>&#8221;Dagens skolfr\u00e5gor \u00e4r s\u00e5 pass komplexa att du m\u00e5ste vara st\u00f6rre och arbeta \u00f6ver kommungr\u00e4nserna f\u00f6r att f\u00e5 till det p\u00e5 ett bra s\u00e4tt&#8221;<\/p><\/blockquote>\n\n\n\n<p><strong>Samarbete<\/strong><br>Thomas Winqvist ber\u00e4ttar att f\u00f6rbundet \u00e4ven har kompetensm\u00e4klare som har till uppgift att vara ute p\u00e5 f\u00f6retagen och inventera kommande rekryteringsbehov.<br>\u2013 Denna information sammanst\u00e4ller vi sedan tillsammans med \u00f6vriga kommuner i regionen och f\u00e5r p\u00e5 s\u00e5 vis fram en helhetsbild. Vi anordnar \u00e4ven branschtr\u00e4ffar tillsammans med arbetsf\u00f6rmedling och Region G\u00e4vleborg f\u00f6r att se till att vi utbildar r\u00e4tt och f\u00e5r fram den kompetens som efterfr\u00e5gas av olika sektorer.<br>Han konstaterar att utbildningsf\u00f6rbundet i sig \u00e4r produkten av ett samarbete mellan tre kommuner.<br>\u2013 Dagens skolfr\u00e5gor \u00e4r s\u00e5 pass komplexa att du m\u00e5ste vara st\u00f6rre och arbeta \u00f6ver kommungr\u00e4nserna f\u00f6r att f\u00e5 till det p\u00e5 ett bra s\u00e4tt. Viktigt \u00e4r ocks\u00e5 att kompetensutveckla v\u00e5r egen verksamhet i syfte att vara en attraktiv arbetsgivare och kunna erbjuda inte bara bra anst\u00e4llningsvillkor utan \u00e4ven goda karri\u00e4r- och utvecklingsm\u00f6jligheter. Det tror jag kommer att bli allt viktigare fram\u00f6ver.<\/p>\n","protected":false},"excerpt":{"rendered":"<p>Samarbete \u00e4r A och O f\u00f6r att s\u00e4kra regionens kompetensf\u00f6rs\u00f6rjning<\/p>\n","protected":false},"author":2,"featured_media":6263,"comment_status":"closed","ping_status":"open","sticky":false,"template":"","format":"standard","meta":{"_acf_changed":false,"_monsterinsights_skip_tracking":false,"_monsterinsights_sitenote_active":false,"_monsterinsights_sitenote_note":"","_monsterinsights_sitenote_category":0,"footnotes":""},"categories":[1],"tags":[95,96,134,135,221,286],"class_list":["post-6262","post","type-post","status-publish","format-standard","has-post-thumbnail","hentry","category-artikel","tag-halsingland","tag-halsinglands-utbildningsforbund","tag-kompetens","tag-kompetensforsorjning","tag-samarbete","tag-utbildningsplatser"],"acf":[],"yoast_head":"<!-- This site is optimized with the Yoast SEO plugin v27.3 - https:\/\/yoast.com\/product\/yoast-seo-wordpress\/ -->\n<title>Viktigt att ligga steget f\u00f6re - Framtidens karri\u00e4r gymnasiel\u00e4rare<\/title>\n<meta name=\"robots\" content=\"index, follow, max-snippet:-1, max-image-preview:large, max-video-preview:-1\" \/>\n<link rel=\"canonical\" href=\"https:\/\/lararkarriar.se\/gymnasieskola\/2019\/05\/07\/viktigt-att-ligga-steget-fore\/\" \/>\n<meta property=\"og:locale\" content=\"sv_SE\" \/>\n<meta property=\"og:type\" content=\"article\" \/>\n<meta property=\"og:title\" content=\"Viktigt att ligga steget f\u00f6re - Framtidens karri\u00e4r gymnasiel\u00e4rare\" \/>\n<meta property=\"og:description\" content=\"Samarbete \u00e4r A och O f\u00f6r att s\u00e4kra regionens kompetensf\u00f6rs\u00f6rjning\" \/>\n<meta property=\"og:url\" content=\"https:\/\/lararkarriar.se\/gymnasieskola\/2019\/05\/07\/viktigt-att-ligga-steget-fore\/\" \/>\n<meta property=\"og:site_name\" content=\"Framtidens karri\u00e4r gymnasiel\u00e4rare\" \/>\n<meta property=\"article:published_time\" content=\"2019-05-07T23:29:33+00:00\" \/>\n<meta property=\"article:modified_time\" content=\"2020-11-05T18:45:51+00:00\" \/>\n<meta property=\"og:image\" content=\"https:\/\/lararkarriar.se\/gymnasieskola\/wp-content\/uploads\/sites\/10\/2019\/05\/forbund2-180412-1-134.jpg\" \/>\n\t<meta property=\"og:image:width\" content=\"1000\" \/>\n\t<meta property=\"og:image:height\" content=\"650\" \/>\n\t<meta property=\"og:image:type\" content=\"image\/jpeg\" \/>\n<meta name=\"author\" content=\"viktorwallen\" \/>\n<meta name=\"twitter:card\" content=\"summary_large_image\" \/>\n<meta name=\"twitter:label1\" content=\"Skriven av\" \/>\n\t<meta name=\"twitter:data1\" content=\"viktorwallen\" \/>\n\t<meta name=\"twitter:label2\" content=\"Ber\u00e4knad l\u00e4stid\" \/>\n\t<meta name=\"twitter:data2\" content=\"2 minuter\" \/>\n<script type=\"application\/ld+json\" class=\"yoast-schema-graph\">{\"@context\":\"https:\\\/\\\/schema.org\",\"@graph\":[{\"@type\":\"Article\",\"@id\":\"https:\\\/\\\/lararkarriar.se\\\/gymnasieskola\\\/2019\\\/05\\\/07\\\/viktigt-att-ligga-steget-fore\\\/#article\",\"isPartOf\":{\"@id\":\"https:\\\/\\\/lararkarriar.se\\\/gymnasieskola\\\/2019\\\/05\\\/07\\\/viktigt-att-ligga-steget-fore\\\/\"},\"author\":{\"name\":\"viktorwallen\",\"@id\":\"https:\\\/\\\/lararkarriar.se\\\/gymnasieskola\\\/#\\\/schema\\\/person\\\/2a13a849ec7646386c2211f59afe3083\"},\"headline\":\"Viktigt att ligga steget f\u00f6re\",\"datePublished\":\"2019-05-07T23:29:33+00:00\",\"dateModified\":\"2020-11-05T18:45:51+00:00\",\"mainEntityOfPage\":{\"@id\":\"https:\\\/\\\/lararkarriar.se\\\/gymnasieskola\\\/2019\\\/05\\\/07\\\/viktigt-att-ligga-steget-fore\\\/\"},\"wordCount\":445,\"image\":{\"@id\":\"https:\\\/\\\/lararkarriar.se\\\/gymnasieskola\\\/2019\\\/05\\\/07\\\/viktigt-att-ligga-steget-fore\\\/#primaryimage\"},\"thumbnailUrl\":\"https:\\\/\\\/lararkarriar.se\\\/gymnasieskola\\\/wp-content\\\/uploads\\\/sites\\\/10\\\/2019\\\/05\\\/forbund2-180412-1-134.jpg\",\"keywords\":[\"H\u00e4lsingland\",\"H\u00e4lsinglands Utbildningsf\u00f6rbund\",\"Kompetens\",\"Kompetensf\u00f6rs\u00f6rjning\",\"Samarbete\",\"Utbildningsplatser\"],\"articleSection\":[\"Artikel\"],\"inLanguage\":\"sv-SE\"},{\"@type\":\"WebPage\",\"@id\":\"https:\\\/\\\/lararkarriar.se\\\/gymnasieskola\\\/2019\\\/05\\\/07\\\/viktigt-att-ligga-steget-fore\\\/\",\"url\":\"https:\\\/\\\/lararkarriar.se\\\/gymnasieskola\\\/2019\\\/05\\\/07\\\/viktigt-att-ligga-steget-fore\\\/\",\"name\":\"Viktigt att ligga steget f\u00f6re - Framtidens karri\u00e4r gymnasiel\u00e4rare\",\"isPartOf\":{\"@id\":\"https:\\\/\\\/lararkarriar.se\\\/gymnasieskola\\\/#website\"},\"primaryImageOfPage\":{\"@id\":\"https:\\\/\\\/lararkarriar.se\\\/gymnasieskola\\\/2019\\\/05\\\/07\\\/viktigt-att-ligga-steget-fore\\\/#primaryimage\"},\"image\":{\"@id\":\"https:\\\/\\\/lararkarriar.se\\\/gymnasieskola\\\/2019\\\/05\\\/07\\\/viktigt-att-ligga-steget-fore\\\/#primaryimage\"},\"thumbnailUrl\":\"https:\\\/\\\/lararkarriar.se\\\/gymnasieskola\\\/wp-content\\\/uploads\\\/sites\\\/10\\\/2019\\\/05\\\/forbund2-180412-1-134.jpg\",\"datePublished\":\"2019-05-07T23:29:33+00:00\",\"dateModified\":\"2020-11-05T18:45:51+00:00\",\"author\":{\"@id\":\"https:\\\/\\\/lararkarriar.se\\\/gymnasieskola\\\/#\\\/schema\\\/person\\\/2a13a849ec7646386c2211f59afe3083\"},\"breadcrumb\":{\"@id\":\"https:\\\/\\\/lararkarriar.se\\\/gymnasieskola\\\/2019\\\/05\\\/07\\\/viktigt-att-ligga-steget-fore\\\/#breadcrumb\"},\"inLanguage\":\"sv-SE\",\"potentialAction\":[{\"@type\":\"ReadAction\",\"target\":[\"https:\\\/\\\/lararkarriar.se\\\/gymnasieskola\\\/2019\\\/05\\\/07\\\/viktigt-att-ligga-steget-fore\\\/\"]}]},{\"@type\":\"ImageObject\",\"inLanguage\":\"sv-SE\",\"@id\":\"https:\\\/\\\/lararkarriar.se\\\/gymnasieskola\\\/2019\\\/05\\\/07\\\/viktigt-att-ligga-steget-fore\\\/#primaryimage\",\"url\":\"https:\\\/\\\/lararkarriar.se\\\/gymnasieskola\\\/wp-content\\\/uploads\\\/sites\\\/10\\\/2019\\\/05\\\/forbund2-180412-1-134.jpg\",\"contentUrl\":\"https:\\\/\\\/lararkarriar.se\\\/gymnasieskola\\\/wp-content\\\/uploads\\\/sites\\\/10\\\/2019\\\/05\\\/forbund2-180412-1-134.jpg\",\"width\":1000,\"height\":650,\"caption\":\"Thomas Winqvist, chef f\u00f6r H\u00e4lsinglands Utbildningsf\u00f6rbund. Foto: Johan L\u00f6f\"},{\"@type\":\"BreadcrumbList\",\"@id\":\"https:\\\/\\\/lararkarriar.se\\\/gymnasieskola\\\/2019\\\/05\\\/07\\\/viktigt-att-ligga-steget-fore\\\/#breadcrumb\",\"itemListElement\":[{\"@type\":\"ListItem\",\"position\":1,\"name\":\"Home\",\"item\":\"https:\\\/\\\/lararkarriar.se\\\/gymnasieskola\\\/\"},{\"@type\":\"ListItem\",\"position\":2,\"name\":\"Viktigt att ligga steget f\u00f6re\"}]},{\"@type\":\"WebSite\",\"@id\":\"https:\\\/\\\/lararkarriar.se\\\/gymnasieskola\\\/#website\",\"url\":\"https:\\\/\\\/lararkarriar.se\\\/gymnasieskola\\\/\",\"name\":\"Framtidens karri\u00e4r gymnasiel\u00e4rare\",\"description\":\"Just another NMDashboard.se Sites site\",\"potentialAction\":[{\"@type\":\"SearchAction\",\"target\":{\"@type\":\"EntryPoint\",\"urlTemplate\":\"https:\\\/\\\/lararkarriar.se\\\/gymnasieskola\\\/?s={search_term_string}\"},\"query-input\":{\"@type\":\"PropertyValueSpecification\",\"valueRequired\":true,\"valueName\":\"search_term_string\"}}],\"inLanguage\":\"sv-SE\"},{\"@type\":\"Person\",\"@id\":\"https:\\\/\\\/lararkarriar.se\\\/gymnasieskola\\\/#\\\/schema\\\/person\\\/2a13a849ec7646386c2211f59afe3083\",\"name\":\"viktorwallen\",\"image\":{\"@type\":\"ImageObject\",\"inLanguage\":\"sv-SE\",\"@id\":\"https:\\\/\\\/secure.gravatar.com\\\/avatar\\\/701701bd36169636031933997c8c6b954f2f635bbb7cd4802e4a007f9c9f4e59?s=96&d=mm&r=g\",\"url\":\"https:\\\/\\\/secure.gravatar.com\\\/avatar\\\/701701bd36169636031933997c8c6b954f2f635bbb7cd4802e4a007f9c9f4e59?s=96&d=mm&r=g\",\"contentUrl\":\"https:\\\/\\\/secure.gravatar.com\\\/avatar\\\/701701bd36169636031933997c8c6b954f2f635bbb7cd4802e4a007f9c9f4e59?s=96&d=mm&r=g\",\"caption\":\"viktorwallen\"},\"url\":\"https:\\\/\\\/lararkarriar.se\\\/gymnasieskola\\\/author\\\/viktorwallen\\\/\"}]}<\/script>\n<!-- \/ Yoast SEO plugin. -->","yoast_head_json":{"title":"Viktigt att ligga steget f\u00f6re - Framtidens karri\u00e4r gymnasiel\u00e4rare","robots":{"index":"index","follow":"follow","max-snippet":"max-snippet:-1","max-image-preview":"max-image-preview:large","max-video-preview":"max-video-preview:-1"},"canonical":"https:\/\/lararkarriar.se\/gymnasieskola\/2019\/05\/07\/viktigt-att-ligga-steget-fore\/","og_locale":"sv_SE","og_type":"article","og_title":"Viktigt att ligga steget f\u00f6re - Framtidens karri\u00e4r gymnasiel\u00e4rare","og_description":"Samarbete \u00e4r A och O f\u00f6r att s\u00e4kra regionens kompetensf\u00f6rs\u00f6rjning","og_url":"https:\/\/lararkarriar.se\/gymnasieskola\/2019\/05\/07\/viktigt-att-ligga-steget-fore\/","og_site_name":"Framtidens karri\u00e4r gymnasiel\u00e4rare","article_published_time":"2019-05-07T23:29:33+00:00","article_modified_time":"2020-11-05T18:45:51+00:00","og_image":[{"width":1000,"height":650,"url":"https:\/\/lararkarriar.se\/gymnasieskola\/wp-content\/uploads\/sites\/10\/2019\/05\/forbund2-180412-1-134.jpg","type":"image\/jpeg"}],"author":"viktorwallen","twitter_card":"summary_large_image","twitter_misc":{"Skriven av":"viktorwallen","Ber\u00e4knad l\u00e4stid":"2 minuter"},"schema":{"@context":"https:\/\/schema.org","@graph":[{"@type":"Article","@id":"https:\/\/lararkarriar.se\/gymnasieskola\/2019\/05\/07\/viktigt-att-ligga-steget-fore\/#article","isPartOf":{"@id":"https:\/\/lararkarriar.se\/gymnasieskola\/2019\/05\/07\/viktigt-att-ligga-steget-fore\/"},"author":{"name":"viktorwallen","@id":"https:\/\/lararkarriar.se\/gymnasieskola\/#\/schema\/person\/2a13a849ec7646386c2211f59afe3083"},"headline":"Viktigt att ligga steget f\u00f6re","datePublished":"2019-05-07T23:29:33+00:00","dateModified":"2020-11-05T18:45:51+00:00","mainEntityOfPage":{"@id":"https:\/\/lararkarriar.se\/gymnasieskola\/2019\/05\/07\/viktigt-att-ligga-steget-fore\/"},"wordCount":445,"image":{"@id":"https:\/\/lararkarriar.se\/gymnasieskola\/2019\/05\/07\/viktigt-att-ligga-steget-fore\/#primaryimage"},"thumbnailUrl":"https:\/\/lararkarriar.se\/gymnasieskola\/wp-content\/uploads\/sites\/10\/2019\/05\/forbund2-180412-1-134.jpg","keywords":["H\u00e4lsingland","H\u00e4lsinglands Utbildningsf\u00f6rbund","Kompetens","Kompetensf\u00f6rs\u00f6rjning","Samarbete","Utbildningsplatser"],"articleSection":["Artikel"],"inLanguage":"sv-SE"},{"@type":"WebPage","@id":"https:\/\/lararkarriar.se\/gymnasieskola\/2019\/05\/07\/viktigt-att-ligga-steget-fore\/","url":"https:\/\/lararkarriar.se\/gymnasieskola\/2019\/05\/07\/viktigt-att-ligga-steget-fore\/","name":"Viktigt att ligga steget f\u00f6re - Framtidens karri\u00e4r gymnasiel\u00e4rare","isPartOf":{"@id":"https:\/\/lararkarriar.se\/gymnasieskola\/#website"},"primaryImageOfPage":{"@id":"https:\/\/lararkarriar.se\/gymnasieskola\/2019\/05\/07\/viktigt-att-ligga-steget-fore\/#primaryimage"},"image":{"@id":"https:\/\/lararkarriar.se\/gymnasieskola\/2019\/05\/07\/viktigt-att-ligga-steget-fore\/#primaryimage"},"thumbnailUrl":"https:\/\/lararkarriar.se\/gymnasieskola\/wp-content\/uploads\/sites\/10\/2019\/05\/forbund2-180412-1-134.jpg","datePublished":"2019-05-07T23:29:33+00:00","dateModified":"2020-11-05T18:45:51+00:00","author":{"@id":"https:\/\/lararkarriar.se\/gymnasieskola\/#\/schema\/person\/2a13a849ec7646386c2211f59afe3083"},"breadcrumb":{"@id":"https:\/\/lararkarriar.se\/gymnasieskola\/2019\/05\/07\/viktigt-att-ligga-steget-fore\/#breadcrumb"},"inLanguage":"sv-SE","potentialAction":[{"@type":"ReadAction","target":["https:\/\/lararkarriar.se\/gymnasieskola\/2019\/05\/07\/viktigt-att-ligga-steget-fore\/"]}]},{"@type":"ImageObject","inLanguage":"sv-SE","@id":"https:\/\/lararkarriar.se\/gymnasieskola\/2019\/05\/07\/viktigt-att-ligga-steget-fore\/#primaryimage","url":"https:\/\/lararkarriar.se\/gymnasieskola\/wp-content\/uploads\/sites\/10\/2019\/05\/forbund2-180412-1-134.jpg","contentUrl":"https:\/\/lararkarriar.se\/gymnasieskola\/wp-content\/uploads\/sites\/10\/2019\/05\/forbund2-180412-1-134.jpg","width":1000,"height":650,"caption":"Thomas Winqvist, chef f\u00f6r H\u00e4lsinglands Utbildningsf\u00f6rbund. Foto: Johan L\u00f6f"},{"@type":"BreadcrumbList","@id":"https:\/\/lararkarriar.se\/gymnasieskola\/2019\/05\/07\/viktigt-att-ligga-steget-fore\/#breadcrumb","itemListElement":[{"@type":"ListItem","position":1,"name":"Home","item":"https:\/\/lararkarriar.se\/gymnasieskola\/"},{"@type":"ListItem","position":2,"name":"Viktigt att ligga steget f\u00f6re"}]},{"@type":"WebSite","@id":"https:\/\/lararkarriar.se\/gymnasieskola\/#website","url":"https:\/\/lararkarriar.se\/gymnasieskola\/","name":"Framtidens karri\u00e4r gymnasiel\u00e4rare","description":"Just another NMDashboard.se Sites site","potentialAction":[{"@type":"SearchAction","target":{"@type":"EntryPoint","urlTemplate":"https:\/\/lararkarriar.se\/gymnasieskola\/?s={search_term_string}"},"query-input":{"@type":"PropertyValueSpecification","valueRequired":true,"valueName":"search_term_string"}}],"inLanguage":"sv-SE"},{"@type":"Person","@id":"https:\/\/lararkarriar.se\/gymnasieskola\/#\/schema\/person\/2a13a849ec7646386c2211f59afe3083","name":"viktorwallen","image":{"@type":"ImageObject","inLanguage":"sv-SE","@id":"https:\/\/secure.gravatar.com\/avatar\/701701bd36169636031933997c8c6b954f2f635bbb7cd4802e4a007f9c9f4e59?s=96&d=mm&r=g","url":"https:\/\/secure.gravatar.com\/avatar\/701701bd36169636031933997c8c6b954f2f635bbb7cd4802e4a007f9c9f4e59?s=96&d=mm&r=g","contentUrl":"https:\/\/secure.gravatar.com\/avatar\/701701bd36169636031933997c8c6b954f2f635bbb7cd4802e4a007f9c9f4e59?s=96&d=mm&r=g","caption":"viktorwallen"},"url":"https:\/\/lararkarriar.se\/gymnasieskola\/author\/viktorwallen\/"}]}},"_links":{"self":[{"href":"https:\/\/lararkarriar.se\/gymnasieskola\/wp-json\/wp\/v2\/posts\/6262","targetHints":{"allow":["GET"]}}],"collection":[{"href":"https:\/\/lararkarriar.se\/gymnasieskola\/wp-json\/wp\/v2\/posts"}],"about":[{"href":"https:\/\/lararkarriar.se\/gymnasieskola\/wp-json\/wp\/v2\/types\/post"}],"author":[{"embeddable":true,"href":"https:\/\/lararkarriar.se\/gymnasieskola\/wp-json\/wp\/v2\/users\/2"}],"replies":[{"embeddable":true,"href":"https:\/\/lararkarriar.se\/gymnasieskola\/wp-json\/wp\/v2\/comments?post=6262"}],"version-history":[{"count":4,"href":"https:\/\/lararkarriar.se\/gymnasieskola\/wp-json\/wp\/v2\/posts\/6262\/revisions"}],"predecessor-version":[{"id":6414,"href":"https:\/\/lararkarriar.se\/gymnasieskola\/wp-json\/wp\/v2\/posts\/6262\/revisions\/6414"}],"wp:featuredmedia":[{"embeddable":true,"href":"https:\/\/lararkarriar.se\/gymnasieskola\/wp-json\/wp\/v2\/media\/6263"}],"wp:attachment":[{"href":"https:\/\/lararkarriar.se\/gymnasieskola\/wp-json\/wp\/v2\/media?parent=6262"}],"wp:term":[{"taxonomy":"category","embeddable":true,"href":"https:\/\/lararkarriar.se\/gymnasieskola\/wp-json\/wp\/v2\/categories?post=6262"},{"taxonomy":"post_tag","embeddable":true,"href":"https:\/\/lararkarriar.se\/gymnasieskola\/wp-json\/wp\/v2\/tags?post=6262"}],"curies":[{"name":"wp","href":"https:\/\/api.w.org\/{rel}","templated":true}]}}