{"id":6266,"date":"2019-05-07T23:31:43","date_gmt":"2019-05-07T23:31:43","guid":{"rendered":"https:\/\/lararkarriar.se\/gymnasieskola\/?p=6266"},"modified":"2020-11-05T18:48:47","modified_gmt":"2020-11-05T18:48:47","slug":"oka-genomstromningen-i-skolan","status":"publish","type":"post","link":"https:\/\/lararkarriar.se\/gymnasieskola\/2019\/05\/07\/oka-genomstromningen-i-skolan\/","title":{"rendered":"\u00d6ka genom&shy;str\u00f6mningen i skolan"},"content":{"rendered":"\n<figure class=\"wp-block-image alignnone size-full wp-image-6267\"><img loading=\"lazy\" decoding=\"async\" width=\"1000\" height=\"667\" src=\"https:\/\/lararkarriar.se\/gymnasieskola\/wp-content\/uploads\/sites\/10\/2019\/05\/behov-asa-fahlen-foto-rikard-westman.jpg\" alt=\"\u00c5sa Fahl\u00e9n, f\u00f6rbundsordf\u00f6rande f\u00f6r L\u00e4rarnas riksf\u00f6rbund. Foto: Rikard Westman\" class=\"wp-image-6267\" srcset=\"https:\/\/lararkarriar.se\/gymnasieskola\/wp-content\/uploads\/sites\/10\/2019\/05\/behov-asa-fahlen-foto-rikard-westman.jpg 1000w, https:\/\/lararkarriar.se\/gymnasieskola\/wp-content\/uploads\/sites\/10\/2019\/05\/behov-asa-fahlen-foto-rikard-westman-300x200.jpg 300w, https:\/\/lararkarriar.se\/gymnasieskola\/wp-content\/uploads\/sites\/10\/2019\/05\/behov-asa-fahlen-foto-rikard-westman-768x512.jpg 768w, https:\/\/lararkarriar.se\/gymnasieskola\/wp-content\/uploads\/sites\/10\/2019\/05\/behov-asa-fahlen-foto-rikard-westman-240x160.jpg 240w, https:\/\/lararkarriar.se\/gymnasieskola\/wp-content\/uploads\/sites\/10\/2019\/05\/behov-asa-fahlen-foto-rikard-westman-526x351.jpg 526w, https:\/\/lararkarriar.se\/gymnasieskola\/wp-content\/uploads\/sites\/10\/2019\/05\/behov-asa-fahlen-foto-rikard-westman-720x480.jpg 720w, https:\/\/lararkarriar.se\/gymnasieskola\/wp-content\/uploads\/sites\/10\/2019\/05\/behov-asa-fahlen-foto-rikard-westman-960x640.jpg 960w\" sizes=\"auto, (max-width: 1000px) 100vw, 1000px\" \/><figcaption>\u00c5sa Fahl\u00e9n, f\u00f6rbundsordf\u00f6rande f\u00f6r L\u00e4rarnas riksf\u00f6rbund. Foto: Rikard Westman<\/figcaption><\/figure>\n\n\n\n<p><strong>Ett mer riktat ekonomiskt st\u00f6d som baseras p\u00e5 elevernas socio\u00adekonomiska bakgrund och intagningspo\u00e4ng till gymnasieskolan kan bidra till en mer j\u00e4mlik gymnasieskola. Ett s\u00e5dant st\u00f6dsystem kan \u00e4ven \u00f6ka genomstr\u00f6mningen av elever och bidra till att fler tar en gymnasieexamen. Det anser \u00c5sa Fahl\u00e9n, f\u00f6rbundsordf\u00f6rande f\u00f6r L\u00e4rarnas riksf\u00f6rbund.<\/strong><\/p>\n\n\n\n<p>\u2013 Elevernas m\u00f6jligheter att fullf\u00f6lja ett gymnasieprogram har ett starkt samband med de resurser de har med sig n\u00e4r de b\u00f6rjar gymnasieskolan. F\u00f6r att j\u00e4mna ut klyftorna mellan olika gymnasieskolor och bidra till en mer j\u00e4mlik skola vill vi se ett ekonomiskt likv\u00e4rdighetstillskott riktat mot just gymnasieskolan, s\u00e4ger \u00c5sa Fahl\u00e9n, f\u00f6rbundsordf\u00f6rande f\u00f6r L\u00e4rarnas riksf\u00f6rbund.<br>Gymnasieskolan g\u00e5r mot en \u00f6kad regionalisering. Det finns redan ett utredningsunderlag om hur statens skolmyndigheter kan regionaliseras. Den utredningen passar v\u00e4l samman med en regionaliserad gymnasieskola, d\u00e4r staten skulle kunna ta ett st\u00f6rre ansvar. Ut\u00f6ver finansieringen handlar det om dimensionering av utbildningsinriktningar och skolenheter. \u00d6veretableringar \u00e4r mycket dyra, inte bara f\u00f6r samh\u00e4llet, liksom att underetablering leder till arbetskraftsbrist.<br>\u2013 Det \u00e4r viktigt att arbetsmarknadens behov blir en del av styrningen, inte endast elevintresset. Kommunerna kan inte sj\u00e4lva klara gymnasieskolans dimensionering och finansiering, utan det beh\u00f6vs en akt\u00f6r som tar ett helhetsansvar, s\u00e4ger \u00c5sa Fahl\u00e9n.<\/p>\n\n\n\n<p><strong>Baseras p\u00e5 intagningspo\u00e4ng<\/strong><br>\u2013 En statlig medfinansiering som baseras p\u00e5 elevernas olika f\u00f6ruts\u00e4ttningar har potential att \u00f6ka genomstr\u00f6mningen och h\u00f6ja kunskapsresultaten. Ett och samma gymnasieprogram kan attrahera vitt skilda elevgrupper i olika kommuner och friskolor. Det m\u00e5ste finansieringen till viss del ta h\u00e4nsyn till, s\u00e4ger \u00c5sa Fahl\u00e9n.<br>Hon anser att den h\u00e4r typen av finansiering, som enligt f\u00f6rbundet b\u00f6r fungera som ett tillskott ut\u00f6ver gymnasieskolornas grundfinansiering, d\u00e5 gymnasieskolan, precis som grundskolan \u00e4r underfinansierad. I grundskolan talar man om sex miljarder i likv\u00e4rdighetsfinansiering och f\u00f6rbundet vill g\u00e4rna se en motsvarande modell \u00e4ven i gymnasieskolan.<br>F\u00f6r att den h\u00e4r finansieringsformen ska bli verklighet kr\u00e4vs ett regeringsbeslut. \u00c5sa Fahl\u00e9n hoppas att den p\u00e5g\u00e5ende regeringsutredningen om framtidens gymnasieskola ska ta upp fr\u00e5gan och landa i samma slutsats som L\u00e4rarnas riksf\u00f6rbund.<br>\u2013 Man b\u00f6r \u00e4ven inkludera vuxenutbildningen i den h\u00e4r finansierings- och dimensioneringsformen, vilket kan leda till en t\u00e4tare kontakt mellan gymnasieskolan och vuxenutbildningen. Den h\u00e4r typen av statlig finansiering kan g\u00f6ra det m\u00f6jligt f\u00f6r l\u00e4rare p\u00e5 gymnasieskolor d\u00e4r behoven \u00e4r som st\u00f6rst att ha mindre elevgrupper med \u00f6kade m\u00f6jligheter till st\u00f6dinsatser. Det kan i sin tur bidra till att attrahera fler beh\u00f6riga l\u00e4rare till gymnasieskolor och program med l\u00e5ga intagningspo\u00e4ng, s\u00e4ger \u00c5sa Fahl\u00e9n.<\/p>\n","protected":false},"excerpt":{"rendered":"<p>Ett mer riktat ekonomiskt st\u00f6d kan bidra till en mer j\u00e4mlik gymnasieskola.<\/p>\n","protected":false},"author":2,"featured_media":6267,"comment_status":"closed","ping_status":"open","sticky":false,"template":"","format":"standard","meta":{"_acf_changed":false,"_monsterinsights_skip_tracking":false,"_monsterinsights_sitenote_active":false,"_monsterinsights_sitenote_note":"","_monsterinsights_sitenote_category":0,"footnotes":""},"categories":[1],"tags":[32,75,79,115,154,214],"class_list":["post-6266","post","type-post","status-publish","format-standard","has-post-thumbnail","hentry","category-artikel","tag-behov","tag-forutsattningar","tag-framtid","tag-intagningspoang","tag-lararnas-riksforbund","tag-resurser"],"acf":[],"yoast_head":"<!-- This site is optimized with the Yoast SEO plugin v27.3 - https:\/\/yoast.com\/product\/yoast-seo-wordpress\/ -->\n<title>\u00d6ka genom&shy;str\u00f6mningen i skolan - Framtidens karri\u00e4r gymnasiel\u00e4rare<\/title>\n<meta name=\"robots\" content=\"index, follow, max-snippet:-1, max-image-preview:large, max-video-preview:-1\" \/>\n<link rel=\"canonical\" href=\"https:\/\/lararkarriar.se\/gymnasieskola\/2019\/05\/07\/oka-genomstromningen-i-skolan\/\" \/>\n<meta property=\"og:locale\" content=\"sv_SE\" \/>\n<meta property=\"og:type\" content=\"article\" \/>\n<meta property=\"og:title\" content=\"\u00d6ka genom&shy;str\u00f6mningen i skolan - Framtidens karri\u00e4r gymnasiel\u00e4rare\" \/>\n<meta property=\"og:description\" content=\"Ett mer riktat ekonomiskt st\u00f6d kan bidra till en mer j\u00e4mlik gymnasieskola.\" \/>\n<meta property=\"og:url\" content=\"https:\/\/lararkarriar.se\/gymnasieskola\/2019\/05\/07\/oka-genomstromningen-i-skolan\/\" \/>\n<meta property=\"og:site_name\" content=\"Framtidens karri\u00e4r gymnasiel\u00e4rare\" \/>\n<meta property=\"article:published_time\" content=\"2019-05-07T23:31:43+00:00\" \/>\n<meta property=\"article:modified_time\" content=\"2020-11-05T18:48:47+00:00\" \/>\n<meta property=\"og:image\" content=\"https:\/\/lararkarriar.se\/gymnasieskola\/wp-content\/uploads\/sites\/10\/2019\/05\/behov-asa-fahlen-foto-rikard-westman.jpg\" \/>\n\t<meta property=\"og:image:width\" content=\"1000\" \/>\n\t<meta property=\"og:image:height\" content=\"667\" \/>\n\t<meta property=\"og:image:type\" content=\"image\/jpeg\" \/>\n<meta name=\"author\" content=\"viktorwallen\" \/>\n<meta name=\"twitter:card\" content=\"summary_large_image\" \/>\n<meta name=\"twitter:label1\" content=\"Skriven av\" \/>\n\t<meta name=\"twitter:data1\" content=\"viktorwallen\" \/>\n\t<meta name=\"twitter:label2\" content=\"Ber\u00e4knad l\u00e4stid\" \/>\n\t<meta name=\"twitter:data2\" content=\"2 minuter\" \/>\n<script type=\"application\/ld+json\" class=\"yoast-schema-graph\">{\"@context\":\"https:\\\/\\\/schema.org\",\"@graph\":[{\"@type\":\"Article\",\"@id\":\"https:\\\/\\\/lararkarriar.se\\\/gymnasieskola\\\/2019\\\/05\\\/07\\\/oka-genomstromningen-i-skolan\\\/#article\",\"isPartOf\":{\"@id\":\"https:\\\/\\\/lararkarriar.se\\\/gymnasieskola\\\/2019\\\/05\\\/07\\\/oka-genomstromningen-i-skolan\\\/\"},\"author\":{\"name\":\"viktorwallen\",\"@id\":\"https:\\\/\\\/lararkarriar.se\\\/gymnasieskola\\\/#\\\/schema\\\/person\\\/2a13a849ec7646386c2211f59afe3083\"},\"headline\":\"\u00d6ka genom&shy;str\u00f6mningen i skolan\",\"datePublished\":\"2019-05-07T23:31:43+00:00\",\"dateModified\":\"2020-11-05T18:48:47+00:00\",\"mainEntityOfPage\":{\"@id\":\"https:\\\/\\\/lararkarriar.se\\\/gymnasieskola\\\/2019\\\/05\\\/07\\\/oka-genomstromningen-i-skolan\\\/\"},\"wordCount\":495,\"image\":{\"@id\":\"https:\\\/\\\/lararkarriar.se\\\/gymnasieskola\\\/2019\\\/05\\\/07\\\/oka-genomstromningen-i-skolan\\\/#primaryimage\"},\"thumbnailUrl\":\"https:\\\/\\\/lararkarriar.se\\\/gymnasieskola\\\/wp-content\\\/uploads\\\/sites\\\/10\\\/2019\\\/05\\\/behov-asa-fahlen-foto-rikard-westman.jpg\",\"keywords\":[\"Behov\",\"F\u00d6ruts\u00e4ttningar\",\"Framtid\",\"Intagningspo\u00e4ng\",\"L\u00e4rarnas Riksf\u00f6rbund\",\"Resurser\"],\"articleSection\":[\"Artikel\"],\"inLanguage\":\"sv-SE\"},{\"@type\":\"WebPage\",\"@id\":\"https:\\\/\\\/lararkarriar.se\\\/gymnasieskola\\\/2019\\\/05\\\/07\\\/oka-genomstromningen-i-skolan\\\/\",\"url\":\"https:\\\/\\\/lararkarriar.se\\\/gymnasieskola\\\/2019\\\/05\\\/07\\\/oka-genomstromningen-i-skolan\\\/\",\"name\":\"\u00d6ka genom&shy;str\u00f6mningen i skolan - Framtidens karri\u00e4r gymnasiel\u00e4rare\",\"isPartOf\":{\"@id\":\"https:\\\/\\\/lararkarriar.se\\\/gymnasieskola\\\/#website\"},\"primaryImageOfPage\":{\"@id\":\"https:\\\/\\\/lararkarriar.se\\\/gymnasieskola\\\/2019\\\/05\\\/07\\\/oka-genomstromningen-i-skolan\\\/#primaryimage\"},\"image\":{\"@id\":\"https:\\\/\\\/lararkarriar.se\\\/gymnasieskola\\\/2019\\\/05\\\/07\\\/oka-genomstromningen-i-skolan\\\/#primaryimage\"},\"thumbnailUrl\":\"https:\\\/\\\/lararkarriar.se\\\/gymnasieskola\\\/wp-content\\\/uploads\\\/sites\\\/10\\\/2019\\\/05\\\/behov-asa-fahlen-foto-rikard-westman.jpg\",\"datePublished\":\"2019-05-07T23:31:43+00:00\",\"dateModified\":\"2020-11-05T18:48:47+00:00\",\"author\":{\"@id\":\"https:\\\/\\\/lararkarriar.se\\\/gymnasieskola\\\/#\\\/schema\\\/person\\\/2a13a849ec7646386c2211f59afe3083\"},\"breadcrumb\":{\"@id\":\"https:\\\/\\\/lararkarriar.se\\\/gymnasieskola\\\/2019\\\/05\\\/07\\\/oka-genomstromningen-i-skolan\\\/#breadcrumb\"},\"inLanguage\":\"sv-SE\",\"potentialAction\":[{\"@type\":\"ReadAction\",\"target\":[\"https:\\\/\\\/lararkarriar.se\\\/gymnasieskola\\\/2019\\\/05\\\/07\\\/oka-genomstromningen-i-skolan\\\/\"]}]},{\"@type\":\"ImageObject\",\"inLanguage\":\"sv-SE\",\"@id\":\"https:\\\/\\\/lararkarriar.se\\\/gymnasieskola\\\/2019\\\/05\\\/07\\\/oka-genomstromningen-i-skolan\\\/#primaryimage\",\"url\":\"https:\\\/\\\/lararkarriar.se\\\/gymnasieskola\\\/wp-content\\\/uploads\\\/sites\\\/10\\\/2019\\\/05\\\/behov-asa-fahlen-foto-rikard-westman.jpg\",\"contentUrl\":\"https:\\\/\\\/lararkarriar.se\\\/gymnasieskola\\\/wp-content\\\/uploads\\\/sites\\\/10\\\/2019\\\/05\\\/behov-asa-fahlen-foto-rikard-westman.jpg\",\"width\":1000,\"height\":667,\"caption\":\"\u00c5sa Fahl\u00e9n, f\u00f6rbundsordf\u00f6rande f\u00f6r L\u00e4rarnas riksf\u00f6rbund. Foto: Rikard Westman\"},{\"@type\":\"BreadcrumbList\",\"@id\":\"https:\\\/\\\/lararkarriar.se\\\/gymnasieskola\\\/2019\\\/05\\\/07\\\/oka-genomstromningen-i-skolan\\\/#breadcrumb\",\"itemListElement\":[{\"@type\":\"ListItem\",\"position\":1,\"name\":\"Home\",\"item\":\"https:\\\/\\\/lararkarriar.se\\\/gymnasieskola\\\/\"},{\"@type\":\"ListItem\",\"position\":2,\"name\":\"\u00d6ka genom&shy;str\u00f6mningen i skolan\"}]},{\"@type\":\"WebSite\",\"@id\":\"https:\\\/\\\/lararkarriar.se\\\/gymnasieskola\\\/#website\",\"url\":\"https:\\\/\\\/lararkarriar.se\\\/gymnasieskola\\\/\",\"name\":\"Framtidens karri\u00e4r gymnasiel\u00e4rare\",\"description\":\"Just another NMDashboard.se Sites site\",\"potentialAction\":[{\"@type\":\"SearchAction\",\"target\":{\"@type\":\"EntryPoint\",\"urlTemplate\":\"https:\\\/\\\/lararkarriar.se\\\/gymnasieskola\\\/?s={search_term_string}\"},\"query-input\":{\"@type\":\"PropertyValueSpecification\",\"valueRequired\":true,\"valueName\":\"search_term_string\"}}],\"inLanguage\":\"sv-SE\"},{\"@type\":\"Person\",\"@id\":\"https:\\\/\\\/lararkarriar.se\\\/gymnasieskola\\\/#\\\/schema\\\/person\\\/2a13a849ec7646386c2211f59afe3083\",\"name\":\"viktorwallen\",\"image\":{\"@type\":\"ImageObject\",\"inLanguage\":\"sv-SE\",\"@id\":\"https:\\\/\\\/secure.gravatar.com\\\/avatar\\\/701701bd36169636031933997c8c6b954f2f635bbb7cd4802e4a007f9c9f4e59?s=96&d=mm&r=g\",\"url\":\"https:\\\/\\\/secure.gravatar.com\\\/avatar\\\/701701bd36169636031933997c8c6b954f2f635bbb7cd4802e4a007f9c9f4e59?s=96&d=mm&r=g\",\"contentUrl\":\"https:\\\/\\\/secure.gravatar.com\\\/avatar\\\/701701bd36169636031933997c8c6b954f2f635bbb7cd4802e4a007f9c9f4e59?s=96&d=mm&r=g\",\"caption\":\"viktorwallen\"},\"url\":\"https:\\\/\\\/lararkarriar.se\\\/gymnasieskola\\\/author\\\/viktorwallen\\\/\"}]}<\/script>\n<!-- \/ Yoast SEO plugin. -->","yoast_head_json":{"title":"\u00d6ka genom&shy;str\u00f6mningen i skolan - Framtidens karri\u00e4r gymnasiel\u00e4rare","robots":{"index":"index","follow":"follow","max-snippet":"max-snippet:-1","max-image-preview":"max-image-preview:large","max-video-preview":"max-video-preview:-1"},"canonical":"https:\/\/lararkarriar.se\/gymnasieskola\/2019\/05\/07\/oka-genomstromningen-i-skolan\/","og_locale":"sv_SE","og_type":"article","og_title":"\u00d6ka genom&shy;str\u00f6mningen i skolan - Framtidens karri\u00e4r gymnasiel\u00e4rare","og_description":"Ett mer riktat ekonomiskt st\u00f6d kan bidra till en mer j\u00e4mlik gymnasieskola.","og_url":"https:\/\/lararkarriar.se\/gymnasieskola\/2019\/05\/07\/oka-genomstromningen-i-skolan\/","og_site_name":"Framtidens karri\u00e4r gymnasiel\u00e4rare","article_published_time":"2019-05-07T23:31:43+00:00","article_modified_time":"2020-11-05T18:48:47+00:00","og_image":[{"width":1000,"height":667,"url":"https:\/\/lararkarriar.se\/gymnasieskola\/wp-content\/uploads\/sites\/10\/2019\/05\/behov-asa-fahlen-foto-rikard-westman.jpg","type":"image\/jpeg"}],"author":"viktorwallen","twitter_card":"summary_large_image","twitter_misc":{"Skriven av":"viktorwallen","Ber\u00e4knad l\u00e4stid":"2 minuter"},"schema":{"@context":"https:\/\/schema.org","@graph":[{"@type":"Article","@id":"https:\/\/lararkarriar.se\/gymnasieskola\/2019\/05\/07\/oka-genomstromningen-i-skolan\/#article","isPartOf":{"@id":"https:\/\/lararkarriar.se\/gymnasieskola\/2019\/05\/07\/oka-genomstromningen-i-skolan\/"},"author":{"name":"viktorwallen","@id":"https:\/\/lararkarriar.se\/gymnasieskola\/#\/schema\/person\/2a13a849ec7646386c2211f59afe3083"},"headline":"\u00d6ka genom&shy;str\u00f6mningen i skolan","datePublished":"2019-05-07T23:31:43+00:00","dateModified":"2020-11-05T18:48:47+00:00","mainEntityOfPage":{"@id":"https:\/\/lararkarriar.se\/gymnasieskola\/2019\/05\/07\/oka-genomstromningen-i-skolan\/"},"wordCount":495,"image":{"@id":"https:\/\/lararkarriar.se\/gymnasieskola\/2019\/05\/07\/oka-genomstromningen-i-skolan\/#primaryimage"},"thumbnailUrl":"https:\/\/lararkarriar.se\/gymnasieskola\/wp-content\/uploads\/sites\/10\/2019\/05\/behov-asa-fahlen-foto-rikard-westman.jpg","keywords":["Behov","F\u00d6ruts\u00e4ttningar","Framtid","Intagningspo\u00e4ng","L\u00e4rarnas Riksf\u00f6rbund","Resurser"],"articleSection":["Artikel"],"inLanguage":"sv-SE"},{"@type":"WebPage","@id":"https:\/\/lararkarriar.se\/gymnasieskola\/2019\/05\/07\/oka-genomstromningen-i-skolan\/","url":"https:\/\/lararkarriar.se\/gymnasieskola\/2019\/05\/07\/oka-genomstromningen-i-skolan\/","name":"\u00d6ka genom&shy;str\u00f6mningen i skolan - Framtidens karri\u00e4r gymnasiel\u00e4rare","isPartOf":{"@id":"https:\/\/lararkarriar.se\/gymnasieskola\/#website"},"primaryImageOfPage":{"@id":"https:\/\/lararkarriar.se\/gymnasieskola\/2019\/05\/07\/oka-genomstromningen-i-skolan\/#primaryimage"},"image":{"@id":"https:\/\/lararkarriar.se\/gymnasieskola\/2019\/05\/07\/oka-genomstromningen-i-skolan\/#primaryimage"},"thumbnailUrl":"https:\/\/lararkarriar.se\/gymnasieskola\/wp-content\/uploads\/sites\/10\/2019\/05\/behov-asa-fahlen-foto-rikard-westman.jpg","datePublished":"2019-05-07T23:31:43+00:00","dateModified":"2020-11-05T18:48:47+00:00","author":{"@id":"https:\/\/lararkarriar.se\/gymnasieskola\/#\/schema\/person\/2a13a849ec7646386c2211f59afe3083"},"breadcrumb":{"@id":"https:\/\/lararkarriar.se\/gymnasieskola\/2019\/05\/07\/oka-genomstromningen-i-skolan\/#breadcrumb"},"inLanguage":"sv-SE","potentialAction":[{"@type":"ReadAction","target":["https:\/\/lararkarriar.se\/gymnasieskola\/2019\/05\/07\/oka-genomstromningen-i-skolan\/"]}]},{"@type":"ImageObject","inLanguage":"sv-SE","@id":"https:\/\/lararkarriar.se\/gymnasieskola\/2019\/05\/07\/oka-genomstromningen-i-skolan\/#primaryimage","url":"https:\/\/lararkarriar.se\/gymnasieskola\/wp-content\/uploads\/sites\/10\/2019\/05\/behov-asa-fahlen-foto-rikard-westman.jpg","contentUrl":"https:\/\/lararkarriar.se\/gymnasieskola\/wp-content\/uploads\/sites\/10\/2019\/05\/behov-asa-fahlen-foto-rikard-westman.jpg","width":1000,"height":667,"caption":"\u00c5sa Fahl\u00e9n, f\u00f6rbundsordf\u00f6rande f\u00f6r L\u00e4rarnas riksf\u00f6rbund. Foto: Rikard Westman"},{"@type":"BreadcrumbList","@id":"https:\/\/lararkarriar.se\/gymnasieskola\/2019\/05\/07\/oka-genomstromningen-i-skolan\/#breadcrumb","itemListElement":[{"@type":"ListItem","position":1,"name":"Home","item":"https:\/\/lararkarriar.se\/gymnasieskola\/"},{"@type":"ListItem","position":2,"name":"\u00d6ka genom&shy;str\u00f6mningen i skolan"}]},{"@type":"WebSite","@id":"https:\/\/lararkarriar.se\/gymnasieskola\/#website","url":"https:\/\/lararkarriar.se\/gymnasieskola\/","name":"Framtidens karri\u00e4r gymnasiel\u00e4rare","description":"Just another NMDashboard.se Sites site","potentialAction":[{"@type":"SearchAction","target":{"@type":"EntryPoint","urlTemplate":"https:\/\/lararkarriar.se\/gymnasieskola\/?s={search_term_string}"},"query-input":{"@type":"PropertyValueSpecification","valueRequired":true,"valueName":"search_term_string"}}],"inLanguage":"sv-SE"},{"@type":"Person","@id":"https:\/\/lararkarriar.se\/gymnasieskola\/#\/schema\/person\/2a13a849ec7646386c2211f59afe3083","name":"viktorwallen","image":{"@type":"ImageObject","inLanguage":"sv-SE","@id":"https:\/\/secure.gravatar.com\/avatar\/701701bd36169636031933997c8c6b954f2f635bbb7cd4802e4a007f9c9f4e59?s=96&d=mm&r=g","url":"https:\/\/secure.gravatar.com\/avatar\/701701bd36169636031933997c8c6b954f2f635bbb7cd4802e4a007f9c9f4e59?s=96&d=mm&r=g","contentUrl":"https:\/\/secure.gravatar.com\/avatar\/701701bd36169636031933997c8c6b954f2f635bbb7cd4802e4a007f9c9f4e59?s=96&d=mm&r=g","caption":"viktorwallen"},"url":"https:\/\/lararkarriar.se\/gymnasieskola\/author\/viktorwallen\/"}]}},"_links":{"self":[{"href":"https:\/\/lararkarriar.se\/gymnasieskola\/wp-json\/wp\/v2\/posts\/6266","targetHints":{"allow":["GET"]}}],"collection":[{"href":"https:\/\/lararkarriar.se\/gymnasieskola\/wp-json\/wp\/v2\/posts"}],"about":[{"href":"https:\/\/lararkarriar.se\/gymnasieskola\/wp-json\/wp\/v2\/types\/post"}],"author":[{"embeddable":true,"href":"https:\/\/lararkarriar.se\/gymnasieskola\/wp-json\/wp\/v2\/users\/2"}],"replies":[{"embeddable":true,"href":"https:\/\/lararkarriar.se\/gymnasieskola\/wp-json\/wp\/v2\/comments?post=6266"}],"version-history":[{"count":10,"href":"https:\/\/lararkarriar.se\/gymnasieskola\/wp-json\/wp\/v2\/posts\/6266\/revisions"}],"predecessor-version":[{"id":6421,"href":"https:\/\/lararkarriar.se\/gymnasieskola\/wp-json\/wp\/v2\/posts\/6266\/revisions\/6421"}],"wp:featuredmedia":[{"embeddable":true,"href":"https:\/\/lararkarriar.se\/gymnasieskola\/wp-json\/wp\/v2\/media\/6267"}],"wp:attachment":[{"href":"https:\/\/lararkarriar.se\/gymnasieskola\/wp-json\/wp\/v2\/media?parent=6266"}],"wp:term":[{"taxonomy":"category","embeddable":true,"href":"https:\/\/lararkarriar.se\/gymnasieskola\/wp-json\/wp\/v2\/categories?post=6266"},{"taxonomy":"post_tag","embeddable":true,"href":"https:\/\/lararkarriar.se\/gymnasieskola\/wp-json\/wp\/v2\/tags?post=6266"}],"curies":[{"name":"wp","href":"https:\/\/api.w.org\/{rel}","templated":true}]}}