{"id":6274,"date":"2019-05-07T23:36:48","date_gmt":"2019-05-07T23:36:48","guid":{"rendered":"https:\/\/lararkarriar.se\/gymnasieskola\/?p=6274"},"modified":"2020-11-05T12:58:52","modified_gmt":"2020-11-05T12:58:52","slug":"andelen-behoriga-larare-varierar","status":"publish","type":"post","link":"https:\/\/lararkarriar.se\/gymnasieskola\/2019\/05\/07\/andelen-behoriga-larare-varierar\/","title":{"rendered":"Andelen beh\u00f6riga l\u00e4rare varierar"},"content":{"rendered":"\n<figure class=\"wp-block-image alignnone size-full wp-image-6275\"><img loading=\"lazy\" decoding=\"async\" width=\"1000\" height=\"679\" src=\"https:\/\/lararkarriar.se\/gymnasieskola\/wp-content\/uploads\/sites\/10\/2019\/05\/forbund1-johanna-jaara-astrand.jpg\" alt=\"Johanna Jaara \u00c5strand, ordf\u00f6rande L\u00e4rarf\u00f6rbundet. Foto: baraBild\" class=\"wp-image-6275\" srcset=\"https:\/\/lararkarriar.se\/gymnasieskola\/wp-content\/uploads\/sites\/10\/2019\/05\/forbund1-johanna-jaara-astrand.jpg 1000w, https:\/\/lararkarriar.se\/gymnasieskola\/wp-content\/uploads\/sites\/10\/2019\/05\/forbund1-johanna-jaara-astrand-300x204.jpg 300w, https:\/\/lararkarriar.se\/gymnasieskola\/wp-content\/uploads\/sites\/10\/2019\/05\/forbund1-johanna-jaara-astrand-768x521.jpg 768w, https:\/\/lararkarriar.se\/gymnasieskola\/wp-content\/uploads\/sites\/10\/2019\/05\/forbund1-johanna-jaara-astrand-236x160.jpg 236w, https:\/\/lararkarriar.se\/gymnasieskola\/wp-content\/uploads\/sites\/10\/2019\/05\/forbund1-johanna-jaara-astrand-526x357.jpg 526w, https:\/\/lararkarriar.se\/gymnasieskola\/wp-content\/uploads\/sites\/10\/2019\/05\/forbund1-johanna-jaara-astrand-720x489.jpg 720w, https:\/\/lararkarriar.se\/gymnasieskola\/wp-content\/uploads\/sites\/10\/2019\/05\/forbund1-johanna-jaara-astrand-960x652.jpg 960w\" sizes=\"auto, (max-width: 1000px) 100vw, 1000px\" \/><figcaption>Johanna Jaara \u00c5strand, ordf\u00f6rande L\u00e4rarf\u00f6rbundet. Foto: baraBild<\/figcaption><\/figure>\n\n\n\n<p><strong>Andelen beh\u00f6riga gymnasiel\u00e4rare varierar i h\u00f6g grad mellan landets olika kommuner. L\u00e4rarf\u00f6rbundet har sammanst\u00e4llt rapporter om l\u00e4rarbeh\u00f6righeten bland gymnasiel\u00e4rare f\u00f6r kommuner, kommunf\u00f6rbund och l\u00e4n i hela landet. P\u00e5 en del gymnasieskolor \u00e4r andelen beh\u00f6riga l\u00e4rare nere p\u00e5 orov\u00e4ckande l\u00e5ga niv\u00e5er, medan andra klarar sig relativt bra.<\/strong><\/p>\n\n\n\n<p>Rapporten fr\u00e5n L\u00e4rarf\u00f6rbundet inneh\u00e5ller en analys av utvecklingen i l\u00e4rarbeh\u00f6righet i respektive kommun och l\u00e4n. H\u00f6gst andel beh\u00f6riga gymnasiel\u00e4rare har Hallands l\u00e4n och l\u00e4gst andel har J\u00e4mtlands l\u00e4n.<br>\u2013 Det vi framf\u00f6rallt ser \u00e4r att det finns v\u00e4ldigt stora skillnader i landet vad g\u00e4ller antalet beh\u00f6riga gymnasiel\u00e4rare. Det mest alarmerande med v\u00e5r kartl\u00e4ggning \u00e4r att bristen p\u00e5 beh\u00f6riga gymnasiel\u00e4rare runtom i landet \u00e4r s\u00e5 pass utbredd. I m\u00e5nga l\u00e4n \u00e4r 20 procent av l\u00e4rarna i gymnasieskolan obeh\u00f6riga, i en del l\u00e4n \u00e4r det \u00e4nnu fler, s\u00e4ger L\u00e4rarf\u00f6rbundets ordf\u00f6rande Johanna Jaara \u00c5strand.<\/p>\n\n\n\n<blockquote class=\"wp-block-quote is-layout-flow wp-block-quote-is-layout-flow\"><p>&#8221;Kring skolor med l\u00e5g andel beh\u00f6riga beh\u00f6vs det tas ett helhetsgrepp&#8221;<\/p><\/blockquote>\n\n\n\n<p><strong>Tuffare arbetsbelastning<\/strong><br>\u2013 Konsekvenserna av den h\u00e4r utvecklingen \u00e4r f\u00f6rst\u00e5s att det drabbar eleverna och den kvalitet de f\u00e5r i undervisningen. Det p\u00e5verkar \u00e4ven de beh\u00f6riga l\u00e4rarna eftersom de f\u00e5r en tuffare arbetsbelastning n\u00e4r de saknar utbildade kollegor att dela ansvaret med, s\u00e4ger Johanna Jaara \u00c5strand.<br>Hon anser att staten och l\u00e4rararbetsgivarna m\u00e5ste l\u00e4gga upp en medveten kompetensf\u00f6rs\u00f6rjningsplan som inneh\u00e5ller l\u00f6nesatsningar, arbetsmilj\u00f6\u00e5tg\u00e4rder och rekryteringsstrategier f\u00f6r att f\u00e5 fler att vilja bli och forts\u00e4tta vara l\u00e4rare. Fler m\u00e5ste f\u00e5 m\u00f6jlighet att kombinera studier och arbete f\u00f6r och f\u00f6rtroendet och tilliten till l\u00e4rark\u00e5ren m\u00e5ste \u00f6ka. En viktig \u00e5tg\u00e4rd, ut\u00f6ver att \u00f6ka andelen beh\u00f6riga gymnasiel\u00e4rare generellt, \u00e4r f\u00f6rst\u00e5s att minska oj\u00e4mlikheten i andelen beh\u00f6riga l\u00e4rare i olika delar av landet.<\/p>\n\n\n\n<p><strong>L\u00e5t l\u00e4rare f\u00e5 vara l\u00e4rare<\/strong><br>\u2013 Kring skolor med l\u00e5g andel beh\u00f6riga beh\u00f6vs det tas ett helhetsgrepp. Rekrytera l\u00e4rarteam och s\u00e4kerst\u00e4ll att det finns tillr\u00e4ckligt med kringresurser som f\u00f6rst\u00e4rkt elevh\u00e4lsa, socialpedagoger, administrativt st\u00f6d och bra it-l\u00f6sningar, s\u00e5 l\u00e4rarna f\u00e5r \u00e4gna sig \u00e5t det som gynnar elevernas kunskapsutveckling. Skolor kan bli b\u00e4ttre p\u00e5 att attrahera beh\u00f6riga l\u00e4rare genom att visa att man v\u00e4rnar om sina l\u00e4rare och v\u00e4rderar dem h\u00f6gt. Satsa p\u00e5 bra ledarskap, utvecklad arbetsorganisation, l\u00e5t l\u00e4rare f\u00e5 vara l\u00e4rare och forts\u00e4tta utvecklas i sitt yrke, s\u00e4ger Johanna Jaara \u00c5strand.<\/p>\n","protected":false},"excerpt":{"rendered":"<p>Vi har sammanst\u00e4llt rapporter om l\u00e4rarbeh\u00f6righeten bland gymnasiel\u00e4rare i hela landet.<\/p>\n","protected":false},"author":2,"featured_media":6275,"comment_status":"closed","ping_status":"open","sticky":false,"template":"","format":"standard","meta":{"_acf_changed":false,"_monsterinsights_skip_tracking":false,"_monsterinsights_sitenote_active":false,"_monsterinsights_sitenote_note":"","_monsterinsights_sitenote_category":0,"footnotes":""},"categories":[1],"tags":[31,135,149,151,211,288],"class_list":["post-6274","post","type-post","status-publish","format-standard","has-post-thumbnail","hentry","category-artikel","tag-behorighet","tag-kompetensforsorjning","tag-lararbehorighet","tag-lararforbundet","tag-rekrytering","tag-utveckling"],"acf":[],"yoast_head":"<!-- This site is optimized with the Yoast SEO plugin v27.3 - https:\/\/yoast.com\/product\/yoast-seo-wordpress\/ -->\n<title>Andelen beh\u00f6riga l\u00e4rare varierar - Framtidens karri\u00e4r gymnasiel\u00e4rare<\/title>\n<meta name=\"robots\" content=\"index, follow, max-snippet:-1, max-image-preview:large, max-video-preview:-1\" \/>\n<link rel=\"canonical\" href=\"https:\/\/lararkarriar.se\/gymnasieskola\/2019\/05\/07\/andelen-behoriga-larare-varierar\/\" \/>\n<meta property=\"og:locale\" content=\"sv_SE\" \/>\n<meta property=\"og:type\" content=\"article\" \/>\n<meta property=\"og:title\" content=\"Andelen beh\u00f6riga l\u00e4rare varierar - Framtidens karri\u00e4r gymnasiel\u00e4rare\" \/>\n<meta property=\"og:description\" content=\"Vi har sammanst\u00e4llt rapporter om l\u00e4rarbeh\u00f6righeten bland gymnasiel\u00e4rare i hela landet.\" \/>\n<meta property=\"og:url\" content=\"https:\/\/lararkarriar.se\/gymnasieskola\/2019\/05\/07\/andelen-behoriga-larare-varierar\/\" \/>\n<meta property=\"og:site_name\" content=\"Framtidens karri\u00e4r gymnasiel\u00e4rare\" \/>\n<meta property=\"article:published_time\" content=\"2019-05-07T23:36:48+00:00\" \/>\n<meta property=\"article:modified_time\" content=\"2020-11-05T12:58:52+00:00\" \/>\n<meta property=\"og:image\" content=\"https:\/\/lararkarriar.se\/gymnasieskola\/wp-content\/uploads\/sites\/10\/2019\/05\/forbund1-johanna-jaara-astrand.jpg\" \/>\n\t<meta property=\"og:image:width\" content=\"1000\" \/>\n\t<meta property=\"og:image:height\" content=\"679\" \/>\n\t<meta property=\"og:image:type\" content=\"image\/jpeg\" \/>\n<meta name=\"author\" content=\"viktorwallen\" \/>\n<meta name=\"twitter:card\" content=\"summary_large_image\" \/>\n<meta name=\"twitter:label1\" content=\"Skriven av\" \/>\n\t<meta name=\"twitter:data1\" content=\"viktorwallen\" \/>\n\t<meta name=\"twitter:label2\" content=\"Ber\u00e4knad l\u00e4stid\" \/>\n\t<meta name=\"twitter:data2\" content=\"2 minuter\" \/>\n<script type=\"application\/ld+json\" class=\"yoast-schema-graph\">{\"@context\":\"https:\\\/\\\/schema.org\",\"@graph\":[{\"@type\":\"Article\",\"@id\":\"https:\\\/\\\/lararkarriar.se\\\/gymnasieskola\\\/2019\\\/05\\\/07\\\/andelen-behoriga-larare-varierar\\\/#article\",\"isPartOf\":{\"@id\":\"https:\\\/\\\/lararkarriar.se\\\/gymnasieskola\\\/2019\\\/05\\\/07\\\/andelen-behoriga-larare-varierar\\\/\"},\"author\":{\"name\":\"viktorwallen\",\"@id\":\"https:\\\/\\\/lararkarriar.se\\\/gymnasieskola\\\/#\\\/schema\\\/person\\\/2a13a849ec7646386c2211f59afe3083\"},\"headline\":\"Andelen beh\u00f6riga l\u00e4rare varierar\",\"datePublished\":\"2019-05-07T23:36:48+00:00\",\"dateModified\":\"2020-11-05T12:58:52+00:00\",\"mainEntityOfPage\":{\"@id\":\"https:\\\/\\\/lararkarriar.se\\\/gymnasieskola\\\/2019\\\/05\\\/07\\\/andelen-behoriga-larare-varierar\\\/\"},\"wordCount\":486,\"image\":{\"@id\":\"https:\\\/\\\/lararkarriar.se\\\/gymnasieskola\\\/2019\\\/05\\\/07\\\/andelen-behoriga-larare-varierar\\\/#primaryimage\"},\"thumbnailUrl\":\"https:\\\/\\\/lararkarriar.se\\\/gymnasieskola\\\/wp-content\\\/uploads\\\/sites\\\/10\\\/2019\\\/05\\\/forbund1-johanna-jaara-astrand.jpg\",\"keywords\":[\"Beh\u00f6righet\",\"Kompetensf\u00f6rs\u00f6rjning\",\"L\u00e4rarbeh\u00f6righet\",\"L\u00e4rarf\u00f6rbundet\",\"Rekrytering\",\"Utveckling\"],\"articleSection\":[\"Artikel\"],\"inLanguage\":\"sv-SE\"},{\"@type\":\"WebPage\",\"@id\":\"https:\\\/\\\/lararkarriar.se\\\/gymnasieskola\\\/2019\\\/05\\\/07\\\/andelen-behoriga-larare-varierar\\\/\",\"url\":\"https:\\\/\\\/lararkarriar.se\\\/gymnasieskola\\\/2019\\\/05\\\/07\\\/andelen-behoriga-larare-varierar\\\/\",\"name\":\"Andelen beh\u00f6riga l\u00e4rare varierar - Framtidens karri\u00e4r gymnasiel\u00e4rare\",\"isPartOf\":{\"@id\":\"https:\\\/\\\/lararkarriar.se\\\/gymnasieskola\\\/#website\"},\"primaryImageOfPage\":{\"@id\":\"https:\\\/\\\/lararkarriar.se\\\/gymnasieskola\\\/2019\\\/05\\\/07\\\/andelen-behoriga-larare-varierar\\\/#primaryimage\"},\"image\":{\"@id\":\"https:\\\/\\\/lararkarriar.se\\\/gymnasieskola\\\/2019\\\/05\\\/07\\\/andelen-behoriga-larare-varierar\\\/#primaryimage\"},\"thumbnailUrl\":\"https:\\\/\\\/lararkarriar.se\\\/gymnasieskola\\\/wp-content\\\/uploads\\\/sites\\\/10\\\/2019\\\/05\\\/forbund1-johanna-jaara-astrand.jpg\",\"datePublished\":\"2019-05-07T23:36:48+00:00\",\"dateModified\":\"2020-11-05T12:58:52+00:00\",\"author\":{\"@id\":\"https:\\\/\\\/lararkarriar.se\\\/gymnasieskola\\\/#\\\/schema\\\/person\\\/2a13a849ec7646386c2211f59afe3083\"},\"breadcrumb\":{\"@id\":\"https:\\\/\\\/lararkarriar.se\\\/gymnasieskola\\\/2019\\\/05\\\/07\\\/andelen-behoriga-larare-varierar\\\/#breadcrumb\"},\"inLanguage\":\"sv-SE\",\"potentialAction\":[{\"@type\":\"ReadAction\",\"target\":[\"https:\\\/\\\/lararkarriar.se\\\/gymnasieskola\\\/2019\\\/05\\\/07\\\/andelen-behoriga-larare-varierar\\\/\"]}]},{\"@type\":\"ImageObject\",\"inLanguage\":\"sv-SE\",\"@id\":\"https:\\\/\\\/lararkarriar.se\\\/gymnasieskola\\\/2019\\\/05\\\/07\\\/andelen-behoriga-larare-varierar\\\/#primaryimage\",\"url\":\"https:\\\/\\\/lararkarriar.se\\\/gymnasieskola\\\/wp-content\\\/uploads\\\/sites\\\/10\\\/2019\\\/05\\\/forbund1-johanna-jaara-astrand.jpg\",\"contentUrl\":\"https:\\\/\\\/lararkarriar.se\\\/gymnasieskola\\\/wp-content\\\/uploads\\\/sites\\\/10\\\/2019\\\/05\\\/forbund1-johanna-jaara-astrand.jpg\",\"width\":1000,\"height\":679,\"caption\":\"Johanna Jaara \u00c5strand, ordf\u00f6rande L\u00e4rarf\u00f6rbundet. Foto: baraBild\"},{\"@type\":\"BreadcrumbList\",\"@id\":\"https:\\\/\\\/lararkarriar.se\\\/gymnasieskola\\\/2019\\\/05\\\/07\\\/andelen-behoriga-larare-varierar\\\/#breadcrumb\",\"itemListElement\":[{\"@type\":\"ListItem\",\"position\":1,\"name\":\"Home\",\"item\":\"https:\\\/\\\/lararkarriar.se\\\/gymnasieskola\\\/\"},{\"@type\":\"ListItem\",\"position\":2,\"name\":\"Andelen beh\u00f6riga l\u00e4rare varierar\"}]},{\"@type\":\"WebSite\",\"@id\":\"https:\\\/\\\/lararkarriar.se\\\/gymnasieskola\\\/#website\",\"url\":\"https:\\\/\\\/lararkarriar.se\\\/gymnasieskola\\\/\",\"name\":\"Framtidens karri\u00e4r gymnasiel\u00e4rare\",\"description\":\"Just another NMDashboard.se Sites site\",\"potentialAction\":[{\"@type\":\"SearchAction\",\"target\":{\"@type\":\"EntryPoint\",\"urlTemplate\":\"https:\\\/\\\/lararkarriar.se\\\/gymnasieskola\\\/?s={search_term_string}\"},\"query-input\":{\"@type\":\"PropertyValueSpecification\",\"valueRequired\":true,\"valueName\":\"search_term_string\"}}],\"inLanguage\":\"sv-SE\"},{\"@type\":\"Person\",\"@id\":\"https:\\\/\\\/lararkarriar.se\\\/gymnasieskola\\\/#\\\/schema\\\/person\\\/2a13a849ec7646386c2211f59afe3083\",\"name\":\"viktorwallen\",\"image\":{\"@type\":\"ImageObject\",\"inLanguage\":\"sv-SE\",\"@id\":\"https:\\\/\\\/secure.gravatar.com\\\/avatar\\\/701701bd36169636031933997c8c6b954f2f635bbb7cd4802e4a007f9c9f4e59?s=96&d=mm&r=g\",\"url\":\"https:\\\/\\\/secure.gravatar.com\\\/avatar\\\/701701bd36169636031933997c8c6b954f2f635bbb7cd4802e4a007f9c9f4e59?s=96&d=mm&r=g\",\"contentUrl\":\"https:\\\/\\\/secure.gravatar.com\\\/avatar\\\/701701bd36169636031933997c8c6b954f2f635bbb7cd4802e4a007f9c9f4e59?s=96&d=mm&r=g\",\"caption\":\"viktorwallen\"},\"url\":\"https:\\\/\\\/lararkarriar.se\\\/gymnasieskola\\\/author\\\/viktorwallen\\\/\"}]}<\/script>\n<!-- \/ Yoast SEO plugin. -->","yoast_head_json":{"title":"Andelen beh\u00f6riga l\u00e4rare varierar - Framtidens karri\u00e4r gymnasiel\u00e4rare","robots":{"index":"index","follow":"follow","max-snippet":"max-snippet:-1","max-image-preview":"max-image-preview:large","max-video-preview":"max-video-preview:-1"},"canonical":"https:\/\/lararkarriar.se\/gymnasieskola\/2019\/05\/07\/andelen-behoriga-larare-varierar\/","og_locale":"sv_SE","og_type":"article","og_title":"Andelen beh\u00f6riga l\u00e4rare varierar - Framtidens karri\u00e4r gymnasiel\u00e4rare","og_description":"Vi har sammanst\u00e4llt rapporter om l\u00e4rarbeh\u00f6righeten bland gymnasiel\u00e4rare i hela landet.","og_url":"https:\/\/lararkarriar.se\/gymnasieskola\/2019\/05\/07\/andelen-behoriga-larare-varierar\/","og_site_name":"Framtidens karri\u00e4r gymnasiel\u00e4rare","article_published_time":"2019-05-07T23:36:48+00:00","article_modified_time":"2020-11-05T12:58:52+00:00","og_image":[{"width":1000,"height":679,"url":"https:\/\/lararkarriar.se\/gymnasieskola\/wp-content\/uploads\/sites\/10\/2019\/05\/forbund1-johanna-jaara-astrand.jpg","type":"image\/jpeg"}],"author":"viktorwallen","twitter_card":"summary_large_image","twitter_misc":{"Skriven av":"viktorwallen","Ber\u00e4knad l\u00e4stid":"2 minuter"},"schema":{"@context":"https:\/\/schema.org","@graph":[{"@type":"Article","@id":"https:\/\/lararkarriar.se\/gymnasieskola\/2019\/05\/07\/andelen-behoriga-larare-varierar\/#article","isPartOf":{"@id":"https:\/\/lararkarriar.se\/gymnasieskola\/2019\/05\/07\/andelen-behoriga-larare-varierar\/"},"author":{"name":"viktorwallen","@id":"https:\/\/lararkarriar.se\/gymnasieskola\/#\/schema\/person\/2a13a849ec7646386c2211f59afe3083"},"headline":"Andelen beh\u00f6riga l\u00e4rare varierar","datePublished":"2019-05-07T23:36:48+00:00","dateModified":"2020-11-05T12:58:52+00:00","mainEntityOfPage":{"@id":"https:\/\/lararkarriar.se\/gymnasieskola\/2019\/05\/07\/andelen-behoriga-larare-varierar\/"},"wordCount":486,"image":{"@id":"https:\/\/lararkarriar.se\/gymnasieskola\/2019\/05\/07\/andelen-behoriga-larare-varierar\/#primaryimage"},"thumbnailUrl":"https:\/\/lararkarriar.se\/gymnasieskola\/wp-content\/uploads\/sites\/10\/2019\/05\/forbund1-johanna-jaara-astrand.jpg","keywords":["Beh\u00f6righet","Kompetensf\u00f6rs\u00f6rjning","L\u00e4rarbeh\u00f6righet","L\u00e4rarf\u00f6rbundet","Rekrytering","Utveckling"],"articleSection":["Artikel"],"inLanguage":"sv-SE"},{"@type":"WebPage","@id":"https:\/\/lararkarriar.se\/gymnasieskola\/2019\/05\/07\/andelen-behoriga-larare-varierar\/","url":"https:\/\/lararkarriar.se\/gymnasieskola\/2019\/05\/07\/andelen-behoriga-larare-varierar\/","name":"Andelen beh\u00f6riga l\u00e4rare varierar - Framtidens karri\u00e4r gymnasiel\u00e4rare","isPartOf":{"@id":"https:\/\/lararkarriar.se\/gymnasieskola\/#website"},"primaryImageOfPage":{"@id":"https:\/\/lararkarriar.se\/gymnasieskola\/2019\/05\/07\/andelen-behoriga-larare-varierar\/#primaryimage"},"image":{"@id":"https:\/\/lararkarriar.se\/gymnasieskola\/2019\/05\/07\/andelen-behoriga-larare-varierar\/#primaryimage"},"thumbnailUrl":"https:\/\/lararkarriar.se\/gymnasieskola\/wp-content\/uploads\/sites\/10\/2019\/05\/forbund1-johanna-jaara-astrand.jpg","datePublished":"2019-05-07T23:36:48+00:00","dateModified":"2020-11-05T12:58:52+00:00","author":{"@id":"https:\/\/lararkarriar.se\/gymnasieskola\/#\/schema\/person\/2a13a849ec7646386c2211f59afe3083"},"breadcrumb":{"@id":"https:\/\/lararkarriar.se\/gymnasieskola\/2019\/05\/07\/andelen-behoriga-larare-varierar\/#breadcrumb"},"inLanguage":"sv-SE","potentialAction":[{"@type":"ReadAction","target":["https:\/\/lararkarriar.se\/gymnasieskola\/2019\/05\/07\/andelen-behoriga-larare-varierar\/"]}]},{"@type":"ImageObject","inLanguage":"sv-SE","@id":"https:\/\/lararkarriar.se\/gymnasieskola\/2019\/05\/07\/andelen-behoriga-larare-varierar\/#primaryimage","url":"https:\/\/lararkarriar.se\/gymnasieskola\/wp-content\/uploads\/sites\/10\/2019\/05\/forbund1-johanna-jaara-astrand.jpg","contentUrl":"https:\/\/lararkarriar.se\/gymnasieskola\/wp-content\/uploads\/sites\/10\/2019\/05\/forbund1-johanna-jaara-astrand.jpg","width":1000,"height":679,"caption":"Johanna Jaara \u00c5strand, ordf\u00f6rande L\u00e4rarf\u00f6rbundet. Foto: baraBild"},{"@type":"BreadcrumbList","@id":"https:\/\/lararkarriar.se\/gymnasieskola\/2019\/05\/07\/andelen-behoriga-larare-varierar\/#breadcrumb","itemListElement":[{"@type":"ListItem","position":1,"name":"Home","item":"https:\/\/lararkarriar.se\/gymnasieskola\/"},{"@type":"ListItem","position":2,"name":"Andelen beh\u00f6riga l\u00e4rare varierar"}]},{"@type":"WebSite","@id":"https:\/\/lararkarriar.se\/gymnasieskola\/#website","url":"https:\/\/lararkarriar.se\/gymnasieskola\/","name":"Framtidens karri\u00e4r gymnasiel\u00e4rare","description":"Just another NMDashboard.se Sites site","potentialAction":[{"@type":"SearchAction","target":{"@type":"EntryPoint","urlTemplate":"https:\/\/lararkarriar.se\/gymnasieskola\/?s={search_term_string}"},"query-input":{"@type":"PropertyValueSpecification","valueRequired":true,"valueName":"search_term_string"}}],"inLanguage":"sv-SE"},{"@type":"Person","@id":"https:\/\/lararkarriar.se\/gymnasieskola\/#\/schema\/person\/2a13a849ec7646386c2211f59afe3083","name":"viktorwallen","image":{"@type":"ImageObject","inLanguage":"sv-SE","@id":"https:\/\/secure.gravatar.com\/avatar\/701701bd36169636031933997c8c6b954f2f635bbb7cd4802e4a007f9c9f4e59?s=96&d=mm&r=g","url":"https:\/\/secure.gravatar.com\/avatar\/701701bd36169636031933997c8c6b954f2f635bbb7cd4802e4a007f9c9f4e59?s=96&d=mm&r=g","contentUrl":"https:\/\/secure.gravatar.com\/avatar\/701701bd36169636031933997c8c6b954f2f635bbb7cd4802e4a007f9c9f4e59?s=96&d=mm&r=g","caption":"viktorwallen"},"url":"https:\/\/lararkarriar.se\/gymnasieskola\/author\/viktorwallen\/"}]}},"_links":{"self":[{"href":"https:\/\/lararkarriar.se\/gymnasieskola\/wp-json\/wp\/v2\/posts\/6274","targetHints":{"allow":["GET"]}}],"collection":[{"href":"https:\/\/lararkarriar.se\/gymnasieskola\/wp-json\/wp\/v2\/posts"}],"about":[{"href":"https:\/\/lararkarriar.se\/gymnasieskola\/wp-json\/wp\/v2\/types\/post"}],"author":[{"embeddable":true,"href":"https:\/\/lararkarriar.se\/gymnasieskola\/wp-json\/wp\/v2\/users\/2"}],"replies":[{"embeddable":true,"href":"https:\/\/lararkarriar.se\/gymnasieskola\/wp-json\/wp\/v2\/comments?post=6274"}],"version-history":[{"count":5,"href":"https:\/\/lararkarriar.se\/gymnasieskola\/wp-json\/wp\/v2\/posts\/6274\/revisions"}],"predecessor-version":[{"id":6337,"href":"https:\/\/lararkarriar.se\/gymnasieskola\/wp-json\/wp\/v2\/posts\/6274\/revisions\/6337"}],"wp:featuredmedia":[{"embeddable":true,"href":"https:\/\/lararkarriar.se\/gymnasieskola\/wp-json\/wp\/v2\/media\/6275"}],"wp:attachment":[{"href":"https:\/\/lararkarriar.se\/gymnasieskola\/wp-json\/wp\/v2\/media?parent=6274"}],"wp:term":[{"taxonomy":"category","embeddable":true,"href":"https:\/\/lararkarriar.se\/gymnasieskola\/wp-json\/wp\/v2\/categories?post=6274"},{"taxonomy":"post_tag","embeddable":true,"href":"https:\/\/lararkarriar.se\/gymnasieskola\/wp-json\/wp\/v2\/tags?post=6274"}],"curies":[{"name":"wp","href":"https:\/\/api.w.org\/{rel}","templated":true}]}}